{"id":187172,"date":"2022-06-11T12:51:09","date_gmt":"2022-06-11T10:51:09","guid":{"rendered":"https:\/\/www.prijedordanas.com\/?p=187172"},"modified":"2022-06-11T12:51:09","modified_gmt":"2022-06-11T10:51:09","slug":"ustavni-sud-odbio-apelaciju-bore-milojice-osudenog-na-kaznu-zatvora-od-20-godina-za-zlocine-u-prijedoru","status":"publish","type":"post","link":"https:\/\/www.prijedordanas.com\/?p=187172","title":{"rendered":"Ustavni sud odbio apelaciju Bore Milojice osu\u0111enog na kaznu zatvora od 20 godina za zlo\u010dine u Prijedoru"},"content":{"rendered":"<p><a href=\"https:\/\/www.prijedordanas.com\/wp-content\/uploads\/2018\/06\/sud-bih-milojica-rivic.jpg\"><img loading=\"lazy\" decoding=\"async\" src=\"https:\/\/www.prijedordanas.com\/wp-content\/uploads\/2018\/06\/sud-bih-milojica-rivic-300x217.jpg\" alt=\"\" width=\"300\" height=\"217\" class=\"alignleft size-medium wp-image-107129\" srcset=\"https:\/\/www.prijedordanas.com\/wp-content\/uploads\/2018\/06\/sud-bih-milojica-rivic-300x217.jpg 300w, https:\/\/www.prijedordanas.com\/wp-content\/uploads\/2018\/06\/sud-bih-milojica-rivic-100x72.jpg 100w, https:\/\/www.prijedordanas.com\/wp-content\/uploads\/2018\/06\/sud-bih-milojica-rivic.jpg 691w\" sizes=\"(max-width: 300px) 100vw, 300px\" \/><\/a>Ustavni sud Bosne i Hercegovine odbio je kao neosnovanu apelaciju Bore Milojice, osu\u0111enog na jedinstvenu kaznu zatvora od 20 godina za zlo\u010dine u Prijedoru, te donio odluku da ne postoji povreda prava na pravi\u010dno su\u0111enje i prava na \u017ealbu u krivi\u010dnim stvarima.<\/p>\n<p>Po\u010detkom septembra 2021. godine, Apelaciono vije\u0107e Suda BiH potvrdilo je jedinstvenu kaznu zatvora Bori Milojici, koji je, po presudama ovog i Okru\u017enog suda u Banjoj Luci, osu\u0111en na 20 godina zatvora zbog zlo\u010dina po\u010dinjenih 1992. na podru\u010dju Prijedora.<\/p>\n<p>Milojica, prema odluci Ustavog suda od 8. juna, smatra da mu je osporenom presudom povrije\u0111eno pravo na pravi\u010dno su\u0111enje tokom postupka pred Sudom BiH, smatraju\u0107i da nisu po\u0161tovane odredbe zakona, odnosno savjesna ocjena dokaza, pravo na \u017ealbu protiv presude Apelacionog vije\u0107a, te kr\u0161enje osnovnog na\u010dela krivi\u010dnog zakonodavstva.<\/p>\n<p>Kako je re\u010deno, apelant je naveo da je u drugostepenoj presudi osu\u0111en za tri ta\u010dne optu\u017enice, dok je nepravosna\u017enom presudom bio oslobo\u0111en. Smatra da je trebao imati pravo na \u017ealbu protiv drugostepene presude i da mu je u ovom dijelu povrije\u0111eno pravo na djelotvorni pravni lijek.<\/p>\n<p>U pogledu prigovora o savjesnoj ocjeni dokaza, Milojica smatra da Apelaciono vije\u0107e nije dalo obrazlo\u017eenje za\u0161to je poklonilo vjeru iskazima odre\u0111enog broja za\u0161ti\u0107enih svjedoka. Tako\u0111er, Milojica je ukazao da su tokom oba postupka odbijeni projedlozi Odbrane za saslu\u0161anje svjedoka bez obrazlo\u017eenja za\u0161to su odbijeni.<\/p>\n<p>\u201cUstavni sud zapa\u017ea da apelant u konkretnom sluc\u030caju nije dokazao da su njegovi prijedlozi proizvoljno odbijeni, ili da bi upravo ti dokazi bitno uticali na rezultat konkretnog postupka, niti u predmetu postoji bilo \u0161ta \u0161to bi ukazalo na proizvoljnost Suda u vo\u0111enju postupka ili da je dokazni postupak zloupotrijebljen na njegovu \u0161tetu. Naprotiv, razloge za odbijanje prijedloga za saslu\u0161anje odre\u0111enih svjedoka sudovi su jasno i detaljno obrazlo\u017eili, naroc\u030cito ukazujuc\u0301i da je, u situaciji kada je Obrana predlagala saslu\u0161anje vi\u0161e svjedoka na iste okolnosti, Sud ponudio Obrani da, u cilju ekonomic\u030cnosti postupka, izabere jednog svjedoka koji c\u0301e svjedoc\u030citi na te okolnosti\u201d, navodi se u odluci.<\/p>\n<p>Ustavni sud smatra da je Sud BiH za svoje stavove dao jasna, precizna i argumentirana obrazlo\u017eenja koja se, suprotno Milojicinim tvrdnjama, ne mogu ocijeniti proizvoljnim.<\/p>\n<p>\u0160to se tic\u030ce navodnog kr\u0161enja nac\u030cela pretpostavke nevinosti, Ustavni sud zapa\u017ea da apelant ove navode zasniva na vlastitoj interpretaciji i analizi provedenih dokaza. U pogledu iskaza svjedoka, Ustavni sud uoc\u030cava da Milojica te iskaze analizira fragmentirano, ukazujuc\u0301i samo na one dijelove iskaza koji mu idu u korist, bez cjelovitog tumac\u030cenja, u vezi s drugim provedenim dokazima.<\/p>\n<p>Razmatraju\u0107i apelaciju u pogledu ulaganja \u017ealbe na osloba\u0111aju\u0107e, odnosno osu\u0111uju\u0107e ta\u010dke optu\u017ebe, Ustavni sud je zaklju\u010dio da apelant nije imao osloba\u0111aju\u0107u presudu kako to navodi Zakon o krivi\u010dnom postupku BiH, on nema pravo na \u017ealbu protiv drugostepene presude.<\/p>\n<p>\u201cUstavni sud zakljuc\u030cuje da ne postoji povreda apelantovog prava na pravic\u030cno su\u0111enje (\u2026), pri c\u030cemu je Sud BiH za svoje odluke dao detaljna, jasna i argumentirana obrazlo\u017eenja, ukljuc\u030cujuc\u0301i i razloge zbog kojih je odbijeno izvo\u0111enje odre\u0111enih dokaza koje je apelant predlo\u017eio, kao i uz pravilnu primjenu nac\u030cela \u2018in dubio pro reo\u2019. Ustavni sud, tako\u0111er, zakljuc\u030cuje da nije povrije\u0111eno apelantovo pravo na \u017ealbu u kaznenim stvarima (\u2026) buduc\u0301i da u Milojicinom sluc\u030caju nisu ispunjeni zakonski uvjeti za dopu\u0161tenost \u017ealbe protiv drugostupanjske presude Apelacijskog vijec\u0301a Suda BiH\u201d, navodi se u odluci Ustavnog suda.<\/p>\n<p>Milojicu je Apelaciono vije\u0107e Suda BiH u oktobru pro\u0161le godine osudilo na 16 godina zatvora zbog zlo\u010dina protiv \u010dovje\u010dnosti na podru\u010dju Prijedora, odnosno \u0161to je tokom jula 1992., u svojstvu pripadnika 6. ljubijskog bataljona 43. prijedorske motorizovane brigade Vojske Republike Srpske (VRS), u\u010destvovao u napadu na civile i ubistvima u mjestu Hambarine, u sklopu \u0161irokog i sistemati\u010dnog napada.<\/p>\n<p>Skupa s Milojicom, u ovom predmetu se sudilo \u017delislavu Rivi\u0107u, koji je pravosna\u017eno oslobo\u0111en optu\u017ebi za zlo\u010din u Prijedoru.<\/p>\n<p>Ranijom presudom Okru\u017enog suda u Banjoj Luci iz decembra 2006., Milojica je osu\u0111en na sedam godina zatvora zbog ubistva civila ispred ku\u0107e u Ljubiji koje je sredinom augusta 1992. po\u010dinio u svojstvu pripadnika interventnog voda 6. ljubijskog bataljona 43. prijedorske motorizovane brigade VRS-a.<\/p>\n<p>Boro Milojica je ranije, zajedno sa svojim braniocem, uputio zahtjev da mu se ujedine ove dvije zatvorske kazne, \u0161to je Sud BiH odlukom u junu 2021. i u\u010dinio, te mu izrekao jedinstvenu kaznu od 20 godina zatvora. Na tu odluku je Odbrana izjavila \u017ealbu sa zahtjevom za ni\u017eu kaznu.<\/p>\n<p>Odluke Ustavnog suda su konac\u030cne i obvezujuc\u0301e.<\/p>\n<p>detektor.ba<\/p>\n","protected":false},"excerpt":{"rendered":"<p>Ustavni sud Bosne i Hercegovine odbio je kao neosnovanu apelaciju Bore Milojice, osu\u0111enog na jedinstvenu kaznu zatvora od 20 godina za zlo\u010dine u Prijedoru, te donio odluku da ne postoji [&hellip;]<\/p>\n","protected":false},"author":1,"featured_media":0,"comment_status":"closed","ping_status":"open","sticky":false,"template":"","format":"standard","meta":{"_monsterinsights_skip_tracking":false,"_monsterinsights_sitenote_active":false,"_monsterinsights_sitenote_note":"","_monsterinsights_sitenote_category":0,"footnotes":""},"categories":[5],"tags":[],"yoast_head":"<!-- This site is optimized with the Yoast SEO plugin v21.6 - https:\/\/yoast.com\/wordpress\/plugins\/seo\/ -->\n<title>Ustavni sud odbio apelaciju Bore Milojice osu\u0111enog na kaznu zatvora od 20 godina za zlo\u010dine u Prijedoru - PrijedorDanas.com - Prijedorski gradski portal<\/title>\n<meta name=\"robots\" content=\"index, follow, max-snippet:-1, max-image-preview:large, max-video-preview:-1\" \/>\n<link rel=\"canonical\" href=\"https:\/\/www.prijedordanas.com\/?p=187172\" \/>\n<meta property=\"og:locale\" content=\"en_US\" \/>\n<meta property=\"og:type\" content=\"article\" \/>\n<meta property=\"og:title\" content=\"Ustavni sud odbio apelaciju Bore Milojice osu\u0111enog na kaznu zatvora od 20 godina za zlo\u010dine u Prijedoru - PrijedorDanas.com - Prijedorski gradski portal\" \/>\n<meta property=\"og:description\" content=\"Ustavni sud Bosne i Hercegovine odbio je kao neosnovanu apelaciju Bore Milojice, osu\u0111enog na jedinstvenu kaznu zatvora od 20 godina za zlo\u010dine u Prijedoru, te donio odluku da ne postoji [&hellip;]\" \/>\n<meta property=\"og:url\" content=\"https:\/\/www.prijedordanas.com\/?p=187172\" \/>\n<meta property=\"og:site_name\" content=\"PrijedorDanas.com - Prijedorski gradski portal\" \/>\n<meta property=\"article:publisher\" content=\"https:\/\/www.facebook.com\/PrijedorDanasCom\/\" \/>\n<meta property=\"article:published_time\" content=\"2022-06-11T10:51:09+00:00\" \/>\n<meta property=\"og:image\" content=\"https:\/\/www.prijedordanas.com\/wp-content\/uploads\/2018\/06\/sud-bih-milojica-rivic-300x217.jpg\" \/>\n<meta name=\"author\" content=\"admin\" \/>\n<meta name=\"twitter:card\" content=\"summary_large_image\" \/>\n<meta name=\"twitter:label1\" content=\"Written by\" \/>\n\t<meta name=\"twitter:data1\" content=\"admin\" \/>\n\t<meta name=\"twitter:label2\" content=\"Est. reading time\" \/>\n\t<meta name=\"twitter:data2\" content=\"4 minutes\" \/>\n<script type=\"application\/ld+json\" class=\"yoast-schema-graph\">{\"@context\":\"https:\/\/schema.org\",\"@graph\":[{\"@type\":\"Article\",\"@id\":\"https:\/\/www.prijedordanas.com\/?p=187172#article\",\"isPartOf\":{\"@id\":\"https:\/\/www.prijedordanas.com\/?p=187172\"},\"author\":{\"name\":\"admin\",\"@id\":\"https:\/\/www.prijedordanas.com\/#\/schema\/person\/4e08ccf29b506ca916ff86d46bb700e6\"},\"headline\":\"Ustavni sud odbio apelaciju Bore Milojice osu\u0111enog na kaznu zatvora od 20 godina za zlo\u010dine u Prijedoru\",\"datePublished\":\"2022-06-11T10:51:09+00:00\",\"dateModified\":\"2022-06-11T10:51:09+00:00\",\"mainEntityOfPage\":{\"@id\":\"https:\/\/www.prijedordanas.com\/?p=187172\"},\"wordCount\":818,\"publisher\":{\"@id\":\"https:\/\/www.prijedordanas.com\/#organization\"},\"articleSection\":[\"Hronika\"],\"inLanguage\":\"en-US\"},{\"@type\":\"WebPage\",\"@id\":\"https:\/\/www.prijedordanas.com\/?p=187172\",\"url\":\"https:\/\/www.prijedordanas.com\/?p=187172\",\"name\":\"Ustavni sud odbio apelaciju Bore Milojice osu\u0111enog na kaznu zatvora od 20 godina za zlo\u010dine u Prijedoru - PrijedorDanas.com - Prijedorski gradski portal\",\"isPartOf\":{\"@id\":\"https:\/\/www.prijedordanas.com\/#website\"},\"datePublished\":\"2022-06-11T10:51:09+00:00\",\"dateModified\":\"2022-06-11T10:51:09+00:00\",\"breadcrumb\":{\"@id\":\"https:\/\/www.prijedordanas.com\/?p=187172#breadcrumb\"},\"inLanguage\":\"en-US\",\"potentialAction\":[{\"@type\":\"ReadAction\",\"target\":[\"https:\/\/www.prijedordanas.com\/?p=187172\"]}]},{\"@type\":\"BreadcrumbList\",\"@id\":\"https:\/\/www.prijedordanas.com\/?p=187172#breadcrumb\",\"itemListElement\":[{\"@type\":\"ListItem\",\"position\":1,\"name\":\"Home\",\"item\":\"https:\/\/www.prijedordanas.com\/\"},{\"@type\":\"ListItem\",\"position\":2,\"name\":\"Ustavni sud odbio apelaciju Bore Milojice osu\u0111enog na kaznu zatvora od 20 godina za zlo\u010dine u Prijedoru\"}]},{\"@type\":\"WebSite\",\"@id\":\"https:\/\/www.prijedordanas.com\/#website\",\"url\":\"https:\/\/www.prijedordanas.com\/\",\"name\":\"PrijedorDanas.com - Prijedorski gradski portal\",\"description\":\"Portal o doga\u0111anjima u gradu Prijedoru\",\"publisher\":{\"@id\":\"https:\/\/www.prijedordanas.com\/#organization\"},\"potentialAction\":[{\"@type\":\"SearchAction\",\"target\":{\"@type\":\"EntryPoint\",\"urlTemplate\":\"https:\/\/www.prijedordanas.com\/?s={search_term_string}\"},\"query-input\":\"required name=search_term_string\"}],\"inLanguage\":\"en-US\"},{\"@type\":\"Organization\",\"@id\":\"https:\/\/www.prijedordanas.com\/#organization\",\"name\":\"PrijedorDanas.com\",\"url\":\"https:\/\/www.prijedordanas.com\/\",\"logo\":{\"@type\":\"ImageObject\",\"inLanguage\":\"en-US\",\"@id\":\"https:\/\/www.prijedordanas.com\/#\/schema\/logo\/image\/\",\"url\":\"http:\/\/www.prijedordanas.com\/wp-content\/uploads\/2021\/12\/logopng.png\",\"contentUrl\":\"http:\/\/www.prijedordanas.com\/wp-content\/uploads\/2021\/12\/logopng.png\",\"width\":1019,\"height\":776,\"caption\":\"PrijedorDanas.com\"},\"image\":{\"@id\":\"https:\/\/www.prijedordanas.com\/#\/schema\/logo\/image\/\"},\"sameAs\":[\"https:\/\/www.facebook.com\/PrijedorDanasCom\/\"]},{\"@type\":\"Person\",\"@id\":\"https:\/\/www.prijedordanas.com\/#\/schema\/person\/4e08ccf29b506ca916ff86d46bb700e6\",\"name\":\"admin\",\"image\":{\"@type\":\"ImageObject\",\"inLanguage\":\"en-US\",\"@id\":\"https:\/\/www.prijedordanas.com\/#\/schema\/person\/image\/\",\"url\":\"https:\/\/secure.gravatar.com\/avatar\/1d3fc949d550f0b53a5f0d51e06dfd79?s=96&d=mm&r=g\",\"contentUrl\":\"https:\/\/secure.gravatar.com\/avatar\/1d3fc949d550f0b53a5f0d51e06dfd79?s=96&d=mm&r=g\",\"caption\":\"admin\"},\"url\":\"https:\/\/www.prijedordanas.com\/?author=1\"}]}<\/script>\n<!-- \/ Yoast SEO plugin. -->","yoast_head_json":{"title":"Ustavni sud odbio apelaciju Bore Milojice osu\u0111enog na kaznu zatvora od 20 godina za zlo\u010dine u Prijedoru - PrijedorDanas.com - Prijedorski gradski portal","robots":{"index":"index","follow":"follow","max-snippet":"max-snippet:-1","max-image-preview":"max-image-preview:large","max-video-preview":"max-video-preview:-1"},"canonical":"https:\/\/www.prijedordanas.com\/?p=187172","og_locale":"en_US","og_type":"article","og_title":"Ustavni sud odbio apelaciju Bore Milojice osu\u0111enog na kaznu zatvora od 20 godina za zlo\u010dine u Prijedoru - PrijedorDanas.com - Prijedorski gradski portal","og_description":"Ustavni sud Bosne i Hercegovine odbio je kao neosnovanu apelaciju Bore Milojice, osu\u0111enog na jedinstvenu kaznu zatvora od 20 godina za zlo\u010dine u Prijedoru, te donio odluku da ne postoji [&hellip;]","og_url":"https:\/\/www.prijedordanas.com\/?p=187172","og_site_name":"PrijedorDanas.com - Prijedorski gradski portal","article_publisher":"https:\/\/www.facebook.com\/PrijedorDanasCom\/","article_published_time":"2022-06-11T10:51:09+00:00","og_image":[{"url":"https:\/\/www.prijedordanas.com\/wp-content\/uploads\/2018\/06\/sud-bih-milojica-rivic-300x217.jpg"}],"author":"admin","twitter_card":"summary_large_image","twitter_misc":{"Written by":"admin","Est. reading time":"4 minutes"},"schema":{"@context":"https:\/\/schema.org","@graph":[{"@type":"Article","@id":"https:\/\/www.prijedordanas.com\/?p=187172#article","isPartOf":{"@id":"https:\/\/www.prijedordanas.com\/?p=187172"},"author":{"name":"admin","@id":"https:\/\/www.prijedordanas.com\/#\/schema\/person\/4e08ccf29b506ca916ff86d46bb700e6"},"headline":"Ustavni sud odbio apelaciju Bore Milojice osu\u0111enog na kaznu zatvora od 20 godina za zlo\u010dine u Prijedoru","datePublished":"2022-06-11T10:51:09+00:00","dateModified":"2022-06-11T10:51:09+00:00","mainEntityOfPage":{"@id":"https:\/\/www.prijedordanas.com\/?p=187172"},"wordCount":818,"publisher":{"@id":"https:\/\/www.prijedordanas.com\/#organization"},"articleSection":["Hronika"],"inLanguage":"en-US"},{"@type":"WebPage","@id":"https:\/\/www.prijedordanas.com\/?p=187172","url":"https:\/\/www.prijedordanas.com\/?p=187172","name":"Ustavni sud odbio apelaciju Bore Milojice osu\u0111enog na kaznu zatvora od 20 godina za zlo\u010dine u Prijedoru - PrijedorDanas.com - Prijedorski gradski portal","isPartOf":{"@id":"https:\/\/www.prijedordanas.com\/#website"},"datePublished":"2022-06-11T10:51:09+00:00","dateModified":"2022-06-11T10:51:09+00:00","breadcrumb":{"@id":"https:\/\/www.prijedordanas.com\/?p=187172#breadcrumb"},"inLanguage":"en-US","potentialAction":[{"@type":"ReadAction","target":["https:\/\/www.prijedordanas.com\/?p=187172"]}]},{"@type":"BreadcrumbList","@id":"https:\/\/www.prijedordanas.com\/?p=187172#breadcrumb","itemListElement":[{"@type":"ListItem","position":1,"name":"Home","item":"https:\/\/www.prijedordanas.com\/"},{"@type":"ListItem","position":2,"name":"Ustavni sud odbio apelaciju Bore Milojice osu\u0111enog na kaznu zatvora od 20 godina za zlo\u010dine u Prijedoru"}]},{"@type":"WebSite","@id":"https:\/\/www.prijedordanas.com\/#website","url":"https:\/\/www.prijedordanas.com\/","name":"PrijedorDanas.com - Prijedorski gradski portal","description":"Portal o doga\u0111anjima u gradu Prijedoru","publisher":{"@id":"https:\/\/www.prijedordanas.com\/#organization"},"potentialAction":[{"@type":"SearchAction","target":{"@type":"EntryPoint","urlTemplate":"https:\/\/www.prijedordanas.com\/?s={search_term_string}"},"query-input":"required name=search_term_string"}],"inLanguage":"en-US"},{"@type":"Organization","@id":"https:\/\/www.prijedordanas.com\/#organization","name":"PrijedorDanas.com","url":"https:\/\/www.prijedordanas.com\/","logo":{"@type":"ImageObject","inLanguage":"en-US","@id":"https:\/\/www.prijedordanas.com\/#\/schema\/logo\/image\/","url":"http:\/\/www.prijedordanas.com\/wp-content\/uploads\/2021\/12\/logopng.png","contentUrl":"http:\/\/www.prijedordanas.com\/wp-content\/uploads\/2021\/12\/logopng.png","width":1019,"height":776,"caption":"PrijedorDanas.com"},"image":{"@id":"https:\/\/www.prijedordanas.com\/#\/schema\/logo\/image\/"},"sameAs":["https:\/\/www.facebook.com\/PrijedorDanasCom\/"]},{"@type":"Person","@id":"https:\/\/www.prijedordanas.com\/#\/schema\/person\/4e08ccf29b506ca916ff86d46bb700e6","name":"admin","image":{"@type":"ImageObject","inLanguage":"en-US","@id":"https:\/\/www.prijedordanas.com\/#\/schema\/person\/image\/","url":"https:\/\/secure.gravatar.com\/avatar\/1d3fc949d550f0b53a5f0d51e06dfd79?s=96&d=mm&r=g","contentUrl":"https:\/\/secure.gravatar.com\/avatar\/1d3fc949d550f0b53a5f0d51e06dfd79?s=96&d=mm&r=g","caption":"admin"},"url":"https:\/\/www.prijedordanas.com\/?author=1"}]}},"_links":{"self":[{"href":"https:\/\/www.prijedordanas.com\/index.php?rest_route=\/wp\/v2\/posts\/187172"}],"collection":[{"href":"https:\/\/www.prijedordanas.com\/index.php?rest_route=\/wp\/v2\/posts"}],"about":[{"href":"https:\/\/www.prijedordanas.com\/index.php?rest_route=\/wp\/v2\/types\/post"}],"author":[{"embeddable":true,"href":"https:\/\/www.prijedordanas.com\/index.php?rest_route=\/wp\/v2\/users\/1"}],"replies":[{"embeddable":true,"href":"https:\/\/www.prijedordanas.com\/index.php?rest_route=%2Fwp%2Fv2%2Fcomments&post=187172"}],"version-history":[{"count":1,"href":"https:\/\/www.prijedordanas.com\/index.php?rest_route=\/wp\/v2\/posts\/187172\/revisions"}],"predecessor-version":[{"id":187173,"href":"https:\/\/www.prijedordanas.com\/index.php?rest_route=\/wp\/v2\/posts\/187172\/revisions\/187173"}],"wp:attachment":[{"href":"https:\/\/www.prijedordanas.com\/index.php?rest_route=%2Fwp%2Fv2%2Fmedia&parent=187172"}],"wp:term":[{"taxonomy":"category","embeddable":true,"href":"https:\/\/www.prijedordanas.com\/index.php?rest_route=%2Fwp%2Fv2%2Fcategories&post=187172"},{"taxonomy":"post_tag","embeddable":true,"href":"https:\/\/www.prijedordanas.com\/index.php?rest_route=%2Fwp%2Fv2%2Ftags&post=187172"}],"curies":[{"name":"wp","href":"https:\/\/api.w.org\/{rel}","templated":true}]}}