{"id":187157,"date":"2022-06-11T14:44:03","date_gmt":"2022-06-11T12:44:03","guid":{"rendered":"https:\/\/www.prijedordanas.com\/?p=187157"},"modified":"2022-06-11T14:44:03","modified_gmt":"2022-06-11T12:44:03","slug":"udruzenje-vocara-prijedor-sljiva-dobro-rodila-prvi-put-nakon-pet-godina","status":"publish","type":"post","link":"https:\/\/www.prijedordanas.com\/?p=187157","title":{"rendered":"Udru\u017eenje vo\u0107ara Prijedor: \u0160ljiva dobro rodila prvi put nakon pet godina"},"content":{"rendered":"<p><a href=\"https:\/\/www.prijedordanas.com\/wp-content\/uploads\/2019\/08\/vocnjak-sljiva-2.jpg\"><img loading=\"lazy\" decoding=\"async\" src=\"https:\/\/www.prijedordanas.com\/wp-content\/uploads\/2019\/08\/vocnjak-sljiva-2-300x228.jpg\" alt=\"\" width=\"300\" height=\"228\" class=\"alignleft size-medium wp-image-131490\" srcset=\"https:\/\/www.prijedordanas.com\/wp-content\/uploads\/2019\/08\/vocnjak-sljiva-2-300x228.jpg 300w, https:\/\/www.prijedordanas.com\/wp-content\/uploads\/2019\/08\/vocnjak-sljiva-2-100x76.jpg 100w, https:\/\/www.prijedordanas.com\/wp-content\/uploads\/2019\/08\/vocnjak-sljiva-2.jpg 657w\" sizes=\"(max-width: 300px) 100vw, 300px\" \/><\/a>Na podru\u010dju Prijedora prvi put poslije 2017. godine dobro je rodila \u0161ljiva, koja u ovoj regiji i dominira, a slijede jabuka i kru\u0161ka, izjavio je predsjednik Udru\u017eenja vo\u0107ara Prijedor Mladen Marjanovi\u0107.<\/p>\n<p>Marjanovi\u0107 je pojasnio da je ova godina krenula lo\u0161e za vo\u0107are, po\u0161to je bila niska temperatura vazduha, ali je vo\u0107e pre\u017eivjelo za razliku od prethodnih godina kada ga je uni\u0161tavao mraz.<\/p>\n<p>&#8220;Ove godine o\u010dekujemo pristojan rod, ali je jo\u0161 mnogo rano govoriti zasigurno. LJeto jo\u0161 nije ni nastupilo, vidje\u0107emo u narednom periodu ko \u0107e biti te sre\u0107e da vo\u0107e bere&#8221;, rekao je Marjanovi\u0107 Srni.<\/p>\n<p>Prema njegovim rije\u010dima, pro\u0161le i ove sedmice dijelove teritorije grada Prijedora zahvatilo je nevrijeme i nastala su o\u0161te\u0107enja od leda.<\/p>\n<p>&#8220;To je i dalje je podno\u0161ljivo, iako skoro svaka ki\u0161a zna\u010di i led na nekom podru\u010dju, tako da smo optimisti s jednom dozom opreza&#8221;, dodao je Marjanovi\u0107.<\/p>\n<p>On je naveo i da se kod vo\u0107ara koji se bave ekstenzivnom proizvodnjom pojavila lisna u\u0161 koja \u0107e, tako\u0111e, uticati na rod, ali da se kod onih koji se bave intenzivnom proizvodnjom to nije desilo.<\/p>\n<p>&#8220;Gdje se vo\u0107e odr\u017eava, njeguje, gdje se primjenjuju za\u0161tita i ishrana, tu je stanje zasad prili\u010dno dobro i tu se mo\u017ee o\u010dekivati dobar prinos, pod uslovom da nije bilo leda&#8221;, istakao je Marjanovi\u0107.<\/p>\n<p>On je naglasio da se dio vo\u0107ara osigurao od mraza i leda kod osiguravaju\u0107ih ku\u0107a i taj broj bio bi i ve\u0107i kada bi podsticaji bili ranije ispla\u0107ivani, jer se premije za osiguranje moraju, tako\u0111e, platiti ranije.<\/p>\n<p>Udru\u017eenje vo\u0107ara Prijedor broji oko 80 \u010dlanova koji uzgajaju vo\u0107e na prosje\u010dno po hektar povr\u0161ine. <\/p>\n<p>SRNA<br \/>\nFoto &#8211; ilustracija<\/p>\n","protected":false},"excerpt":{"rendered":"<p>Na podru\u010dju Prijedora prvi put poslije 2017. godine dobro je rodila \u0161ljiva, koja u ovoj regiji i dominira, a slijede jabuka i kru\u0161ka, izjavio je predsjednik Udru\u017eenja vo\u0107ara Prijedor Mladen [&hellip;]<\/p>\n","protected":false},"author":1,"featured_media":0,"comment_status":"closed","ping_status":"open","sticky":false,"template":"","format":"standard","meta":{"_monsterinsights_skip_tracking":false,"_monsterinsights_sitenote_active":false,"_monsterinsights_sitenote_note":"","_monsterinsights_sitenote_category":0,"footnotes":""},"categories":[8],"tags":[],"yoast_head":"<!-- This site is optimized with the Yoast SEO plugin v21.6 - https:\/\/yoast.com\/wordpress\/plugins\/seo\/ -->\n<title>Udru\u017eenje vo\u0107ara Prijedor: \u0160ljiva dobro rodila prvi put nakon pet godina - PrijedorDanas.com - Prijedorski gradski portal<\/title>\n<meta name=\"robots\" content=\"index, follow, max-snippet:-1, max-image-preview:large, max-video-preview:-1\" \/>\n<link rel=\"canonical\" href=\"https:\/\/www.prijedordanas.com\/?p=187157\" \/>\n<meta property=\"og:locale\" content=\"en_US\" \/>\n<meta property=\"og:type\" content=\"article\" \/>\n<meta property=\"og:title\" content=\"Udru\u017eenje vo\u0107ara Prijedor: \u0160ljiva dobro rodila prvi put nakon pet godina - PrijedorDanas.com - Prijedorski gradski portal\" \/>\n<meta property=\"og:description\" content=\"Na podru\u010dju Prijedora prvi put poslije 2017. godine dobro je rodila \u0161ljiva, koja u ovoj regiji i dominira, a slijede jabuka i kru\u0161ka, izjavio je predsjednik Udru\u017eenja vo\u0107ara Prijedor Mladen [&hellip;]\" \/>\n<meta property=\"og:url\" content=\"https:\/\/www.prijedordanas.com\/?p=187157\" \/>\n<meta property=\"og:site_name\" content=\"PrijedorDanas.com - Prijedorski gradski portal\" \/>\n<meta property=\"article:publisher\" content=\"https:\/\/www.facebook.com\/PrijedorDanasCom\/\" \/>\n<meta property=\"article:published_time\" content=\"2022-06-11T12:44:03+00:00\" \/>\n<meta property=\"og:image\" content=\"https:\/\/www.prijedordanas.com\/wp-content\/uploads\/2019\/08\/vocnjak-sljiva-2-300x228.jpg\" \/>\n<meta name=\"author\" content=\"admin\" \/>\n<meta name=\"twitter:card\" content=\"summary_large_image\" \/>\n<meta name=\"twitter:label1\" content=\"Written by\" \/>\n\t<meta name=\"twitter:data1\" content=\"admin\" \/>\n\t<meta name=\"twitter:label2\" content=\"Est. reading time\" \/>\n\t<meta name=\"twitter:data2\" content=\"2 minutes\" \/>\n<script type=\"application\/ld+json\" class=\"yoast-schema-graph\">{\"@context\":\"https:\/\/schema.org\",\"@graph\":[{\"@type\":\"Article\",\"@id\":\"https:\/\/www.prijedordanas.com\/?p=187157#article\",\"isPartOf\":{\"@id\":\"https:\/\/www.prijedordanas.com\/?p=187157\"},\"author\":{\"name\":\"admin\",\"@id\":\"https:\/\/www.prijedordanas.com\/#\/schema\/person\/4e08ccf29b506ca916ff86d46bb700e6\"},\"headline\":\"Udru\u017eenje vo\u0107ara Prijedor: \u0160ljiva dobro rodila prvi put nakon pet godina\",\"datePublished\":\"2022-06-11T12:44:03+00:00\",\"dateModified\":\"2022-06-11T12:44:03+00:00\",\"mainEntityOfPage\":{\"@id\":\"https:\/\/www.prijedordanas.com\/?p=187157\"},\"wordCount\":318,\"publisher\":{\"@id\":\"https:\/\/www.prijedordanas.com\/#organization\"},\"articleSection\":[\"Svakodnevno\"],\"inLanguage\":\"en-US\"},{\"@type\":\"WebPage\",\"@id\":\"https:\/\/www.prijedordanas.com\/?p=187157\",\"url\":\"https:\/\/www.prijedordanas.com\/?p=187157\",\"name\":\"Udru\u017eenje vo\u0107ara Prijedor: \u0160ljiva dobro rodila prvi put nakon pet godina - PrijedorDanas.com - Prijedorski gradski portal\",\"isPartOf\":{\"@id\":\"https:\/\/www.prijedordanas.com\/#website\"},\"datePublished\":\"2022-06-11T12:44:03+00:00\",\"dateModified\":\"2022-06-11T12:44:03+00:00\",\"breadcrumb\":{\"@id\":\"https:\/\/www.prijedordanas.com\/?p=187157#breadcrumb\"},\"inLanguage\":\"en-US\",\"potentialAction\":[{\"@type\":\"ReadAction\",\"target\":[\"https:\/\/www.prijedordanas.com\/?p=187157\"]}]},{\"@type\":\"BreadcrumbList\",\"@id\":\"https:\/\/www.prijedordanas.com\/?p=187157#breadcrumb\",\"itemListElement\":[{\"@type\":\"ListItem\",\"position\":1,\"name\":\"Home\",\"item\":\"https:\/\/www.prijedordanas.com\/\"},{\"@type\":\"ListItem\",\"position\":2,\"name\":\"Udru\u017eenje vo\u0107ara Prijedor: \u0160ljiva dobro rodila prvi put nakon pet godina\"}]},{\"@type\":\"WebSite\",\"@id\":\"https:\/\/www.prijedordanas.com\/#website\",\"url\":\"https:\/\/www.prijedordanas.com\/\",\"name\":\"PrijedorDanas.com - Prijedorski gradski portal\",\"description\":\"Portal o doga\u0111anjima u gradu Prijedoru\",\"publisher\":{\"@id\":\"https:\/\/www.prijedordanas.com\/#organization\"},\"potentialAction\":[{\"@type\":\"SearchAction\",\"target\":{\"@type\":\"EntryPoint\",\"urlTemplate\":\"https:\/\/www.prijedordanas.com\/?s={search_term_string}\"},\"query-input\":\"required name=search_term_string\"}],\"inLanguage\":\"en-US\"},{\"@type\":\"Organization\",\"@id\":\"https:\/\/www.prijedordanas.com\/#organization\",\"name\":\"PrijedorDanas.com\",\"url\":\"https:\/\/www.prijedordanas.com\/\",\"logo\":{\"@type\":\"ImageObject\",\"inLanguage\":\"en-US\",\"@id\":\"https:\/\/www.prijedordanas.com\/#\/schema\/logo\/image\/\",\"url\":\"http:\/\/www.prijedordanas.com\/wp-content\/uploads\/2021\/12\/logopng.png\",\"contentUrl\":\"http:\/\/www.prijedordanas.com\/wp-content\/uploads\/2021\/12\/logopng.png\",\"width\":1019,\"height\":776,\"caption\":\"PrijedorDanas.com\"},\"image\":{\"@id\":\"https:\/\/www.prijedordanas.com\/#\/schema\/logo\/image\/\"},\"sameAs\":[\"https:\/\/www.facebook.com\/PrijedorDanasCom\/\"]},{\"@type\":\"Person\",\"@id\":\"https:\/\/www.prijedordanas.com\/#\/schema\/person\/4e08ccf29b506ca916ff86d46bb700e6\",\"name\":\"admin\",\"image\":{\"@type\":\"ImageObject\",\"inLanguage\":\"en-US\",\"@id\":\"https:\/\/www.prijedordanas.com\/#\/schema\/person\/image\/\",\"url\":\"https:\/\/secure.gravatar.com\/avatar\/1d3fc949d550f0b53a5f0d51e06dfd79?s=96&d=mm&r=g\",\"contentUrl\":\"https:\/\/secure.gravatar.com\/avatar\/1d3fc949d550f0b53a5f0d51e06dfd79?s=96&d=mm&r=g\",\"caption\":\"admin\"},\"url\":\"https:\/\/www.prijedordanas.com\/?author=1\"}]}<\/script>\n<!-- \/ Yoast SEO plugin. -->","yoast_head_json":{"title":"Udru\u017eenje vo\u0107ara Prijedor: \u0160ljiva dobro rodila prvi put nakon pet godina - PrijedorDanas.com - Prijedorski gradski portal","robots":{"index":"index","follow":"follow","max-snippet":"max-snippet:-1","max-image-preview":"max-image-preview:large","max-video-preview":"max-video-preview:-1"},"canonical":"https:\/\/www.prijedordanas.com\/?p=187157","og_locale":"en_US","og_type":"article","og_title":"Udru\u017eenje vo\u0107ara Prijedor: \u0160ljiva dobro rodila prvi put nakon pet godina - PrijedorDanas.com - Prijedorski gradski portal","og_description":"Na podru\u010dju Prijedora prvi put poslije 2017. godine dobro je rodila \u0161ljiva, koja u ovoj regiji i dominira, a slijede jabuka i kru\u0161ka, izjavio je predsjednik Udru\u017eenja vo\u0107ara Prijedor Mladen [&hellip;]","og_url":"https:\/\/www.prijedordanas.com\/?p=187157","og_site_name":"PrijedorDanas.com - Prijedorski gradski portal","article_publisher":"https:\/\/www.facebook.com\/PrijedorDanasCom\/","article_published_time":"2022-06-11T12:44:03+00:00","og_image":[{"url":"https:\/\/www.prijedordanas.com\/wp-content\/uploads\/2019\/08\/vocnjak-sljiva-2-300x228.jpg"}],"author":"admin","twitter_card":"summary_large_image","twitter_misc":{"Written by":"admin","Est. reading time":"2 minutes"},"schema":{"@context":"https:\/\/schema.org","@graph":[{"@type":"Article","@id":"https:\/\/www.prijedordanas.com\/?p=187157#article","isPartOf":{"@id":"https:\/\/www.prijedordanas.com\/?p=187157"},"author":{"name":"admin","@id":"https:\/\/www.prijedordanas.com\/#\/schema\/person\/4e08ccf29b506ca916ff86d46bb700e6"},"headline":"Udru\u017eenje vo\u0107ara Prijedor: \u0160ljiva dobro rodila prvi put nakon pet godina","datePublished":"2022-06-11T12:44:03+00:00","dateModified":"2022-06-11T12:44:03+00:00","mainEntityOfPage":{"@id":"https:\/\/www.prijedordanas.com\/?p=187157"},"wordCount":318,"publisher":{"@id":"https:\/\/www.prijedordanas.com\/#organization"},"articleSection":["Svakodnevno"],"inLanguage":"en-US"},{"@type":"WebPage","@id":"https:\/\/www.prijedordanas.com\/?p=187157","url":"https:\/\/www.prijedordanas.com\/?p=187157","name":"Udru\u017eenje vo\u0107ara Prijedor: \u0160ljiva dobro rodila prvi put nakon pet godina - PrijedorDanas.com - Prijedorski gradski portal","isPartOf":{"@id":"https:\/\/www.prijedordanas.com\/#website"},"datePublished":"2022-06-11T12:44:03+00:00","dateModified":"2022-06-11T12:44:03+00:00","breadcrumb":{"@id":"https:\/\/www.prijedordanas.com\/?p=187157#breadcrumb"},"inLanguage":"en-US","potentialAction":[{"@type":"ReadAction","target":["https:\/\/www.prijedordanas.com\/?p=187157"]}]},{"@type":"BreadcrumbList","@id":"https:\/\/www.prijedordanas.com\/?p=187157#breadcrumb","itemListElement":[{"@type":"ListItem","position":1,"name":"Home","item":"https:\/\/www.prijedordanas.com\/"},{"@type":"ListItem","position":2,"name":"Udru\u017eenje vo\u0107ara Prijedor: \u0160ljiva dobro rodila prvi put nakon pet godina"}]},{"@type":"WebSite","@id":"https:\/\/www.prijedordanas.com\/#website","url":"https:\/\/www.prijedordanas.com\/","name":"PrijedorDanas.com - Prijedorski gradski portal","description":"Portal o doga\u0111anjima u gradu Prijedoru","publisher":{"@id":"https:\/\/www.prijedordanas.com\/#organization"},"potentialAction":[{"@type":"SearchAction","target":{"@type":"EntryPoint","urlTemplate":"https:\/\/www.prijedordanas.com\/?s={search_term_string}"},"query-input":"required name=search_term_string"}],"inLanguage":"en-US"},{"@type":"Organization","@id":"https:\/\/www.prijedordanas.com\/#organization","name":"PrijedorDanas.com","url":"https:\/\/www.prijedordanas.com\/","logo":{"@type":"ImageObject","inLanguage":"en-US","@id":"https:\/\/www.prijedordanas.com\/#\/schema\/logo\/image\/","url":"http:\/\/www.prijedordanas.com\/wp-content\/uploads\/2021\/12\/logopng.png","contentUrl":"http:\/\/www.prijedordanas.com\/wp-content\/uploads\/2021\/12\/logopng.png","width":1019,"height":776,"caption":"PrijedorDanas.com"},"image":{"@id":"https:\/\/www.prijedordanas.com\/#\/schema\/logo\/image\/"},"sameAs":["https:\/\/www.facebook.com\/PrijedorDanasCom\/"]},{"@type":"Person","@id":"https:\/\/www.prijedordanas.com\/#\/schema\/person\/4e08ccf29b506ca916ff86d46bb700e6","name":"admin","image":{"@type":"ImageObject","inLanguage":"en-US","@id":"https:\/\/www.prijedordanas.com\/#\/schema\/person\/image\/","url":"https:\/\/secure.gravatar.com\/avatar\/1d3fc949d550f0b53a5f0d51e06dfd79?s=96&d=mm&r=g","contentUrl":"https:\/\/secure.gravatar.com\/avatar\/1d3fc949d550f0b53a5f0d51e06dfd79?s=96&d=mm&r=g","caption":"admin"},"url":"https:\/\/www.prijedordanas.com\/?author=1"}]}},"_links":{"self":[{"href":"https:\/\/www.prijedordanas.com\/index.php?rest_route=\/wp\/v2\/posts\/187157"}],"collection":[{"href":"https:\/\/www.prijedordanas.com\/index.php?rest_route=\/wp\/v2\/posts"}],"about":[{"href":"https:\/\/www.prijedordanas.com\/index.php?rest_route=\/wp\/v2\/types\/post"}],"author":[{"embeddable":true,"href":"https:\/\/www.prijedordanas.com\/index.php?rest_route=\/wp\/v2\/users\/1"}],"replies":[{"embeddable":true,"href":"https:\/\/www.prijedordanas.com\/index.php?rest_route=%2Fwp%2Fv2%2Fcomments&post=187157"}],"version-history":[{"count":2,"href":"https:\/\/www.prijedordanas.com\/index.php?rest_route=\/wp\/v2\/posts\/187157\/revisions"}],"predecessor-version":[{"id":187174,"href":"https:\/\/www.prijedordanas.com\/index.php?rest_route=\/wp\/v2\/posts\/187157\/revisions\/187174"}],"wp:attachment":[{"href":"https:\/\/www.prijedordanas.com\/index.php?rest_route=%2Fwp%2Fv2%2Fmedia&parent=187157"}],"wp:term":[{"taxonomy":"category","embeddable":true,"href":"https:\/\/www.prijedordanas.com\/index.php?rest_route=%2Fwp%2Fv2%2Fcategories&post=187157"},{"taxonomy":"post_tag","embeddable":true,"href":"https:\/\/www.prijedordanas.com\/index.php?rest_route=%2Fwp%2Fv2%2Ftags&post=187157"}],"curies":[{"name":"wp","href":"https:\/\/api.w.org\/{rel}","templated":true}]}}