{"id":186782,"date":"2022-06-04T16:29:12","date_gmt":"2022-06-04T14:29:12","guid":{"rendered":"https:\/\/www.prijedordanas.com\/?p=186782"},"modified":"2022-06-04T16:29:12","modified_gmt":"2022-06-04T14:29:12","slug":"premijera-komedije-milka-i-nedo-u-bsp-u-predstava-za-dnevnu-dozu-smijeha","status":"publish","type":"post","link":"https:\/\/www.prijedordanas.com\/?p=186782","title":{"rendered":"Premijera komedije &#8220;Milka i Ne\u0111o&#8221; u BSP-u: Predstava za dnevnu dozu smijeha"},"content":{"rendered":"<p><a href=\"https:\/\/www.prijedordanas.com\/wp-content\/uploads\/2022\/06\/nezavisne-milka-i-nedjo-najava.jpg\"><img loading=\"lazy\" decoding=\"async\" src=\"https:\/\/www.prijedordanas.com\/wp-content\/uploads\/2022\/06\/nezavisne-milka-i-nedjo-najava-300x225.jpg\" alt=\"\" width=\"300\" height=\"225\" class=\"alignleft size-medium wp-image-186783\" srcset=\"https:\/\/www.prijedordanas.com\/wp-content\/uploads\/2022\/06\/nezavisne-milka-i-nedjo-najava-300x225.jpg 300w, https:\/\/www.prijedordanas.com\/wp-content\/uploads\/2022\/06\/nezavisne-milka-i-nedjo-najava-640x480.jpg 640w, https:\/\/www.prijedordanas.com\/wp-content\/uploads\/2022\/06\/nezavisne-milka-i-nedjo-najava.jpg 667w\" sizes=\"(max-width: 300px) 100vw, 300px\" \/><\/a>Komedija &#8220;Milka i Ne\u0111o&#8221;, autorski projekat Radenke \u0160evo i \u017deljka Kasapa, zasnovan na popularnoj seriji &#8220;Dobro jutro, kom\u0161ija&#8221; nastaloj u Prijedoru, bi\u0107e premijerno izvedena u subotu, s po\u010detkom u 20.30 u Podrum sceni Banjalu\u010dkog studentskog pozori\u0161ta (BSP).<\/p>\n<p>Rije\u010d je o 99. premijeri u istoriji BSP-a, dok je prva repriza najavljena za 18, a druga za 25. juni.<\/p>\n<p>&#8220;Kada je u pitanju ovaj projekat, on je trebalo da bude realizovan po\u010detkom 2020. godine. Me\u0111utim, iz poznatih razloga to se sve odga\u0111alo i, evo, bez obzira koliko smo nas dvoje zauzeti profesionalno, na\u0161 drug Aleksandar Pejakovi\u0107 nas je bukvalno natjerao da to zavr\u0161imo. Mislim da je dobro uradio jer se ispostavilo da je ovo 99. premijera Studentskog pozori\u0161ta i mislim da \u0107e repertoaru ovog pozori\u0161ta goditi komedija s neformalnim, a dobro poznatim likovima&#8221;, kazala je Radenka \u0160evo.<\/p>\n<p>Ona je dodala da \u0107e ova predstava igrati gdje god ih budu pozvali, a nada se punoj sali i na &#8220;doma\u0107em terenu&#8221;, odnosno Podrum sceni.<\/p>\n<p>&#8220;Na\u0161a ambicija kada je u pitanju ova predstava jeste da ko god u\u0111e na ova vrata u Banjalu\u010dko studentsko pozori\u0161te i gdje god da budemo gostovali i igrali &#8211; da ljudi zaborave svakodnevicu, da se nasmiju i da poku\u0161amo malo da ih izlije\u010dimo smijehom. Smijeh je terapija, isto kao i pozori\u0161te&#8221;, navela je \u0160evo.<\/p>\n<p>\u017deljko Kasap je istakao da su on i Radenka \u0160evo stari \u010dlanovi Studentskog pozori\u0161ta, te da su u ovaj projekat u\u0161li s namjerom da repertoar ovog pozori\u0161ta pribli\u017ee i ciljnim grupama koje mo\u017eda ranije nisu pratile rad glumaca u Podrum sceni.<\/p>\n<p>&#8220;Cilj je da ih privu\u010demo popularnim likovima iz serije &#8216;Dobro jutro, kom\u0161ija&#8217;. Nadam se da \u0107emo u tome uspjeti. \u0160to se ti\u010de \u017eanra, to je komedija, i to komedija &#8211; i situacije i naravi i karaktera. To su dva dobro poznata lika koja smo stavili u neobi\u010dne okolnosti. Ne\u0107emo previ\u0161e da otkrivamo, ali mo\u017ee se re\u0107i da je ta okolnost \u0160BBKBB, \u0161ta bi bilo kad bi bilo, da oni postanu prebogati ljudi, tajkun i tajkunica, tajfun i tajfunica. Vidje\u0107emo \u0161ta se de\u0161ava s njima&#8221;, ka\u017ee Kasap.<\/p>\n<p>On dodaje da su on, Radenka \u0160evo i Aleksandar Pejakovi\u0107 bili pisci teksta, re\u017eiseri, kostimografi, scenografi, \u010dak i rekviziteri.<\/p>\n<p>&#8220;To je jedan mali projekat, mobilan projekat, tako da \u0107emo Banjalu\u010dko studentsko pozori\u0161te mo\u0107i pribli\u017eiti i drugim sredinama. Mo\u017eemo igrati u uslovima koji i nisu toliko zahtjevni. Scenografiju smo prilagodili tome. Dakle, jedna putna predstava koja mo\u017ee igrati svuda. Po nekim istra\u017eivanjima pet minuta smijeha je 45 minuta teretane. Zna\u010di, ako ljudi ne\u0107e da idu u teretanu &#8211; neka do\u0111u kod nas, da\u0107emo im dnevnu porciju smijeha i to je kona\u010dno ono zbog \u010dega smo mi tu: da komuniciramo s publikom, da se dru\u017eimo, da budemo blizu jedni drugih te da u toj interakciji svi iza\u0111emo sre\u0107ni, veseli i zadovoljni&#8221;, zaklju\u010dio je Kasap.<\/p>\n<p>nezavisne.com<\/p>\n","protected":false},"excerpt":{"rendered":"<p>Komedija &#8220;Milka i Ne\u0111o&#8221;, autorski projekat Radenke \u0160evo i \u017deljka Kasapa, zasnovan na popularnoj seriji &#8220;Dobro jutro, kom\u0161ija&#8221; nastaloj u Prijedoru, bi\u0107e premijerno izvedena u subotu, s po\u010detkom u 20.30 [&hellip;]<\/p>\n","protected":false},"author":1,"featured_media":0,"comment_status":"closed","ping_status":"open","sticky":false,"template":"","format":"standard","meta":{"_monsterinsights_skip_tracking":false,"_monsterinsights_sitenote_active":false,"_monsterinsights_sitenote_note":"","_monsterinsights_sitenote_category":0,"footnotes":""},"categories":[6],"tags":[],"yoast_head":"<!-- This site is optimized with the Yoast SEO plugin v21.6 - https:\/\/yoast.com\/wordpress\/plugins\/seo\/ -->\n<title>Premijera komedije &quot;Milka i Ne\u0111o&quot; u BSP-u: Predstava za dnevnu dozu smijeha - PrijedorDanas.com - Prijedorski gradski portal<\/title>\n<meta name=\"robots\" content=\"index, follow, max-snippet:-1, max-image-preview:large, max-video-preview:-1\" \/>\n<link rel=\"canonical\" href=\"https:\/\/www.prijedordanas.com\/?p=186782\" \/>\n<meta property=\"og:locale\" content=\"en_US\" \/>\n<meta property=\"og:type\" content=\"article\" \/>\n<meta property=\"og:title\" content=\"Premijera komedije &quot;Milka i Ne\u0111o&quot; u BSP-u: Predstava za dnevnu dozu smijeha - PrijedorDanas.com - Prijedorski gradski portal\" \/>\n<meta property=\"og:description\" content=\"Komedija &#8220;Milka i Ne\u0111o&#8221;, autorski projekat Radenke \u0160evo i \u017deljka Kasapa, zasnovan na popularnoj seriji &#8220;Dobro jutro, kom\u0161ija&#8221; nastaloj u Prijedoru, bi\u0107e premijerno izvedena u subotu, s po\u010detkom u 20.30 [&hellip;]\" \/>\n<meta property=\"og:url\" content=\"https:\/\/www.prijedordanas.com\/?p=186782\" \/>\n<meta property=\"og:site_name\" content=\"PrijedorDanas.com - Prijedorski gradski portal\" \/>\n<meta property=\"article:publisher\" content=\"https:\/\/www.facebook.com\/PrijedorDanasCom\/\" \/>\n<meta property=\"article:published_time\" content=\"2022-06-04T14:29:12+00:00\" \/>\n<meta property=\"og:image\" content=\"https:\/\/www.prijedordanas.com\/wp-content\/uploads\/2022\/06\/nezavisne-milka-i-nedjo-najava-300x225.jpg\" \/>\n<meta name=\"author\" content=\"admin\" \/>\n<meta name=\"twitter:card\" content=\"summary_large_image\" \/>\n<meta name=\"twitter:label1\" content=\"Written by\" \/>\n\t<meta name=\"twitter:data1\" content=\"admin\" \/>\n\t<meta name=\"twitter:label2\" content=\"Est. reading time\" \/>\n\t<meta name=\"twitter:data2\" content=\"3 minutes\" \/>\n<script type=\"application\/ld+json\" class=\"yoast-schema-graph\">{\"@context\":\"https:\/\/schema.org\",\"@graph\":[{\"@type\":\"Article\",\"@id\":\"https:\/\/www.prijedordanas.com\/?p=186782#article\",\"isPartOf\":{\"@id\":\"https:\/\/www.prijedordanas.com\/?p=186782\"},\"author\":{\"name\":\"admin\",\"@id\":\"https:\/\/www.prijedordanas.com\/#\/schema\/person\/4e08ccf29b506ca916ff86d46bb700e6\"},\"headline\":\"Premijera komedije &#8220;Milka i Ne\u0111o&#8221; u BSP-u: Predstava za dnevnu dozu smijeha\",\"datePublished\":\"2022-06-04T14:29:12+00:00\",\"dateModified\":\"2022-06-04T14:29:12+00:00\",\"mainEntityOfPage\":{\"@id\":\"https:\/\/www.prijedordanas.com\/?p=186782\"},\"wordCount\":524,\"publisher\":{\"@id\":\"https:\/\/www.prijedordanas.com\/#organization\"},\"articleSection\":[\"Kultura\"],\"inLanguage\":\"en-US\"},{\"@type\":\"WebPage\",\"@id\":\"https:\/\/www.prijedordanas.com\/?p=186782\",\"url\":\"https:\/\/www.prijedordanas.com\/?p=186782\",\"name\":\"Premijera komedije \\\"Milka i Ne\u0111o\\\" u BSP-u: Predstava za dnevnu dozu smijeha - PrijedorDanas.com - Prijedorski gradski portal\",\"isPartOf\":{\"@id\":\"https:\/\/www.prijedordanas.com\/#website\"},\"datePublished\":\"2022-06-04T14:29:12+00:00\",\"dateModified\":\"2022-06-04T14:29:12+00:00\",\"breadcrumb\":{\"@id\":\"https:\/\/www.prijedordanas.com\/?p=186782#breadcrumb\"},\"inLanguage\":\"en-US\",\"potentialAction\":[{\"@type\":\"ReadAction\",\"target\":[\"https:\/\/www.prijedordanas.com\/?p=186782\"]}]},{\"@type\":\"BreadcrumbList\",\"@id\":\"https:\/\/www.prijedordanas.com\/?p=186782#breadcrumb\",\"itemListElement\":[{\"@type\":\"ListItem\",\"position\":1,\"name\":\"Home\",\"item\":\"https:\/\/www.prijedordanas.com\/\"},{\"@type\":\"ListItem\",\"position\":2,\"name\":\"Premijera komedije &#8220;Milka i Ne\u0111o&#8221; u BSP-u: Predstava za dnevnu dozu smijeha\"}]},{\"@type\":\"WebSite\",\"@id\":\"https:\/\/www.prijedordanas.com\/#website\",\"url\":\"https:\/\/www.prijedordanas.com\/\",\"name\":\"PrijedorDanas.com - Prijedorski gradski portal\",\"description\":\"Portal o doga\u0111anjima u gradu Prijedoru\",\"publisher\":{\"@id\":\"https:\/\/www.prijedordanas.com\/#organization\"},\"potentialAction\":[{\"@type\":\"SearchAction\",\"target\":{\"@type\":\"EntryPoint\",\"urlTemplate\":\"https:\/\/www.prijedordanas.com\/?s={search_term_string}\"},\"query-input\":\"required name=search_term_string\"}],\"inLanguage\":\"en-US\"},{\"@type\":\"Organization\",\"@id\":\"https:\/\/www.prijedordanas.com\/#organization\",\"name\":\"PrijedorDanas.com\",\"url\":\"https:\/\/www.prijedordanas.com\/\",\"logo\":{\"@type\":\"ImageObject\",\"inLanguage\":\"en-US\",\"@id\":\"https:\/\/www.prijedordanas.com\/#\/schema\/logo\/image\/\",\"url\":\"http:\/\/www.prijedordanas.com\/wp-content\/uploads\/2021\/12\/logopng.png\",\"contentUrl\":\"http:\/\/www.prijedordanas.com\/wp-content\/uploads\/2021\/12\/logopng.png\",\"width\":1019,\"height\":776,\"caption\":\"PrijedorDanas.com\"},\"image\":{\"@id\":\"https:\/\/www.prijedordanas.com\/#\/schema\/logo\/image\/\"},\"sameAs\":[\"https:\/\/www.facebook.com\/PrijedorDanasCom\/\"]},{\"@type\":\"Person\",\"@id\":\"https:\/\/www.prijedordanas.com\/#\/schema\/person\/4e08ccf29b506ca916ff86d46bb700e6\",\"name\":\"admin\",\"image\":{\"@type\":\"ImageObject\",\"inLanguage\":\"en-US\",\"@id\":\"https:\/\/www.prijedordanas.com\/#\/schema\/person\/image\/\",\"url\":\"https:\/\/secure.gravatar.com\/avatar\/1d3fc949d550f0b53a5f0d51e06dfd79?s=96&d=mm&r=g\",\"contentUrl\":\"https:\/\/secure.gravatar.com\/avatar\/1d3fc949d550f0b53a5f0d51e06dfd79?s=96&d=mm&r=g\",\"caption\":\"admin\"},\"url\":\"https:\/\/www.prijedordanas.com\/?author=1\"}]}<\/script>\n<!-- \/ Yoast SEO plugin. -->","yoast_head_json":{"title":"Premijera komedije \"Milka i Ne\u0111o\" u BSP-u: Predstava za dnevnu dozu smijeha - PrijedorDanas.com - Prijedorski gradski portal","robots":{"index":"index","follow":"follow","max-snippet":"max-snippet:-1","max-image-preview":"max-image-preview:large","max-video-preview":"max-video-preview:-1"},"canonical":"https:\/\/www.prijedordanas.com\/?p=186782","og_locale":"en_US","og_type":"article","og_title":"Premijera komedije \"Milka i Ne\u0111o\" u BSP-u: Predstava za dnevnu dozu smijeha - PrijedorDanas.com - Prijedorski gradski portal","og_description":"Komedija &#8220;Milka i Ne\u0111o&#8221;, autorski projekat Radenke \u0160evo i \u017deljka Kasapa, zasnovan na popularnoj seriji &#8220;Dobro jutro, kom\u0161ija&#8221; nastaloj u Prijedoru, bi\u0107e premijerno izvedena u subotu, s po\u010detkom u 20.30 [&hellip;]","og_url":"https:\/\/www.prijedordanas.com\/?p=186782","og_site_name":"PrijedorDanas.com - Prijedorski gradski portal","article_publisher":"https:\/\/www.facebook.com\/PrijedorDanasCom\/","article_published_time":"2022-06-04T14:29:12+00:00","og_image":[{"url":"https:\/\/www.prijedordanas.com\/wp-content\/uploads\/2022\/06\/nezavisne-milka-i-nedjo-najava-300x225.jpg"}],"author":"admin","twitter_card":"summary_large_image","twitter_misc":{"Written by":"admin","Est. reading time":"3 minutes"},"schema":{"@context":"https:\/\/schema.org","@graph":[{"@type":"Article","@id":"https:\/\/www.prijedordanas.com\/?p=186782#article","isPartOf":{"@id":"https:\/\/www.prijedordanas.com\/?p=186782"},"author":{"name":"admin","@id":"https:\/\/www.prijedordanas.com\/#\/schema\/person\/4e08ccf29b506ca916ff86d46bb700e6"},"headline":"Premijera komedije &#8220;Milka i Ne\u0111o&#8221; u BSP-u: Predstava za dnevnu dozu smijeha","datePublished":"2022-06-04T14:29:12+00:00","dateModified":"2022-06-04T14:29:12+00:00","mainEntityOfPage":{"@id":"https:\/\/www.prijedordanas.com\/?p=186782"},"wordCount":524,"publisher":{"@id":"https:\/\/www.prijedordanas.com\/#organization"},"articleSection":["Kultura"],"inLanguage":"en-US"},{"@type":"WebPage","@id":"https:\/\/www.prijedordanas.com\/?p=186782","url":"https:\/\/www.prijedordanas.com\/?p=186782","name":"Premijera komedije \"Milka i Ne\u0111o\" u BSP-u: Predstava za dnevnu dozu smijeha - PrijedorDanas.com - Prijedorski gradski portal","isPartOf":{"@id":"https:\/\/www.prijedordanas.com\/#website"},"datePublished":"2022-06-04T14:29:12+00:00","dateModified":"2022-06-04T14:29:12+00:00","breadcrumb":{"@id":"https:\/\/www.prijedordanas.com\/?p=186782#breadcrumb"},"inLanguage":"en-US","potentialAction":[{"@type":"ReadAction","target":["https:\/\/www.prijedordanas.com\/?p=186782"]}]},{"@type":"BreadcrumbList","@id":"https:\/\/www.prijedordanas.com\/?p=186782#breadcrumb","itemListElement":[{"@type":"ListItem","position":1,"name":"Home","item":"https:\/\/www.prijedordanas.com\/"},{"@type":"ListItem","position":2,"name":"Premijera komedije &#8220;Milka i Ne\u0111o&#8221; u BSP-u: Predstava za dnevnu dozu smijeha"}]},{"@type":"WebSite","@id":"https:\/\/www.prijedordanas.com\/#website","url":"https:\/\/www.prijedordanas.com\/","name":"PrijedorDanas.com - Prijedorski gradski portal","description":"Portal o doga\u0111anjima u gradu Prijedoru","publisher":{"@id":"https:\/\/www.prijedordanas.com\/#organization"},"potentialAction":[{"@type":"SearchAction","target":{"@type":"EntryPoint","urlTemplate":"https:\/\/www.prijedordanas.com\/?s={search_term_string}"},"query-input":"required name=search_term_string"}],"inLanguage":"en-US"},{"@type":"Organization","@id":"https:\/\/www.prijedordanas.com\/#organization","name":"PrijedorDanas.com","url":"https:\/\/www.prijedordanas.com\/","logo":{"@type":"ImageObject","inLanguage":"en-US","@id":"https:\/\/www.prijedordanas.com\/#\/schema\/logo\/image\/","url":"http:\/\/www.prijedordanas.com\/wp-content\/uploads\/2021\/12\/logopng.png","contentUrl":"http:\/\/www.prijedordanas.com\/wp-content\/uploads\/2021\/12\/logopng.png","width":1019,"height":776,"caption":"PrijedorDanas.com"},"image":{"@id":"https:\/\/www.prijedordanas.com\/#\/schema\/logo\/image\/"},"sameAs":["https:\/\/www.facebook.com\/PrijedorDanasCom\/"]},{"@type":"Person","@id":"https:\/\/www.prijedordanas.com\/#\/schema\/person\/4e08ccf29b506ca916ff86d46bb700e6","name":"admin","image":{"@type":"ImageObject","inLanguage":"en-US","@id":"https:\/\/www.prijedordanas.com\/#\/schema\/person\/image\/","url":"https:\/\/secure.gravatar.com\/avatar\/1d3fc949d550f0b53a5f0d51e06dfd79?s=96&d=mm&r=g","contentUrl":"https:\/\/secure.gravatar.com\/avatar\/1d3fc949d550f0b53a5f0d51e06dfd79?s=96&d=mm&r=g","caption":"admin"},"url":"https:\/\/www.prijedordanas.com\/?author=1"}]}},"_links":{"self":[{"href":"https:\/\/www.prijedordanas.com\/index.php?rest_route=\/wp\/v2\/posts\/186782"}],"collection":[{"href":"https:\/\/www.prijedordanas.com\/index.php?rest_route=\/wp\/v2\/posts"}],"about":[{"href":"https:\/\/www.prijedordanas.com\/index.php?rest_route=\/wp\/v2\/types\/post"}],"author":[{"embeddable":true,"href":"https:\/\/www.prijedordanas.com\/index.php?rest_route=\/wp\/v2\/users\/1"}],"replies":[{"embeddable":true,"href":"https:\/\/www.prijedordanas.com\/index.php?rest_route=%2Fwp%2Fv2%2Fcomments&post=186782"}],"version-history":[{"count":1,"href":"https:\/\/www.prijedordanas.com\/index.php?rest_route=\/wp\/v2\/posts\/186782\/revisions"}],"predecessor-version":[{"id":186784,"href":"https:\/\/www.prijedordanas.com\/index.php?rest_route=\/wp\/v2\/posts\/186782\/revisions\/186784"}],"wp:attachment":[{"href":"https:\/\/www.prijedordanas.com\/index.php?rest_route=%2Fwp%2Fv2%2Fmedia&parent=186782"}],"wp:term":[{"taxonomy":"category","embeddable":true,"href":"https:\/\/www.prijedordanas.com\/index.php?rest_route=%2Fwp%2Fv2%2Fcategories&post=186782"},{"taxonomy":"post_tag","embeddable":true,"href":"https:\/\/www.prijedordanas.com\/index.php?rest_route=%2Fwp%2Fv2%2Ftags&post=186782"}],"curies":[{"name":"wp","href":"https:\/\/api.w.org\/{rel}","templated":true}]}}