{"id":186756,"date":"2022-06-04T10:11:50","date_gmt":"2022-06-04T08:11:50","guid":{"rendered":"https:\/\/www.prijedordanas.com\/?p=186756"},"modified":"2022-06-04T10:11:50","modified_gmt":"2022-06-04T08:11:50","slug":"slucaj-babic-ranko-i-ostali-iznesene-zalbe-na-presudu-za-zlocine-kod-prijedora","status":"publish","type":"post","link":"https:\/\/www.prijedordanas.com\/?p=186756","title":{"rendered":"Slu\u010daj Babi\u0107 Ranko i ostali: Iznesene \u017ealbe na presudu za zlo\u010dine kod Prijedora"},"content":{"rendered":"<p><a href=\"https:\/\/www.prijedordanas.com\/wp-content\/uploads\/2021\/04\/sud-bih-sudjenje-babic-i-ostali.jpg\"><img loading=\"lazy\" decoding=\"async\" src=\"https:\/\/www.prijedordanas.com\/wp-content\/uploads\/2021\/04\/sud-bih-sudjenje-babic-i-ostali-300x225.jpg\" alt=\"\" width=\"300\" height=\"225\" class=\"alignleft size-medium wp-image-165427\" srcset=\"https:\/\/www.prijedordanas.com\/wp-content\/uploads\/2021\/04\/sud-bih-sudjenje-babic-i-ostali-300x225.jpg 300w, https:\/\/www.prijedordanas.com\/wp-content\/uploads\/2021\/04\/sud-bih-sudjenje-babic-i-ostali-640x480.jpg 640w, https:\/\/www.prijedordanas.com\/wp-content\/uploads\/2021\/04\/sud-bih-sudjenje-babic-i-ostali.jpg 667w\" sizes=\"(max-width: 300px) 100vw, 300px\" \/><\/a>Pred Apelacionim vije\u0107em Suda Bosne i Hercegovine iznesene su \u017ealbe na prvostepenu presudu kojom je Ranko Babi\u0107 oslobo\u0111en, a Bratislav Bilbija i \u0110uro Adamovi\u0107 osu\u0111eni za zlo\u010din po\u010dinjen 1992. godine nad civilnim stanovni\u0161tvom na podru\u010dju Prijedora.<\/p>\n<p>Tu\u017eila\u0161tvo se \u017ealilo na pogre\u0161no i nepotpuno utvr\u0111eno stanje u prvostepenoj presudi kao i na visinu sankcije Bilbiji, koji je osu\u0111en na dvije, i Adamovi\u0107u, koji je osu\u0111en na tri godine zatvora. Odbrane Bilbije i Adamovi\u0107a su se \u017ealile na povrede postupka i zakona u prvostepenom postupku, kao i na pogre\u0161no utvr\u0111eno \u010dinjeni\u010dno stanje te visinu sankcije.<\/p>\n<p>Tu\u017eila\u0161tvo i dvije Odbrane su tra\u017eile preina\u010davanje presude ili novo su\u0111enje pred Apelacionim vije\u0107em. Babi\u0107eva Odbrana navela je da \u017ealbu Tu\u017eila\u0161tva treba odbiti, ocijeniv\u0161i da nije dokazan nijedan navod u odnosu na optu\u017eenog.<\/p>\n<p>Tu\u017eiteljica Gordana Bosilj\u010di\u0107 kazala je da u cijelosti ostaje kod navoda \u017ealbe.<\/p>\n<p>Odbrana Bilbije ocijenila je da je u prvostepenoj presudi po\u010dinjeno nekoliko veoma bitnih povreda. Branilac Savan Zec je kazao da je Prvostepeno vije\u0107e izmijenilo \u010dinjeni\u010dni opis optu\u017enice i pove\u0107alo koli\u010dinu kriminalne aktivnosti da bi kreiralo krivi\u010dno djelo ratni zlo\u010din protiv civilnog stanovni\u0161tva.<\/p>\n<p>\u201cBez toga ne bi mogao biti progla\u0161en krivim\u201d, rekao je Zec.<\/p>\n<p>On je dodao da je Vije\u0107e utvrdilo da su nezakonite izjave koje je glavni istra\u017eilac Dr\u017eavne agencije za istrage i za\u0161titu (SIPA) uzeo tokom istrage u ku\u0107i od punca i punice, ali da su morali biti izuzeti i drugi dokazi.<\/p>\n<p>\u201cVije\u0107e prihvata 11 zapisnika tog istra\u017eitelja iako je to lice trebalo izuzeti iz istrage\u201d, istakao je Zec.<\/p>\n<p>On je dodao da u prvostepenoj presudi nisu obja\u0161njene ni razlike u klju\u010dnim \u010dinjenicama koje je iznio svjedok \u201cA\u201d.<\/p>\n<p>Adamovi\u0107ev branilac Radovan Stani\u0107 tako\u0111e se u \u017ealbi osvrnuo na prekora\u010denje optu\u017ebe u presudi.<\/p>\n<p>U optu\u017enici se nigdje ne navodi nano\u0161enje povreda predmetom uzetim iz auta i stavljanje no\u017ea pod grlo od strane Adamovi\u0107a, tvrdi on.<\/p>\n<p>\u201cTe izmjene je unio sud\u201d, kazao je Stani\u0107.<\/p>\n<p>Bosilj\u010di\u0107 je navela da \u017ealbe Odbrana treba da budu odbijene.<\/p>\n<p>Prvostepenom presudom iz novembra 2021. godine Bilbija i Adamovi\u0107 su progla\u0161eni krivim za ne\u010dovje\u010dno postupanje prema civilima u zaseoku Bukvik po\u010dinjeno u avgustu 1992. godine. Oni su, zajedno sa Babi\u0107em, oslobo\u0111eni optu\u017ebi za ubistvo, mu\u010denje i prisilni nestanak. Optu\u017enica ih je teretila za zlo\u010din protiv \u010dovje\u010dnosti, a Bilbija i Adamovi\u0107 su progla\u0161eni krivim za ratni zlo\u010din protiv civilnog stanovni\u0161tva.<\/p>\n<p>Apelaciono vije\u0107e \u0107e naknadno donijeti odluku o \u017ealbama.<\/p>\n<p><a href=\"https:\/\/detektor.ba\/2022\/05\/31\/babic-ranko-i-drugi-iznesene-zalbe-na-presudu-za-zlocine-kod-prijedora\/\" rel=\"noopener\" target=\"_blank\">detektor.ba<\/a><\/p>\n","protected":false},"excerpt":{"rendered":"<p>Pred Apelacionim vije\u0107em Suda Bosne i Hercegovine iznesene su \u017ealbe na prvostepenu presudu kojom je Ranko Babi\u0107 oslobo\u0111en, a Bratislav Bilbija i \u0110uro Adamovi\u0107 osu\u0111eni za zlo\u010din po\u010dinjen 1992. godine [&hellip;]<\/p>\n","protected":false},"author":1,"featured_media":0,"comment_status":"closed","ping_status":"open","sticky":false,"template":"","format":"standard","meta":{"_monsterinsights_skip_tracking":false,"_monsterinsights_sitenote_active":false,"_monsterinsights_sitenote_note":"","_monsterinsights_sitenote_category":0,"footnotes":""},"categories":[5],"tags":[],"yoast_head":"<!-- This site is optimized with the Yoast SEO plugin v21.6 - https:\/\/yoast.com\/wordpress\/plugins\/seo\/ -->\n<title>Slu\u010daj Babi\u0107 Ranko i ostali: Iznesene \u017ealbe na presudu za zlo\u010dine kod Prijedora - PrijedorDanas.com - Prijedorski gradski portal<\/title>\n<meta name=\"robots\" content=\"index, follow, max-snippet:-1, max-image-preview:large, max-video-preview:-1\" \/>\n<link rel=\"canonical\" href=\"https:\/\/www.prijedordanas.com\/?p=186756\" \/>\n<meta property=\"og:locale\" content=\"en_US\" \/>\n<meta property=\"og:type\" content=\"article\" \/>\n<meta property=\"og:title\" content=\"Slu\u010daj Babi\u0107 Ranko i ostali: Iznesene \u017ealbe na presudu za zlo\u010dine kod Prijedora - PrijedorDanas.com - Prijedorski gradski portal\" \/>\n<meta property=\"og:description\" content=\"Pred Apelacionim vije\u0107em Suda Bosne i Hercegovine iznesene su \u017ealbe na prvostepenu presudu kojom je Ranko Babi\u0107 oslobo\u0111en, a Bratislav Bilbija i \u0110uro Adamovi\u0107 osu\u0111eni za zlo\u010din po\u010dinjen 1992. godine [&hellip;]\" \/>\n<meta property=\"og:url\" content=\"https:\/\/www.prijedordanas.com\/?p=186756\" \/>\n<meta property=\"og:site_name\" content=\"PrijedorDanas.com - Prijedorski gradski portal\" \/>\n<meta property=\"article:publisher\" content=\"https:\/\/www.facebook.com\/PrijedorDanasCom\/\" \/>\n<meta property=\"article:published_time\" content=\"2022-06-04T08:11:50+00:00\" \/>\n<meta property=\"og:image\" content=\"https:\/\/www.prijedordanas.com\/wp-content\/uploads\/2021\/04\/sud-bih-sudjenje-babic-i-ostali-300x225.jpg\" \/>\n<meta name=\"author\" content=\"admin\" \/>\n<meta name=\"twitter:card\" content=\"summary_large_image\" \/>\n<meta name=\"twitter:label1\" content=\"Written by\" \/>\n\t<meta name=\"twitter:data1\" content=\"admin\" \/>\n\t<meta name=\"twitter:label2\" content=\"Est. reading time\" \/>\n\t<meta name=\"twitter:data2\" content=\"2 minutes\" \/>\n<script type=\"application\/ld+json\" class=\"yoast-schema-graph\">{\"@context\":\"https:\/\/schema.org\",\"@graph\":[{\"@type\":\"Article\",\"@id\":\"https:\/\/www.prijedordanas.com\/?p=186756#article\",\"isPartOf\":{\"@id\":\"https:\/\/www.prijedordanas.com\/?p=186756\"},\"author\":{\"name\":\"admin\",\"@id\":\"https:\/\/www.prijedordanas.com\/#\/schema\/person\/4e08ccf29b506ca916ff86d46bb700e6\"},\"headline\":\"Slu\u010daj Babi\u0107 Ranko i ostali: Iznesene \u017ealbe na presudu za zlo\u010dine kod Prijedora\",\"datePublished\":\"2022-06-04T08:11:50+00:00\",\"dateModified\":\"2022-06-04T08:11:50+00:00\",\"mainEntityOfPage\":{\"@id\":\"https:\/\/www.prijedordanas.com\/?p=186756\"},\"wordCount\":475,\"publisher\":{\"@id\":\"https:\/\/www.prijedordanas.com\/#organization\"},\"articleSection\":[\"Hronika\"],\"inLanguage\":\"en-US\"},{\"@type\":\"WebPage\",\"@id\":\"https:\/\/www.prijedordanas.com\/?p=186756\",\"url\":\"https:\/\/www.prijedordanas.com\/?p=186756\",\"name\":\"Slu\u010daj Babi\u0107 Ranko i ostali: Iznesene \u017ealbe na presudu za zlo\u010dine kod Prijedora - PrijedorDanas.com - Prijedorski gradski portal\",\"isPartOf\":{\"@id\":\"https:\/\/www.prijedordanas.com\/#website\"},\"datePublished\":\"2022-06-04T08:11:50+00:00\",\"dateModified\":\"2022-06-04T08:11:50+00:00\",\"breadcrumb\":{\"@id\":\"https:\/\/www.prijedordanas.com\/?p=186756#breadcrumb\"},\"inLanguage\":\"en-US\",\"potentialAction\":[{\"@type\":\"ReadAction\",\"target\":[\"https:\/\/www.prijedordanas.com\/?p=186756\"]}]},{\"@type\":\"BreadcrumbList\",\"@id\":\"https:\/\/www.prijedordanas.com\/?p=186756#breadcrumb\",\"itemListElement\":[{\"@type\":\"ListItem\",\"position\":1,\"name\":\"Home\",\"item\":\"https:\/\/www.prijedordanas.com\/\"},{\"@type\":\"ListItem\",\"position\":2,\"name\":\"Slu\u010daj Babi\u0107 Ranko i ostali: Iznesene \u017ealbe na presudu za zlo\u010dine kod Prijedora\"}]},{\"@type\":\"WebSite\",\"@id\":\"https:\/\/www.prijedordanas.com\/#website\",\"url\":\"https:\/\/www.prijedordanas.com\/\",\"name\":\"PrijedorDanas.com - Prijedorski gradski portal\",\"description\":\"Portal o doga\u0111anjima u gradu Prijedoru\",\"publisher\":{\"@id\":\"https:\/\/www.prijedordanas.com\/#organization\"},\"potentialAction\":[{\"@type\":\"SearchAction\",\"target\":{\"@type\":\"EntryPoint\",\"urlTemplate\":\"https:\/\/www.prijedordanas.com\/?s={search_term_string}\"},\"query-input\":\"required name=search_term_string\"}],\"inLanguage\":\"en-US\"},{\"@type\":\"Organization\",\"@id\":\"https:\/\/www.prijedordanas.com\/#organization\",\"name\":\"PrijedorDanas.com\",\"url\":\"https:\/\/www.prijedordanas.com\/\",\"logo\":{\"@type\":\"ImageObject\",\"inLanguage\":\"en-US\",\"@id\":\"https:\/\/www.prijedordanas.com\/#\/schema\/logo\/image\/\",\"url\":\"http:\/\/www.prijedordanas.com\/wp-content\/uploads\/2021\/12\/logopng.png\",\"contentUrl\":\"http:\/\/www.prijedordanas.com\/wp-content\/uploads\/2021\/12\/logopng.png\",\"width\":1019,\"height\":776,\"caption\":\"PrijedorDanas.com\"},\"image\":{\"@id\":\"https:\/\/www.prijedordanas.com\/#\/schema\/logo\/image\/\"},\"sameAs\":[\"https:\/\/www.facebook.com\/PrijedorDanasCom\/\"]},{\"@type\":\"Person\",\"@id\":\"https:\/\/www.prijedordanas.com\/#\/schema\/person\/4e08ccf29b506ca916ff86d46bb700e6\",\"name\":\"admin\",\"image\":{\"@type\":\"ImageObject\",\"inLanguage\":\"en-US\",\"@id\":\"https:\/\/www.prijedordanas.com\/#\/schema\/person\/image\/\",\"url\":\"https:\/\/secure.gravatar.com\/avatar\/1d3fc949d550f0b53a5f0d51e06dfd79?s=96&d=mm&r=g\",\"contentUrl\":\"https:\/\/secure.gravatar.com\/avatar\/1d3fc949d550f0b53a5f0d51e06dfd79?s=96&d=mm&r=g\",\"caption\":\"admin\"},\"url\":\"https:\/\/www.prijedordanas.com\/?author=1\"}]}<\/script>\n<!-- \/ Yoast SEO plugin. -->","yoast_head_json":{"title":"Slu\u010daj Babi\u0107 Ranko i ostali: Iznesene \u017ealbe na presudu za zlo\u010dine kod Prijedora - PrijedorDanas.com - Prijedorski gradski portal","robots":{"index":"index","follow":"follow","max-snippet":"max-snippet:-1","max-image-preview":"max-image-preview:large","max-video-preview":"max-video-preview:-1"},"canonical":"https:\/\/www.prijedordanas.com\/?p=186756","og_locale":"en_US","og_type":"article","og_title":"Slu\u010daj Babi\u0107 Ranko i ostali: Iznesene \u017ealbe na presudu za zlo\u010dine kod Prijedora - PrijedorDanas.com - Prijedorski gradski portal","og_description":"Pred Apelacionim vije\u0107em Suda Bosne i Hercegovine iznesene su \u017ealbe na prvostepenu presudu kojom je Ranko Babi\u0107 oslobo\u0111en, a Bratislav Bilbija i \u0110uro Adamovi\u0107 osu\u0111eni za zlo\u010din po\u010dinjen 1992. godine [&hellip;]","og_url":"https:\/\/www.prijedordanas.com\/?p=186756","og_site_name":"PrijedorDanas.com - Prijedorski gradski portal","article_publisher":"https:\/\/www.facebook.com\/PrijedorDanasCom\/","article_published_time":"2022-06-04T08:11:50+00:00","og_image":[{"url":"https:\/\/www.prijedordanas.com\/wp-content\/uploads\/2021\/04\/sud-bih-sudjenje-babic-i-ostali-300x225.jpg"}],"author":"admin","twitter_card":"summary_large_image","twitter_misc":{"Written by":"admin","Est. reading time":"2 minutes"},"schema":{"@context":"https:\/\/schema.org","@graph":[{"@type":"Article","@id":"https:\/\/www.prijedordanas.com\/?p=186756#article","isPartOf":{"@id":"https:\/\/www.prijedordanas.com\/?p=186756"},"author":{"name":"admin","@id":"https:\/\/www.prijedordanas.com\/#\/schema\/person\/4e08ccf29b506ca916ff86d46bb700e6"},"headline":"Slu\u010daj Babi\u0107 Ranko i ostali: Iznesene \u017ealbe na presudu za zlo\u010dine kod Prijedora","datePublished":"2022-06-04T08:11:50+00:00","dateModified":"2022-06-04T08:11:50+00:00","mainEntityOfPage":{"@id":"https:\/\/www.prijedordanas.com\/?p=186756"},"wordCount":475,"publisher":{"@id":"https:\/\/www.prijedordanas.com\/#organization"},"articleSection":["Hronika"],"inLanguage":"en-US"},{"@type":"WebPage","@id":"https:\/\/www.prijedordanas.com\/?p=186756","url":"https:\/\/www.prijedordanas.com\/?p=186756","name":"Slu\u010daj Babi\u0107 Ranko i ostali: Iznesene \u017ealbe na presudu za zlo\u010dine kod Prijedora - PrijedorDanas.com - Prijedorski gradski portal","isPartOf":{"@id":"https:\/\/www.prijedordanas.com\/#website"},"datePublished":"2022-06-04T08:11:50+00:00","dateModified":"2022-06-04T08:11:50+00:00","breadcrumb":{"@id":"https:\/\/www.prijedordanas.com\/?p=186756#breadcrumb"},"inLanguage":"en-US","potentialAction":[{"@type":"ReadAction","target":["https:\/\/www.prijedordanas.com\/?p=186756"]}]},{"@type":"BreadcrumbList","@id":"https:\/\/www.prijedordanas.com\/?p=186756#breadcrumb","itemListElement":[{"@type":"ListItem","position":1,"name":"Home","item":"https:\/\/www.prijedordanas.com\/"},{"@type":"ListItem","position":2,"name":"Slu\u010daj Babi\u0107 Ranko i ostali: Iznesene \u017ealbe na presudu za zlo\u010dine kod Prijedora"}]},{"@type":"WebSite","@id":"https:\/\/www.prijedordanas.com\/#website","url":"https:\/\/www.prijedordanas.com\/","name":"PrijedorDanas.com - Prijedorski gradski portal","description":"Portal o doga\u0111anjima u gradu Prijedoru","publisher":{"@id":"https:\/\/www.prijedordanas.com\/#organization"},"potentialAction":[{"@type":"SearchAction","target":{"@type":"EntryPoint","urlTemplate":"https:\/\/www.prijedordanas.com\/?s={search_term_string}"},"query-input":"required name=search_term_string"}],"inLanguage":"en-US"},{"@type":"Organization","@id":"https:\/\/www.prijedordanas.com\/#organization","name":"PrijedorDanas.com","url":"https:\/\/www.prijedordanas.com\/","logo":{"@type":"ImageObject","inLanguage":"en-US","@id":"https:\/\/www.prijedordanas.com\/#\/schema\/logo\/image\/","url":"http:\/\/www.prijedordanas.com\/wp-content\/uploads\/2021\/12\/logopng.png","contentUrl":"http:\/\/www.prijedordanas.com\/wp-content\/uploads\/2021\/12\/logopng.png","width":1019,"height":776,"caption":"PrijedorDanas.com"},"image":{"@id":"https:\/\/www.prijedordanas.com\/#\/schema\/logo\/image\/"},"sameAs":["https:\/\/www.facebook.com\/PrijedorDanasCom\/"]},{"@type":"Person","@id":"https:\/\/www.prijedordanas.com\/#\/schema\/person\/4e08ccf29b506ca916ff86d46bb700e6","name":"admin","image":{"@type":"ImageObject","inLanguage":"en-US","@id":"https:\/\/www.prijedordanas.com\/#\/schema\/person\/image\/","url":"https:\/\/secure.gravatar.com\/avatar\/1d3fc949d550f0b53a5f0d51e06dfd79?s=96&d=mm&r=g","contentUrl":"https:\/\/secure.gravatar.com\/avatar\/1d3fc949d550f0b53a5f0d51e06dfd79?s=96&d=mm&r=g","caption":"admin"},"url":"https:\/\/www.prijedordanas.com\/?author=1"}]}},"_links":{"self":[{"href":"https:\/\/www.prijedordanas.com\/index.php?rest_route=\/wp\/v2\/posts\/186756"}],"collection":[{"href":"https:\/\/www.prijedordanas.com\/index.php?rest_route=\/wp\/v2\/posts"}],"about":[{"href":"https:\/\/www.prijedordanas.com\/index.php?rest_route=\/wp\/v2\/types\/post"}],"author":[{"embeddable":true,"href":"https:\/\/www.prijedordanas.com\/index.php?rest_route=\/wp\/v2\/users\/1"}],"replies":[{"embeddable":true,"href":"https:\/\/www.prijedordanas.com\/index.php?rest_route=%2Fwp%2Fv2%2Fcomments&post=186756"}],"version-history":[{"count":1,"href":"https:\/\/www.prijedordanas.com\/index.php?rest_route=\/wp\/v2\/posts\/186756\/revisions"}],"predecessor-version":[{"id":186757,"href":"https:\/\/www.prijedordanas.com\/index.php?rest_route=\/wp\/v2\/posts\/186756\/revisions\/186757"}],"wp:attachment":[{"href":"https:\/\/www.prijedordanas.com\/index.php?rest_route=%2Fwp%2Fv2%2Fmedia&parent=186756"}],"wp:term":[{"taxonomy":"category","embeddable":true,"href":"https:\/\/www.prijedordanas.com\/index.php?rest_route=%2Fwp%2Fv2%2Fcategories&post=186756"},{"taxonomy":"post_tag","embeddable":true,"href":"https:\/\/www.prijedordanas.com\/index.php?rest_route=%2Fwp%2Fv2%2Ftags&post=186756"}],"curies":[{"name":"wp","href":"https:\/\/api.w.org\/{rel}","templated":true}]}}