{"id":186702,"date":"2022-06-02T22:30:28","date_gmt":"2022-06-02T20:30:28","guid":{"rendered":"https:\/\/www.prijedordanas.com\/?p=186702"},"modified":"2022-06-03T00:06:25","modified_gmt":"2022-06-02T22:06:25","slug":"predsjednica-republike-srpske-i-gradonacelnik-prijedora-na-druzenju-preko-400-penzionera-foto","status":"publish","type":"post","link":"https:\/\/www.prijedordanas.com\/?p=186702","title":{"rendered":"Predsjednica Republike Srpske i gradona\u010delnik Prijedora na dru\u017eenju preko 400 penzionera &#8211; FOTO"},"content":{"rendered":"<p><a href=\"https:\/\/www.prijedordanas.com\/wp-content\/uploads\/2022\/06\/prijedorgradorg-druzenje-penzionera-javor-cvijanovic.jpg\"><img loading=\"lazy\" decoding=\"async\" class=\"alignleft size-medium wp-image-186701\" src=\"https:\/\/www.prijedordanas.com\/wp-content\/uploads\/2022\/06\/prijedorgradorg-druzenje-penzionera-javor-cvijanovic-300x225.jpg\" alt=\"\" width=\"300\" height=\"225\" srcset=\"https:\/\/www.prijedordanas.com\/wp-content\/uploads\/2022\/06\/prijedorgradorg-druzenje-penzionera-javor-cvijanovic-300x225.jpg 300w, https:\/\/www.prijedordanas.com\/wp-content\/uploads\/2022\/06\/prijedorgradorg-druzenje-penzionera-javor-cvijanovic-640x480.jpg 640w, https:\/\/www.prijedordanas.com\/wp-content\/uploads\/2022\/06\/prijedorgradorg-druzenje-penzionera-javor-cvijanovic.jpg 667w\" sizes=\"(max-width: 300px) 100vw, 300px\" \/><\/a>Predsjednica Republike Srpske \u017deljka Cvijanovi\u0107 posjetila je ve\u010deras u Prijedoru i tradicionalni skup penzionera \u010diji je organizator bilo mjesno udru\u017eenje penzionera Gomjenica.<\/p>\n<p>&#8220;Ovo je zaista jedan divan skup preko 400 penzionera koji su se okupili da se provesele i isto tako poka\u017eu da zajedno mogu da funkcioni\u0161u i defini\u0161u neke svoje stavove i ovo je sjajna prilika da poka\u017eemo da su zajedno razli\u010dite generacije&#8221;, izjavila je Cvijanovi\u0107eva.<\/p>\n<p>Ona je dodala da gaji posebne emocije kada su u pitanju penzioneri odnosno Udru\u017eenje penzionera sa kojima sara\u0111uje desetak godina na jedan dobar i konstruktivan na\u010din.<\/p>\n<p><a href=\"https:\/\/www.prijedordanas.com\/wp-content\/uploads\/2022\/06\/prijedorgradorg-druzenje-penzionera-javor-cvijanovic-1.jpg\"><img loading=\"lazy\" decoding=\"async\" class=\"alignleft size-medium wp-image-186694\" src=\"https:\/\/www.prijedordanas.com\/wp-content\/uploads\/2022\/06\/prijedorgradorg-druzenje-penzionera-javor-cvijanovic-1-300x225.jpg\" alt=\"\" width=\"300\" height=\"225\" srcset=\"https:\/\/www.prijedordanas.com\/wp-content\/uploads\/2022\/06\/prijedorgradorg-druzenje-penzionera-javor-cvijanovic-1-300x225.jpg 300w, https:\/\/www.prijedordanas.com\/wp-content\/uploads\/2022\/06\/prijedorgradorg-druzenje-penzionera-javor-cvijanovic-1-640x480.jpg 640w, https:\/\/www.prijedordanas.com\/wp-content\/uploads\/2022\/06\/prijedorgradorg-druzenje-penzionera-javor-cvijanovic-1.jpg 667w\" sizes=\"(max-width: 300px) 100vw, 300px\" \/><\/a>&#8220;Zahvalna sam \u0161to su oni meni pomagali dok sam bila predsjednik Vlade da donosim sa svojim kolegama u tom periodu te\u0161ke odluke, ali koje su bile dobre za na\u0161e penzionere. To je bilo ono vrijeme kada smo uveli trezorski sistem pla\u0107anja i kad smo krenuli sa pove\u0107anjima penzija i redovnim i vanrednim uskla\u0111ivanjem i ve\u017ee nas mnogo dobrih momenata , ali i te\u0161kih odluka koji su se na svu sre\u0107u ispostavile da su bile dobre&#8221;, naglasila je Cvijanovi\u0107eva.<\/p>\n<p>Gradona\u010delnik Prijedora Slobodan Javor izjavio je da je Udru\u017eenje penzionera jedna od najja\u010dih i najorganizovanijih organizacija i u gradu i u Republici Srpskoj.<\/p>\n<p>&#8220;Grad Prijedor ima odli\u010dnu saradnju kako sa lokalnim tako i sa republi\u010dkim udru\u017eenjem penzionera i mi smo u gradu Prijedoru stali iza svojih penzionera i ove godine smo pove\u0107ali izdvajanja koja se odnose na njihovo udru\u017eenje sa 250.000 na 300.000 KM i \u017eelimo da se ova saradnja nastavimo i podignemo na vi\u0161i nivo&#8221;, rekao je Javor.<\/p>\n<p><a href=\"https:\/\/www.prijedordanas.com\/wp-content\/uploads\/2022\/06\/prijedorgradorg-druzenje-penzionera-javor-cvijanovic-3.jpg\"><img loading=\"lazy\" decoding=\"async\" class=\"alignleft size-medium wp-image-186695\" src=\"https:\/\/www.prijedordanas.com\/wp-content\/uploads\/2022\/06\/prijedorgradorg-druzenje-penzionera-javor-cvijanovic-3-300x225.jpg\" alt=\"\" width=\"300\" height=\"225\" srcset=\"https:\/\/www.prijedordanas.com\/wp-content\/uploads\/2022\/06\/prijedorgradorg-druzenje-penzionera-javor-cvijanovic-3-300x225.jpg 300w, https:\/\/www.prijedordanas.com\/wp-content\/uploads\/2022\/06\/prijedorgradorg-druzenje-penzionera-javor-cvijanovic-3-640x480.jpg 640w, https:\/\/www.prijedordanas.com\/wp-content\/uploads\/2022\/06\/prijedorgradorg-druzenje-penzionera-javor-cvijanovic-3.jpg 667w\" sizes=\"(max-width: 300px) 100vw, 300px\" \/><\/a>Predsjednik Udru\u017eenja penzionera grada Prijedora Slobodan Brdar izjavio je da je u pitanju tradicionalno dru\u017eenje penzionera Gomjenice, ali da su se okupili predstavinici 23 drugih mjesnih udru\u017eenja penzionera.<\/p>\n<p>Da nije pomo\u0107i od Gradske administracije grada Prijedora, Ministarstva rada i bora\u010dko invalidske za\u0161tiite i Udru\u017eenja penzionera grada Prijedora, ta tri segmenta kad se udru\u017ee onda smo mi u prilici da napravimo ovakva dru\u017eenja&#8221;, rekao je Brdar.<\/p>\n<p>On je dodao da je ovakva dru\u017eenja dobro do\u0111u starijoj populaciji.<\/p>\n<p><a href=\"https:\/\/www.prijedordanas.com\/wp-content\/uploads\/2022\/06\/prijedorgradorg-druzenje-penzionera-javor-cvijanovic-2.jpg\"><img loading=\"lazy\" decoding=\"async\" class=\"alignleft size-medium wp-image-186697\" src=\"https:\/\/www.prijedordanas.com\/wp-content\/uploads\/2022\/06\/prijedorgradorg-druzenje-penzionera-javor-cvijanovic-2-300x225.jpg\" alt=\"\" width=\"300\" height=\"225\" srcset=\"https:\/\/www.prijedordanas.com\/wp-content\/uploads\/2022\/06\/prijedorgradorg-druzenje-penzionera-javor-cvijanovic-2-300x225.jpg 300w, https:\/\/www.prijedordanas.com\/wp-content\/uploads\/2022\/06\/prijedorgradorg-druzenje-penzionera-javor-cvijanovic-2.jpg 600w\" sizes=\"(max-width: 300px) 100vw, 300px\" \/><\/a>&#8220;Nisu penzioneri \u017eeljni jela i pi\u0107a ve\u0107 su \u017eeljni da vide jedni druge jer smo se kao ljudi otu\u0111ili u svemu .Ovo je tradicija koja traje 16 godina i mi smo prepoznatljivi po ovim dru\u017eenjima u Republici Srpskoj, kao i ostvarenom dobrom sradnjom sa gradskom administracijom&#8221;, rekao je Brdar.<\/p>\n<p>Dru\u017eenju je prisustvovao i Ratko Trifunovi\u0107, predsjednik Udru\u017eenja penzionera Republike Srpske koji je izrazio \u017eelju da se ova dru\u017eenja odr\u017eavaju \u010de\u0161\u0107e i vi\u0161e.<\/p>\n<p>&#8220;Vidite kako je taj narod ve\u010deras veseo, razdragan. To je za njih zaista jedno u\u017eivanje, rekao je Trifunovi\u0107.<\/p>\n<p><a href=\"https:\/\/prijedorgrad.org\/sr-EU\/vijesti-sadrzaj.html?vid=15415\" target=\"_blank\" rel=\"noopener\">prijedorgrad.org<\/a><\/p>\n<p><a href=\"https:\/\/www.prijedordanas.com\/wp-content\/uploads\/2022\/06\/prijedorgradorg-druzenje-penzionera-javor-cvijanovic-4.jpg\"><img loading=\"lazy\" decoding=\"async\" class=\"alignleft size-medium wp-image-186698\" src=\"https:\/\/www.prijedordanas.com\/wp-content\/uploads\/2022\/06\/prijedorgradorg-druzenje-penzionera-javor-cvijanovic-4-300x225.jpg\" alt=\"\" width=\"300\" height=\"225\" srcset=\"https:\/\/www.prijedordanas.com\/wp-content\/uploads\/2022\/06\/prijedorgradorg-druzenje-penzionera-javor-cvijanovic-4-300x225.jpg 300w, https:\/\/www.prijedordanas.com\/wp-content\/uploads\/2022\/06\/prijedorgradorg-druzenje-penzionera-javor-cvijanovic-4.jpg 600w\" sizes=\"(max-width: 300px) 100vw, 300px\" \/><\/a><\/p>\n","protected":false},"excerpt":{"rendered":"<p>Predsjednica Republike Srpske \u017deljka Cvijanovi\u0107 posjetila je ve\u010deras u Prijedoru i tradicionalni skup penzionera \u010diji je organizator bilo mjesno udru\u017eenje penzionera Gomjenica. &#8220;Ovo je zaista jedan divan skup preko 400 [&hellip;]<\/p>\n","protected":false},"author":1,"featured_media":0,"comment_status":"closed","ping_status":"open","sticky":false,"template":"","format":"standard","meta":{"_monsterinsights_skip_tracking":false,"_monsterinsights_sitenote_active":false,"_monsterinsights_sitenote_note":"","_monsterinsights_sitenote_category":0,"footnotes":""},"categories":[4],"tags":[],"yoast_head":"<!-- This site is optimized with the Yoast SEO plugin v21.6 - https:\/\/yoast.com\/wordpress\/plugins\/seo\/ -->\n<title>Predsjednica Republike Srpske i gradona\u010delnik Prijedora na dru\u017eenju preko 400 penzionera - FOTO - PrijedorDanas.com - Prijedorski gradski portal<\/title>\n<meta name=\"robots\" content=\"index, follow, max-snippet:-1, max-image-preview:large, max-video-preview:-1\" \/>\n<link rel=\"canonical\" href=\"https:\/\/www.prijedordanas.com\/?p=186702\" \/>\n<meta property=\"og:locale\" content=\"en_US\" \/>\n<meta property=\"og:type\" content=\"article\" \/>\n<meta property=\"og:title\" content=\"Predsjednica Republike Srpske i gradona\u010delnik Prijedora na dru\u017eenju preko 400 penzionera - FOTO - PrijedorDanas.com - Prijedorski gradski portal\" \/>\n<meta property=\"og:description\" content=\"Predsjednica Republike Srpske \u017deljka Cvijanovi\u0107 posjetila je ve\u010deras u Prijedoru i tradicionalni skup penzionera \u010diji je organizator bilo mjesno udru\u017eenje penzionera Gomjenica. &#8220;Ovo je zaista jedan divan skup preko 400 [&hellip;]\" \/>\n<meta property=\"og:url\" content=\"https:\/\/www.prijedordanas.com\/?p=186702\" \/>\n<meta property=\"og:site_name\" content=\"PrijedorDanas.com - Prijedorski gradski portal\" \/>\n<meta property=\"article:publisher\" content=\"https:\/\/www.facebook.com\/PrijedorDanasCom\/\" \/>\n<meta property=\"article:published_time\" content=\"2022-06-02T20:30:28+00:00\" \/>\n<meta property=\"article:modified_time\" content=\"2022-06-02T22:06:25+00:00\" \/>\n<meta property=\"og:image\" content=\"https:\/\/www.prijedordanas.com\/wp-content\/uploads\/2022\/06\/prijedorgradorg-druzenje-penzionera-javor-cvijanovic-300x225.jpg\" \/>\n<meta name=\"author\" content=\"admin\" \/>\n<meta name=\"twitter:card\" content=\"summary_large_image\" \/>\n<meta name=\"twitter:label1\" content=\"Written by\" \/>\n\t<meta name=\"twitter:data1\" content=\"admin\" \/>\n\t<meta name=\"twitter:label2\" content=\"Est. reading time\" \/>\n\t<meta name=\"twitter:data2\" content=\"2 minutes\" \/>\n<script type=\"application\/ld+json\" class=\"yoast-schema-graph\">{\"@context\":\"https:\/\/schema.org\",\"@graph\":[{\"@type\":\"Article\",\"@id\":\"https:\/\/www.prijedordanas.com\/?p=186702#article\",\"isPartOf\":{\"@id\":\"https:\/\/www.prijedordanas.com\/?p=186702\"},\"author\":{\"name\":\"admin\",\"@id\":\"https:\/\/www.prijedordanas.com\/#\/schema\/person\/4e08ccf29b506ca916ff86d46bb700e6\"},\"headline\":\"Predsjednica Republike Srpske i gradona\u010delnik Prijedora na dru\u017eenju preko 400 penzionera &#8211; FOTO\",\"datePublished\":\"2022-06-02T20:30:28+00:00\",\"dateModified\":\"2022-06-02T22:06:25+00:00\",\"mainEntityOfPage\":{\"@id\":\"https:\/\/www.prijedordanas.com\/?p=186702\"},\"wordCount\":477,\"publisher\":{\"@id\":\"https:\/\/www.prijedordanas.com\/#organization\"},\"articleSection\":[\"Dru\u0161tvo\"],\"inLanguage\":\"en-US\"},{\"@type\":\"WebPage\",\"@id\":\"https:\/\/www.prijedordanas.com\/?p=186702\",\"url\":\"https:\/\/www.prijedordanas.com\/?p=186702\",\"name\":\"Predsjednica Republike Srpske i gradona\u010delnik Prijedora na dru\u017eenju preko 400 penzionera - FOTO - PrijedorDanas.com - Prijedorski gradski portal\",\"isPartOf\":{\"@id\":\"https:\/\/www.prijedordanas.com\/#website\"},\"datePublished\":\"2022-06-02T20:30:28+00:00\",\"dateModified\":\"2022-06-02T22:06:25+00:00\",\"breadcrumb\":{\"@id\":\"https:\/\/www.prijedordanas.com\/?p=186702#breadcrumb\"},\"inLanguage\":\"en-US\",\"potentialAction\":[{\"@type\":\"ReadAction\",\"target\":[\"https:\/\/www.prijedordanas.com\/?p=186702\"]}]},{\"@type\":\"BreadcrumbList\",\"@id\":\"https:\/\/www.prijedordanas.com\/?p=186702#breadcrumb\",\"itemListElement\":[{\"@type\":\"ListItem\",\"position\":1,\"name\":\"Home\",\"item\":\"https:\/\/www.prijedordanas.com\/\"},{\"@type\":\"ListItem\",\"position\":2,\"name\":\"Predsjednica Republike Srpske i gradona\u010delnik Prijedora na dru\u017eenju preko 400 penzionera &#8211; FOTO\"}]},{\"@type\":\"WebSite\",\"@id\":\"https:\/\/www.prijedordanas.com\/#website\",\"url\":\"https:\/\/www.prijedordanas.com\/\",\"name\":\"PrijedorDanas.com - Prijedorski gradski portal\",\"description\":\"Portal o doga\u0111anjima u gradu Prijedoru\",\"publisher\":{\"@id\":\"https:\/\/www.prijedordanas.com\/#organization\"},\"potentialAction\":[{\"@type\":\"SearchAction\",\"target\":{\"@type\":\"EntryPoint\",\"urlTemplate\":\"https:\/\/www.prijedordanas.com\/?s={search_term_string}\"},\"query-input\":\"required name=search_term_string\"}],\"inLanguage\":\"en-US\"},{\"@type\":\"Organization\",\"@id\":\"https:\/\/www.prijedordanas.com\/#organization\",\"name\":\"PrijedorDanas.com\",\"url\":\"https:\/\/www.prijedordanas.com\/\",\"logo\":{\"@type\":\"ImageObject\",\"inLanguage\":\"en-US\",\"@id\":\"https:\/\/www.prijedordanas.com\/#\/schema\/logo\/image\/\",\"url\":\"http:\/\/www.prijedordanas.com\/wp-content\/uploads\/2021\/12\/logopng.png\",\"contentUrl\":\"http:\/\/www.prijedordanas.com\/wp-content\/uploads\/2021\/12\/logopng.png\",\"width\":1019,\"height\":776,\"caption\":\"PrijedorDanas.com\"},\"image\":{\"@id\":\"https:\/\/www.prijedordanas.com\/#\/schema\/logo\/image\/\"},\"sameAs\":[\"https:\/\/www.facebook.com\/PrijedorDanasCom\/\"]},{\"@type\":\"Person\",\"@id\":\"https:\/\/www.prijedordanas.com\/#\/schema\/person\/4e08ccf29b506ca916ff86d46bb700e6\",\"name\":\"admin\",\"image\":{\"@type\":\"ImageObject\",\"inLanguage\":\"en-US\",\"@id\":\"https:\/\/www.prijedordanas.com\/#\/schema\/person\/image\/\",\"url\":\"https:\/\/secure.gravatar.com\/avatar\/1d3fc949d550f0b53a5f0d51e06dfd79?s=96&d=mm&r=g\",\"contentUrl\":\"https:\/\/secure.gravatar.com\/avatar\/1d3fc949d550f0b53a5f0d51e06dfd79?s=96&d=mm&r=g\",\"caption\":\"admin\"},\"url\":\"https:\/\/www.prijedordanas.com\/?author=1\"}]}<\/script>\n<!-- \/ Yoast SEO plugin. -->","yoast_head_json":{"title":"Predsjednica Republike Srpske i gradona\u010delnik Prijedora na dru\u017eenju preko 400 penzionera - FOTO - PrijedorDanas.com - Prijedorski gradski portal","robots":{"index":"index","follow":"follow","max-snippet":"max-snippet:-1","max-image-preview":"max-image-preview:large","max-video-preview":"max-video-preview:-1"},"canonical":"https:\/\/www.prijedordanas.com\/?p=186702","og_locale":"en_US","og_type":"article","og_title":"Predsjednica Republike Srpske i gradona\u010delnik Prijedora na dru\u017eenju preko 400 penzionera - FOTO - PrijedorDanas.com - Prijedorski gradski portal","og_description":"Predsjednica Republike Srpske \u017deljka Cvijanovi\u0107 posjetila je ve\u010deras u Prijedoru i tradicionalni skup penzionera \u010diji je organizator bilo mjesno udru\u017eenje penzionera Gomjenica. &#8220;Ovo je zaista jedan divan skup preko 400 [&hellip;]","og_url":"https:\/\/www.prijedordanas.com\/?p=186702","og_site_name":"PrijedorDanas.com - Prijedorski gradski portal","article_publisher":"https:\/\/www.facebook.com\/PrijedorDanasCom\/","article_published_time":"2022-06-02T20:30:28+00:00","article_modified_time":"2022-06-02T22:06:25+00:00","og_image":[{"url":"https:\/\/www.prijedordanas.com\/wp-content\/uploads\/2022\/06\/prijedorgradorg-druzenje-penzionera-javor-cvijanovic-300x225.jpg"}],"author":"admin","twitter_card":"summary_large_image","twitter_misc":{"Written by":"admin","Est. reading time":"2 minutes"},"schema":{"@context":"https:\/\/schema.org","@graph":[{"@type":"Article","@id":"https:\/\/www.prijedordanas.com\/?p=186702#article","isPartOf":{"@id":"https:\/\/www.prijedordanas.com\/?p=186702"},"author":{"name":"admin","@id":"https:\/\/www.prijedordanas.com\/#\/schema\/person\/4e08ccf29b506ca916ff86d46bb700e6"},"headline":"Predsjednica Republike Srpske i gradona\u010delnik Prijedora na dru\u017eenju preko 400 penzionera &#8211; FOTO","datePublished":"2022-06-02T20:30:28+00:00","dateModified":"2022-06-02T22:06:25+00:00","mainEntityOfPage":{"@id":"https:\/\/www.prijedordanas.com\/?p=186702"},"wordCount":477,"publisher":{"@id":"https:\/\/www.prijedordanas.com\/#organization"},"articleSection":["Dru\u0161tvo"],"inLanguage":"en-US"},{"@type":"WebPage","@id":"https:\/\/www.prijedordanas.com\/?p=186702","url":"https:\/\/www.prijedordanas.com\/?p=186702","name":"Predsjednica Republike Srpske i gradona\u010delnik Prijedora na dru\u017eenju preko 400 penzionera - FOTO - PrijedorDanas.com - Prijedorski gradski portal","isPartOf":{"@id":"https:\/\/www.prijedordanas.com\/#website"},"datePublished":"2022-06-02T20:30:28+00:00","dateModified":"2022-06-02T22:06:25+00:00","breadcrumb":{"@id":"https:\/\/www.prijedordanas.com\/?p=186702#breadcrumb"},"inLanguage":"en-US","potentialAction":[{"@type":"ReadAction","target":["https:\/\/www.prijedordanas.com\/?p=186702"]}]},{"@type":"BreadcrumbList","@id":"https:\/\/www.prijedordanas.com\/?p=186702#breadcrumb","itemListElement":[{"@type":"ListItem","position":1,"name":"Home","item":"https:\/\/www.prijedordanas.com\/"},{"@type":"ListItem","position":2,"name":"Predsjednica Republike Srpske i gradona\u010delnik Prijedora na dru\u017eenju preko 400 penzionera &#8211; FOTO"}]},{"@type":"WebSite","@id":"https:\/\/www.prijedordanas.com\/#website","url":"https:\/\/www.prijedordanas.com\/","name":"PrijedorDanas.com - Prijedorski gradski portal","description":"Portal o doga\u0111anjima u gradu Prijedoru","publisher":{"@id":"https:\/\/www.prijedordanas.com\/#organization"},"potentialAction":[{"@type":"SearchAction","target":{"@type":"EntryPoint","urlTemplate":"https:\/\/www.prijedordanas.com\/?s={search_term_string}"},"query-input":"required name=search_term_string"}],"inLanguage":"en-US"},{"@type":"Organization","@id":"https:\/\/www.prijedordanas.com\/#organization","name":"PrijedorDanas.com","url":"https:\/\/www.prijedordanas.com\/","logo":{"@type":"ImageObject","inLanguage":"en-US","@id":"https:\/\/www.prijedordanas.com\/#\/schema\/logo\/image\/","url":"http:\/\/www.prijedordanas.com\/wp-content\/uploads\/2021\/12\/logopng.png","contentUrl":"http:\/\/www.prijedordanas.com\/wp-content\/uploads\/2021\/12\/logopng.png","width":1019,"height":776,"caption":"PrijedorDanas.com"},"image":{"@id":"https:\/\/www.prijedordanas.com\/#\/schema\/logo\/image\/"},"sameAs":["https:\/\/www.facebook.com\/PrijedorDanasCom\/"]},{"@type":"Person","@id":"https:\/\/www.prijedordanas.com\/#\/schema\/person\/4e08ccf29b506ca916ff86d46bb700e6","name":"admin","image":{"@type":"ImageObject","inLanguage":"en-US","@id":"https:\/\/www.prijedordanas.com\/#\/schema\/person\/image\/","url":"https:\/\/secure.gravatar.com\/avatar\/1d3fc949d550f0b53a5f0d51e06dfd79?s=96&d=mm&r=g","contentUrl":"https:\/\/secure.gravatar.com\/avatar\/1d3fc949d550f0b53a5f0d51e06dfd79?s=96&d=mm&r=g","caption":"admin"},"url":"https:\/\/www.prijedordanas.com\/?author=1"}]}},"_links":{"self":[{"href":"https:\/\/www.prijedordanas.com\/index.php?rest_route=\/wp\/v2\/posts\/186702"}],"collection":[{"href":"https:\/\/www.prijedordanas.com\/index.php?rest_route=\/wp\/v2\/posts"}],"about":[{"href":"https:\/\/www.prijedordanas.com\/index.php?rest_route=\/wp\/v2\/types\/post"}],"author":[{"embeddable":true,"href":"https:\/\/www.prijedordanas.com\/index.php?rest_route=\/wp\/v2\/users\/1"}],"replies":[{"embeddable":true,"href":"https:\/\/www.prijedordanas.com\/index.php?rest_route=%2Fwp%2Fv2%2Fcomments&post=186702"}],"version-history":[{"count":1,"href":"https:\/\/www.prijedordanas.com\/index.php?rest_route=\/wp\/v2\/posts\/186702\/revisions"}],"predecessor-version":[{"id":186703,"href":"https:\/\/www.prijedordanas.com\/index.php?rest_route=\/wp\/v2\/posts\/186702\/revisions\/186703"}],"wp:attachment":[{"href":"https:\/\/www.prijedordanas.com\/index.php?rest_route=%2Fwp%2Fv2%2Fmedia&parent=186702"}],"wp:term":[{"taxonomy":"category","embeddable":true,"href":"https:\/\/www.prijedordanas.com\/index.php?rest_route=%2Fwp%2Fv2%2Fcategories&post=186702"},{"taxonomy":"post_tag","embeddable":true,"href":"https:\/\/www.prijedordanas.com\/index.php?rest_route=%2Fwp%2Fv2%2Ftags&post=186702"}],"curies":[{"name":"wp","href":"https:\/\/api.w.org\/{rel}","templated":true}]}}