{"id":18670,"date":"2015-03-25T11:04:05","date_gmt":"2015-03-25T10:04:05","guid":{"rendered":"https:\/\/www.prijedordanas.com\/?p=18670"},"modified":"2015-03-25T11:04:05","modified_gmt":"2015-03-25T10:04:05","slug":"dejan-kojic-uvijek-pouzdan-u-dresu-rudar-prijedora-koja-viteskog-srca","status":"publish","type":"post","link":"https:\/\/www.prijedordanas.com\/?p=18670","title":{"rendered":"DEJAN KOJI\u0106 UVIJEK POUZDAN U DRESU RUDAR-PRIJEDORA: KOJA VITE\u0160KOG SRCA"},"content":{"rendered":"<p><a href=\"https:\/\/www.prijedordanas.com\/wp-content\/uploads\/2015\/03\/rudar-prijedor-napredak-izvjestaj-5.jpg\"><img loading=\"lazy\" decoding=\"async\" src=\"https:\/\/www.prijedordanas.com\/wp-content\/uploads\/2015\/03\/rudar-prijedor-napredak-izvjestaj-5-300x199.jpg\" alt=\"rudar prijedor-napredak-izvjestaj (5)\" width=\"300\" height=\"199\" class=\"alignleft size-medium wp-image-18539\" srcset=\"https:\/\/www.prijedordanas.com\/wp-content\/uploads\/2015\/03\/rudar-prijedor-napredak-izvjestaj-5-300x199.jpg 300w, https:\/\/www.prijedordanas.com\/wp-content\/uploads\/2015\/03\/rudar-prijedor-napredak-izvjestaj-5.jpg 600w\" sizes=\"(max-width: 300px) 100vw, 300px\" \/><\/a>U drugoj pobjedi Rudar-Prijedora u nastavku prvenstva Prve lige Republike Srpske u Ljubiji najistaknutiji pojedinac bio je Dejan Koji\u0107. Ne samo da je protiv Napretka iz Donjeg \u0160epka (2:1) stizao da po lijevoj strani bude u \u201e\u017ei\u017ei\u201c mnogih napada, ali i da obavlja defanzivne zadatke, ve\u0107 je u svom 14. prvenstvenom nastupu ove sezone postigao i prvi (izjedna\u010duju\u0107i) gol, potvrdiv\u0161i da nije slu\u010dajno u pripremnom periodu tresao mre\u017ee rivala. <\/p>\n<p>Ako je \u0161ef stru\u010dnog \u0161taba zeleno-crnih Zoran Buji\u0107, poslije startnog trijumfa, kada je savladana Mladost iz Gacka (3:1) s pravom upozoravao da ne smije biti opu\u0161tanja, me\u0111u prvotimcima kojima to nije trebao ponavljati svakako je i Koja, kako ga nekada oslovljavaju najvjerniji navija\u010di, po junaku iz crtanog filma \u201eVitez Koja\u201c, jer, iako omalen, ima veliko srce za duele sa protivni\u010dkim igra\u010dima.<\/p>\n<p>-Navikao sam da se uvijek treba maksimalno boriti za svoj klub i njegov grb, ma kako se on zvao. Trudim se da po\u0161teno odradim svoj posao. Zala\u017eem se da ispunim ono \u0161to od mene trener tra\u017ei, pokrenem i pomognem svojim drugovima, sa istim \u017earom, bez obzira da li je prvi ili 90. minut. Jednostavno, ukoliko se tako ne pona\u0161a\u0161, ne po\u0161tuje\u0161 ni taj klub, a samim tim ni samog sebe, jer dok si u njemu tvoj identitet se najvi\u0161e odra\u017eava kroz partije kakve pru\u017ea\u0161 &#8211; pri\u010da Koji\u0107.<\/p>\n<p>Iako jedan od oslonaca \u201erudara sa Sane\u201c, koji je pored mati\u010dne Kozare, branio boje banjalu\u010dkog Borca i Zvijezde iz Grada\u010dca, smatra da je subotnja igra bila ne\u0161to slabija nego protiv Ga\u010dana, ali su i \u0160ep\u010dani bili ozbiljniji protivnik. Sama \u010dinjenica da je ekipa Rudar-Prijedora napravila preokret poslije vo\u0111stva gostiju, nagla\u0161ava, dokazala je da ima karakter i da je na pravom putu u trci za titulu \u0161ampiona, pored trenutno takmaca sa istim brojem bodova, gradi\u0161ke Kozarei trebinjskog Leotara. Misli su usmjerene ka novom ispitu, prvom gostovanju ovog prolje\u0107a, ekipi Krupe u Krupi na Vrbasu.<\/p>\n<p>-Nije Krupa slu\u010dajno \u201eza petama\u201c vode\u0107em \u201etrojcu\u201c. U tom klubu prepoznaju se organizacija i rad, vidljivo je da je sve na svom mjestu u svakom smislu. \u0160to se samog igra\u010dkog kadra ti\u010de, mnogo je kvalitetnih pojedinaca, ipak, ne mogu a da ne izdvojim Srboljuba Jandri\u0107a, koji je po meni uz na\u0161eg Filipa Are\u017einu, ponajbolji vezni igra\u010d u elitnom rangu Srpske. Dodao bih jo\u0161 jedno ime, jer ogromno je iskustvo iza njega, rije\u010d je o Nenadu Studenu, jasno je o kakvom se timu radi. Me\u0111utim, svjesni smo i mi na\u0161e snage i ubije\u0111en sam da smo ekipa za velika djela. Respektujemo protivnika, ali smo spremni da mu se dostojno suprotstavimo i nastavimo seriju uspjeha &#8211; najavio je Koji\u0107.<\/p>\n<p>N.\u0110eri\u0107\/A.Drakuli\u0107 \u2013 www.prijedordanas.com<\/p>\n","protected":false},"excerpt":{"rendered":"<p>U drugoj pobjedi Rudar-Prijedora u nastavku prvenstva Prve lige Republike Srpske u Ljubiji najistaknutiji pojedinac bio je Dejan Koji\u0107. Ne samo da je protiv Napretka iz Donjeg \u0160epka (2:1) stizao [&hellip;]<\/p>\n","protected":false},"author":1,"featured_media":0,"comment_status":"closed","ping_status":"open","sticky":false,"template":"","format":"standard","meta":{"_monsterinsights_skip_tracking":false,"_monsterinsights_sitenote_active":false,"_monsterinsights_sitenote_note":"","_monsterinsights_sitenote_category":0,"footnotes":""},"categories":[7],"tags":[],"yoast_head":"<!-- This site is optimized with the Yoast SEO plugin v21.6 - https:\/\/yoast.com\/wordpress\/plugins\/seo\/ -->\n<title>DEJAN KOJI\u0106 UVIJEK POUZDAN U DRESU RUDAR-PRIJEDORA: KOJA VITE\u0160KOG SRCA - PrijedorDanas.com - Prijedorski gradski portal<\/title>\n<meta name=\"robots\" content=\"index, follow, max-snippet:-1, max-image-preview:large, max-video-preview:-1\" \/>\n<link rel=\"canonical\" href=\"https:\/\/www.prijedordanas.com\/?p=18670\" \/>\n<meta property=\"og:locale\" content=\"en_US\" \/>\n<meta property=\"og:type\" content=\"article\" \/>\n<meta property=\"og:title\" content=\"DEJAN KOJI\u0106 UVIJEK POUZDAN U DRESU RUDAR-PRIJEDORA: KOJA VITE\u0160KOG SRCA - PrijedorDanas.com - Prijedorski gradski portal\" \/>\n<meta property=\"og:description\" content=\"U drugoj pobjedi Rudar-Prijedora u nastavku prvenstva Prve lige Republike Srpske u Ljubiji najistaknutiji pojedinac bio je Dejan Koji\u0107. Ne samo da je protiv Napretka iz Donjeg \u0160epka (2:1) stizao [&hellip;]\" \/>\n<meta property=\"og:url\" content=\"https:\/\/www.prijedordanas.com\/?p=18670\" \/>\n<meta property=\"og:site_name\" content=\"PrijedorDanas.com - Prijedorski gradski portal\" \/>\n<meta property=\"article:publisher\" content=\"https:\/\/www.facebook.com\/PrijedorDanasCom\/\" \/>\n<meta property=\"article:published_time\" content=\"2015-03-25T10:04:05+00:00\" \/>\n<meta property=\"og:image\" content=\"https:\/\/www.prijedordanas.com\/wp-content\/uploads\/2015\/03\/rudar-prijedor-napredak-izvjestaj-5-300x199.jpg\" \/>\n<meta name=\"author\" content=\"admin\" \/>\n<meta name=\"twitter:card\" content=\"summary_large_image\" \/>\n<meta name=\"twitter:label1\" content=\"Written by\" \/>\n\t<meta name=\"twitter:data1\" content=\"admin\" \/>\n\t<meta name=\"twitter:label2\" content=\"Est. reading time\" \/>\n\t<meta name=\"twitter:data2\" content=\"2 minutes\" \/>\n<script type=\"application\/ld+json\" class=\"yoast-schema-graph\">{\"@context\":\"https:\/\/schema.org\",\"@graph\":[{\"@type\":\"Article\",\"@id\":\"https:\/\/www.prijedordanas.com\/?p=18670#article\",\"isPartOf\":{\"@id\":\"https:\/\/www.prijedordanas.com\/?p=18670\"},\"author\":{\"name\":\"admin\",\"@id\":\"https:\/\/www.prijedordanas.com\/#\/schema\/person\/4e08ccf29b506ca916ff86d46bb700e6\"},\"headline\":\"DEJAN KOJI\u0106 UVIJEK POUZDAN U DRESU RUDAR-PRIJEDORA: KOJA VITE\u0160KOG SRCA\",\"datePublished\":\"2015-03-25T10:04:05+00:00\",\"dateModified\":\"2015-03-25T10:04:05+00:00\",\"mainEntityOfPage\":{\"@id\":\"https:\/\/www.prijedordanas.com\/?p=18670\"},\"wordCount\":482,\"publisher\":{\"@id\":\"https:\/\/www.prijedordanas.com\/#organization\"},\"articleSection\":[\"Sport\"],\"inLanguage\":\"en-US\"},{\"@type\":\"WebPage\",\"@id\":\"https:\/\/www.prijedordanas.com\/?p=18670\",\"url\":\"https:\/\/www.prijedordanas.com\/?p=18670\",\"name\":\"DEJAN KOJI\u0106 UVIJEK POUZDAN U DRESU RUDAR-PRIJEDORA: KOJA VITE\u0160KOG SRCA - PrijedorDanas.com - Prijedorski gradski portal\",\"isPartOf\":{\"@id\":\"https:\/\/www.prijedordanas.com\/#website\"},\"datePublished\":\"2015-03-25T10:04:05+00:00\",\"dateModified\":\"2015-03-25T10:04:05+00:00\",\"breadcrumb\":{\"@id\":\"https:\/\/www.prijedordanas.com\/?p=18670#breadcrumb\"},\"inLanguage\":\"en-US\",\"potentialAction\":[{\"@type\":\"ReadAction\",\"target\":[\"https:\/\/www.prijedordanas.com\/?p=18670\"]}]},{\"@type\":\"BreadcrumbList\",\"@id\":\"https:\/\/www.prijedordanas.com\/?p=18670#breadcrumb\",\"itemListElement\":[{\"@type\":\"ListItem\",\"position\":1,\"name\":\"Home\",\"item\":\"https:\/\/www.prijedordanas.com\/\"},{\"@type\":\"ListItem\",\"position\":2,\"name\":\"DEJAN KOJI\u0106 UVIJEK POUZDAN U DRESU RUDAR-PRIJEDORA: KOJA VITE\u0160KOG SRCA\"}]},{\"@type\":\"WebSite\",\"@id\":\"https:\/\/www.prijedordanas.com\/#website\",\"url\":\"https:\/\/www.prijedordanas.com\/\",\"name\":\"PrijedorDanas.com - Prijedorski gradski portal\",\"description\":\"Portal o doga\u0111anjima u gradu Prijedoru\",\"publisher\":{\"@id\":\"https:\/\/www.prijedordanas.com\/#organization\"},\"potentialAction\":[{\"@type\":\"SearchAction\",\"target\":{\"@type\":\"EntryPoint\",\"urlTemplate\":\"https:\/\/www.prijedordanas.com\/?s={search_term_string}\"},\"query-input\":\"required name=search_term_string\"}],\"inLanguage\":\"en-US\"},{\"@type\":\"Organization\",\"@id\":\"https:\/\/www.prijedordanas.com\/#organization\",\"name\":\"PrijedorDanas.com\",\"url\":\"https:\/\/www.prijedordanas.com\/\",\"logo\":{\"@type\":\"ImageObject\",\"inLanguage\":\"en-US\",\"@id\":\"https:\/\/www.prijedordanas.com\/#\/schema\/logo\/image\/\",\"url\":\"http:\/\/www.prijedordanas.com\/wp-content\/uploads\/2021\/12\/logopng.png\",\"contentUrl\":\"http:\/\/www.prijedordanas.com\/wp-content\/uploads\/2021\/12\/logopng.png\",\"width\":1019,\"height\":776,\"caption\":\"PrijedorDanas.com\"},\"image\":{\"@id\":\"https:\/\/www.prijedordanas.com\/#\/schema\/logo\/image\/\"},\"sameAs\":[\"https:\/\/www.facebook.com\/PrijedorDanasCom\/\"]},{\"@type\":\"Person\",\"@id\":\"https:\/\/www.prijedordanas.com\/#\/schema\/person\/4e08ccf29b506ca916ff86d46bb700e6\",\"name\":\"admin\",\"image\":{\"@type\":\"ImageObject\",\"inLanguage\":\"en-US\",\"@id\":\"https:\/\/www.prijedordanas.com\/#\/schema\/person\/image\/\",\"url\":\"https:\/\/secure.gravatar.com\/avatar\/1d3fc949d550f0b53a5f0d51e06dfd79?s=96&d=mm&r=g\",\"contentUrl\":\"https:\/\/secure.gravatar.com\/avatar\/1d3fc949d550f0b53a5f0d51e06dfd79?s=96&d=mm&r=g\",\"caption\":\"admin\"},\"url\":\"https:\/\/www.prijedordanas.com\/?author=1\"}]}<\/script>\n<!-- \/ Yoast SEO plugin. -->","yoast_head_json":{"title":"DEJAN KOJI\u0106 UVIJEK POUZDAN U DRESU RUDAR-PRIJEDORA: KOJA VITE\u0160KOG SRCA - PrijedorDanas.com - Prijedorski gradski portal","robots":{"index":"index","follow":"follow","max-snippet":"max-snippet:-1","max-image-preview":"max-image-preview:large","max-video-preview":"max-video-preview:-1"},"canonical":"https:\/\/www.prijedordanas.com\/?p=18670","og_locale":"en_US","og_type":"article","og_title":"DEJAN KOJI\u0106 UVIJEK POUZDAN U DRESU RUDAR-PRIJEDORA: KOJA VITE\u0160KOG SRCA - PrijedorDanas.com - Prijedorski gradski portal","og_description":"U drugoj pobjedi Rudar-Prijedora u nastavku prvenstva Prve lige Republike Srpske u Ljubiji najistaknutiji pojedinac bio je Dejan Koji\u0107. Ne samo da je protiv Napretka iz Donjeg \u0160epka (2:1) stizao [&hellip;]","og_url":"https:\/\/www.prijedordanas.com\/?p=18670","og_site_name":"PrijedorDanas.com - Prijedorski gradski portal","article_publisher":"https:\/\/www.facebook.com\/PrijedorDanasCom\/","article_published_time":"2015-03-25T10:04:05+00:00","og_image":[{"url":"https:\/\/www.prijedordanas.com\/wp-content\/uploads\/2015\/03\/rudar-prijedor-napredak-izvjestaj-5-300x199.jpg"}],"author":"admin","twitter_card":"summary_large_image","twitter_misc":{"Written by":"admin","Est. reading time":"2 minutes"},"schema":{"@context":"https:\/\/schema.org","@graph":[{"@type":"Article","@id":"https:\/\/www.prijedordanas.com\/?p=18670#article","isPartOf":{"@id":"https:\/\/www.prijedordanas.com\/?p=18670"},"author":{"name":"admin","@id":"https:\/\/www.prijedordanas.com\/#\/schema\/person\/4e08ccf29b506ca916ff86d46bb700e6"},"headline":"DEJAN KOJI\u0106 UVIJEK POUZDAN U DRESU RUDAR-PRIJEDORA: KOJA VITE\u0160KOG SRCA","datePublished":"2015-03-25T10:04:05+00:00","dateModified":"2015-03-25T10:04:05+00:00","mainEntityOfPage":{"@id":"https:\/\/www.prijedordanas.com\/?p=18670"},"wordCount":482,"publisher":{"@id":"https:\/\/www.prijedordanas.com\/#organization"},"articleSection":["Sport"],"inLanguage":"en-US"},{"@type":"WebPage","@id":"https:\/\/www.prijedordanas.com\/?p=18670","url":"https:\/\/www.prijedordanas.com\/?p=18670","name":"DEJAN KOJI\u0106 UVIJEK POUZDAN U DRESU RUDAR-PRIJEDORA: KOJA VITE\u0160KOG SRCA - PrijedorDanas.com - Prijedorski gradski portal","isPartOf":{"@id":"https:\/\/www.prijedordanas.com\/#website"},"datePublished":"2015-03-25T10:04:05+00:00","dateModified":"2015-03-25T10:04:05+00:00","breadcrumb":{"@id":"https:\/\/www.prijedordanas.com\/?p=18670#breadcrumb"},"inLanguage":"en-US","potentialAction":[{"@type":"ReadAction","target":["https:\/\/www.prijedordanas.com\/?p=18670"]}]},{"@type":"BreadcrumbList","@id":"https:\/\/www.prijedordanas.com\/?p=18670#breadcrumb","itemListElement":[{"@type":"ListItem","position":1,"name":"Home","item":"https:\/\/www.prijedordanas.com\/"},{"@type":"ListItem","position":2,"name":"DEJAN KOJI\u0106 UVIJEK POUZDAN U DRESU RUDAR-PRIJEDORA: KOJA VITE\u0160KOG SRCA"}]},{"@type":"WebSite","@id":"https:\/\/www.prijedordanas.com\/#website","url":"https:\/\/www.prijedordanas.com\/","name":"PrijedorDanas.com - Prijedorski gradski portal","description":"Portal o doga\u0111anjima u gradu Prijedoru","publisher":{"@id":"https:\/\/www.prijedordanas.com\/#organization"},"potentialAction":[{"@type":"SearchAction","target":{"@type":"EntryPoint","urlTemplate":"https:\/\/www.prijedordanas.com\/?s={search_term_string}"},"query-input":"required name=search_term_string"}],"inLanguage":"en-US"},{"@type":"Organization","@id":"https:\/\/www.prijedordanas.com\/#organization","name":"PrijedorDanas.com","url":"https:\/\/www.prijedordanas.com\/","logo":{"@type":"ImageObject","inLanguage":"en-US","@id":"https:\/\/www.prijedordanas.com\/#\/schema\/logo\/image\/","url":"http:\/\/www.prijedordanas.com\/wp-content\/uploads\/2021\/12\/logopng.png","contentUrl":"http:\/\/www.prijedordanas.com\/wp-content\/uploads\/2021\/12\/logopng.png","width":1019,"height":776,"caption":"PrijedorDanas.com"},"image":{"@id":"https:\/\/www.prijedordanas.com\/#\/schema\/logo\/image\/"},"sameAs":["https:\/\/www.facebook.com\/PrijedorDanasCom\/"]},{"@type":"Person","@id":"https:\/\/www.prijedordanas.com\/#\/schema\/person\/4e08ccf29b506ca916ff86d46bb700e6","name":"admin","image":{"@type":"ImageObject","inLanguage":"en-US","@id":"https:\/\/www.prijedordanas.com\/#\/schema\/person\/image\/","url":"https:\/\/secure.gravatar.com\/avatar\/1d3fc949d550f0b53a5f0d51e06dfd79?s=96&d=mm&r=g","contentUrl":"https:\/\/secure.gravatar.com\/avatar\/1d3fc949d550f0b53a5f0d51e06dfd79?s=96&d=mm&r=g","caption":"admin"},"url":"https:\/\/www.prijedordanas.com\/?author=1"}]}},"_links":{"self":[{"href":"https:\/\/www.prijedordanas.com\/index.php?rest_route=\/wp\/v2\/posts\/18670"}],"collection":[{"href":"https:\/\/www.prijedordanas.com\/index.php?rest_route=\/wp\/v2\/posts"}],"about":[{"href":"https:\/\/www.prijedordanas.com\/index.php?rest_route=\/wp\/v2\/types\/post"}],"author":[{"embeddable":true,"href":"https:\/\/www.prijedordanas.com\/index.php?rest_route=\/wp\/v2\/users\/1"}],"replies":[{"embeddable":true,"href":"https:\/\/www.prijedordanas.com\/index.php?rest_route=%2Fwp%2Fv2%2Fcomments&post=18670"}],"version-history":[{"count":1,"href":"https:\/\/www.prijedordanas.com\/index.php?rest_route=\/wp\/v2\/posts\/18670\/revisions"}],"predecessor-version":[{"id":18671,"href":"https:\/\/www.prijedordanas.com\/index.php?rest_route=\/wp\/v2\/posts\/18670\/revisions\/18671"}],"wp:attachment":[{"href":"https:\/\/www.prijedordanas.com\/index.php?rest_route=%2Fwp%2Fv2%2Fmedia&parent=18670"}],"wp:term":[{"taxonomy":"category","embeddable":true,"href":"https:\/\/www.prijedordanas.com\/index.php?rest_route=%2Fwp%2Fv2%2Fcategories&post=18670"},{"taxonomy":"post_tag","embeddable":true,"href":"https:\/\/www.prijedordanas.com\/index.php?rest_route=%2Fwp%2Fv2%2Ftags&post=18670"}],"curies":[{"name":"wp","href":"https:\/\/api.w.org\/{rel}","templated":true}]}}