{"id":186469,"date":"2022-05-27T16:44:53","date_gmt":"2022-05-27T14:44:53","guid":{"rendered":"https:\/\/www.prijedordanas.com\/?p=186469"},"modified":"2022-05-27T16:44:53","modified_gmt":"2022-05-27T14:44:53","slug":"izlozba-slika-i-asamblaza-teodore-juric-miljus-connexa-u-galeriji-sreten-stojanovic","status":"publish","type":"post","link":"https:\/\/www.prijedordanas.com\/?p=186469","title":{"rendered":"Izlo\u017eba slika i asambla\u017ea Teodore Juri\u0107 Milju\u0161 &#8220;CONNEXA&#8221; u Galeriji &#8220;Sreten Stojanovi\u0107&#8221;"},"content":{"rendered":"<p><a href=\"https:\/\/www.prijedordanas.com\/wp-content\/uploads\/2022\/05\/izlozba-teodora-juric-miljus-plakat.jpg\"><img loading=\"lazy\" decoding=\"async\" src=\"https:\/\/www.prijedordanas.com\/wp-content\/uploads\/2022\/05\/izlozba-teodora-juric-miljus-plakat-300x222.jpg\" alt=\"\" width=\"300\" height=\"222\" class=\"alignleft size-medium wp-image-186470\" srcset=\"https:\/\/www.prijedordanas.com\/wp-content\/uploads\/2022\/05\/izlozba-teodora-juric-miljus-plakat-300x222.jpg 300w, https:\/\/www.prijedordanas.com\/wp-content\/uploads\/2022\/05\/izlozba-teodora-juric-miljus-plakat.jpg 675w\" sizes=\"(max-width: 300px) 100vw, 300px\" \/><\/a>Sve\u010dano otvaranje ove izlo\u017ebe zakazano je za petak, 27. maja ove godine s po\u010detkom u 20 \u010dasova u Galeriji.<\/p>\n<p>Slike i asambla\u017ei Tijane Juri\u0107 Milju\u0161, \u0107erke na\u0161eg poznatog slikara Branka Milju\u0161a, bi\u0107e dostupni do 29. juna 2022. godine.<\/p>\n<p>Teodora Juri\u0107 Milju\u0161 je ro\u0111ena 1985. godine u Bernu, \u0160vajcarska. Studirala je slikarstvo u klasi prof. Koste Bunu\u0161evca na Akademiji lepih umetnosti u Beogradu. Kostimografiju diplomirala 2008. godine na istoj Akademiji. Bavi se slikarstvom, crte\u017eom, modnim dizajnom, dizajnom nakita, grafi\u010dkim dizajnom i fotografijom. \u010clan Udru\u017eenja likovnh umetnika Srbije (ULUS) i samostalni umjetnik od 2010. godine. Aktivno se bavi umetni\u010dkim radom i samostalno izla\u017ee od 2007. godine.<\/p>\n<p>Samostalne izlo\u017ebe<br \/>\n2007. Nestra, Beograd<br \/>\n2008. Galerija Strategie Art, Beograd<br \/>\n2009. Ku\u0107a \u0110ure Jak\u0161i\u0107a, Beograd<br \/>\n2010. Galerija Strategie Art, Beograd<br \/>\n2011. Galerija Terra, Kikinda<br \/>\n2021. Galerija Centra za kulturu, Majdanpek<br \/>\n2021. Galerija Fakulteta likovnih umetnosti, Beograd<\/p>\n<p>U\u010destvovala je na velikom broju kolektivnih izlo\u017ebi u zemlji, od kojih treba izdvojiti izlo\u017ebe u Galeriji &#8220;Progres&#8221; (2008.godine), Umetni\u010dkom paviljonu &#8220;Cvijeta Zuzori\u0107&#8221; (2010, 2020 i 2021. godine), Art Festival Mikser (2010.godine), Me\u0111unarodno bijenale minijature (Moderna galerija, Gornji Milanovac, 2010.godine), Serbian Contemporary Artists Reveal (Galerija Strategie Art, Beograd, 2012.godine), Galerija ULUS (2021); i inostranstvu uklju\u010duju\u0107i Me\u0111unarodni ex-tempore u Piranu (Slovenija), izlo\u017ebe u Be\u010du, Gracu i Klagenfurtu (Austrija), Milanu (Italija) i Parizu (Francuska).<\/p>\n","protected":false},"excerpt":{"rendered":"<p>Sve\u010dano otvaranje ove izlo\u017ebe zakazano je za petak, 27. maja ove godine s po\u010detkom u 20 \u010dasova u Galeriji. Slike i asambla\u017ei Tijane Juri\u0107 Milju\u0161, \u0107erke na\u0161eg poznatog slikara Branka [&hellip;]<\/p>\n","protected":false},"author":1,"featured_media":0,"comment_status":"closed","ping_status":"open","sticky":false,"template":"","format":"standard","meta":{"_monsterinsights_skip_tracking":false,"_monsterinsights_sitenote_active":false,"_monsterinsights_sitenote_note":"","_monsterinsights_sitenote_category":0,"footnotes":""},"categories":[6],"tags":[],"yoast_head":"<!-- This site is optimized with the Yoast SEO plugin v21.6 - https:\/\/yoast.com\/wordpress\/plugins\/seo\/ -->\n<title>Izlo\u017eba slika i asambla\u017ea Teodore Juri\u0107 Milju\u0161 &quot;CONNEXA&quot; u Galeriji &quot;Sreten Stojanovi\u0107&quot; - PrijedorDanas.com - Prijedorski gradski portal<\/title>\n<meta name=\"robots\" content=\"index, follow, max-snippet:-1, max-image-preview:large, max-video-preview:-1\" \/>\n<link rel=\"canonical\" href=\"https:\/\/www.prijedordanas.com\/?p=186469\" \/>\n<meta property=\"og:locale\" content=\"en_US\" \/>\n<meta property=\"og:type\" content=\"article\" \/>\n<meta property=\"og:title\" content=\"Izlo\u017eba slika i asambla\u017ea Teodore Juri\u0107 Milju\u0161 &quot;CONNEXA&quot; u Galeriji &quot;Sreten Stojanovi\u0107&quot; - PrijedorDanas.com - Prijedorski gradski portal\" \/>\n<meta property=\"og:description\" content=\"Sve\u010dano otvaranje ove izlo\u017ebe zakazano je za petak, 27. maja ove godine s po\u010detkom u 20 \u010dasova u Galeriji. Slike i asambla\u017ei Tijane Juri\u0107 Milju\u0161, \u0107erke na\u0161eg poznatog slikara Branka [&hellip;]\" \/>\n<meta property=\"og:url\" content=\"https:\/\/www.prijedordanas.com\/?p=186469\" \/>\n<meta property=\"og:site_name\" content=\"PrijedorDanas.com - Prijedorski gradski portal\" \/>\n<meta property=\"article:publisher\" content=\"https:\/\/www.facebook.com\/PrijedorDanasCom\/\" \/>\n<meta property=\"article:published_time\" content=\"2022-05-27T14:44:53+00:00\" \/>\n<meta property=\"og:image\" content=\"https:\/\/www.prijedordanas.com\/wp-content\/uploads\/2022\/05\/izlozba-teodora-juric-miljus-plakat-300x222.jpg\" \/>\n<meta name=\"author\" content=\"admin\" \/>\n<meta name=\"twitter:card\" content=\"summary_large_image\" \/>\n<meta name=\"twitter:label1\" content=\"Written by\" \/>\n\t<meta name=\"twitter:data1\" content=\"admin\" \/>\n\t<meta name=\"twitter:label2\" content=\"Est. reading time\" \/>\n\t<meta name=\"twitter:data2\" content=\"1 minute\" \/>\n<script type=\"application\/ld+json\" class=\"yoast-schema-graph\">{\"@context\":\"https:\/\/schema.org\",\"@graph\":[{\"@type\":\"Article\",\"@id\":\"https:\/\/www.prijedordanas.com\/?p=186469#article\",\"isPartOf\":{\"@id\":\"https:\/\/www.prijedordanas.com\/?p=186469\"},\"author\":{\"name\":\"admin\",\"@id\":\"https:\/\/www.prijedordanas.com\/#\/schema\/person\/4e08ccf29b506ca916ff86d46bb700e6\"},\"headline\":\"Izlo\u017eba slika i asambla\u017ea Teodore Juri\u0107 Milju\u0161 &#8220;CONNEXA&#8221; u Galeriji &#8220;Sreten Stojanovi\u0107&#8221;\",\"datePublished\":\"2022-05-27T14:44:53+00:00\",\"dateModified\":\"2022-05-27T14:44:53+00:00\",\"mainEntityOfPage\":{\"@id\":\"https:\/\/www.prijedordanas.com\/?p=186469\"},\"wordCount\":234,\"publisher\":{\"@id\":\"https:\/\/www.prijedordanas.com\/#organization\"},\"articleSection\":[\"Kultura\"],\"inLanguage\":\"en-US\"},{\"@type\":\"WebPage\",\"@id\":\"https:\/\/www.prijedordanas.com\/?p=186469\",\"url\":\"https:\/\/www.prijedordanas.com\/?p=186469\",\"name\":\"Izlo\u017eba slika i asambla\u017ea Teodore Juri\u0107 Milju\u0161 \\\"CONNEXA\\\" u Galeriji \\\"Sreten Stojanovi\u0107\\\" - PrijedorDanas.com - Prijedorski gradski portal\",\"isPartOf\":{\"@id\":\"https:\/\/www.prijedordanas.com\/#website\"},\"datePublished\":\"2022-05-27T14:44:53+00:00\",\"dateModified\":\"2022-05-27T14:44:53+00:00\",\"breadcrumb\":{\"@id\":\"https:\/\/www.prijedordanas.com\/?p=186469#breadcrumb\"},\"inLanguage\":\"en-US\",\"potentialAction\":[{\"@type\":\"ReadAction\",\"target\":[\"https:\/\/www.prijedordanas.com\/?p=186469\"]}]},{\"@type\":\"BreadcrumbList\",\"@id\":\"https:\/\/www.prijedordanas.com\/?p=186469#breadcrumb\",\"itemListElement\":[{\"@type\":\"ListItem\",\"position\":1,\"name\":\"Home\",\"item\":\"https:\/\/www.prijedordanas.com\/\"},{\"@type\":\"ListItem\",\"position\":2,\"name\":\"Izlo\u017eba slika i asambla\u017ea Teodore Juri\u0107 Milju\u0161 &#8220;CONNEXA&#8221; u Galeriji &#8220;Sreten Stojanovi\u0107&#8221;\"}]},{\"@type\":\"WebSite\",\"@id\":\"https:\/\/www.prijedordanas.com\/#website\",\"url\":\"https:\/\/www.prijedordanas.com\/\",\"name\":\"PrijedorDanas.com - Prijedorski gradski portal\",\"description\":\"Portal o doga\u0111anjima u gradu Prijedoru\",\"publisher\":{\"@id\":\"https:\/\/www.prijedordanas.com\/#organization\"},\"potentialAction\":[{\"@type\":\"SearchAction\",\"target\":{\"@type\":\"EntryPoint\",\"urlTemplate\":\"https:\/\/www.prijedordanas.com\/?s={search_term_string}\"},\"query-input\":\"required name=search_term_string\"}],\"inLanguage\":\"en-US\"},{\"@type\":\"Organization\",\"@id\":\"https:\/\/www.prijedordanas.com\/#organization\",\"name\":\"PrijedorDanas.com\",\"url\":\"https:\/\/www.prijedordanas.com\/\",\"logo\":{\"@type\":\"ImageObject\",\"inLanguage\":\"en-US\",\"@id\":\"https:\/\/www.prijedordanas.com\/#\/schema\/logo\/image\/\",\"url\":\"http:\/\/www.prijedordanas.com\/wp-content\/uploads\/2021\/12\/logopng.png\",\"contentUrl\":\"http:\/\/www.prijedordanas.com\/wp-content\/uploads\/2021\/12\/logopng.png\",\"width\":1019,\"height\":776,\"caption\":\"PrijedorDanas.com\"},\"image\":{\"@id\":\"https:\/\/www.prijedordanas.com\/#\/schema\/logo\/image\/\"},\"sameAs\":[\"https:\/\/www.facebook.com\/PrijedorDanasCom\/\"]},{\"@type\":\"Person\",\"@id\":\"https:\/\/www.prijedordanas.com\/#\/schema\/person\/4e08ccf29b506ca916ff86d46bb700e6\",\"name\":\"admin\",\"image\":{\"@type\":\"ImageObject\",\"inLanguage\":\"en-US\",\"@id\":\"https:\/\/www.prijedordanas.com\/#\/schema\/person\/image\/\",\"url\":\"https:\/\/secure.gravatar.com\/avatar\/1d3fc949d550f0b53a5f0d51e06dfd79?s=96&d=mm&r=g\",\"contentUrl\":\"https:\/\/secure.gravatar.com\/avatar\/1d3fc949d550f0b53a5f0d51e06dfd79?s=96&d=mm&r=g\",\"caption\":\"admin\"},\"url\":\"https:\/\/www.prijedordanas.com\/?author=1\"}]}<\/script>\n<!-- \/ Yoast SEO plugin. -->","yoast_head_json":{"title":"Izlo\u017eba slika i asambla\u017ea Teodore Juri\u0107 Milju\u0161 \"CONNEXA\" u Galeriji \"Sreten Stojanovi\u0107\" - PrijedorDanas.com - Prijedorski gradski portal","robots":{"index":"index","follow":"follow","max-snippet":"max-snippet:-1","max-image-preview":"max-image-preview:large","max-video-preview":"max-video-preview:-1"},"canonical":"https:\/\/www.prijedordanas.com\/?p=186469","og_locale":"en_US","og_type":"article","og_title":"Izlo\u017eba slika i asambla\u017ea Teodore Juri\u0107 Milju\u0161 \"CONNEXA\" u Galeriji \"Sreten Stojanovi\u0107\" - PrijedorDanas.com - Prijedorski gradski portal","og_description":"Sve\u010dano otvaranje ove izlo\u017ebe zakazano je za petak, 27. maja ove godine s po\u010detkom u 20 \u010dasova u Galeriji. Slike i asambla\u017ei Tijane Juri\u0107 Milju\u0161, \u0107erke na\u0161eg poznatog slikara Branka [&hellip;]","og_url":"https:\/\/www.prijedordanas.com\/?p=186469","og_site_name":"PrijedorDanas.com - Prijedorski gradski portal","article_publisher":"https:\/\/www.facebook.com\/PrijedorDanasCom\/","article_published_time":"2022-05-27T14:44:53+00:00","og_image":[{"url":"https:\/\/www.prijedordanas.com\/wp-content\/uploads\/2022\/05\/izlozba-teodora-juric-miljus-plakat-300x222.jpg"}],"author":"admin","twitter_card":"summary_large_image","twitter_misc":{"Written by":"admin","Est. reading time":"1 minute"},"schema":{"@context":"https:\/\/schema.org","@graph":[{"@type":"Article","@id":"https:\/\/www.prijedordanas.com\/?p=186469#article","isPartOf":{"@id":"https:\/\/www.prijedordanas.com\/?p=186469"},"author":{"name":"admin","@id":"https:\/\/www.prijedordanas.com\/#\/schema\/person\/4e08ccf29b506ca916ff86d46bb700e6"},"headline":"Izlo\u017eba slika i asambla\u017ea Teodore Juri\u0107 Milju\u0161 &#8220;CONNEXA&#8221; u Galeriji &#8220;Sreten Stojanovi\u0107&#8221;","datePublished":"2022-05-27T14:44:53+00:00","dateModified":"2022-05-27T14:44:53+00:00","mainEntityOfPage":{"@id":"https:\/\/www.prijedordanas.com\/?p=186469"},"wordCount":234,"publisher":{"@id":"https:\/\/www.prijedordanas.com\/#organization"},"articleSection":["Kultura"],"inLanguage":"en-US"},{"@type":"WebPage","@id":"https:\/\/www.prijedordanas.com\/?p=186469","url":"https:\/\/www.prijedordanas.com\/?p=186469","name":"Izlo\u017eba slika i asambla\u017ea Teodore Juri\u0107 Milju\u0161 \"CONNEXA\" u Galeriji \"Sreten Stojanovi\u0107\" - PrijedorDanas.com - Prijedorski gradski portal","isPartOf":{"@id":"https:\/\/www.prijedordanas.com\/#website"},"datePublished":"2022-05-27T14:44:53+00:00","dateModified":"2022-05-27T14:44:53+00:00","breadcrumb":{"@id":"https:\/\/www.prijedordanas.com\/?p=186469#breadcrumb"},"inLanguage":"en-US","potentialAction":[{"@type":"ReadAction","target":["https:\/\/www.prijedordanas.com\/?p=186469"]}]},{"@type":"BreadcrumbList","@id":"https:\/\/www.prijedordanas.com\/?p=186469#breadcrumb","itemListElement":[{"@type":"ListItem","position":1,"name":"Home","item":"https:\/\/www.prijedordanas.com\/"},{"@type":"ListItem","position":2,"name":"Izlo\u017eba slika i asambla\u017ea Teodore Juri\u0107 Milju\u0161 &#8220;CONNEXA&#8221; u Galeriji &#8220;Sreten Stojanovi\u0107&#8221;"}]},{"@type":"WebSite","@id":"https:\/\/www.prijedordanas.com\/#website","url":"https:\/\/www.prijedordanas.com\/","name":"PrijedorDanas.com - Prijedorski gradski portal","description":"Portal o doga\u0111anjima u gradu Prijedoru","publisher":{"@id":"https:\/\/www.prijedordanas.com\/#organization"},"potentialAction":[{"@type":"SearchAction","target":{"@type":"EntryPoint","urlTemplate":"https:\/\/www.prijedordanas.com\/?s={search_term_string}"},"query-input":"required name=search_term_string"}],"inLanguage":"en-US"},{"@type":"Organization","@id":"https:\/\/www.prijedordanas.com\/#organization","name":"PrijedorDanas.com","url":"https:\/\/www.prijedordanas.com\/","logo":{"@type":"ImageObject","inLanguage":"en-US","@id":"https:\/\/www.prijedordanas.com\/#\/schema\/logo\/image\/","url":"http:\/\/www.prijedordanas.com\/wp-content\/uploads\/2021\/12\/logopng.png","contentUrl":"http:\/\/www.prijedordanas.com\/wp-content\/uploads\/2021\/12\/logopng.png","width":1019,"height":776,"caption":"PrijedorDanas.com"},"image":{"@id":"https:\/\/www.prijedordanas.com\/#\/schema\/logo\/image\/"},"sameAs":["https:\/\/www.facebook.com\/PrijedorDanasCom\/"]},{"@type":"Person","@id":"https:\/\/www.prijedordanas.com\/#\/schema\/person\/4e08ccf29b506ca916ff86d46bb700e6","name":"admin","image":{"@type":"ImageObject","inLanguage":"en-US","@id":"https:\/\/www.prijedordanas.com\/#\/schema\/person\/image\/","url":"https:\/\/secure.gravatar.com\/avatar\/1d3fc949d550f0b53a5f0d51e06dfd79?s=96&d=mm&r=g","contentUrl":"https:\/\/secure.gravatar.com\/avatar\/1d3fc949d550f0b53a5f0d51e06dfd79?s=96&d=mm&r=g","caption":"admin"},"url":"https:\/\/www.prijedordanas.com\/?author=1"}]}},"_links":{"self":[{"href":"https:\/\/www.prijedordanas.com\/index.php?rest_route=\/wp\/v2\/posts\/186469"}],"collection":[{"href":"https:\/\/www.prijedordanas.com\/index.php?rest_route=\/wp\/v2\/posts"}],"about":[{"href":"https:\/\/www.prijedordanas.com\/index.php?rest_route=\/wp\/v2\/types\/post"}],"author":[{"embeddable":true,"href":"https:\/\/www.prijedordanas.com\/index.php?rest_route=\/wp\/v2\/users\/1"}],"replies":[{"embeddable":true,"href":"https:\/\/www.prijedordanas.com\/index.php?rest_route=%2Fwp%2Fv2%2Fcomments&post=186469"}],"version-history":[{"count":1,"href":"https:\/\/www.prijedordanas.com\/index.php?rest_route=\/wp\/v2\/posts\/186469\/revisions"}],"predecessor-version":[{"id":186471,"href":"https:\/\/www.prijedordanas.com\/index.php?rest_route=\/wp\/v2\/posts\/186469\/revisions\/186471"}],"wp:attachment":[{"href":"https:\/\/www.prijedordanas.com\/index.php?rest_route=%2Fwp%2Fv2%2Fmedia&parent=186469"}],"wp:term":[{"taxonomy":"category","embeddable":true,"href":"https:\/\/www.prijedordanas.com\/index.php?rest_route=%2Fwp%2Fv2%2Fcategories&post=186469"},{"taxonomy":"post_tag","embeddable":true,"href":"https:\/\/www.prijedordanas.com\/index.php?rest_route=%2Fwp%2Fv2%2Ftags&post=186469"}],"curies":[{"name":"wp","href":"https:\/\/api.w.org\/{rel}","templated":true}]}}