{"id":186261,"date":"2022-05-23T21:40:14","date_gmt":"2022-05-23T19:40:14","guid":{"rendered":"https:\/\/www.prijedordanas.com\/?p=186261"},"modified":"2022-05-23T21:40:14","modified_gmt":"2022-05-23T19:40:14","slug":"identifikovani-navijaci-koji-su-napali-fudbalere-rudar-prijedora-video","status":"publish","type":"post","link":"https:\/\/www.prijedordanas.com\/?p=186261","title":{"rendered":"Identifikovani navija\u010di koji su napali fudbalere &#8220;Rudar-Prijedora&#8221; &#8211; VIDEO"},"content":{"rendered":"<p><a href=\"https:\/\/www.prijedordanas.com\/wp-content\/uploads\/2022\/05\/navijaci-napali-fudbalere.jpg\"><img loading=\"lazy\" decoding=\"async\" class=\"alignleft size-medium wp-image-186262\" src=\"https:\/\/www.prijedordanas.com\/wp-content\/uploads\/2022\/05\/navijaci-napali-fudbalere-300x223.jpg\" alt=\"\" width=\"300\" height=\"223\" srcset=\"https:\/\/www.prijedordanas.com\/wp-content\/uploads\/2022\/05\/navijaci-napali-fudbalere-300x223.jpg 300w, https:\/\/www.prijedordanas.com\/wp-content\/uploads\/2022\/05\/navijaci-napali-fudbalere.jpg 674w\" sizes=\"(max-width: 300px) 100vw, 300px\" \/><\/a>Bijeljinska policija identifikovala je dva navija\u010da Fudbalskog kluba &#8220;Rudar-Prijedor&#8221; koja su tokom utakmice u Bijeljini u\u0161la na teren i napala fudbalera tima za koji navijaju.<\/p>\n<p>Incident se dogodio ju\u010de, prilikom fudbalske utakmice izme\u0111u FK &#8220;Rudar-Prijedor&#8221; i bijeljinskog FK &#8220;Radnik&#8221; na gradskom stadionu u Bijeljini, saop\u0161teno je danas iz bijeljinske Policijske uprave.<\/p>\n<p><strong><a href=\"https:\/\/www.prijedordanas.com\/?p=186231\" target=\"_blank\" rel=\"noopener\">\u017destoka rasprava, udarci i skidanje dresova: Navija\u010di Rudar-Prijedora utr\u010dali u teren i napali svoje igra\u010de \u2013 VIDEO<\/a><\/strong><\/p>\n<p>&#8220;Nekoliko navija\u010da Fudbalskog kluba iz Prijedora u\u0161lo je u prostor gdje se odigrava utakmica, pri \u010demu su dva navija\u010da fizi\u010dki napala jednog igra\u010da `Rudara`&#8221;, precizirali su iz policije.<\/p>\n<p>Pripadnici Policijske stanice Bijeljina dva identifikovali su izvr\u0161ioce prekr\u0161aja, te \u0107e u skladu sa Zakonom o prekr\u0161ajima, Zakonom o javnom okupljanju i Zakonom o spre\u010davanju nasilja na sportskim pripredbama, biti preduzete mjere i radnje prema njima.<\/p>\n<p>SRNA<\/p>\n<p><iframe loading=\"lazy\" style=\"border: none; overflow: hidden;\" src=\"https:\/\/www.facebook.com\/plugins\/video.php?height=476&amp;href=https%3A%2F%2Fwww.facebook.com%2Fbijeljinagradsporta%2Fvideos%2F945391056132626%2F&amp;show_text=false&amp;width=476&amp;t=0\" width=\"476\" height=\"476\" frameborder=\"0\" scrolling=\"no\" allowfullscreen=\"allowfullscreen\"><\/iframe><\/p>\n","protected":false},"excerpt":{"rendered":"<p>Bijeljinska policija identifikovala je dva navija\u010da Fudbalskog kluba &#8220;Rudar-Prijedor&#8221; koja su tokom utakmice u Bijeljini u\u0161la na teren i napala fudbalera tima za koji navijaju. Incident se dogodio ju\u010de, prilikom [&hellip;]<\/p>\n","protected":false},"author":1,"featured_media":0,"comment_status":"closed","ping_status":"open","sticky":false,"template":"","format":"standard","meta":{"_monsterinsights_skip_tracking":false,"_monsterinsights_sitenote_active":false,"_monsterinsights_sitenote_note":"","_monsterinsights_sitenote_category":0,"footnotes":""},"categories":[5],"tags":[],"yoast_head":"<!-- This site is optimized with the Yoast SEO plugin v21.6 - https:\/\/yoast.com\/wordpress\/plugins\/seo\/ -->\n<title>Identifikovani navija\u010di koji su napali fudbalere &quot;Rudar-Prijedora&quot; - VIDEO - PrijedorDanas.com - Prijedorski gradski portal<\/title>\n<meta name=\"robots\" content=\"index, follow, max-snippet:-1, max-image-preview:large, max-video-preview:-1\" \/>\n<link rel=\"canonical\" href=\"https:\/\/www.prijedordanas.com\/?p=186261\" \/>\n<meta property=\"og:locale\" content=\"en_US\" \/>\n<meta property=\"og:type\" content=\"article\" \/>\n<meta property=\"og:title\" content=\"Identifikovani navija\u010di koji su napali fudbalere &quot;Rudar-Prijedora&quot; - VIDEO - PrijedorDanas.com - Prijedorski gradski portal\" \/>\n<meta property=\"og:description\" content=\"Bijeljinska policija identifikovala je dva navija\u010da Fudbalskog kluba &#8220;Rudar-Prijedor&#8221; koja su tokom utakmice u Bijeljini u\u0161la na teren i napala fudbalera tima za koji navijaju. Incident se dogodio ju\u010de, prilikom [&hellip;]\" \/>\n<meta property=\"og:url\" content=\"https:\/\/www.prijedordanas.com\/?p=186261\" \/>\n<meta property=\"og:site_name\" content=\"PrijedorDanas.com - Prijedorski gradski portal\" \/>\n<meta property=\"article:publisher\" content=\"https:\/\/www.facebook.com\/PrijedorDanasCom\/\" \/>\n<meta property=\"article:published_time\" content=\"2022-05-23T19:40:14+00:00\" \/>\n<meta property=\"og:image\" content=\"https:\/\/www.prijedordanas.com\/wp-content\/uploads\/2022\/05\/navijaci-napali-fudbalere-300x223.jpg\" \/>\n<meta name=\"author\" content=\"admin\" \/>\n<meta name=\"twitter:card\" content=\"summary_large_image\" \/>\n<meta name=\"twitter:label1\" content=\"Written by\" \/>\n\t<meta name=\"twitter:data1\" content=\"admin\" \/>\n\t<meta name=\"twitter:label2\" content=\"Est. reading time\" \/>\n\t<meta name=\"twitter:data2\" content=\"1 minute\" \/>\n<script type=\"application\/ld+json\" class=\"yoast-schema-graph\">{\"@context\":\"https:\/\/schema.org\",\"@graph\":[{\"@type\":\"Article\",\"@id\":\"https:\/\/www.prijedordanas.com\/?p=186261#article\",\"isPartOf\":{\"@id\":\"https:\/\/www.prijedordanas.com\/?p=186261\"},\"author\":{\"name\":\"admin\",\"@id\":\"https:\/\/www.prijedordanas.com\/#\/schema\/person\/4e08ccf29b506ca916ff86d46bb700e6\"},\"headline\":\"Identifikovani navija\u010di koji su napali fudbalere &#8220;Rudar-Prijedora&#8221; &#8211; VIDEO\",\"datePublished\":\"2022-05-23T19:40:14+00:00\",\"dateModified\":\"2022-05-23T19:40:14+00:00\",\"mainEntityOfPage\":{\"@id\":\"https:\/\/www.prijedordanas.com\/?p=186261\"},\"wordCount\":159,\"publisher\":{\"@id\":\"https:\/\/www.prijedordanas.com\/#organization\"},\"articleSection\":[\"Hronika\"],\"inLanguage\":\"en-US\"},{\"@type\":\"WebPage\",\"@id\":\"https:\/\/www.prijedordanas.com\/?p=186261\",\"url\":\"https:\/\/www.prijedordanas.com\/?p=186261\",\"name\":\"Identifikovani navija\u010di koji su napali fudbalere \\\"Rudar-Prijedora\\\" - VIDEO - PrijedorDanas.com - Prijedorski gradski portal\",\"isPartOf\":{\"@id\":\"https:\/\/www.prijedordanas.com\/#website\"},\"datePublished\":\"2022-05-23T19:40:14+00:00\",\"dateModified\":\"2022-05-23T19:40:14+00:00\",\"breadcrumb\":{\"@id\":\"https:\/\/www.prijedordanas.com\/?p=186261#breadcrumb\"},\"inLanguage\":\"en-US\",\"potentialAction\":[{\"@type\":\"ReadAction\",\"target\":[\"https:\/\/www.prijedordanas.com\/?p=186261\"]}]},{\"@type\":\"BreadcrumbList\",\"@id\":\"https:\/\/www.prijedordanas.com\/?p=186261#breadcrumb\",\"itemListElement\":[{\"@type\":\"ListItem\",\"position\":1,\"name\":\"Home\",\"item\":\"https:\/\/www.prijedordanas.com\/\"},{\"@type\":\"ListItem\",\"position\":2,\"name\":\"Identifikovani navija\u010di koji su napali fudbalere &#8220;Rudar-Prijedora&#8221; &#8211; VIDEO\"}]},{\"@type\":\"WebSite\",\"@id\":\"https:\/\/www.prijedordanas.com\/#website\",\"url\":\"https:\/\/www.prijedordanas.com\/\",\"name\":\"PrijedorDanas.com - Prijedorski gradski portal\",\"description\":\"Portal o doga\u0111anjima u gradu Prijedoru\",\"publisher\":{\"@id\":\"https:\/\/www.prijedordanas.com\/#organization\"},\"potentialAction\":[{\"@type\":\"SearchAction\",\"target\":{\"@type\":\"EntryPoint\",\"urlTemplate\":\"https:\/\/www.prijedordanas.com\/?s={search_term_string}\"},\"query-input\":\"required name=search_term_string\"}],\"inLanguage\":\"en-US\"},{\"@type\":\"Organization\",\"@id\":\"https:\/\/www.prijedordanas.com\/#organization\",\"name\":\"PrijedorDanas.com\",\"url\":\"https:\/\/www.prijedordanas.com\/\",\"logo\":{\"@type\":\"ImageObject\",\"inLanguage\":\"en-US\",\"@id\":\"https:\/\/www.prijedordanas.com\/#\/schema\/logo\/image\/\",\"url\":\"http:\/\/www.prijedordanas.com\/wp-content\/uploads\/2021\/12\/logopng.png\",\"contentUrl\":\"http:\/\/www.prijedordanas.com\/wp-content\/uploads\/2021\/12\/logopng.png\",\"width\":1019,\"height\":776,\"caption\":\"PrijedorDanas.com\"},\"image\":{\"@id\":\"https:\/\/www.prijedordanas.com\/#\/schema\/logo\/image\/\"},\"sameAs\":[\"https:\/\/www.facebook.com\/PrijedorDanasCom\/\"]},{\"@type\":\"Person\",\"@id\":\"https:\/\/www.prijedordanas.com\/#\/schema\/person\/4e08ccf29b506ca916ff86d46bb700e6\",\"name\":\"admin\",\"image\":{\"@type\":\"ImageObject\",\"inLanguage\":\"en-US\",\"@id\":\"https:\/\/www.prijedordanas.com\/#\/schema\/person\/image\/\",\"url\":\"https:\/\/secure.gravatar.com\/avatar\/1d3fc949d550f0b53a5f0d51e06dfd79?s=96&d=mm&r=g\",\"contentUrl\":\"https:\/\/secure.gravatar.com\/avatar\/1d3fc949d550f0b53a5f0d51e06dfd79?s=96&d=mm&r=g\",\"caption\":\"admin\"},\"url\":\"https:\/\/www.prijedordanas.com\/?author=1\"}]}<\/script>\n<!-- \/ Yoast SEO plugin. -->","yoast_head_json":{"title":"Identifikovani navija\u010di koji su napali fudbalere \"Rudar-Prijedora\" - VIDEO - PrijedorDanas.com - Prijedorski gradski portal","robots":{"index":"index","follow":"follow","max-snippet":"max-snippet:-1","max-image-preview":"max-image-preview:large","max-video-preview":"max-video-preview:-1"},"canonical":"https:\/\/www.prijedordanas.com\/?p=186261","og_locale":"en_US","og_type":"article","og_title":"Identifikovani navija\u010di koji su napali fudbalere \"Rudar-Prijedora\" - VIDEO - PrijedorDanas.com - Prijedorski gradski portal","og_description":"Bijeljinska policija identifikovala je dva navija\u010da Fudbalskog kluba &#8220;Rudar-Prijedor&#8221; koja su tokom utakmice u Bijeljini u\u0161la na teren i napala fudbalera tima za koji navijaju. Incident se dogodio ju\u010de, prilikom [&hellip;]","og_url":"https:\/\/www.prijedordanas.com\/?p=186261","og_site_name":"PrijedorDanas.com - Prijedorski gradski portal","article_publisher":"https:\/\/www.facebook.com\/PrijedorDanasCom\/","article_published_time":"2022-05-23T19:40:14+00:00","og_image":[{"url":"https:\/\/www.prijedordanas.com\/wp-content\/uploads\/2022\/05\/navijaci-napali-fudbalere-300x223.jpg"}],"author":"admin","twitter_card":"summary_large_image","twitter_misc":{"Written by":"admin","Est. reading time":"1 minute"},"schema":{"@context":"https:\/\/schema.org","@graph":[{"@type":"Article","@id":"https:\/\/www.prijedordanas.com\/?p=186261#article","isPartOf":{"@id":"https:\/\/www.prijedordanas.com\/?p=186261"},"author":{"name":"admin","@id":"https:\/\/www.prijedordanas.com\/#\/schema\/person\/4e08ccf29b506ca916ff86d46bb700e6"},"headline":"Identifikovani navija\u010di koji su napali fudbalere &#8220;Rudar-Prijedora&#8221; &#8211; VIDEO","datePublished":"2022-05-23T19:40:14+00:00","dateModified":"2022-05-23T19:40:14+00:00","mainEntityOfPage":{"@id":"https:\/\/www.prijedordanas.com\/?p=186261"},"wordCount":159,"publisher":{"@id":"https:\/\/www.prijedordanas.com\/#organization"},"articleSection":["Hronika"],"inLanguage":"en-US"},{"@type":"WebPage","@id":"https:\/\/www.prijedordanas.com\/?p=186261","url":"https:\/\/www.prijedordanas.com\/?p=186261","name":"Identifikovani navija\u010di koji su napali fudbalere \"Rudar-Prijedora\" - VIDEO - PrijedorDanas.com - Prijedorski gradski portal","isPartOf":{"@id":"https:\/\/www.prijedordanas.com\/#website"},"datePublished":"2022-05-23T19:40:14+00:00","dateModified":"2022-05-23T19:40:14+00:00","breadcrumb":{"@id":"https:\/\/www.prijedordanas.com\/?p=186261#breadcrumb"},"inLanguage":"en-US","potentialAction":[{"@type":"ReadAction","target":["https:\/\/www.prijedordanas.com\/?p=186261"]}]},{"@type":"BreadcrumbList","@id":"https:\/\/www.prijedordanas.com\/?p=186261#breadcrumb","itemListElement":[{"@type":"ListItem","position":1,"name":"Home","item":"https:\/\/www.prijedordanas.com\/"},{"@type":"ListItem","position":2,"name":"Identifikovani navija\u010di koji su napali fudbalere &#8220;Rudar-Prijedora&#8221; &#8211; VIDEO"}]},{"@type":"WebSite","@id":"https:\/\/www.prijedordanas.com\/#website","url":"https:\/\/www.prijedordanas.com\/","name":"PrijedorDanas.com - Prijedorski gradski portal","description":"Portal o doga\u0111anjima u gradu Prijedoru","publisher":{"@id":"https:\/\/www.prijedordanas.com\/#organization"},"potentialAction":[{"@type":"SearchAction","target":{"@type":"EntryPoint","urlTemplate":"https:\/\/www.prijedordanas.com\/?s={search_term_string}"},"query-input":"required name=search_term_string"}],"inLanguage":"en-US"},{"@type":"Organization","@id":"https:\/\/www.prijedordanas.com\/#organization","name":"PrijedorDanas.com","url":"https:\/\/www.prijedordanas.com\/","logo":{"@type":"ImageObject","inLanguage":"en-US","@id":"https:\/\/www.prijedordanas.com\/#\/schema\/logo\/image\/","url":"http:\/\/www.prijedordanas.com\/wp-content\/uploads\/2021\/12\/logopng.png","contentUrl":"http:\/\/www.prijedordanas.com\/wp-content\/uploads\/2021\/12\/logopng.png","width":1019,"height":776,"caption":"PrijedorDanas.com"},"image":{"@id":"https:\/\/www.prijedordanas.com\/#\/schema\/logo\/image\/"},"sameAs":["https:\/\/www.facebook.com\/PrijedorDanasCom\/"]},{"@type":"Person","@id":"https:\/\/www.prijedordanas.com\/#\/schema\/person\/4e08ccf29b506ca916ff86d46bb700e6","name":"admin","image":{"@type":"ImageObject","inLanguage":"en-US","@id":"https:\/\/www.prijedordanas.com\/#\/schema\/person\/image\/","url":"https:\/\/secure.gravatar.com\/avatar\/1d3fc949d550f0b53a5f0d51e06dfd79?s=96&d=mm&r=g","contentUrl":"https:\/\/secure.gravatar.com\/avatar\/1d3fc949d550f0b53a5f0d51e06dfd79?s=96&d=mm&r=g","caption":"admin"},"url":"https:\/\/www.prijedordanas.com\/?author=1"}]}},"_links":{"self":[{"href":"https:\/\/www.prijedordanas.com\/index.php?rest_route=\/wp\/v2\/posts\/186261"}],"collection":[{"href":"https:\/\/www.prijedordanas.com\/index.php?rest_route=\/wp\/v2\/posts"}],"about":[{"href":"https:\/\/www.prijedordanas.com\/index.php?rest_route=\/wp\/v2\/types\/post"}],"author":[{"embeddable":true,"href":"https:\/\/www.prijedordanas.com\/index.php?rest_route=\/wp\/v2\/users\/1"}],"replies":[{"embeddable":true,"href":"https:\/\/www.prijedordanas.com\/index.php?rest_route=%2Fwp%2Fv2%2Fcomments&post=186261"}],"version-history":[{"count":1,"href":"https:\/\/www.prijedordanas.com\/index.php?rest_route=\/wp\/v2\/posts\/186261\/revisions"}],"predecessor-version":[{"id":186263,"href":"https:\/\/www.prijedordanas.com\/index.php?rest_route=\/wp\/v2\/posts\/186261\/revisions\/186263"}],"wp:attachment":[{"href":"https:\/\/www.prijedordanas.com\/index.php?rest_route=%2Fwp%2Fv2%2Fmedia&parent=186261"}],"wp:term":[{"taxonomy":"category","embeddable":true,"href":"https:\/\/www.prijedordanas.com\/index.php?rest_route=%2Fwp%2Fv2%2Fcategories&post=186261"},{"taxonomy":"post_tag","embeddable":true,"href":"https:\/\/www.prijedordanas.com\/index.php?rest_route=%2Fwp%2Fv2%2Ftags&post=186261"}],"curies":[{"name":"wp","href":"https:\/\/api.w.org\/{rel}","templated":true}]}}