{"id":186097,"date":"2022-05-20T14:59:04","date_gmt":"2022-05-20T12:59:04","guid":{"rendered":"https:\/\/www.prijedordanas.com\/?p=186097"},"modified":"2022-05-20T14:59:04","modified_gmt":"2022-05-20T12:59:04","slug":"prijedor-sutra-aero-miting-uz-ucesnike-iz-sest-zemalja-regiona","status":"publish","type":"post","link":"https:\/\/www.prijedordanas.com\/?p=186097","title":{"rendered":"Prijedor: Sutra aero-miting uz u\u010desnike iz \u0161est zemalja regiona"},"content":{"rendered":"<p><a href=\"https:\/\/www.prijedordanas.com\/wp-content\/uploads\/2022\/05\/aeromiting-prijedor-2022-najava-vladimir-novakovic-1.jpg\"><img loading=\"lazy\" decoding=\"async\" class=\"alignleft size-medium wp-image-186098\" src=\"https:\/\/www.prijedordanas.com\/wp-content\/uploads\/2022\/05\/aeromiting-prijedor-2022-najava-vladimir-novakovic-1-300x225.jpg\" alt=\"\" width=\"300\" height=\"225\" srcset=\"https:\/\/www.prijedordanas.com\/wp-content\/uploads\/2022\/05\/aeromiting-prijedor-2022-najava-vladimir-novakovic-1-300x225.jpg 300w, https:\/\/www.prijedordanas.com\/wp-content\/uploads\/2022\/05\/aeromiting-prijedor-2022-najava-vladimir-novakovic-1-640x480.jpg 640w, https:\/\/www.prijedordanas.com\/wp-content\/uploads\/2022\/05\/aeromiting-prijedor-2022-najava-vladimir-novakovic-1.jpg 667w\" sizes=\"(max-width: 300px) 100vw, 300px\" \/><\/a>Na prijedorskom aerodromu Urije sutra \u0107e biti odr\u017ean &#8220;Aero-miting Prijedor 2022&#8221;, koji \u0107e okupiti u\u010desnike iz Slovenije, Hrvatske, BiH, Srbije, Crne Gore i Sjeverne Makedonije.<\/p>\n<p>Predsjednik Upravnog odbora Aero-kluba &#8220;Prijedor&#8221; Vladimir Novakovi\u0107 rekao je da \u0107e biti veoma zanimljiv program, nekoliko akrobatskih aviona, standardni prikaz letenja sportskih letjelica i jedrilica, te radio-kontrolisanih modela i vazdu\u0161nog balona, a bi\u0107e izvedeni i padobranski skokovi.<\/p>\n<p>&#8220;O\u010dekujemo veliki broj posjetilaca. Ograni\u010deni smo s prostorom za parking, policija i na\u0161i redari \u0107e regulisati saobra\u0107aj i zato molimo sugra\u0111ane da do\u0111u pje\u0161ke ili da vozila ostavljaju dalje od aerodroma. Za autobuse sa \u0161kolskom djecom iz okolnih op\u0161tina imamo prostor&#8221;, izjavio je Novakovi\u0107 novinarima u Prijedoru.<\/p>\n<p><a href=\"https:\/\/www.prijedordanas.com\/wp-content\/uploads\/2022\/05\/aeromiting-prijedor-2022-najava-vladimir-novakovic-2.jpg\"><img loading=\"lazy\" decoding=\"async\" class=\"alignleft size-medium wp-image-186099\" src=\"https:\/\/www.prijedordanas.com\/wp-content\/uploads\/2022\/05\/aeromiting-prijedor-2022-najava-vladimir-novakovic-2-300x225.jpg\" alt=\"\" width=\"300\" height=\"225\" srcset=\"https:\/\/www.prijedordanas.com\/wp-content\/uploads\/2022\/05\/aeromiting-prijedor-2022-najava-vladimir-novakovic-2-300x225.jpg 300w, https:\/\/www.prijedordanas.com\/wp-content\/uploads\/2022\/05\/aeromiting-prijedor-2022-najava-vladimir-novakovic-2-640x480.jpg 640w, https:\/\/www.prijedordanas.com\/wp-content\/uploads\/2022\/05\/aeromiting-prijedor-2022-najava-vladimir-novakovic-2.jpg 667w\" sizes=\"(max-width: 300px) 100vw, 300px\" \/><\/a>Miting po\u010dinje u 12.00 \u010dasova, a prethodi\u0107e polaganje vijenaca kod spomenika posve\u0107enog slijetanju Franje Kluza i Rudija \u010cajaveca na prvu slobodnu teritoriju 1942. godine.<\/p>\n<p>Novakovi\u0107 je dodao da su pokrovitelji manifestacije Vlada Republike Srpske i grad Prijedor.<\/p>\n<p>&#8220;Od same ideje imali smo njihovu punu podr\u0161ku, a i od samog po\u010detka srpski \u010dlan Predsjedni\u0161tva BiH Milorad Dodik izrazio je \u017eelju i volju da bude dio nas, tako da je on predsjednik organizacionog odbora&#8221;, naveo je Novakovi\u0107.<\/p>\n<p><a href=\"https:\/\/www.prijedordanas.com\/wp-content\/uploads\/2022\/05\/aeromiting-prijedor-2022-plakat.jpg\"><img loading=\"lazy\" decoding=\"async\" src=\"https:\/\/www.prijedordanas.com\/wp-content\/uploads\/2022\/05\/aeromiting-prijedor-2022-plakat-213x300.jpg\" alt=\"\" width=\"213\" height=\"300\" class=\"alignleft size-medium wp-image-185824\" srcset=\"https:\/\/www.prijedordanas.com\/wp-content\/uploads\/2022\/05\/aeromiting-prijedor-2022-plakat-213x300.jpg 213w, https:\/\/www.prijedordanas.com\/wp-content\/uploads\/2022\/05\/aeromiting-prijedor-2022-plakat.jpg 455w\" sizes=\"(max-width: 213px) 100vw, 213px\" \/><\/a>On je naglasio da aerodrom Urije od 15. maja ima rje\u0161enje za privremeni grani\u010dni prelaz.<\/p>\n<p>Aero-mitingom obilje\u017eava se 80 godina od formiranja Prve partizanske avijacije i 70 godina postojanja i rada Aero-kluba &#8220;Prijedor&#8221;, \u010dija \u0107e monografija biti promovisana sutra, te dodijeljena priznanja zaslu\u017enim \u010dlanovima i prijateljima Kluba.<\/p>\n<p>SRNA<\/p>\n","protected":false},"excerpt":{"rendered":"<p>Na prijedorskom aerodromu Urije sutra \u0107e biti odr\u017ean &#8220;Aero-miting Prijedor 2022&#8221;, koji \u0107e okupiti u\u010desnike iz Slovenije, Hrvatske, BiH, Srbije, Crne Gore i Sjeverne Makedonije. Predsjednik Upravnog odbora Aero-kluba &#8220;Prijedor&#8221; [&hellip;]<\/p>\n","protected":false},"author":1,"featured_media":0,"comment_status":"closed","ping_status":"open","sticky":false,"template":"","format":"standard","meta":{"_monsterinsights_skip_tracking":false,"_monsterinsights_sitenote_active":false,"_monsterinsights_sitenote_note":"","_monsterinsights_sitenote_category":0,"footnotes":""},"categories":[4],"tags":[],"yoast_head":"<!-- This site is optimized with the Yoast SEO plugin v21.6 - https:\/\/yoast.com\/wordpress\/plugins\/seo\/ -->\n<title>Prijedor: Sutra aero-miting uz u\u010desnike iz \u0161est zemalja regiona - PrijedorDanas.com - Prijedorski gradski portal<\/title>\n<meta name=\"robots\" content=\"index, follow, max-snippet:-1, max-image-preview:large, max-video-preview:-1\" \/>\n<link rel=\"canonical\" href=\"https:\/\/www.prijedordanas.com\/?p=186097\" \/>\n<meta property=\"og:locale\" content=\"en_US\" \/>\n<meta property=\"og:type\" content=\"article\" \/>\n<meta property=\"og:title\" content=\"Prijedor: Sutra aero-miting uz u\u010desnike iz \u0161est zemalja regiona - PrijedorDanas.com - Prijedorski gradski portal\" \/>\n<meta property=\"og:description\" content=\"Na prijedorskom aerodromu Urije sutra \u0107e biti odr\u017ean &#8220;Aero-miting Prijedor 2022&#8221;, koji \u0107e okupiti u\u010desnike iz Slovenije, Hrvatske, BiH, Srbije, Crne Gore i Sjeverne Makedonije. Predsjednik Upravnog odbora Aero-kluba &#8220;Prijedor&#8221; [&hellip;]\" \/>\n<meta property=\"og:url\" content=\"https:\/\/www.prijedordanas.com\/?p=186097\" \/>\n<meta property=\"og:site_name\" content=\"PrijedorDanas.com - Prijedorski gradski portal\" \/>\n<meta property=\"article:publisher\" content=\"https:\/\/www.facebook.com\/PrijedorDanasCom\/\" \/>\n<meta property=\"article:published_time\" content=\"2022-05-20T12:59:04+00:00\" \/>\n<meta property=\"og:image\" content=\"https:\/\/www.prijedordanas.com\/wp-content\/uploads\/2022\/05\/aeromiting-prijedor-2022-najava-vladimir-novakovic-1-300x225.jpg\" \/>\n<meta name=\"author\" content=\"admin\" \/>\n<meta name=\"twitter:card\" content=\"summary_large_image\" \/>\n<meta name=\"twitter:label1\" content=\"Written by\" \/>\n\t<meta name=\"twitter:data1\" content=\"admin\" \/>\n\t<meta name=\"twitter:label2\" content=\"Est. reading time\" \/>\n\t<meta name=\"twitter:data2\" content=\"2 minutes\" \/>\n<script type=\"application\/ld+json\" class=\"yoast-schema-graph\">{\"@context\":\"https:\/\/schema.org\",\"@graph\":[{\"@type\":\"Article\",\"@id\":\"https:\/\/www.prijedordanas.com\/?p=186097#article\",\"isPartOf\":{\"@id\":\"https:\/\/www.prijedordanas.com\/?p=186097\"},\"author\":{\"name\":\"admin\",\"@id\":\"https:\/\/www.prijedordanas.com\/#\/schema\/person\/4e08ccf29b506ca916ff86d46bb700e6\"},\"headline\":\"Prijedor: Sutra aero-miting uz u\u010desnike iz \u0161est zemalja regiona\",\"datePublished\":\"2022-05-20T12:59:04+00:00\",\"dateModified\":\"2022-05-20T12:59:04+00:00\",\"mainEntityOfPage\":{\"@id\":\"https:\/\/www.prijedordanas.com\/?p=186097\"},\"wordCount\":258,\"publisher\":{\"@id\":\"https:\/\/www.prijedordanas.com\/#organization\"},\"articleSection\":[\"Dru\u0161tvo\"],\"inLanguage\":\"en-US\"},{\"@type\":\"WebPage\",\"@id\":\"https:\/\/www.prijedordanas.com\/?p=186097\",\"url\":\"https:\/\/www.prijedordanas.com\/?p=186097\",\"name\":\"Prijedor: Sutra aero-miting uz u\u010desnike iz \u0161est zemalja regiona - PrijedorDanas.com - Prijedorski gradski portal\",\"isPartOf\":{\"@id\":\"https:\/\/www.prijedordanas.com\/#website\"},\"datePublished\":\"2022-05-20T12:59:04+00:00\",\"dateModified\":\"2022-05-20T12:59:04+00:00\",\"breadcrumb\":{\"@id\":\"https:\/\/www.prijedordanas.com\/?p=186097#breadcrumb\"},\"inLanguage\":\"en-US\",\"potentialAction\":[{\"@type\":\"ReadAction\",\"target\":[\"https:\/\/www.prijedordanas.com\/?p=186097\"]}]},{\"@type\":\"BreadcrumbList\",\"@id\":\"https:\/\/www.prijedordanas.com\/?p=186097#breadcrumb\",\"itemListElement\":[{\"@type\":\"ListItem\",\"position\":1,\"name\":\"Home\",\"item\":\"https:\/\/www.prijedordanas.com\/\"},{\"@type\":\"ListItem\",\"position\":2,\"name\":\"Prijedor: Sutra aero-miting uz u\u010desnike iz \u0161est zemalja regiona\"}]},{\"@type\":\"WebSite\",\"@id\":\"https:\/\/www.prijedordanas.com\/#website\",\"url\":\"https:\/\/www.prijedordanas.com\/\",\"name\":\"PrijedorDanas.com - Prijedorski gradski portal\",\"description\":\"Portal o doga\u0111anjima u gradu Prijedoru\",\"publisher\":{\"@id\":\"https:\/\/www.prijedordanas.com\/#organization\"},\"potentialAction\":[{\"@type\":\"SearchAction\",\"target\":{\"@type\":\"EntryPoint\",\"urlTemplate\":\"https:\/\/www.prijedordanas.com\/?s={search_term_string}\"},\"query-input\":\"required name=search_term_string\"}],\"inLanguage\":\"en-US\"},{\"@type\":\"Organization\",\"@id\":\"https:\/\/www.prijedordanas.com\/#organization\",\"name\":\"PrijedorDanas.com\",\"url\":\"https:\/\/www.prijedordanas.com\/\",\"logo\":{\"@type\":\"ImageObject\",\"inLanguage\":\"en-US\",\"@id\":\"https:\/\/www.prijedordanas.com\/#\/schema\/logo\/image\/\",\"url\":\"http:\/\/www.prijedordanas.com\/wp-content\/uploads\/2021\/12\/logopng.png\",\"contentUrl\":\"http:\/\/www.prijedordanas.com\/wp-content\/uploads\/2021\/12\/logopng.png\",\"width\":1019,\"height\":776,\"caption\":\"PrijedorDanas.com\"},\"image\":{\"@id\":\"https:\/\/www.prijedordanas.com\/#\/schema\/logo\/image\/\"},\"sameAs\":[\"https:\/\/www.facebook.com\/PrijedorDanasCom\/\"]},{\"@type\":\"Person\",\"@id\":\"https:\/\/www.prijedordanas.com\/#\/schema\/person\/4e08ccf29b506ca916ff86d46bb700e6\",\"name\":\"admin\",\"image\":{\"@type\":\"ImageObject\",\"inLanguage\":\"en-US\",\"@id\":\"https:\/\/www.prijedordanas.com\/#\/schema\/person\/image\/\",\"url\":\"https:\/\/secure.gravatar.com\/avatar\/1d3fc949d550f0b53a5f0d51e06dfd79?s=96&d=mm&r=g\",\"contentUrl\":\"https:\/\/secure.gravatar.com\/avatar\/1d3fc949d550f0b53a5f0d51e06dfd79?s=96&d=mm&r=g\",\"caption\":\"admin\"},\"url\":\"https:\/\/www.prijedordanas.com\/?author=1\"}]}<\/script>\n<!-- \/ Yoast SEO plugin. -->","yoast_head_json":{"title":"Prijedor: Sutra aero-miting uz u\u010desnike iz \u0161est zemalja regiona - PrijedorDanas.com - Prijedorski gradski portal","robots":{"index":"index","follow":"follow","max-snippet":"max-snippet:-1","max-image-preview":"max-image-preview:large","max-video-preview":"max-video-preview:-1"},"canonical":"https:\/\/www.prijedordanas.com\/?p=186097","og_locale":"en_US","og_type":"article","og_title":"Prijedor: Sutra aero-miting uz u\u010desnike iz \u0161est zemalja regiona - PrijedorDanas.com - Prijedorski gradski portal","og_description":"Na prijedorskom aerodromu Urije sutra \u0107e biti odr\u017ean &#8220;Aero-miting Prijedor 2022&#8221;, koji \u0107e okupiti u\u010desnike iz Slovenije, Hrvatske, BiH, Srbije, Crne Gore i Sjeverne Makedonije. Predsjednik Upravnog odbora Aero-kluba &#8220;Prijedor&#8221; [&hellip;]","og_url":"https:\/\/www.prijedordanas.com\/?p=186097","og_site_name":"PrijedorDanas.com - Prijedorski gradski portal","article_publisher":"https:\/\/www.facebook.com\/PrijedorDanasCom\/","article_published_time":"2022-05-20T12:59:04+00:00","og_image":[{"url":"https:\/\/www.prijedordanas.com\/wp-content\/uploads\/2022\/05\/aeromiting-prijedor-2022-najava-vladimir-novakovic-1-300x225.jpg"}],"author":"admin","twitter_card":"summary_large_image","twitter_misc":{"Written by":"admin","Est. reading time":"2 minutes"},"schema":{"@context":"https:\/\/schema.org","@graph":[{"@type":"Article","@id":"https:\/\/www.prijedordanas.com\/?p=186097#article","isPartOf":{"@id":"https:\/\/www.prijedordanas.com\/?p=186097"},"author":{"name":"admin","@id":"https:\/\/www.prijedordanas.com\/#\/schema\/person\/4e08ccf29b506ca916ff86d46bb700e6"},"headline":"Prijedor: Sutra aero-miting uz u\u010desnike iz \u0161est zemalja regiona","datePublished":"2022-05-20T12:59:04+00:00","dateModified":"2022-05-20T12:59:04+00:00","mainEntityOfPage":{"@id":"https:\/\/www.prijedordanas.com\/?p=186097"},"wordCount":258,"publisher":{"@id":"https:\/\/www.prijedordanas.com\/#organization"},"articleSection":["Dru\u0161tvo"],"inLanguage":"en-US"},{"@type":"WebPage","@id":"https:\/\/www.prijedordanas.com\/?p=186097","url":"https:\/\/www.prijedordanas.com\/?p=186097","name":"Prijedor: Sutra aero-miting uz u\u010desnike iz \u0161est zemalja regiona - PrijedorDanas.com - Prijedorski gradski portal","isPartOf":{"@id":"https:\/\/www.prijedordanas.com\/#website"},"datePublished":"2022-05-20T12:59:04+00:00","dateModified":"2022-05-20T12:59:04+00:00","breadcrumb":{"@id":"https:\/\/www.prijedordanas.com\/?p=186097#breadcrumb"},"inLanguage":"en-US","potentialAction":[{"@type":"ReadAction","target":["https:\/\/www.prijedordanas.com\/?p=186097"]}]},{"@type":"BreadcrumbList","@id":"https:\/\/www.prijedordanas.com\/?p=186097#breadcrumb","itemListElement":[{"@type":"ListItem","position":1,"name":"Home","item":"https:\/\/www.prijedordanas.com\/"},{"@type":"ListItem","position":2,"name":"Prijedor: Sutra aero-miting uz u\u010desnike iz \u0161est zemalja regiona"}]},{"@type":"WebSite","@id":"https:\/\/www.prijedordanas.com\/#website","url":"https:\/\/www.prijedordanas.com\/","name":"PrijedorDanas.com - Prijedorski gradski portal","description":"Portal o doga\u0111anjima u gradu Prijedoru","publisher":{"@id":"https:\/\/www.prijedordanas.com\/#organization"},"potentialAction":[{"@type":"SearchAction","target":{"@type":"EntryPoint","urlTemplate":"https:\/\/www.prijedordanas.com\/?s={search_term_string}"},"query-input":"required name=search_term_string"}],"inLanguage":"en-US"},{"@type":"Organization","@id":"https:\/\/www.prijedordanas.com\/#organization","name":"PrijedorDanas.com","url":"https:\/\/www.prijedordanas.com\/","logo":{"@type":"ImageObject","inLanguage":"en-US","@id":"https:\/\/www.prijedordanas.com\/#\/schema\/logo\/image\/","url":"http:\/\/www.prijedordanas.com\/wp-content\/uploads\/2021\/12\/logopng.png","contentUrl":"http:\/\/www.prijedordanas.com\/wp-content\/uploads\/2021\/12\/logopng.png","width":1019,"height":776,"caption":"PrijedorDanas.com"},"image":{"@id":"https:\/\/www.prijedordanas.com\/#\/schema\/logo\/image\/"},"sameAs":["https:\/\/www.facebook.com\/PrijedorDanasCom\/"]},{"@type":"Person","@id":"https:\/\/www.prijedordanas.com\/#\/schema\/person\/4e08ccf29b506ca916ff86d46bb700e6","name":"admin","image":{"@type":"ImageObject","inLanguage":"en-US","@id":"https:\/\/www.prijedordanas.com\/#\/schema\/person\/image\/","url":"https:\/\/secure.gravatar.com\/avatar\/1d3fc949d550f0b53a5f0d51e06dfd79?s=96&d=mm&r=g","contentUrl":"https:\/\/secure.gravatar.com\/avatar\/1d3fc949d550f0b53a5f0d51e06dfd79?s=96&d=mm&r=g","caption":"admin"},"url":"https:\/\/www.prijedordanas.com\/?author=1"}]}},"_links":{"self":[{"href":"https:\/\/www.prijedordanas.com\/index.php?rest_route=\/wp\/v2\/posts\/186097"}],"collection":[{"href":"https:\/\/www.prijedordanas.com\/index.php?rest_route=\/wp\/v2\/posts"}],"about":[{"href":"https:\/\/www.prijedordanas.com\/index.php?rest_route=\/wp\/v2\/types\/post"}],"author":[{"embeddable":true,"href":"https:\/\/www.prijedordanas.com\/index.php?rest_route=\/wp\/v2\/users\/1"}],"replies":[{"embeddable":true,"href":"https:\/\/www.prijedordanas.com\/index.php?rest_route=%2Fwp%2Fv2%2Fcomments&post=186097"}],"version-history":[{"count":1,"href":"https:\/\/www.prijedordanas.com\/index.php?rest_route=\/wp\/v2\/posts\/186097\/revisions"}],"predecessor-version":[{"id":186100,"href":"https:\/\/www.prijedordanas.com\/index.php?rest_route=\/wp\/v2\/posts\/186097\/revisions\/186100"}],"wp:attachment":[{"href":"https:\/\/www.prijedordanas.com\/index.php?rest_route=%2Fwp%2Fv2%2Fmedia&parent=186097"}],"wp:term":[{"taxonomy":"category","embeddable":true,"href":"https:\/\/www.prijedordanas.com\/index.php?rest_route=%2Fwp%2Fv2%2Fcategories&post=186097"},{"taxonomy":"post_tag","embeddable":true,"href":"https:\/\/www.prijedordanas.com\/index.php?rest_route=%2Fwp%2Fv2%2Ftags&post=186097"}],"curies":[{"name":"wp","href":"https:\/\/api.w.org\/{rel}","templated":true}]}}