{"id":186060,"date":"2022-05-19T11:43:41","date_gmt":"2022-05-19T09:43:41","guid":{"rendered":"https:\/\/www.prijedordanas.com\/?p=186060"},"modified":"2022-05-19T11:43:41","modified_gmt":"2022-05-19T09:43:41","slug":"pretukao-smita-palicom-i-pregazio-autom-momic-u-ekstradicionom-pritvoru-tuzilastvo-jos-ceka-zvanicnu-informaciju-o-njegovom-hapsenju","status":"publish","type":"post","link":"https:\/\/www.prijedordanas.com\/?p=186060","title":{"rendered":"Pretukao \u0160mita palicom i pregazio autom: Momi\u0107 u ekstradicionom pritvoru, tu\u017eila\u0161tvo jo\u0161 \u010deka zvani\u010dnu informaciju o njegovom hap\u0161enju"},"content":{"rendered":"<p><a href=\"https:\/\/www.prijedordanas.com\/wp-content\/uploads\/2021\/03\/pu-prijedor-marko-momic.jpg\"><img loading=\"lazy\" decoding=\"async\" class=\"alignleft size-medium wp-image-163772\" src=\"https:\/\/www.prijedordanas.com\/wp-content\/uploads\/2021\/03\/pu-prijedor-marko-momic-232x300.jpg\" alt=\"\" width=\"232\" height=\"300\" srcset=\"https:\/\/www.prijedordanas.com\/wp-content\/uploads\/2021\/03\/pu-prijedor-marko-momic-232x300.jpg 232w, https:\/\/www.prijedordanas.com\/wp-content\/uploads\/2021\/03\/pu-prijedor-marko-momic.jpg 464w\" sizes=\"(max-width: 232px) 100vw, 232px\" \/><\/a>Okru\u017eno javno tu\u017eila\u0161tvo u Prijedoru jo\u0161 uvijek \u010deka na zvani\u010dnu potvrdu o hap\u0161enju Marka Momi\u0107a (41) osumnji\u010denog za mu\u010dko ubistvo Mihajla Stupara \u0160mita po\u010dinjeno u martu pro\u0161le godine u prijedorskom naselju Ra\u0161kovac, potvr\u0111eno je portalu Srpskainfo<\/p>\n<p>Nakon dobijene potvrde, uslijedi\u0107e dostavljanje potrebne dokumentacije za izru\u010denje Momi\u0107a pravosu\u0111u Republike Srpske, odnosno nadle\u017enom tu\u017eila\u0161tvu u Prijedoru.<\/p>\n<p>\u2013 Vrijeme trajanja ekstradicije zavisi\u0107e i od izja\u0161njenja uhap\u0161enog, odnosno njegovog eventualnog pristanka da se taj proces obavi ubrzanom procedurom. U svakom slu\u010daju sva neophodna dokumentacija bi\u0107e dostavljena Srbiji putem Ministarstva pravde BiH \u2013 objasnio je izvor Srpskainfo iz pravosu\u0111a Srpske.<\/p>\n<p>Momi\u0107 je uhap\u0161en 11. maja u Beogradu na osnovu me\u0111unarodne Interpolove potjernice zbog te\u0161kog ubistva.<\/p>\n<p><a href=\"https:\/\/www.prijedordanas.com\/wp-content\/uploads\/2021\/03\/ubistvo-raskovac-13.jpg\"><img loading=\"lazy\" decoding=\"async\" class=\"alignleft size-medium wp-image-163722\" src=\"https:\/\/www.prijedordanas.com\/wp-content\/uploads\/2021\/03\/ubistvo-raskovac-13-300x225.jpg\" alt=\"\" width=\"300\" height=\"225\" srcset=\"https:\/\/www.prijedordanas.com\/wp-content\/uploads\/2021\/03\/ubistvo-raskovac-13-300x225.jpg 300w, https:\/\/www.prijedordanas.com\/wp-content\/uploads\/2021\/03\/ubistvo-raskovac-13-640x480.jpg 640w, https:\/\/www.prijedordanas.com\/wp-content\/uploads\/2021\/03\/ubistvo-raskovac-13.jpg 667w\" sizes=\"(max-width: 300px) 100vw, 300px\" \/><\/a>Momi\u0107 je nakon ubistva pobjegao uz pomo\u0107 sau\u010desnika koji su ubrzo uhap\u0161eni.<\/p>\n<p>Stuparevo tijelo prona\u0111eno je nekoliko \u010dasova nakon zlo\u010dina, a istragom je utvr\u0111eno da je brutalno pretu\u010den bejzbol palicom i prega\u017een automobilom.<\/p>\n<p>Policija je tokom istrage prona\u0161la automobil kojim je prega\u017een Stupar, dok su na mjestu ubistva pored rijeke Sane prona\u0111eni dijelovi bejzbol palice.<\/p>\n<p>Momi\u0107 je u vrijeme po\u010dinjenog ubistva bio na mjerama obaveznog javljanja u policijsku stanicu u Prijedoru po naredbi Suda BiH.<\/p>\n<p>Naime, Momi\u0107 je uhap\u0161en u novembru 2020. godine po me\u0111unarodnoj potjernici Hrvatske zbog sumnje da je u\u010destvovao u te\u0161kom razbojni\u0161tvo tokom kojeg je ubijena jedna osoba u Hrvatskoj i ukradeno oko 600.000 kuna (250.000 KM).<\/p>\n<p>Me\u0111utim, Sud BiH je odbio da Momi\u0107u odredi pritvor, obrazlo\u017eiv\u0161i da u potjernici nije bilo detalja o krivi\u010dnom djelu koje je po\u010dinio Momi\u0107.<\/p>\n<p>srpskainfo.com<\/p>\n","protected":false},"excerpt":{"rendered":"<p>Okru\u017eno javno tu\u017eila\u0161tvo u Prijedoru jo\u0161 uvijek \u010deka na zvani\u010dnu potvrdu o hap\u0161enju Marka Momi\u0107a (41) osumnji\u010denog za mu\u010dko ubistvo Mihajla Stupara \u0160mita po\u010dinjeno u martu pro\u0161le godine u prijedorskom [&hellip;]<\/p>\n","protected":false},"author":1,"featured_media":0,"comment_status":"closed","ping_status":"open","sticky":false,"template":"","format":"standard","meta":{"_monsterinsights_skip_tracking":false,"_monsterinsights_sitenote_active":false,"_monsterinsights_sitenote_note":"","_monsterinsights_sitenote_category":0,"footnotes":""},"categories":[5],"tags":[],"yoast_head":"<!-- This site is optimized with the Yoast SEO plugin v21.6 - https:\/\/yoast.com\/wordpress\/plugins\/seo\/ -->\n<title>Pretukao \u0160mita palicom i pregazio autom: Momi\u0107 u ekstradicionom pritvoru, tu\u017eila\u0161tvo jo\u0161 \u010deka zvani\u010dnu informaciju o njegovom hap\u0161enju - PrijedorDanas.com - Prijedorski gradski portal<\/title>\n<meta name=\"robots\" content=\"index, follow, max-snippet:-1, max-image-preview:large, max-video-preview:-1\" \/>\n<link rel=\"canonical\" href=\"https:\/\/www.prijedordanas.com\/?p=186060\" \/>\n<meta property=\"og:locale\" content=\"en_US\" \/>\n<meta property=\"og:type\" content=\"article\" \/>\n<meta property=\"og:title\" content=\"Pretukao \u0160mita palicom i pregazio autom: Momi\u0107 u ekstradicionom pritvoru, tu\u017eila\u0161tvo jo\u0161 \u010deka zvani\u010dnu informaciju o njegovom hap\u0161enju - PrijedorDanas.com - Prijedorski gradski portal\" \/>\n<meta property=\"og:description\" content=\"Okru\u017eno javno tu\u017eila\u0161tvo u Prijedoru jo\u0161 uvijek \u010deka na zvani\u010dnu potvrdu o hap\u0161enju Marka Momi\u0107a (41) osumnji\u010denog za mu\u010dko ubistvo Mihajla Stupara \u0160mita po\u010dinjeno u martu pro\u0161le godine u prijedorskom [&hellip;]\" \/>\n<meta property=\"og:url\" content=\"https:\/\/www.prijedordanas.com\/?p=186060\" \/>\n<meta property=\"og:site_name\" content=\"PrijedorDanas.com - Prijedorski gradski portal\" \/>\n<meta property=\"article:publisher\" content=\"https:\/\/www.facebook.com\/PrijedorDanasCom\/\" \/>\n<meta property=\"article:published_time\" content=\"2022-05-19T09:43:41+00:00\" \/>\n<meta property=\"og:image\" content=\"https:\/\/www.prijedordanas.com\/wp-content\/uploads\/2021\/03\/pu-prijedor-marko-momic-232x300.jpg\" \/>\n<meta name=\"author\" content=\"admin\" \/>\n<meta name=\"twitter:card\" content=\"summary_large_image\" \/>\n<meta name=\"twitter:label1\" content=\"Written by\" \/>\n\t<meta name=\"twitter:data1\" content=\"admin\" \/>\n\t<meta name=\"twitter:label2\" content=\"Est. reading time\" \/>\n\t<meta name=\"twitter:data2\" content=\"1 minute\" \/>\n<script type=\"application\/ld+json\" class=\"yoast-schema-graph\">{\"@context\":\"https:\/\/schema.org\",\"@graph\":[{\"@type\":\"Article\",\"@id\":\"https:\/\/www.prijedordanas.com\/?p=186060#article\",\"isPartOf\":{\"@id\":\"https:\/\/www.prijedordanas.com\/?p=186060\"},\"author\":{\"name\":\"admin\",\"@id\":\"https:\/\/www.prijedordanas.com\/#\/schema\/person\/4e08ccf29b506ca916ff86d46bb700e6\"},\"headline\":\"Pretukao \u0160mita palicom i pregazio autom: Momi\u0107 u ekstradicionom pritvoru, tu\u017eila\u0161tvo jo\u0161 \u010deka zvani\u010dnu informaciju o njegovom hap\u0161enju\",\"datePublished\":\"2022-05-19T09:43:41+00:00\",\"dateModified\":\"2022-05-19T09:43:41+00:00\",\"mainEntityOfPage\":{\"@id\":\"https:\/\/www.prijedordanas.com\/?p=186060\"},\"wordCount\":310,\"publisher\":{\"@id\":\"https:\/\/www.prijedordanas.com\/#organization\"},\"articleSection\":[\"Hronika\"],\"inLanguage\":\"en-US\"},{\"@type\":\"WebPage\",\"@id\":\"https:\/\/www.prijedordanas.com\/?p=186060\",\"url\":\"https:\/\/www.prijedordanas.com\/?p=186060\",\"name\":\"Pretukao \u0160mita palicom i pregazio autom: Momi\u0107 u ekstradicionom pritvoru, tu\u017eila\u0161tvo jo\u0161 \u010deka zvani\u010dnu informaciju o njegovom hap\u0161enju - PrijedorDanas.com - Prijedorski gradski portal\",\"isPartOf\":{\"@id\":\"https:\/\/www.prijedordanas.com\/#website\"},\"datePublished\":\"2022-05-19T09:43:41+00:00\",\"dateModified\":\"2022-05-19T09:43:41+00:00\",\"breadcrumb\":{\"@id\":\"https:\/\/www.prijedordanas.com\/?p=186060#breadcrumb\"},\"inLanguage\":\"en-US\",\"potentialAction\":[{\"@type\":\"ReadAction\",\"target\":[\"https:\/\/www.prijedordanas.com\/?p=186060\"]}]},{\"@type\":\"BreadcrumbList\",\"@id\":\"https:\/\/www.prijedordanas.com\/?p=186060#breadcrumb\",\"itemListElement\":[{\"@type\":\"ListItem\",\"position\":1,\"name\":\"Home\",\"item\":\"https:\/\/www.prijedordanas.com\/\"},{\"@type\":\"ListItem\",\"position\":2,\"name\":\"Pretukao \u0160mita palicom i pregazio autom: Momi\u0107 u ekstradicionom pritvoru, tu\u017eila\u0161tvo jo\u0161 \u010deka zvani\u010dnu informaciju o njegovom hap\u0161enju\"}]},{\"@type\":\"WebSite\",\"@id\":\"https:\/\/www.prijedordanas.com\/#website\",\"url\":\"https:\/\/www.prijedordanas.com\/\",\"name\":\"PrijedorDanas.com - Prijedorski gradski portal\",\"description\":\"Portal o doga\u0111anjima u gradu Prijedoru\",\"publisher\":{\"@id\":\"https:\/\/www.prijedordanas.com\/#organization\"},\"potentialAction\":[{\"@type\":\"SearchAction\",\"target\":{\"@type\":\"EntryPoint\",\"urlTemplate\":\"https:\/\/www.prijedordanas.com\/?s={search_term_string}\"},\"query-input\":\"required name=search_term_string\"}],\"inLanguage\":\"en-US\"},{\"@type\":\"Organization\",\"@id\":\"https:\/\/www.prijedordanas.com\/#organization\",\"name\":\"PrijedorDanas.com\",\"url\":\"https:\/\/www.prijedordanas.com\/\",\"logo\":{\"@type\":\"ImageObject\",\"inLanguage\":\"en-US\",\"@id\":\"https:\/\/www.prijedordanas.com\/#\/schema\/logo\/image\/\",\"url\":\"http:\/\/www.prijedordanas.com\/wp-content\/uploads\/2021\/12\/logopng.png\",\"contentUrl\":\"http:\/\/www.prijedordanas.com\/wp-content\/uploads\/2021\/12\/logopng.png\",\"width\":1019,\"height\":776,\"caption\":\"PrijedorDanas.com\"},\"image\":{\"@id\":\"https:\/\/www.prijedordanas.com\/#\/schema\/logo\/image\/\"},\"sameAs\":[\"https:\/\/www.facebook.com\/PrijedorDanasCom\/\"]},{\"@type\":\"Person\",\"@id\":\"https:\/\/www.prijedordanas.com\/#\/schema\/person\/4e08ccf29b506ca916ff86d46bb700e6\",\"name\":\"admin\",\"image\":{\"@type\":\"ImageObject\",\"inLanguage\":\"en-US\",\"@id\":\"https:\/\/www.prijedordanas.com\/#\/schema\/person\/image\/\",\"url\":\"https:\/\/secure.gravatar.com\/avatar\/1d3fc949d550f0b53a5f0d51e06dfd79?s=96&d=mm&r=g\",\"contentUrl\":\"https:\/\/secure.gravatar.com\/avatar\/1d3fc949d550f0b53a5f0d51e06dfd79?s=96&d=mm&r=g\",\"caption\":\"admin\"},\"url\":\"https:\/\/www.prijedordanas.com\/?author=1\"}]}<\/script>\n<!-- \/ Yoast SEO plugin. -->","yoast_head_json":{"title":"Pretukao \u0160mita palicom i pregazio autom: Momi\u0107 u ekstradicionom pritvoru, tu\u017eila\u0161tvo jo\u0161 \u010deka zvani\u010dnu informaciju o njegovom hap\u0161enju - PrijedorDanas.com - Prijedorski gradski portal","robots":{"index":"index","follow":"follow","max-snippet":"max-snippet:-1","max-image-preview":"max-image-preview:large","max-video-preview":"max-video-preview:-1"},"canonical":"https:\/\/www.prijedordanas.com\/?p=186060","og_locale":"en_US","og_type":"article","og_title":"Pretukao \u0160mita palicom i pregazio autom: Momi\u0107 u ekstradicionom pritvoru, tu\u017eila\u0161tvo jo\u0161 \u010deka zvani\u010dnu informaciju o njegovom hap\u0161enju - PrijedorDanas.com - Prijedorski gradski portal","og_description":"Okru\u017eno javno tu\u017eila\u0161tvo u Prijedoru jo\u0161 uvijek \u010deka na zvani\u010dnu potvrdu o hap\u0161enju Marka Momi\u0107a (41) osumnji\u010denog za mu\u010dko ubistvo Mihajla Stupara \u0160mita po\u010dinjeno u martu pro\u0161le godine u prijedorskom [&hellip;]","og_url":"https:\/\/www.prijedordanas.com\/?p=186060","og_site_name":"PrijedorDanas.com - Prijedorski gradski portal","article_publisher":"https:\/\/www.facebook.com\/PrijedorDanasCom\/","article_published_time":"2022-05-19T09:43:41+00:00","og_image":[{"url":"https:\/\/www.prijedordanas.com\/wp-content\/uploads\/2021\/03\/pu-prijedor-marko-momic-232x300.jpg"}],"author":"admin","twitter_card":"summary_large_image","twitter_misc":{"Written by":"admin","Est. reading time":"1 minute"},"schema":{"@context":"https:\/\/schema.org","@graph":[{"@type":"Article","@id":"https:\/\/www.prijedordanas.com\/?p=186060#article","isPartOf":{"@id":"https:\/\/www.prijedordanas.com\/?p=186060"},"author":{"name":"admin","@id":"https:\/\/www.prijedordanas.com\/#\/schema\/person\/4e08ccf29b506ca916ff86d46bb700e6"},"headline":"Pretukao \u0160mita palicom i pregazio autom: Momi\u0107 u ekstradicionom pritvoru, tu\u017eila\u0161tvo jo\u0161 \u010deka zvani\u010dnu informaciju o njegovom hap\u0161enju","datePublished":"2022-05-19T09:43:41+00:00","dateModified":"2022-05-19T09:43:41+00:00","mainEntityOfPage":{"@id":"https:\/\/www.prijedordanas.com\/?p=186060"},"wordCount":310,"publisher":{"@id":"https:\/\/www.prijedordanas.com\/#organization"},"articleSection":["Hronika"],"inLanguage":"en-US"},{"@type":"WebPage","@id":"https:\/\/www.prijedordanas.com\/?p=186060","url":"https:\/\/www.prijedordanas.com\/?p=186060","name":"Pretukao \u0160mita palicom i pregazio autom: Momi\u0107 u ekstradicionom pritvoru, tu\u017eila\u0161tvo jo\u0161 \u010deka zvani\u010dnu informaciju o njegovom hap\u0161enju - PrijedorDanas.com - Prijedorski gradski portal","isPartOf":{"@id":"https:\/\/www.prijedordanas.com\/#website"},"datePublished":"2022-05-19T09:43:41+00:00","dateModified":"2022-05-19T09:43:41+00:00","breadcrumb":{"@id":"https:\/\/www.prijedordanas.com\/?p=186060#breadcrumb"},"inLanguage":"en-US","potentialAction":[{"@type":"ReadAction","target":["https:\/\/www.prijedordanas.com\/?p=186060"]}]},{"@type":"BreadcrumbList","@id":"https:\/\/www.prijedordanas.com\/?p=186060#breadcrumb","itemListElement":[{"@type":"ListItem","position":1,"name":"Home","item":"https:\/\/www.prijedordanas.com\/"},{"@type":"ListItem","position":2,"name":"Pretukao \u0160mita palicom i pregazio autom: Momi\u0107 u ekstradicionom pritvoru, tu\u017eila\u0161tvo jo\u0161 \u010deka zvani\u010dnu informaciju o njegovom hap\u0161enju"}]},{"@type":"WebSite","@id":"https:\/\/www.prijedordanas.com\/#website","url":"https:\/\/www.prijedordanas.com\/","name":"PrijedorDanas.com - Prijedorski gradski portal","description":"Portal o doga\u0111anjima u gradu Prijedoru","publisher":{"@id":"https:\/\/www.prijedordanas.com\/#organization"},"potentialAction":[{"@type":"SearchAction","target":{"@type":"EntryPoint","urlTemplate":"https:\/\/www.prijedordanas.com\/?s={search_term_string}"},"query-input":"required name=search_term_string"}],"inLanguage":"en-US"},{"@type":"Organization","@id":"https:\/\/www.prijedordanas.com\/#organization","name":"PrijedorDanas.com","url":"https:\/\/www.prijedordanas.com\/","logo":{"@type":"ImageObject","inLanguage":"en-US","@id":"https:\/\/www.prijedordanas.com\/#\/schema\/logo\/image\/","url":"http:\/\/www.prijedordanas.com\/wp-content\/uploads\/2021\/12\/logopng.png","contentUrl":"http:\/\/www.prijedordanas.com\/wp-content\/uploads\/2021\/12\/logopng.png","width":1019,"height":776,"caption":"PrijedorDanas.com"},"image":{"@id":"https:\/\/www.prijedordanas.com\/#\/schema\/logo\/image\/"},"sameAs":["https:\/\/www.facebook.com\/PrijedorDanasCom\/"]},{"@type":"Person","@id":"https:\/\/www.prijedordanas.com\/#\/schema\/person\/4e08ccf29b506ca916ff86d46bb700e6","name":"admin","image":{"@type":"ImageObject","inLanguage":"en-US","@id":"https:\/\/www.prijedordanas.com\/#\/schema\/person\/image\/","url":"https:\/\/secure.gravatar.com\/avatar\/1d3fc949d550f0b53a5f0d51e06dfd79?s=96&d=mm&r=g","contentUrl":"https:\/\/secure.gravatar.com\/avatar\/1d3fc949d550f0b53a5f0d51e06dfd79?s=96&d=mm&r=g","caption":"admin"},"url":"https:\/\/www.prijedordanas.com\/?author=1"}]}},"_links":{"self":[{"href":"https:\/\/www.prijedordanas.com\/index.php?rest_route=\/wp\/v2\/posts\/186060"}],"collection":[{"href":"https:\/\/www.prijedordanas.com\/index.php?rest_route=\/wp\/v2\/posts"}],"about":[{"href":"https:\/\/www.prijedordanas.com\/index.php?rest_route=\/wp\/v2\/types\/post"}],"author":[{"embeddable":true,"href":"https:\/\/www.prijedordanas.com\/index.php?rest_route=\/wp\/v2\/users\/1"}],"replies":[{"embeddable":true,"href":"https:\/\/www.prijedordanas.com\/index.php?rest_route=%2Fwp%2Fv2%2Fcomments&post=186060"}],"version-history":[{"count":1,"href":"https:\/\/www.prijedordanas.com\/index.php?rest_route=\/wp\/v2\/posts\/186060\/revisions"}],"predecessor-version":[{"id":186061,"href":"https:\/\/www.prijedordanas.com\/index.php?rest_route=\/wp\/v2\/posts\/186060\/revisions\/186061"}],"wp:attachment":[{"href":"https:\/\/www.prijedordanas.com\/index.php?rest_route=%2Fwp%2Fv2%2Fmedia&parent=186060"}],"wp:term":[{"taxonomy":"category","embeddable":true,"href":"https:\/\/www.prijedordanas.com\/index.php?rest_route=%2Fwp%2Fv2%2Fcategories&post=186060"},{"taxonomy":"post_tag","embeddable":true,"href":"https:\/\/www.prijedordanas.com\/index.php?rest_route=%2Fwp%2Fv2%2Ftags&post=186060"}],"curies":[{"name":"wp","href":"https:\/\/api.w.org\/{rel}","templated":true}]}}