{"id":186009,"date":"2022-05-19T12:25:45","date_gmt":"2022-05-19T10:25:45","guid":{"rendered":"https:\/\/www.prijedordanas.com\/?p=186009"},"modified":"2022-05-19T12:25:45","modified_gmt":"2022-05-19T10:25:45","slug":"vlasenko-protiv-bih-naknada-nematerijalne-stete-ili-odredivanje-zastare-potrazivanja","status":"publish","type":"post","link":"https:\/\/www.prijedordanas.com\/?p=186009","title":{"rendered":"Vlasenko protiv BiH: Naknada nematerijalne \u0161tete ili odre\u0111ivanje zastare potra\u017eivanja"},"content":{"rendered":"<p><a href=\"https:\/\/www.prijedordanas.com\/wp-content\/uploads\/2019\/03\/birn-rade-vlasenko.jpg\"><img loading=\"lazy\" decoding=\"async\" src=\"https:\/\/www.prijedordanas.com\/wp-content\/uploads\/2019\/03\/birn-rade-vlasenko-300x269.jpg\" alt=\"\" width=\"300\" height=\"269\" class=\"alignleft size-medium wp-image-123470\" srcset=\"https:\/\/www.prijedordanas.com\/wp-content\/uploads\/2019\/03\/birn-rade-vlasenko-300x269.jpg 300w, https:\/\/www.prijedordanas.com\/wp-content\/uploads\/2019\/03\/birn-rade-vlasenko-100x90.jpg 100w, https:\/\/www.prijedordanas.com\/wp-content\/uploads\/2019\/03\/birn-rade-vlasenko.jpg 600w\" sizes=\"(max-width: 300px) 100vw, 300px\" \/><\/a>Na ro\u010di\u0161tu pred Upravnim odjeljenjem Suda Bosne i Hercegovine, punomo\u0107nik Radeta Vlasenka zatra\u017eio je naknadu nematerijalne \u0161tete zbog du\u0161evne boli, dok je Pravobranila\u0161tvo prigovorilo na zastaru potra\u017eivanja, te navelo kako tu\u017eitelj nije mogao razaznati postupke koji su se protiv njega vodili.<\/p>\n<p>Vje\u0161tak medicinske struke Abdulah Ku\u010dukali\u0107 je naveo kako ostaje pri svom pisanom nalazu i mi\u0161ljenju od 8. marta 2022. godine, koji nije prezentiran na ro\u010di\u0161tu. On je, odgovaraju\u0107i na pitanja pravobraniteljice Na\u0111e Hozi\u0107, naveo kako je za potrebe sa\u010dinjavanja nalaza razgovarao s Vlasenkom.<\/p>\n<p>Kazao je da se ne sje\u0107a da mu je Vlasenko rekao da se protiv njega vodio jo\u0161 jedan postupak pred Sudom BiH, te da je te\u0161ko precizno razgrani\u010diti du\u0161evnu bol koju je tu\u017eitelj imao u toku trajanja procesa od du\u0161evne boli koja je u istom periodu bila uzrokovana mjerama zabrane zbog sastajanja sa svjedocima.<\/p>\n<p>\u201cJa sam se fokusirao na du\u0161evnu bol koja je bila slabijeg intenziteta, a odnosi se na zabranu sastajanja i kontaktiranja sa svjedocima\u201d, kazao je Ku\u010dukali\u0107, nakon \u010dega je pravobraniteljica Hozi\u0107 primijetila da je nalaz sa\u010dinjen kao cjelina i predstavlja izraz du\u0161evnog stanja tu\u017eitelja u vezi sa ishodom sudskog postupka i mjerama koje su mu izre\u010dene vezano za taj postupak.<\/p>\n<p>Vje\u0161tak je rekao kako je mogu\u0107e razlu\u010diti du\u0161evnu bol iz oba sudska postupka koja se vode istovremeno, pojasniv\u0161i da su to razli\u010diti traumatski doga\u0111aji, te da se upitnikom koji se koristi ispitanik fokusira da daje odgovore na posljedice jednog stresnog doga\u0111aja.<\/p>\n<p>Ovom nalazu je pravobraniteljica Hozi\u0107 prigovorila navode\u0107i kako vje\u0161tak nije raspolagao svim relevantnim \u010dinjenicama koje se odnose na psiholo\u0161ko stanje tu\u017eitelja, dok je Vlasenkov punomo\u0107nik Sini\u0161a Daki\u0107 kazao kako nema primjedbi.<\/p>\n<p>Vlasenko je pravosna\u017eno oslobo\u0111en optu\u017ebi za ubistvo jednog zatvorenika u logoru \u201cTrnopolje\u201d na podru\u010dju Prijedora, te je tu\u017eio BiH zbog mjera zabrane sastajanja sa svjedocima koje su bile na snazi tokom sudskog postupka. On je ranije tu\u017eio BiH po presudi iz decembra 2017. godine, kada ga je, zajedno s Mitrom Vlasenkom i Dragom Kon\u010darom, Dr\u017eavni sud oslobodio optu\u017ebi za zlo\u010dine po\u010dinjene na podru\u010dju Prijedora 1992. godine.<\/p>\n<p>Vlasenko je, svjedo\u010de\u0107i, rekao kako je zbog postupka koji se protiv njega vodio dobio \u0161e\u0107er te povi\u0161en pritisak, te je naveo kako se protiv njega nisu vodila dva krivi\u010dna postupka u isto vrijeme.<\/p>\n<p>On je na pitanje pravobraniteljice kazao kako mu je i u prvom i u drugom postupku odre\u0111ena zabrana sastajanja s kom\u0161ijama.<\/p>\n<p>Pravobraniteljica je prigovorila iskazu svjedoka ako je u suprotnosti s dokazima u spisu.<\/p>\n<p>U zavr\u0161nim rije\u010dima Daki\u0107 je naveo kako je Rade od 23. novembra 2016. do 26. januara 2018. godine bio izlo\u017een medijskom pritisku koji donosi neopravdan krivi\u010dni postupak i stalnom strahu od mogu\u0107e visoke zatvorske kazne.<\/p>\n<p>\u201c\u010cetiri stotine dvadeset i \u0161est dana je Vlasenko Rade bio izlo\u017een nepravednom i na kraju, kako je utvr\u0111eno, neopravdanom sudskom procesu\u201d, naveo je Daki\u0107, dodav\u0161i da je na osnovu nalaza vje\u0161taka neosporno da je tu\u017eilac pretrpio du\u0161evne bolove zbog povrede ugleda, \u010dasti, slobode i prava li\u010dnosti.<\/p>\n<p>Hozi\u0107 je u zavr\u0161noj rije\u010di istakla prigovor neosnovanosti tu\u017ebe, navode\u0107i kako je ona nejasno opredijeljena, zbog \u010dega je tu\u017eena stekla dojam da se radi o zahtjevu za naknadu \u0161tete zbog pritvaranja.<\/p>\n<p>\u201cDostavom rje\u0161enja Suda BiH na pripremnom ro\u010di\u0161tu i prema reakciji punomo\u0107nika tu\u017eitelja, jasno je da je bila odre\u0111ena najbla\u017ea mjera zabrane sastajanja, koja je istovjetna mjerama u drugom krivi\u010dnom postupku vo\u0111enim pred ovm sudom\u201d, rekla je Hozi\u0107 navode\u0107i kako tu\u017eitelj sam nije mogao da razazna postupke niti da se sjeti perioda vo\u0111enja slu\u010daja.<\/p>\n<p>Ona je prigovorila i zastari potra\u017eivanja te navela kako su od ukidanja mjera do obra\u0107anja Sudu pro\u0161le tri godine.<\/p>\n<p>Daki\u0107 je kazao da Pravobranila\u0161tvo navodi \u010dinjenice koje nije dokazivalo tokom krivi\u010dnog postupka, a moglo je, dodav\u0161i kako su tokom prvog postupka protiv Vlasenka bile odre\u0111ene daleko te\u017ee mjere zabrane koje su ukinute 24. februara 2016. godine.<\/p>\n<p>Stranke u postupku su izjavile kako se rok za izradu presude mo\u017ee prolongirati zbog kori\u0161tenja godi\u0161njih odmora.<\/p>\n<p><a href=\"https:\/\/detektor.ba\/2022\/05\/16\/vlasenko-protiv-bih-naknada-nematerijalne-stete-ili-odredjivanje-zastare-potrazivanja\/\" rel=\"noopener\" target=\"_blank\">detektor.ba<\/a><\/p>\n","protected":false},"excerpt":{"rendered":"<p>Na ro\u010di\u0161tu pred Upravnim odjeljenjem Suda Bosne i Hercegovine, punomo\u0107nik Radeta Vlasenka zatra\u017eio je naknadu nematerijalne \u0161tete zbog du\u0161evne boli, dok je Pravobranila\u0161tvo prigovorilo na zastaru potra\u017eivanja, te navelo kako [&hellip;]<\/p>\n","protected":false},"author":1,"featured_media":0,"comment_status":"closed","ping_status":"open","sticky":false,"template":"","format":"standard","meta":{"_monsterinsights_skip_tracking":false,"_monsterinsights_sitenote_active":false,"_monsterinsights_sitenote_note":"","_monsterinsights_sitenote_category":0,"footnotes":""},"categories":[5],"tags":[],"yoast_head":"<!-- This site is optimized with the Yoast SEO plugin v21.6 - https:\/\/yoast.com\/wordpress\/plugins\/seo\/ -->\n<title>Vlasenko protiv BiH: Naknada nematerijalne \u0161tete ili odre\u0111ivanje zastare potra\u017eivanja - PrijedorDanas.com - Prijedorski gradski portal<\/title>\n<meta name=\"robots\" content=\"index, follow, max-snippet:-1, max-image-preview:large, max-video-preview:-1\" \/>\n<link rel=\"canonical\" href=\"https:\/\/www.prijedordanas.com\/?p=186009\" \/>\n<meta property=\"og:locale\" content=\"en_US\" \/>\n<meta property=\"og:type\" content=\"article\" \/>\n<meta property=\"og:title\" content=\"Vlasenko protiv BiH: Naknada nematerijalne \u0161tete ili odre\u0111ivanje zastare potra\u017eivanja - PrijedorDanas.com - Prijedorski gradski portal\" \/>\n<meta property=\"og:description\" content=\"Na ro\u010di\u0161tu pred Upravnim odjeljenjem Suda Bosne i Hercegovine, punomo\u0107nik Radeta Vlasenka zatra\u017eio je naknadu nematerijalne \u0161tete zbog du\u0161evne boli, dok je Pravobranila\u0161tvo prigovorilo na zastaru potra\u017eivanja, te navelo kako [&hellip;]\" \/>\n<meta property=\"og:url\" content=\"https:\/\/www.prijedordanas.com\/?p=186009\" \/>\n<meta property=\"og:site_name\" content=\"PrijedorDanas.com - Prijedorski gradski portal\" \/>\n<meta property=\"article:publisher\" content=\"https:\/\/www.facebook.com\/PrijedorDanasCom\/\" \/>\n<meta property=\"article:published_time\" content=\"2022-05-19T10:25:45+00:00\" \/>\n<meta property=\"og:image\" content=\"https:\/\/www.prijedordanas.com\/wp-content\/uploads\/2019\/03\/birn-rade-vlasenko-300x269.jpg\" \/>\n<meta name=\"author\" content=\"admin\" \/>\n<meta name=\"twitter:card\" content=\"summary_large_image\" \/>\n<meta name=\"twitter:label1\" content=\"Written by\" \/>\n\t<meta name=\"twitter:data1\" content=\"admin\" \/>\n\t<meta name=\"twitter:label2\" content=\"Est. reading time\" \/>\n\t<meta name=\"twitter:data2\" content=\"4 minutes\" \/>\n<script type=\"application\/ld+json\" class=\"yoast-schema-graph\">{\"@context\":\"https:\/\/schema.org\",\"@graph\":[{\"@type\":\"Article\",\"@id\":\"https:\/\/www.prijedordanas.com\/?p=186009#article\",\"isPartOf\":{\"@id\":\"https:\/\/www.prijedordanas.com\/?p=186009\"},\"author\":{\"name\":\"admin\",\"@id\":\"https:\/\/www.prijedordanas.com\/#\/schema\/person\/4e08ccf29b506ca916ff86d46bb700e6\"},\"headline\":\"Vlasenko protiv BiH: Naknada nematerijalne \u0161tete ili odre\u0111ivanje zastare potra\u017eivanja\",\"datePublished\":\"2022-05-19T10:25:45+00:00\",\"dateModified\":\"2022-05-19T10:25:45+00:00\",\"mainEntityOfPage\":{\"@id\":\"https:\/\/www.prijedordanas.com\/?p=186009\"},\"wordCount\":746,\"publisher\":{\"@id\":\"https:\/\/www.prijedordanas.com\/#organization\"},\"articleSection\":[\"Hronika\"],\"inLanguage\":\"en-US\"},{\"@type\":\"WebPage\",\"@id\":\"https:\/\/www.prijedordanas.com\/?p=186009\",\"url\":\"https:\/\/www.prijedordanas.com\/?p=186009\",\"name\":\"Vlasenko protiv BiH: Naknada nematerijalne \u0161tete ili odre\u0111ivanje zastare potra\u017eivanja - PrijedorDanas.com - Prijedorski gradski portal\",\"isPartOf\":{\"@id\":\"https:\/\/www.prijedordanas.com\/#website\"},\"datePublished\":\"2022-05-19T10:25:45+00:00\",\"dateModified\":\"2022-05-19T10:25:45+00:00\",\"breadcrumb\":{\"@id\":\"https:\/\/www.prijedordanas.com\/?p=186009#breadcrumb\"},\"inLanguage\":\"en-US\",\"potentialAction\":[{\"@type\":\"ReadAction\",\"target\":[\"https:\/\/www.prijedordanas.com\/?p=186009\"]}]},{\"@type\":\"BreadcrumbList\",\"@id\":\"https:\/\/www.prijedordanas.com\/?p=186009#breadcrumb\",\"itemListElement\":[{\"@type\":\"ListItem\",\"position\":1,\"name\":\"Home\",\"item\":\"https:\/\/www.prijedordanas.com\/\"},{\"@type\":\"ListItem\",\"position\":2,\"name\":\"Vlasenko protiv BiH: Naknada nematerijalne \u0161tete ili odre\u0111ivanje zastare potra\u017eivanja\"}]},{\"@type\":\"WebSite\",\"@id\":\"https:\/\/www.prijedordanas.com\/#website\",\"url\":\"https:\/\/www.prijedordanas.com\/\",\"name\":\"PrijedorDanas.com - Prijedorski gradski portal\",\"description\":\"Portal o doga\u0111anjima u gradu Prijedoru\",\"publisher\":{\"@id\":\"https:\/\/www.prijedordanas.com\/#organization\"},\"potentialAction\":[{\"@type\":\"SearchAction\",\"target\":{\"@type\":\"EntryPoint\",\"urlTemplate\":\"https:\/\/www.prijedordanas.com\/?s={search_term_string}\"},\"query-input\":\"required name=search_term_string\"}],\"inLanguage\":\"en-US\"},{\"@type\":\"Organization\",\"@id\":\"https:\/\/www.prijedordanas.com\/#organization\",\"name\":\"PrijedorDanas.com\",\"url\":\"https:\/\/www.prijedordanas.com\/\",\"logo\":{\"@type\":\"ImageObject\",\"inLanguage\":\"en-US\",\"@id\":\"https:\/\/www.prijedordanas.com\/#\/schema\/logo\/image\/\",\"url\":\"http:\/\/www.prijedordanas.com\/wp-content\/uploads\/2021\/12\/logopng.png\",\"contentUrl\":\"http:\/\/www.prijedordanas.com\/wp-content\/uploads\/2021\/12\/logopng.png\",\"width\":1019,\"height\":776,\"caption\":\"PrijedorDanas.com\"},\"image\":{\"@id\":\"https:\/\/www.prijedordanas.com\/#\/schema\/logo\/image\/\"},\"sameAs\":[\"https:\/\/www.facebook.com\/PrijedorDanasCom\/\"]},{\"@type\":\"Person\",\"@id\":\"https:\/\/www.prijedordanas.com\/#\/schema\/person\/4e08ccf29b506ca916ff86d46bb700e6\",\"name\":\"admin\",\"image\":{\"@type\":\"ImageObject\",\"inLanguage\":\"en-US\",\"@id\":\"https:\/\/www.prijedordanas.com\/#\/schema\/person\/image\/\",\"url\":\"https:\/\/secure.gravatar.com\/avatar\/1d3fc949d550f0b53a5f0d51e06dfd79?s=96&d=mm&r=g\",\"contentUrl\":\"https:\/\/secure.gravatar.com\/avatar\/1d3fc949d550f0b53a5f0d51e06dfd79?s=96&d=mm&r=g\",\"caption\":\"admin\"},\"url\":\"https:\/\/www.prijedordanas.com\/?author=1\"}]}<\/script>\n<!-- \/ Yoast SEO plugin. -->","yoast_head_json":{"title":"Vlasenko protiv BiH: Naknada nematerijalne \u0161tete ili odre\u0111ivanje zastare potra\u017eivanja - PrijedorDanas.com - Prijedorski gradski portal","robots":{"index":"index","follow":"follow","max-snippet":"max-snippet:-1","max-image-preview":"max-image-preview:large","max-video-preview":"max-video-preview:-1"},"canonical":"https:\/\/www.prijedordanas.com\/?p=186009","og_locale":"en_US","og_type":"article","og_title":"Vlasenko protiv BiH: Naknada nematerijalne \u0161tete ili odre\u0111ivanje zastare potra\u017eivanja - PrijedorDanas.com - Prijedorski gradski portal","og_description":"Na ro\u010di\u0161tu pred Upravnim odjeljenjem Suda Bosne i Hercegovine, punomo\u0107nik Radeta Vlasenka zatra\u017eio je naknadu nematerijalne \u0161tete zbog du\u0161evne boli, dok je Pravobranila\u0161tvo prigovorilo na zastaru potra\u017eivanja, te navelo kako [&hellip;]","og_url":"https:\/\/www.prijedordanas.com\/?p=186009","og_site_name":"PrijedorDanas.com - Prijedorski gradski portal","article_publisher":"https:\/\/www.facebook.com\/PrijedorDanasCom\/","article_published_time":"2022-05-19T10:25:45+00:00","og_image":[{"url":"https:\/\/www.prijedordanas.com\/wp-content\/uploads\/2019\/03\/birn-rade-vlasenko-300x269.jpg"}],"author":"admin","twitter_card":"summary_large_image","twitter_misc":{"Written by":"admin","Est. reading time":"4 minutes"},"schema":{"@context":"https:\/\/schema.org","@graph":[{"@type":"Article","@id":"https:\/\/www.prijedordanas.com\/?p=186009#article","isPartOf":{"@id":"https:\/\/www.prijedordanas.com\/?p=186009"},"author":{"name":"admin","@id":"https:\/\/www.prijedordanas.com\/#\/schema\/person\/4e08ccf29b506ca916ff86d46bb700e6"},"headline":"Vlasenko protiv BiH: Naknada nematerijalne \u0161tete ili odre\u0111ivanje zastare potra\u017eivanja","datePublished":"2022-05-19T10:25:45+00:00","dateModified":"2022-05-19T10:25:45+00:00","mainEntityOfPage":{"@id":"https:\/\/www.prijedordanas.com\/?p=186009"},"wordCount":746,"publisher":{"@id":"https:\/\/www.prijedordanas.com\/#organization"},"articleSection":["Hronika"],"inLanguage":"en-US"},{"@type":"WebPage","@id":"https:\/\/www.prijedordanas.com\/?p=186009","url":"https:\/\/www.prijedordanas.com\/?p=186009","name":"Vlasenko protiv BiH: Naknada nematerijalne \u0161tete ili odre\u0111ivanje zastare potra\u017eivanja - PrijedorDanas.com - Prijedorski gradski portal","isPartOf":{"@id":"https:\/\/www.prijedordanas.com\/#website"},"datePublished":"2022-05-19T10:25:45+00:00","dateModified":"2022-05-19T10:25:45+00:00","breadcrumb":{"@id":"https:\/\/www.prijedordanas.com\/?p=186009#breadcrumb"},"inLanguage":"en-US","potentialAction":[{"@type":"ReadAction","target":["https:\/\/www.prijedordanas.com\/?p=186009"]}]},{"@type":"BreadcrumbList","@id":"https:\/\/www.prijedordanas.com\/?p=186009#breadcrumb","itemListElement":[{"@type":"ListItem","position":1,"name":"Home","item":"https:\/\/www.prijedordanas.com\/"},{"@type":"ListItem","position":2,"name":"Vlasenko protiv BiH: Naknada nematerijalne \u0161tete ili odre\u0111ivanje zastare potra\u017eivanja"}]},{"@type":"WebSite","@id":"https:\/\/www.prijedordanas.com\/#website","url":"https:\/\/www.prijedordanas.com\/","name":"PrijedorDanas.com - Prijedorski gradski portal","description":"Portal o doga\u0111anjima u gradu Prijedoru","publisher":{"@id":"https:\/\/www.prijedordanas.com\/#organization"},"potentialAction":[{"@type":"SearchAction","target":{"@type":"EntryPoint","urlTemplate":"https:\/\/www.prijedordanas.com\/?s={search_term_string}"},"query-input":"required name=search_term_string"}],"inLanguage":"en-US"},{"@type":"Organization","@id":"https:\/\/www.prijedordanas.com\/#organization","name":"PrijedorDanas.com","url":"https:\/\/www.prijedordanas.com\/","logo":{"@type":"ImageObject","inLanguage":"en-US","@id":"https:\/\/www.prijedordanas.com\/#\/schema\/logo\/image\/","url":"http:\/\/www.prijedordanas.com\/wp-content\/uploads\/2021\/12\/logopng.png","contentUrl":"http:\/\/www.prijedordanas.com\/wp-content\/uploads\/2021\/12\/logopng.png","width":1019,"height":776,"caption":"PrijedorDanas.com"},"image":{"@id":"https:\/\/www.prijedordanas.com\/#\/schema\/logo\/image\/"},"sameAs":["https:\/\/www.facebook.com\/PrijedorDanasCom\/"]},{"@type":"Person","@id":"https:\/\/www.prijedordanas.com\/#\/schema\/person\/4e08ccf29b506ca916ff86d46bb700e6","name":"admin","image":{"@type":"ImageObject","inLanguage":"en-US","@id":"https:\/\/www.prijedordanas.com\/#\/schema\/person\/image\/","url":"https:\/\/secure.gravatar.com\/avatar\/1d3fc949d550f0b53a5f0d51e06dfd79?s=96&d=mm&r=g","contentUrl":"https:\/\/secure.gravatar.com\/avatar\/1d3fc949d550f0b53a5f0d51e06dfd79?s=96&d=mm&r=g","caption":"admin"},"url":"https:\/\/www.prijedordanas.com\/?author=1"}]}},"_links":{"self":[{"href":"https:\/\/www.prijedordanas.com\/index.php?rest_route=\/wp\/v2\/posts\/186009"}],"collection":[{"href":"https:\/\/www.prijedordanas.com\/index.php?rest_route=\/wp\/v2\/posts"}],"about":[{"href":"https:\/\/www.prijedordanas.com\/index.php?rest_route=\/wp\/v2\/types\/post"}],"author":[{"embeddable":true,"href":"https:\/\/www.prijedordanas.com\/index.php?rest_route=\/wp\/v2\/users\/1"}],"replies":[{"embeddable":true,"href":"https:\/\/www.prijedordanas.com\/index.php?rest_route=%2Fwp%2Fv2%2Fcomments&post=186009"}],"version-history":[{"count":1,"href":"https:\/\/www.prijedordanas.com\/index.php?rest_route=\/wp\/v2\/posts\/186009\/revisions"}],"predecessor-version":[{"id":186010,"href":"https:\/\/www.prijedordanas.com\/index.php?rest_route=\/wp\/v2\/posts\/186009\/revisions\/186010"}],"wp:attachment":[{"href":"https:\/\/www.prijedordanas.com\/index.php?rest_route=%2Fwp%2Fv2%2Fmedia&parent=186009"}],"wp:term":[{"taxonomy":"category","embeddable":true,"href":"https:\/\/www.prijedordanas.com\/index.php?rest_route=%2Fwp%2Fv2%2Fcategories&post=186009"},{"taxonomy":"post_tag","embeddable":true,"href":"https:\/\/www.prijedordanas.com\/index.php?rest_route=%2Fwp%2Fv2%2Ftags&post=186009"}],"curies":[{"name":"wp","href":"https:\/\/api.w.org\/{rel}","templated":true}]}}