{"id":185798,"date":"2022-05-14T12:08:40","date_gmt":"2022-05-14T10:08:40","guid":{"rendered":"https:\/\/www.prijedordanas.com\/?p=185798"},"modified":"2022-05-20T12:09:49","modified_gmt":"2022-05-20T10:09:49","slug":"okruzni-sud-prijedor-odgodena-statusna-konferencija-na-sudenju-za-ratni-zlocin-u-kozarcu","status":"publish","type":"post","link":"https:\/\/www.prijedordanas.com\/?p=185798","title":{"rendered":"Okru\u017eni sud Prijedor: Odgo\u0111ena Statusna konferencija na su\u0111enju za ratni zlo\u010din u Kozarcu"},"content":{"rendered":"<p><a href=\"https:\/\/www.prijedordanas.com\/wp-content\/uploads\/2022\/05\/okruzni-sud-prijedor-sudnica-2.jpg\"><img loading=\"lazy\" decoding=\"async\" src=\"https:\/\/www.prijedordanas.com\/wp-content\/uploads\/2022\/05\/okruzni-sud-prijedor-sudnica-2-300x225.jpg\" alt=\"\" width=\"300\" height=\"225\" class=\"alignleft size-medium wp-image-186088\" srcset=\"https:\/\/www.prijedordanas.com\/wp-content\/uploads\/2022\/05\/okruzni-sud-prijedor-sudnica-2-300x225.jpg 300w, https:\/\/www.prijedordanas.com\/wp-content\/uploads\/2022\/05\/okruzni-sud-prijedor-sudnica-2-640x480.jpg 640w, https:\/\/www.prijedordanas.com\/wp-content\/uploads\/2022\/05\/okruzni-sud-prijedor-sudnica-2.jpg 667w\" sizes=\"(max-width: 300px) 100vw, 300px\" \/><\/a>Statusna konferencija koja je trebala biti odr\u017eana u Okru\u017enom sudu Prijedor na su\u0111enju Dra\u0161ku Aleksi\u0107u i Rajku Aleksi\u0107u  za ratni zlo\u010din protiv civilnog stanovni\u0161tva po\u010dinjen u mjestu Kozarac kod Prijedora, odgo\u0111ena je zbog nedolaska advokata jednog od optu\u017eenih.<\/p>\n<p>Predsjedavaju\u0107a sutkinja Nedeljka Eror rekla je da je Savan Zec, advokat Dra\u0161ka Aleksi\u0107a, pismeno tra\u017eio odga\u0111anje Statusne konferencije jer u isto vrijeme pred Sudom Bosne i Hercegovine ima ro\u010di\u0161te na su\u0111enju Radovanu Stojni\u0107u.<\/p>\n<p>Prijedlog \u010dlanova Vije\u0107a u ovom slu\u010daju bio je da se Statusna konferencija odgodi.<\/p>\n<p>Eror je rekla da na Statusnoj konferenciji treba biti dogovorena koncepcija su\u0111enja, odnosno njegova dinamika.<\/p>\n<p>\u201cPrijedlog je da svake sedmice budu odr\u017eana dva ro\u010di\u0161ta, odnosno dva radna dana su\u0111enja. Ovaj predmet \u0107e biti prioritet u odnosu na ostale predmete u Okru\u017enom sudu Prijedor\u201d, naglasila je Eror i dodala da tu\u017eiteljka u ovom predmetu mora biti spremna na ovu dinamiku.<\/p>\n<p>Advokat Radovan Stani\u0107 koji zastupa Rajka Aleksi\u0107a rekao je da \u0107e odbrana iskoristiti svoje zakonsko pravo da se njihova koncepcija saop\u0161ti tek nakon izvo\u0111enja dokaza Tu\u017eila\u0161tva.<\/p>\n<p>Predsjedavaju\u0107a Sudskog vije\u0107a Nedeljka Eror je novu Statusnu konferenciju zakazala za 9. juni ove godine.<\/p>\n<p>Ona je dodala da \u0107e Sudsko vije\u0107e na po\u010detku su\u0111enja odlu\u010diti o prisustvu javnosti na istom.<\/p>\n<p>Optu\u017enicu protiv Dra\u0161ka Aleksi\u0107a i Rajka Aleksi\u0107a podiglo je Okru\u017eno javno tu\u017eila\u0161tvo Prijedor 14. decembra 2021., a potvr\u0111ena je 1. februara ove godine.<\/p>\n<p>Optu\u017eeni Aleksi\u0107i su se 30. marta 2022. godine pred Okru\u017enim sudom u Prijedoru izjasnili da nisu krivi.<\/p>\n<p>Rajko Aleksi\u0107 i Dra\u0161ko Aleksi\u0107 se terete da su kao pripadnici Vojske Republike Srpske po prethodnom dogovoru, zajedno sa Ljubomirom Aleksi\u0107em, koji je preminuo 2018. godine, li\u0161ili \u017eivota lice nesrpske nacionalnosti koje nije neposredno u\u010destvovalo u neprijateljstvima i u vojnim operacijama.<\/p>\n<p>Prema optu\u017enici, oni su 24. juna 1992. godine u prijepodnevnim \u010dasovima u zaseoku Jakupovi\u0107i traktorom do\u0161li do ku\u0107e lica bo\u0161nja\u010dke nacionalnosti, obu\u010deni u vojne uniforme i naoru\u017eani. Potom su postrojili sve prisutne bo\u0161nja\u010dke civile, \u017eene i djecu, i tra\u017eili \u017eenu bo\u0161nja\u010dke nacionalnosti govore\u0107i da je njen sin ubio Ljubomirovog sina Dragu, prijete\u0107i da \u0107e ih sve pobiti ako ne ka\u017eu gdje se ona nalazi.<\/p>\n<p>Nakon \u0161to im je neko od postrojenih civila rekao da se nalazi u ku\u0107i, Ljubomir Aleksi\u0107 je naredio svom sinu Rajku i unuku Dra\u0161ku da provjere da li je spomenuta \u017eena u ku\u0107i. Prona\u0161li su je u porodi\u010dnoj ku\u0107i drugog lica bo\u0161nja\u010dke nacionalnosti.<\/p>\n<p>\u201cPotom su \u017eenu doveli ispred prvopomenute ku\u0107e, tako \u0161to su je vukli za ruke i poku\u0161ali je podi\u0107i na zadnji dio njihovog traktora. Kako nisu uspjeli u tome jer se ona opirala i vri\u0161tala, Ljubomir Aleksi\u0107 je, dr\u017ee\u0107i bombu u ruci, naredio sinu i unuku da je natjeraju da bje\u017ei ispred njih, te su Rajko i Dra\u0161ko, sa uperenim vatrenim oru\u017ejem ispred sebe, dogurali \u017eenu na makadamski put koji se nalazi neposredno ispred prvopomenute ku\u0107e\u201d, navodi se u optu\u017enici.<\/p>\n<p>Optu\u017eeni su je potom ubili, te se vratili pred ku\u0107u, gdje su zaprijetili postrojenim bo\u0161nja\u010dkim civilima da o tome nikom ne pri\u010daju, nakon \u010dega su se popeli na traktor i odvezli u nepoznatom pravcu, navodi se u optu\u017enici koju je podiglo Okru\u017eno javno tu\u017eila\u0161tvo u Prijedoru.<\/p>\n<p>Tekst i foto \u2013 Aleksandar Drakuli\u0107 &#8211; <a href=\"https:\/\/www.prijedordanas.com\" target=\"_blank\" rel=\"noopener noreferrer\">www.prijedordanas.com<\/a><\/p>\n","protected":false},"excerpt":{"rendered":"<p>Statusna konferencija koja je trebala biti odr\u017eana u Okru\u017enom sudu Prijedor na su\u0111enju Dra\u0161ku Aleksi\u0107u i Rajku Aleksi\u0107u za ratni zlo\u010din protiv civilnog stanovni\u0161tva po\u010dinjen u mjestu Kozarac kod Prijedora, [&hellip;]<\/p>\n","protected":false},"author":1,"featured_media":0,"comment_status":"closed","ping_status":"open","sticky":false,"template":"","format":"standard","meta":{"_monsterinsights_skip_tracking":false,"_monsterinsights_sitenote_active":false,"_monsterinsights_sitenote_note":"","_monsterinsights_sitenote_category":0,"footnotes":""},"categories":[5],"tags":[],"yoast_head":"<!-- This site is optimized with the Yoast SEO plugin v21.6 - https:\/\/yoast.com\/wordpress\/plugins\/seo\/ -->\n<title>Okru\u017eni sud Prijedor: Odgo\u0111ena Statusna konferencija na su\u0111enju za ratni zlo\u010din u Kozarcu - PrijedorDanas.com - Prijedorski gradski portal<\/title>\n<meta name=\"robots\" content=\"index, follow, max-snippet:-1, max-image-preview:large, max-video-preview:-1\" \/>\n<link rel=\"canonical\" href=\"https:\/\/www.prijedordanas.com\/?p=185798\" \/>\n<meta property=\"og:locale\" content=\"en_US\" \/>\n<meta property=\"og:type\" content=\"article\" \/>\n<meta property=\"og:title\" content=\"Okru\u017eni sud Prijedor: Odgo\u0111ena Statusna konferencija na su\u0111enju za ratni zlo\u010din u Kozarcu - PrijedorDanas.com - Prijedorski gradski portal\" \/>\n<meta property=\"og:description\" content=\"Statusna konferencija koja je trebala biti odr\u017eana u Okru\u017enom sudu Prijedor na su\u0111enju Dra\u0161ku Aleksi\u0107u i Rajku Aleksi\u0107u za ratni zlo\u010din protiv civilnog stanovni\u0161tva po\u010dinjen u mjestu Kozarac kod Prijedora, [&hellip;]\" \/>\n<meta property=\"og:url\" content=\"https:\/\/www.prijedordanas.com\/?p=185798\" \/>\n<meta property=\"og:site_name\" content=\"PrijedorDanas.com - Prijedorski gradski portal\" \/>\n<meta property=\"article:publisher\" content=\"https:\/\/www.facebook.com\/PrijedorDanasCom\/\" \/>\n<meta property=\"article:published_time\" content=\"2022-05-14T10:08:40+00:00\" \/>\n<meta property=\"article:modified_time\" content=\"2022-05-20T10:09:49+00:00\" \/>\n<meta property=\"og:image\" content=\"https:\/\/www.prijedordanas.com\/wp-content\/uploads\/2022\/05\/okruzni-sud-prijedor-sudnica-2-300x225.jpg\" \/>\n<meta name=\"author\" content=\"admin\" \/>\n<meta name=\"twitter:card\" content=\"summary_large_image\" \/>\n<meta name=\"twitter:label1\" content=\"Written by\" \/>\n\t<meta name=\"twitter:data1\" content=\"admin\" \/>\n\t<meta name=\"twitter:label2\" content=\"Est. reading time\" \/>\n\t<meta name=\"twitter:data2\" content=\"3 minutes\" \/>\n<script type=\"application\/ld+json\" class=\"yoast-schema-graph\">{\"@context\":\"https:\/\/schema.org\",\"@graph\":[{\"@type\":\"Article\",\"@id\":\"https:\/\/www.prijedordanas.com\/?p=185798#article\",\"isPartOf\":{\"@id\":\"https:\/\/www.prijedordanas.com\/?p=185798\"},\"author\":{\"name\":\"admin\",\"@id\":\"https:\/\/www.prijedordanas.com\/#\/schema\/person\/4e08ccf29b506ca916ff86d46bb700e6\"},\"headline\":\"Okru\u017eni sud Prijedor: Odgo\u0111ena Statusna konferencija na su\u0111enju za ratni zlo\u010din u Kozarcu\",\"datePublished\":\"2022-05-14T10:08:40+00:00\",\"dateModified\":\"2022-05-20T10:09:49+00:00\",\"mainEntityOfPage\":{\"@id\":\"https:\/\/www.prijedordanas.com\/?p=185798\"},\"wordCount\":629,\"publisher\":{\"@id\":\"https:\/\/www.prijedordanas.com\/#organization\"},\"articleSection\":[\"Hronika\"],\"inLanguage\":\"en-US\"},{\"@type\":\"WebPage\",\"@id\":\"https:\/\/www.prijedordanas.com\/?p=185798\",\"url\":\"https:\/\/www.prijedordanas.com\/?p=185798\",\"name\":\"Okru\u017eni sud Prijedor: Odgo\u0111ena Statusna konferencija na su\u0111enju za ratni zlo\u010din u Kozarcu - PrijedorDanas.com - Prijedorski gradski portal\",\"isPartOf\":{\"@id\":\"https:\/\/www.prijedordanas.com\/#website\"},\"datePublished\":\"2022-05-14T10:08:40+00:00\",\"dateModified\":\"2022-05-20T10:09:49+00:00\",\"breadcrumb\":{\"@id\":\"https:\/\/www.prijedordanas.com\/?p=185798#breadcrumb\"},\"inLanguage\":\"en-US\",\"potentialAction\":[{\"@type\":\"ReadAction\",\"target\":[\"https:\/\/www.prijedordanas.com\/?p=185798\"]}]},{\"@type\":\"BreadcrumbList\",\"@id\":\"https:\/\/www.prijedordanas.com\/?p=185798#breadcrumb\",\"itemListElement\":[{\"@type\":\"ListItem\",\"position\":1,\"name\":\"Home\",\"item\":\"https:\/\/www.prijedordanas.com\/\"},{\"@type\":\"ListItem\",\"position\":2,\"name\":\"Okru\u017eni sud Prijedor: Odgo\u0111ena Statusna konferencija na su\u0111enju za ratni zlo\u010din u Kozarcu\"}]},{\"@type\":\"WebSite\",\"@id\":\"https:\/\/www.prijedordanas.com\/#website\",\"url\":\"https:\/\/www.prijedordanas.com\/\",\"name\":\"PrijedorDanas.com - Prijedorski gradski portal\",\"description\":\"Portal o doga\u0111anjima u gradu Prijedoru\",\"publisher\":{\"@id\":\"https:\/\/www.prijedordanas.com\/#organization\"},\"potentialAction\":[{\"@type\":\"SearchAction\",\"target\":{\"@type\":\"EntryPoint\",\"urlTemplate\":\"https:\/\/www.prijedordanas.com\/?s={search_term_string}\"},\"query-input\":\"required name=search_term_string\"}],\"inLanguage\":\"en-US\"},{\"@type\":\"Organization\",\"@id\":\"https:\/\/www.prijedordanas.com\/#organization\",\"name\":\"PrijedorDanas.com\",\"url\":\"https:\/\/www.prijedordanas.com\/\",\"logo\":{\"@type\":\"ImageObject\",\"inLanguage\":\"en-US\",\"@id\":\"https:\/\/www.prijedordanas.com\/#\/schema\/logo\/image\/\",\"url\":\"http:\/\/www.prijedordanas.com\/wp-content\/uploads\/2021\/12\/logopng.png\",\"contentUrl\":\"http:\/\/www.prijedordanas.com\/wp-content\/uploads\/2021\/12\/logopng.png\",\"width\":1019,\"height\":776,\"caption\":\"PrijedorDanas.com\"},\"image\":{\"@id\":\"https:\/\/www.prijedordanas.com\/#\/schema\/logo\/image\/\"},\"sameAs\":[\"https:\/\/www.facebook.com\/PrijedorDanasCom\/\"]},{\"@type\":\"Person\",\"@id\":\"https:\/\/www.prijedordanas.com\/#\/schema\/person\/4e08ccf29b506ca916ff86d46bb700e6\",\"name\":\"admin\",\"image\":{\"@type\":\"ImageObject\",\"inLanguage\":\"en-US\",\"@id\":\"https:\/\/www.prijedordanas.com\/#\/schema\/person\/image\/\",\"url\":\"https:\/\/secure.gravatar.com\/avatar\/1d3fc949d550f0b53a5f0d51e06dfd79?s=96&d=mm&r=g\",\"contentUrl\":\"https:\/\/secure.gravatar.com\/avatar\/1d3fc949d550f0b53a5f0d51e06dfd79?s=96&d=mm&r=g\",\"caption\":\"admin\"},\"url\":\"https:\/\/www.prijedordanas.com\/?author=1\"}]}<\/script>\n<!-- \/ Yoast SEO plugin. -->","yoast_head_json":{"title":"Okru\u017eni sud Prijedor: Odgo\u0111ena Statusna konferencija na su\u0111enju za ratni zlo\u010din u Kozarcu - PrijedorDanas.com - Prijedorski gradski portal","robots":{"index":"index","follow":"follow","max-snippet":"max-snippet:-1","max-image-preview":"max-image-preview:large","max-video-preview":"max-video-preview:-1"},"canonical":"https:\/\/www.prijedordanas.com\/?p=185798","og_locale":"en_US","og_type":"article","og_title":"Okru\u017eni sud Prijedor: Odgo\u0111ena Statusna konferencija na su\u0111enju za ratni zlo\u010din u Kozarcu - PrijedorDanas.com - Prijedorski gradski portal","og_description":"Statusna konferencija koja je trebala biti odr\u017eana u Okru\u017enom sudu Prijedor na su\u0111enju Dra\u0161ku Aleksi\u0107u i Rajku Aleksi\u0107u za ratni zlo\u010din protiv civilnog stanovni\u0161tva po\u010dinjen u mjestu Kozarac kod Prijedora, [&hellip;]","og_url":"https:\/\/www.prijedordanas.com\/?p=185798","og_site_name":"PrijedorDanas.com - Prijedorski gradski portal","article_publisher":"https:\/\/www.facebook.com\/PrijedorDanasCom\/","article_published_time":"2022-05-14T10:08:40+00:00","article_modified_time":"2022-05-20T10:09:49+00:00","og_image":[{"url":"https:\/\/www.prijedordanas.com\/wp-content\/uploads\/2022\/05\/okruzni-sud-prijedor-sudnica-2-300x225.jpg"}],"author":"admin","twitter_card":"summary_large_image","twitter_misc":{"Written by":"admin","Est. reading time":"3 minutes"},"schema":{"@context":"https:\/\/schema.org","@graph":[{"@type":"Article","@id":"https:\/\/www.prijedordanas.com\/?p=185798#article","isPartOf":{"@id":"https:\/\/www.prijedordanas.com\/?p=185798"},"author":{"name":"admin","@id":"https:\/\/www.prijedordanas.com\/#\/schema\/person\/4e08ccf29b506ca916ff86d46bb700e6"},"headline":"Okru\u017eni sud Prijedor: Odgo\u0111ena Statusna konferencija na su\u0111enju za ratni zlo\u010din u Kozarcu","datePublished":"2022-05-14T10:08:40+00:00","dateModified":"2022-05-20T10:09:49+00:00","mainEntityOfPage":{"@id":"https:\/\/www.prijedordanas.com\/?p=185798"},"wordCount":629,"publisher":{"@id":"https:\/\/www.prijedordanas.com\/#organization"},"articleSection":["Hronika"],"inLanguage":"en-US"},{"@type":"WebPage","@id":"https:\/\/www.prijedordanas.com\/?p=185798","url":"https:\/\/www.prijedordanas.com\/?p=185798","name":"Okru\u017eni sud Prijedor: Odgo\u0111ena Statusna konferencija na su\u0111enju za ratni zlo\u010din u Kozarcu - PrijedorDanas.com - Prijedorski gradski portal","isPartOf":{"@id":"https:\/\/www.prijedordanas.com\/#website"},"datePublished":"2022-05-14T10:08:40+00:00","dateModified":"2022-05-20T10:09:49+00:00","breadcrumb":{"@id":"https:\/\/www.prijedordanas.com\/?p=185798#breadcrumb"},"inLanguage":"en-US","potentialAction":[{"@type":"ReadAction","target":["https:\/\/www.prijedordanas.com\/?p=185798"]}]},{"@type":"BreadcrumbList","@id":"https:\/\/www.prijedordanas.com\/?p=185798#breadcrumb","itemListElement":[{"@type":"ListItem","position":1,"name":"Home","item":"https:\/\/www.prijedordanas.com\/"},{"@type":"ListItem","position":2,"name":"Okru\u017eni sud Prijedor: Odgo\u0111ena Statusna konferencija na su\u0111enju za ratni zlo\u010din u Kozarcu"}]},{"@type":"WebSite","@id":"https:\/\/www.prijedordanas.com\/#website","url":"https:\/\/www.prijedordanas.com\/","name":"PrijedorDanas.com - Prijedorski gradski portal","description":"Portal o doga\u0111anjima u gradu Prijedoru","publisher":{"@id":"https:\/\/www.prijedordanas.com\/#organization"},"potentialAction":[{"@type":"SearchAction","target":{"@type":"EntryPoint","urlTemplate":"https:\/\/www.prijedordanas.com\/?s={search_term_string}"},"query-input":"required name=search_term_string"}],"inLanguage":"en-US"},{"@type":"Organization","@id":"https:\/\/www.prijedordanas.com\/#organization","name":"PrijedorDanas.com","url":"https:\/\/www.prijedordanas.com\/","logo":{"@type":"ImageObject","inLanguage":"en-US","@id":"https:\/\/www.prijedordanas.com\/#\/schema\/logo\/image\/","url":"http:\/\/www.prijedordanas.com\/wp-content\/uploads\/2021\/12\/logopng.png","contentUrl":"http:\/\/www.prijedordanas.com\/wp-content\/uploads\/2021\/12\/logopng.png","width":1019,"height":776,"caption":"PrijedorDanas.com"},"image":{"@id":"https:\/\/www.prijedordanas.com\/#\/schema\/logo\/image\/"},"sameAs":["https:\/\/www.facebook.com\/PrijedorDanasCom\/"]},{"@type":"Person","@id":"https:\/\/www.prijedordanas.com\/#\/schema\/person\/4e08ccf29b506ca916ff86d46bb700e6","name":"admin","image":{"@type":"ImageObject","inLanguage":"en-US","@id":"https:\/\/www.prijedordanas.com\/#\/schema\/person\/image\/","url":"https:\/\/secure.gravatar.com\/avatar\/1d3fc949d550f0b53a5f0d51e06dfd79?s=96&d=mm&r=g","contentUrl":"https:\/\/secure.gravatar.com\/avatar\/1d3fc949d550f0b53a5f0d51e06dfd79?s=96&d=mm&r=g","caption":"admin"},"url":"https:\/\/www.prijedordanas.com\/?author=1"}]}},"_links":{"self":[{"href":"https:\/\/www.prijedordanas.com\/index.php?rest_route=\/wp\/v2\/posts\/185798"}],"collection":[{"href":"https:\/\/www.prijedordanas.com\/index.php?rest_route=\/wp\/v2\/posts"}],"about":[{"href":"https:\/\/www.prijedordanas.com\/index.php?rest_route=\/wp\/v2\/types\/post"}],"author":[{"embeddable":true,"href":"https:\/\/www.prijedordanas.com\/index.php?rest_route=\/wp\/v2\/users\/1"}],"replies":[{"embeddable":true,"href":"https:\/\/www.prijedordanas.com\/index.php?rest_route=%2Fwp%2Fv2%2Fcomments&post=185798"}],"version-history":[{"count":2,"href":"https:\/\/www.prijedordanas.com\/index.php?rest_route=\/wp\/v2\/posts\/185798\/revisions"}],"predecessor-version":[{"id":186090,"href":"https:\/\/www.prijedordanas.com\/index.php?rest_route=\/wp\/v2\/posts\/185798\/revisions\/186090"}],"wp:attachment":[{"href":"https:\/\/www.prijedordanas.com\/index.php?rest_route=%2Fwp%2Fv2%2Fmedia&parent=185798"}],"wp:term":[{"taxonomy":"category","embeddable":true,"href":"https:\/\/www.prijedordanas.com\/index.php?rest_route=%2Fwp%2Fv2%2Fcategories&post=185798"},{"taxonomy":"post_tag","embeddable":true,"href":"https:\/\/www.prijedordanas.com\/index.php?rest_route=%2Fwp%2Fv2%2Ftags&post=185798"}],"curies":[{"name":"wp","href":"https:\/\/api.w.org\/{rel}","templated":true}]}}