{"id":185791,"date":"2022-05-14T00:31:39","date_gmt":"2022-05-13T22:31:39","guid":{"rendered":"https:\/\/www.prijedordanas.com\/?p=185791"},"modified":"2022-05-14T00:31:39","modified_gmt":"2022-05-13T22:31:39","slug":"sjajan-nastup-prijedorcanke-mase-gasic-na-durdevdanskom-festivalu-nagrada-publike-druga-nagrada-za-interpretaciju-i-druga-nagrada-zirija-za-kabare-pravilnog-govora","status":"publish","type":"post","link":"https:\/\/www.prijedordanas.com\/?p=185791","title":{"rendered":"Sjajan nastup Prijedor\u010danke Ma\u0161e Ga\u0161i\u0107 na \u0110ur\u0111evdanskom festivalu: Nagrada publike, druga nagrada za interpretaciju i druga nagrada \u017eirija za &#8220;Kabare pravilnog govora&#8221;"},"content":{"rendered":"<p><a href=\"https:\/\/www.prijedordanas.com\/wp-content\/uploads\/2022\/05\/masa-gasic-djurdjevdanski-festival-2022.jpg\"><img loading=\"lazy\" decoding=\"async\" src=\"https:\/\/www.prijedordanas.com\/wp-content\/uploads\/2022\/05\/masa-gasic-djurdjevdanski-festival-2022-300x225.jpg\" alt=\"\" width=\"300\" height=\"225\" class=\"alignleft size-medium wp-image-185793\" srcset=\"https:\/\/www.prijedordanas.com\/wp-content\/uploads\/2022\/05\/masa-gasic-djurdjevdanski-festival-2022-300x225.jpg 300w, https:\/\/www.prijedordanas.com\/wp-content\/uploads\/2022\/05\/masa-gasic-djurdjevdanski-festival-2022-640x480.jpg 640w, https:\/\/www.prijedordanas.com\/wp-content\/uploads\/2022\/05\/masa-gasic-djurdjevdanski-festival-2022.jpg 667w\" sizes=\"(max-width: 300px) 100vw, 300px\" \/><\/a>U Banjaluci je ve\u010deras odr\u017ean 28. Me\u0111unarodni \u0111ur\u0111evdanski festival dje\u010dije pjesme.<\/p>\n<p>Stru\u010dni \u017eiri koji \u010dine Dejan Dejanovi\u0107, glavni urednik festivala, Dragoljub Sladojevi\u0107, urednik takmi\u010darskog dijela festivala, Aleksandar \u0408o\u0161i\u0107, urednik Muzi\u010dke redakcije Televizije Republike Srpske, Lana Lopi\u010di\u0107, pro\u0161logodi\u0161nja pobjednica festivala, Sanja Zeli\u0107, pijanistkinja i Miro \u0408anjanin, muzi\u010dar, izme\u0111u 18 kompozicija, koje su premijerno u Banjaluci izvela 24 izvo\u0111a\u010da iz Letonije, Rusije, Bugarske, Ma\u0111arske, Slovenije, Hrvatske, Srbije, Crne Gore, Sjeverne Makedonije i BiH izabrali su sljede\u0107e kompozicije i izvo\u0111a\u010de za nagrade:<\/p>\n<p>1. Prvu nagradu za kompoziciju dobila je kompozitorka Ana Zrili\u0107 za &#8220;Ki\u0161nu rapsodiju&#8221;, koju su izvodile Marija Damjanovi\u0107, Lana Nikodinovi\u0107 i Ana Doj\u010dinovi\u0107 iz Banjaluke<\/p>\n<p>2. Drugu nagradu za kompoziciju dobio je kompozitor \u0110or\u0111e \u0408ovan\u010di\u0107 za &#8220;Kabare pravilnog govora&#8221; koju je izvodila Ma\u0161a Ga\u0161i\u0107 iz Prijedora<\/p>\n<p>3. Tre\u0107u nagradu za kompoziciju osvojili su Ana \u0408old\u017ei\u0107 i Mirko Kesi\u0107 za kompoziciju &#8220;Moja pjesma&#8221;, koju je izvodila Ana \u0408old\u017ei\u0107<\/p>\n<p>4. Prvu nagradu za interpretaciju dijele \u0408ana Sokolova iz Rusije i Eva Brumen Ko\u0161ar iz Slovenije<\/p>\n<p>5. Drugu nagradu za interpretaciju dijele Darina Tuma\u0161evi\u010da iz Letonije i Ma\u0161a Ga\u0161i\u0107 iz Prijedora<\/p>\n<p>6. Tre\u0107u nagradu za interpretaciju dijele Ivana Lazendi\u0107 iz Mrkonji\u0107 Grada i Uro\u0161 Botunjac iz Srbije<\/p>\n<p>7. Nagradu za najbolji aran\u017eman osvojio je Dejan Bo\u017eovi\u0107 za pjesmu &#8220;Korak za let&#8221; , koju je izvela An\u0111ela Stijepovi\u0107 iz Crne Gore<\/p>\n<p>8. Nagradu za najbolji tekst dobila je Daliborka Carevi\u0107 Deverny za pjesmu &#8220;Vjerujem&#8221; koju je izvodila Mia I\u0161tvani\u0107 iz Hrvatske<\/p>\n<p>9. Nagradu publike osvojila je Ma\u0161a Ga\u0161i\u0107<\/p>\n<p>10. Najboljom pjesmom za ni\u017ei \u0161kolski uzrast progla\u0161ena je pjesma &#8220;Pravi frend&#8221; autora \u0110or\u0111a \u0408ovan\u010di\u0107a<\/p>\n<p>11. Nagradu za najbolji scenski nastup dobila je Korina Postru\u017ein<\/p>\n<p>12. Nagradu \u017eirija u\u010desnika dobila je Mia I\u0161tvani\u0107.<\/p>\n<p>13. Nagradu organizatora i kompanije Mtel za najmla\u0111eg u\u010desnika dobio je Viktor Vukojevi\u0107<\/p>\n<p>14. Nagrada za doprinos dje\u010dijem muzi\u010dkom stvarala\u0161tvu dodjeljena je Ani \u0408old\u017ei\u0107<\/p>\n<p>Do sljede\u0107eg, 29. \u0110ur\u0111evdanskog festivala pozdravljamo sve \u0111ur\u0111evdanske zvjezdice, ljubitelje dobre dje\u010dije pjesme i pozivamo sve one koji bi voljeli da do\u017eive \u010dari na\u0161eg festivala da se prijave slede\u0107e godine!<\/p>\n<p>RTRS<\/p>\n<p><iframe loading=\"lazy\" title=\"Ma\u0161a Ga\u0161i\u0107 - Kabare pravilnog govora (\u0110ur\u0111evdanski festival 2022)\" width=\"500\" height=\"281\" src=\"https:\/\/www.youtube.com\/embed\/DE5x3yvu-1c?feature=oembed\" frameborder=\"0\" allow=\"accelerometer; autoplay; clipboard-write; encrypted-media; gyroscope; picture-in-picture\" allowfullscreen><\/iframe><\/p>\n","protected":false},"excerpt":{"rendered":"<p>U Banjaluci je ve\u010deras odr\u017ean 28. Me\u0111unarodni \u0111ur\u0111evdanski festival dje\u010dije pjesme. Stru\u010dni \u017eiri koji \u010dine Dejan Dejanovi\u0107, glavni urednik festivala, Dragoljub Sladojevi\u0107, urednik takmi\u010darskog dijela festivala, Aleksandar \u0408o\u0161i\u0107, urednik Muzi\u010dke [&hellip;]<\/p>\n","protected":false},"author":1,"featured_media":0,"comment_status":"closed","ping_status":"open","sticky":false,"template":"","format":"standard","meta":{"_monsterinsights_skip_tracking":false,"_monsterinsights_sitenote_active":false,"_monsterinsights_sitenote_note":"","_monsterinsights_sitenote_category":0,"footnotes":""},"categories":[4],"tags":[],"yoast_head":"<!-- This site is optimized with the Yoast SEO plugin v21.6 - https:\/\/yoast.com\/wordpress\/plugins\/seo\/ -->\n<title>Sjajan nastup Prijedor\u010danke Ma\u0161e Ga\u0161i\u0107 na \u0110ur\u0111evdanskom festivalu: Nagrada publike, druga nagrada za interpretaciju i druga nagrada \u017eirija za &quot;Kabare pravilnog govora&quot; - PrijedorDanas.com - Prijedorski gradski portal<\/title>\n<meta name=\"robots\" content=\"index, follow, max-snippet:-1, max-image-preview:large, max-video-preview:-1\" \/>\n<link rel=\"canonical\" href=\"https:\/\/www.prijedordanas.com\/?p=185791\" \/>\n<meta property=\"og:locale\" content=\"en_US\" \/>\n<meta property=\"og:type\" content=\"article\" \/>\n<meta property=\"og:title\" content=\"Sjajan nastup Prijedor\u010danke Ma\u0161e Ga\u0161i\u0107 na \u0110ur\u0111evdanskom festivalu: Nagrada publike, druga nagrada za interpretaciju i druga nagrada \u017eirija za &quot;Kabare pravilnog govora&quot; - PrijedorDanas.com - Prijedorski gradski portal\" \/>\n<meta property=\"og:description\" content=\"U Banjaluci je ve\u010deras odr\u017ean 28. Me\u0111unarodni \u0111ur\u0111evdanski festival dje\u010dije pjesme. Stru\u010dni \u017eiri koji \u010dine Dejan Dejanovi\u0107, glavni urednik festivala, Dragoljub Sladojevi\u0107, urednik takmi\u010darskog dijela festivala, Aleksandar \u0408o\u0161i\u0107, urednik Muzi\u010dke [&hellip;]\" \/>\n<meta property=\"og:url\" content=\"https:\/\/www.prijedordanas.com\/?p=185791\" \/>\n<meta property=\"og:site_name\" content=\"PrijedorDanas.com - Prijedorski gradski portal\" \/>\n<meta property=\"article:publisher\" content=\"https:\/\/www.facebook.com\/PrijedorDanasCom\/\" \/>\n<meta property=\"article:published_time\" content=\"2022-05-13T22:31:39+00:00\" \/>\n<meta property=\"og:image\" content=\"https:\/\/www.prijedordanas.com\/wp-content\/uploads\/2022\/05\/masa-gasic-djurdjevdanski-festival-2022-300x225.jpg\" \/>\n<meta name=\"author\" content=\"admin\" \/>\n<meta name=\"twitter:card\" content=\"summary_large_image\" \/>\n<meta name=\"twitter:label1\" content=\"Written by\" \/>\n\t<meta name=\"twitter:data1\" content=\"admin\" \/>\n\t<meta name=\"twitter:label2\" content=\"Est. reading time\" \/>\n\t<meta name=\"twitter:data2\" content=\"2 minutes\" \/>\n<script type=\"application\/ld+json\" class=\"yoast-schema-graph\">{\"@context\":\"https:\/\/schema.org\",\"@graph\":[{\"@type\":\"Article\",\"@id\":\"https:\/\/www.prijedordanas.com\/?p=185791#article\",\"isPartOf\":{\"@id\":\"https:\/\/www.prijedordanas.com\/?p=185791\"},\"author\":{\"name\":\"admin\",\"@id\":\"https:\/\/www.prijedordanas.com\/#\/schema\/person\/4e08ccf29b506ca916ff86d46bb700e6\"},\"headline\":\"Sjajan nastup Prijedor\u010danke Ma\u0161e Ga\u0161i\u0107 na \u0110ur\u0111evdanskom festivalu: Nagrada publike, druga nagrada za interpretaciju i druga nagrada \u017eirija za &#8220;Kabare pravilnog govora&#8221;\",\"datePublished\":\"2022-05-13T22:31:39+00:00\",\"dateModified\":\"2022-05-13T22:31:39+00:00\",\"mainEntityOfPage\":{\"@id\":\"https:\/\/www.prijedordanas.com\/?p=185791\"},\"wordCount\":407,\"publisher\":{\"@id\":\"https:\/\/www.prijedordanas.com\/#organization\"},\"articleSection\":[\"Dru\u0161tvo\"],\"inLanguage\":\"en-US\"},{\"@type\":\"WebPage\",\"@id\":\"https:\/\/www.prijedordanas.com\/?p=185791\",\"url\":\"https:\/\/www.prijedordanas.com\/?p=185791\",\"name\":\"Sjajan nastup Prijedor\u010danke Ma\u0161e Ga\u0161i\u0107 na \u0110ur\u0111evdanskom festivalu: Nagrada publike, druga nagrada za interpretaciju i druga nagrada \u017eirija za \\\"Kabare pravilnog govora\\\" - PrijedorDanas.com - Prijedorski gradski portal\",\"isPartOf\":{\"@id\":\"https:\/\/www.prijedordanas.com\/#website\"},\"datePublished\":\"2022-05-13T22:31:39+00:00\",\"dateModified\":\"2022-05-13T22:31:39+00:00\",\"breadcrumb\":{\"@id\":\"https:\/\/www.prijedordanas.com\/?p=185791#breadcrumb\"},\"inLanguage\":\"en-US\",\"potentialAction\":[{\"@type\":\"ReadAction\",\"target\":[\"https:\/\/www.prijedordanas.com\/?p=185791\"]}]},{\"@type\":\"BreadcrumbList\",\"@id\":\"https:\/\/www.prijedordanas.com\/?p=185791#breadcrumb\",\"itemListElement\":[{\"@type\":\"ListItem\",\"position\":1,\"name\":\"Home\",\"item\":\"https:\/\/www.prijedordanas.com\/\"},{\"@type\":\"ListItem\",\"position\":2,\"name\":\"Sjajan nastup Prijedor\u010danke Ma\u0161e Ga\u0161i\u0107 na \u0110ur\u0111evdanskom festivalu: Nagrada publike, druga nagrada za interpretaciju i druga nagrada \u017eirija za &#8220;Kabare pravilnog govora&#8221;\"}]},{\"@type\":\"WebSite\",\"@id\":\"https:\/\/www.prijedordanas.com\/#website\",\"url\":\"https:\/\/www.prijedordanas.com\/\",\"name\":\"PrijedorDanas.com - Prijedorski gradski portal\",\"description\":\"Portal o doga\u0111anjima u gradu Prijedoru\",\"publisher\":{\"@id\":\"https:\/\/www.prijedordanas.com\/#organization\"},\"potentialAction\":[{\"@type\":\"SearchAction\",\"target\":{\"@type\":\"EntryPoint\",\"urlTemplate\":\"https:\/\/www.prijedordanas.com\/?s={search_term_string}\"},\"query-input\":\"required name=search_term_string\"}],\"inLanguage\":\"en-US\"},{\"@type\":\"Organization\",\"@id\":\"https:\/\/www.prijedordanas.com\/#organization\",\"name\":\"PrijedorDanas.com\",\"url\":\"https:\/\/www.prijedordanas.com\/\",\"logo\":{\"@type\":\"ImageObject\",\"inLanguage\":\"en-US\",\"@id\":\"https:\/\/www.prijedordanas.com\/#\/schema\/logo\/image\/\",\"url\":\"http:\/\/www.prijedordanas.com\/wp-content\/uploads\/2021\/12\/logopng.png\",\"contentUrl\":\"http:\/\/www.prijedordanas.com\/wp-content\/uploads\/2021\/12\/logopng.png\",\"width\":1019,\"height\":776,\"caption\":\"PrijedorDanas.com\"},\"image\":{\"@id\":\"https:\/\/www.prijedordanas.com\/#\/schema\/logo\/image\/\"},\"sameAs\":[\"https:\/\/www.facebook.com\/PrijedorDanasCom\/\"]},{\"@type\":\"Person\",\"@id\":\"https:\/\/www.prijedordanas.com\/#\/schema\/person\/4e08ccf29b506ca916ff86d46bb700e6\",\"name\":\"admin\",\"image\":{\"@type\":\"ImageObject\",\"inLanguage\":\"en-US\",\"@id\":\"https:\/\/www.prijedordanas.com\/#\/schema\/person\/image\/\",\"url\":\"https:\/\/secure.gravatar.com\/avatar\/1d3fc949d550f0b53a5f0d51e06dfd79?s=96&d=mm&r=g\",\"contentUrl\":\"https:\/\/secure.gravatar.com\/avatar\/1d3fc949d550f0b53a5f0d51e06dfd79?s=96&d=mm&r=g\",\"caption\":\"admin\"},\"url\":\"https:\/\/www.prijedordanas.com\/?author=1\"}]}<\/script>\n<!-- \/ Yoast SEO plugin. -->","yoast_head_json":{"title":"Sjajan nastup Prijedor\u010danke Ma\u0161e Ga\u0161i\u0107 na \u0110ur\u0111evdanskom festivalu: Nagrada publike, druga nagrada za interpretaciju i druga nagrada \u017eirija za \"Kabare pravilnog govora\" - PrijedorDanas.com - Prijedorski gradski portal","robots":{"index":"index","follow":"follow","max-snippet":"max-snippet:-1","max-image-preview":"max-image-preview:large","max-video-preview":"max-video-preview:-1"},"canonical":"https:\/\/www.prijedordanas.com\/?p=185791","og_locale":"en_US","og_type":"article","og_title":"Sjajan nastup Prijedor\u010danke Ma\u0161e Ga\u0161i\u0107 na \u0110ur\u0111evdanskom festivalu: Nagrada publike, druga nagrada za interpretaciju i druga nagrada \u017eirija za \"Kabare pravilnog govora\" - PrijedorDanas.com - Prijedorski gradski portal","og_description":"U Banjaluci je ve\u010deras odr\u017ean 28. Me\u0111unarodni \u0111ur\u0111evdanski festival dje\u010dije pjesme. Stru\u010dni \u017eiri koji \u010dine Dejan Dejanovi\u0107, glavni urednik festivala, Dragoljub Sladojevi\u0107, urednik takmi\u010darskog dijela festivala, Aleksandar \u0408o\u0161i\u0107, urednik Muzi\u010dke [&hellip;]","og_url":"https:\/\/www.prijedordanas.com\/?p=185791","og_site_name":"PrijedorDanas.com - Prijedorski gradski portal","article_publisher":"https:\/\/www.facebook.com\/PrijedorDanasCom\/","article_published_time":"2022-05-13T22:31:39+00:00","og_image":[{"url":"https:\/\/www.prijedordanas.com\/wp-content\/uploads\/2022\/05\/masa-gasic-djurdjevdanski-festival-2022-300x225.jpg"}],"author":"admin","twitter_card":"summary_large_image","twitter_misc":{"Written by":"admin","Est. reading time":"2 minutes"},"schema":{"@context":"https:\/\/schema.org","@graph":[{"@type":"Article","@id":"https:\/\/www.prijedordanas.com\/?p=185791#article","isPartOf":{"@id":"https:\/\/www.prijedordanas.com\/?p=185791"},"author":{"name":"admin","@id":"https:\/\/www.prijedordanas.com\/#\/schema\/person\/4e08ccf29b506ca916ff86d46bb700e6"},"headline":"Sjajan nastup Prijedor\u010danke Ma\u0161e Ga\u0161i\u0107 na \u0110ur\u0111evdanskom festivalu: Nagrada publike, druga nagrada za interpretaciju i druga nagrada \u017eirija za &#8220;Kabare pravilnog govora&#8221;","datePublished":"2022-05-13T22:31:39+00:00","dateModified":"2022-05-13T22:31:39+00:00","mainEntityOfPage":{"@id":"https:\/\/www.prijedordanas.com\/?p=185791"},"wordCount":407,"publisher":{"@id":"https:\/\/www.prijedordanas.com\/#organization"},"articleSection":["Dru\u0161tvo"],"inLanguage":"en-US"},{"@type":"WebPage","@id":"https:\/\/www.prijedordanas.com\/?p=185791","url":"https:\/\/www.prijedordanas.com\/?p=185791","name":"Sjajan nastup Prijedor\u010danke Ma\u0161e Ga\u0161i\u0107 na \u0110ur\u0111evdanskom festivalu: Nagrada publike, druga nagrada za interpretaciju i druga nagrada \u017eirija za \"Kabare pravilnog govora\" - PrijedorDanas.com - Prijedorski gradski portal","isPartOf":{"@id":"https:\/\/www.prijedordanas.com\/#website"},"datePublished":"2022-05-13T22:31:39+00:00","dateModified":"2022-05-13T22:31:39+00:00","breadcrumb":{"@id":"https:\/\/www.prijedordanas.com\/?p=185791#breadcrumb"},"inLanguage":"en-US","potentialAction":[{"@type":"ReadAction","target":["https:\/\/www.prijedordanas.com\/?p=185791"]}]},{"@type":"BreadcrumbList","@id":"https:\/\/www.prijedordanas.com\/?p=185791#breadcrumb","itemListElement":[{"@type":"ListItem","position":1,"name":"Home","item":"https:\/\/www.prijedordanas.com\/"},{"@type":"ListItem","position":2,"name":"Sjajan nastup Prijedor\u010danke Ma\u0161e Ga\u0161i\u0107 na \u0110ur\u0111evdanskom festivalu: Nagrada publike, druga nagrada za interpretaciju i druga nagrada \u017eirija za &#8220;Kabare pravilnog govora&#8221;"}]},{"@type":"WebSite","@id":"https:\/\/www.prijedordanas.com\/#website","url":"https:\/\/www.prijedordanas.com\/","name":"PrijedorDanas.com - Prijedorski gradski portal","description":"Portal o doga\u0111anjima u gradu Prijedoru","publisher":{"@id":"https:\/\/www.prijedordanas.com\/#organization"},"potentialAction":[{"@type":"SearchAction","target":{"@type":"EntryPoint","urlTemplate":"https:\/\/www.prijedordanas.com\/?s={search_term_string}"},"query-input":"required name=search_term_string"}],"inLanguage":"en-US"},{"@type":"Organization","@id":"https:\/\/www.prijedordanas.com\/#organization","name":"PrijedorDanas.com","url":"https:\/\/www.prijedordanas.com\/","logo":{"@type":"ImageObject","inLanguage":"en-US","@id":"https:\/\/www.prijedordanas.com\/#\/schema\/logo\/image\/","url":"http:\/\/www.prijedordanas.com\/wp-content\/uploads\/2021\/12\/logopng.png","contentUrl":"http:\/\/www.prijedordanas.com\/wp-content\/uploads\/2021\/12\/logopng.png","width":1019,"height":776,"caption":"PrijedorDanas.com"},"image":{"@id":"https:\/\/www.prijedordanas.com\/#\/schema\/logo\/image\/"},"sameAs":["https:\/\/www.facebook.com\/PrijedorDanasCom\/"]},{"@type":"Person","@id":"https:\/\/www.prijedordanas.com\/#\/schema\/person\/4e08ccf29b506ca916ff86d46bb700e6","name":"admin","image":{"@type":"ImageObject","inLanguage":"en-US","@id":"https:\/\/www.prijedordanas.com\/#\/schema\/person\/image\/","url":"https:\/\/secure.gravatar.com\/avatar\/1d3fc949d550f0b53a5f0d51e06dfd79?s=96&d=mm&r=g","contentUrl":"https:\/\/secure.gravatar.com\/avatar\/1d3fc949d550f0b53a5f0d51e06dfd79?s=96&d=mm&r=g","caption":"admin"},"url":"https:\/\/www.prijedordanas.com\/?author=1"}]}},"_links":{"self":[{"href":"https:\/\/www.prijedordanas.com\/index.php?rest_route=\/wp\/v2\/posts\/185791"}],"collection":[{"href":"https:\/\/www.prijedordanas.com\/index.php?rest_route=\/wp\/v2\/posts"}],"about":[{"href":"https:\/\/www.prijedordanas.com\/index.php?rest_route=\/wp\/v2\/types\/post"}],"author":[{"embeddable":true,"href":"https:\/\/www.prijedordanas.com\/index.php?rest_route=\/wp\/v2\/users\/1"}],"replies":[{"embeddable":true,"href":"https:\/\/www.prijedordanas.com\/index.php?rest_route=%2Fwp%2Fv2%2Fcomments&post=185791"}],"version-history":[{"count":2,"href":"https:\/\/www.prijedordanas.com\/index.php?rest_route=\/wp\/v2\/posts\/185791\/revisions"}],"predecessor-version":[{"id":185794,"href":"https:\/\/www.prijedordanas.com\/index.php?rest_route=\/wp\/v2\/posts\/185791\/revisions\/185794"}],"wp:attachment":[{"href":"https:\/\/www.prijedordanas.com\/index.php?rest_route=%2Fwp%2Fv2%2Fmedia&parent=185791"}],"wp:term":[{"taxonomy":"category","embeddable":true,"href":"https:\/\/www.prijedordanas.com\/index.php?rest_route=%2Fwp%2Fv2%2Fcategories&post=185791"},{"taxonomy":"post_tag","embeddable":true,"href":"https:\/\/www.prijedordanas.com\/index.php?rest_route=%2Fwp%2Fv2%2Ftags&post=185791"}],"curies":[{"name":"wp","href":"https:\/\/api.w.org\/{rel}","templated":true}]}}