{"id":185621,"date":"2022-05-11T13:42:52","date_gmt":"2022-05-11T11:42:52","guid":{"rendered":"https:\/\/www.prijedordanas.com\/?p=185621"},"modified":"2022-05-11T13:42:52","modified_gmt":"2022-05-11T11:42:52","slug":"simptomi-su-povracanje-i-temperatura-nakon-jahorine-pomoc-u-domu-zdravlja-prijedor-zatrazilo-15-daka","status":"publish","type":"post","link":"https:\/\/www.prijedordanas.com\/?p=185621","title":{"rendered":"Simptomi su povra\u0107anje i temperatura: Nakon Jahorine, pomo\u0107 u Domu zdravlja Prijedor zatra\u017eilo 15 \u0111aka"},"content":{"rendered":"<p><a href=\"https:\/\/www.prijedordanas.com\/wp-content\/uploads\/2022\/05\/blic-ekskurzija-prijedor-povratak-3.jpg\"><img loading=\"lazy\" decoding=\"async\" src=\"https:\/\/www.prijedordanas.com\/wp-content\/uploads\/2022\/05\/blic-ekskurzija-prijedor-povratak-3-300x225.jpg\" alt=\"\" width=\"300\" height=\"225\" class=\"alignleft size-medium wp-image-185550\" srcset=\"https:\/\/www.prijedordanas.com\/wp-content\/uploads\/2022\/05\/blic-ekskurzija-prijedor-povratak-3-300x225.jpg 300w, https:\/\/www.prijedordanas.com\/wp-content\/uploads\/2022\/05\/blic-ekskurzija-prijedor-povratak-3-640x480.jpg 640w, https:\/\/www.prijedordanas.com\/wp-content\/uploads\/2022\/05\/blic-ekskurzija-prijedor-povratak-3.jpg 667w\" sizes=\"(max-width: 300px) 100vw, 300px\" \/><\/a>Domu zdravlja Prijedor do sada se javilo 15 osnovaca iz \u0161kole &#8220;Petar Ko\u010di\u0107&#8221; koji su se zbog stoma\u010dnih tegoba vratili sa izleta na Jahorini. <\/p>\n<p><strong><a href=\"https:\/\/www.prijedordanas.com\/?p=185612\" rel=\"noopener\" target=\"_blank\">Prijedor \u2013 Matija\u0161: \u0408o\u0161 jedna neprospavana no\u0107 je iza nas \u2013 VIDEO<\/a><\/strong><\/p>\n<p>Potvrdili su iz ove zdravstvene ustanove za Srpskainfo.<\/p>\n<p><strong><a href=\"https:\/\/www.prijedordanas.com\/?p=185593\" target=\"_blank\" rel=\"noopener\">Roditelji prijedorskih u\u010denika ogor\u010deni: Rezultati inspekcije do kraja sedmice \u2013 FOTO\/VIDEO<\/a><\/strong><\/p>\n<p>\u2013 Simptomi zbog kojih su se osnovci javljali u na\u0161u ustanovu su povra\u0107anje, sporadi\u010dno dijareja i temperatura. Zbog dehidratacije, nekim osnovcima uklju\u010dena je infuziona terapija, a gdje je potrebno dijete se upu\u0107uje u op\u0161tu bolnicu Prijedor- rekli su u Domu zdravlja Prijedor.<\/p>\n<p><strong><a href=\"https:\/\/www.prijedordanas.com\/?p=185583\" target=\"_blank\" rel=\"noopener\">\u201cStoma\u010dne tegobe imalo 43 mali\u0161ana\u201d: Na Jahorini se razboljela i djeca iz druge prijedorske \u0161kole<\/a><\/strong><\/p>\n<p>U nedjelju su se \u0111aci prijedorske O\u0160 \u201cPetar Ko\u010di\u0107\u201d vratili sa \u0161kole u prirodi na Jahorini, zbog zdravstvenih problema. Od 91 u\u010denika, 42 je imalo stoma\u010dne tegobe, a 18 je zavr\u0161ilo na infuziji.<\/p>\n<p><strong><a href=\"https:\/\/www.prijedordanas.com\/?p=185579\" target=\"_blank\" rel=\"noopener\">Nakon prekinutog izleta na Jahorini: Roditeljima iz Prijedora \u0107e biti vra\u0107en dio novca \u2013 FOTO<\/a><\/strong><\/p>\n<p>U petak se o\u010dekuju rezultati uzoraka vode i hrane iz hotela \u201cNeboj\u0161a\u201d u kojem su \u0111aci bili smje\u0161teni.<\/p>\n<p><strong><a href=\"https:\/\/www.prijedordanas.com\/?p=185543\" target=\"_blank\" rel=\"noopener\">Desetine u\u010denika prijedorskih osnovnih \u0161kola razboljelo se na ekskurziji na \u0408ahorini \u2013 VIDEO<\/a><\/strong><\/p>\n<p><a href=\"https:\/\/srpskainfo.com\/simptomi-su-povracanje-i-temperatura-nakon-jahorine-pomoc-u-domu-zdravlja-prijedor-zatrazilo-15-djaka\/\" rel=\"noopener\" target=\"_blank\">srpskainfo.com<\/a><\/p>\n","protected":false},"excerpt":{"rendered":"<p>Domu zdravlja Prijedor do sada se javilo 15 osnovaca iz \u0161kole &#8220;Petar Ko\u010di\u0107&#8221; koji su se zbog stoma\u010dnih tegoba vratili sa izleta na Jahorini. Prijedor \u2013 Matija\u0161: \u0408o\u0161 jedna neprospavana [&hellip;]<\/p>\n","protected":false},"author":1,"featured_media":0,"comment_status":"closed","ping_status":"open","sticky":false,"template":"","format":"standard","meta":{"_monsterinsights_skip_tracking":false,"_monsterinsights_sitenote_active":false,"_monsterinsights_sitenote_note":"","_monsterinsights_sitenote_category":0,"footnotes":""},"categories":[4],"tags":[],"yoast_head":"<!-- This site is optimized with the Yoast SEO plugin v21.6 - https:\/\/yoast.com\/wordpress\/plugins\/seo\/ -->\n<title>Simptomi su povra\u0107anje i temperatura: Nakon Jahorine, pomo\u0107 u Domu zdravlja Prijedor zatra\u017eilo 15 \u0111aka - PrijedorDanas.com - Prijedorski gradski portal<\/title>\n<meta name=\"robots\" content=\"index, follow, max-snippet:-1, max-image-preview:large, max-video-preview:-1\" \/>\n<link rel=\"canonical\" href=\"https:\/\/www.prijedordanas.com\/?p=185621\" \/>\n<meta property=\"og:locale\" content=\"en_US\" \/>\n<meta property=\"og:type\" content=\"article\" \/>\n<meta property=\"og:title\" content=\"Simptomi su povra\u0107anje i temperatura: Nakon Jahorine, pomo\u0107 u Domu zdravlja Prijedor zatra\u017eilo 15 \u0111aka - PrijedorDanas.com - Prijedorski gradski portal\" \/>\n<meta property=\"og:description\" content=\"Domu zdravlja Prijedor do sada se javilo 15 osnovaca iz \u0161kole &#8220;Petar Ko\u010di\u0107&#8221; koji su se zbog stoma\u010dnih tegoba vratili sa izleta na Jahorini. Prijedor \u2013 Matija\u0161: \u0408o\u0161 jedna neprospavana [&hellip;]\" \/>\n<meta property=\"og:url\" content=\"https:\/\/www.prijedordanas.com\/?p=185621\" \/>\n<meta property=\"og:site_name\" content=\"PrijedorDanas.com - Prijedorski gradski portal\" \/>\n<meta property=\"article:publisher\" content=\"https:\/\/www.facebook.com\/PrijedorDanasCom\/\" \/>\n<meta property=\"article:published_time\" content=\"2022-05-11T11:42:52+00:00\" \/>\n<meta property=\"og:image\" content=\"https:\/\/www.prijedordanas.com\/wp-content\/uploads\/2022\/05\/blic-ekskurzija-prijedor-povratak-3-300x225.jpg\" \/>\n<meta name=\"author\" content=\"admin\" \/>\n<meta name=\"twitter:card\" content=\"summary_large_image\" \/>\n<meta name=\"twitter:label1\" content=\"Written by\" \/>\n\t<meta name=\"twitter:data1\" content=\"admin\" \/>\n\t<meta name=\"twitter:label2\" content=\"Est. reading time\" \/>\n\t<meta name=\"twitter:data2\" content=\"1 minute\" \/>\n<script type=\"application\/ld+json\" class=\"yoast-schema-graph\">{\"@context\":\"https:\/\/schema.org\",\"@graph\":[{\"@type\":\"Article\",\"@id\":\"https:\/\/www.prijedordanas.com\/?p=185621#article\",\"isPartOf\":{\"@id\":\"https:\/\/www.prijedordanas.com\/?p=185621\"},\"author\":{\"name\":\"admin\",\"@id\":\"https:\/\/www.prijedordanas.com\/#\/schema\/person\/4e08ccf29b506ca916ff86d46bb700e6\"},\"headline\":\"Simptomi su povra\u0107anje i temperatura: Nakon Jahorine, pomo\u0107 u Domu zdravlja Prijedor zatra\u017eilo 15 \u0111aka\",\"datePublished\":\"2022-05-11T11:42:52+00:00\",\"dateModified\":\"2022-05-11T11:42:52+00:00\",\"mainEntityOfPage\":{\"@id\":\"https:\/\/www.prijedordanas.com\/?p=185621\"},\"wordCount\":220,\"publisher\":{\"@id\":\"https:\/\/www.prijedordanas.com\/#organization\"},\"articleSection\":[\"Dru\u0161tvo\"],\"inLanguage\":\"en-US\"},{\"@type\":\"WebPage\",\"@id\":\"https:\/\/www.prijedordanas.com\/?p=185621\",\"url\":\"https:\/\/www.prijedordanas.com\/?p=185621\",\"name\":\"Simptomi su povra\u0107anje i temperatura: Nakon Jahorine, pomo\u0107 u Domu zdravlja Prijedor zatra\u017eilo 15 \u0111aka - PrijedorDanas.com - Prijedorski gradski portal\",\"isPartOf\":{\"@id\":\"https:\/\/www.prijedordanas.com\/#website\"},\"datePublished\":\"2022-05-11T11:42:52+00:00\",\"dateModified\":\"2022-05-11T11:42:52+00:00\",\"breadcrumb\":{\"@id\":\"https:\/\/www.prijedordanas.com\/?p=185621#breadcrumb\"},\"inLanguage\":\"en-US\",\"potentialAction\":[{\"@type\":\"ReadAction\",\"target\":[\"https:\/\/www.prijedordanas.com\/?p=185621\"]}]},{\"@type\":\"BreadcrumbList\",\"@id\":\"https:\/\/www.prijedordanas.com\/?p=185621#breadcrumb\",\"itemListElement\":[{\"@type\":\"ListItem\",\"position\":1,\"name\":\"Home\",\"item\":\"https:\/\/www.prijedordanas.com\/\"},{\"@type\":\"ListItem\",\"position\":2,\"name\":\"Simptomi su povra\u0107anje i temperatura: Nakon Jahorine, pomo\u0107 u Domu zdravlja Prijedor zatra\u017eilo 15 \u0111aka\"}]},{\"@type\":\"WebSite\",\"@id\":\"https:\/\/www.prijedordanas.com\/#website\",\"url\":\"https:\/\/www.prijedordanas.com\/\",\"name\":\"PrijedorDanas.com - Prijedorski gradski portal\",\"description\":\"Portal o doga\u0111anjima u gradu Prijedoru\",\"publisher\":{\"@id\":\"https:\/\/www.prijedordanas.com\/#organization\"},\"potentialAction\":[{\"@type\":\"SearchAction\",\"target\":{\"@type\":\"EntryPoint\",\"urlTemplate\":\"https:\/\/www.prijedordanas.com\/?s={search_term_string}\"},\"query-input\":\"required name=search_term_string\"}],\"inLanguage\":\"en-US\"},{\"@type\":\"Organization\",\"@id\":\"https:\/\/www.prijedordanas.com\/#organization\",\"name\":\"PrijedorDanas.com\",\"url\":\"https:\/\/www.prijedordanas.com\/\",\"logo\":{\"@type\":\"ImageObject\",\"inLanguage\":\"en-US\",\"@id\":\"https:\/\/www.prijedordanas.com\/#\/schema\/logo\/image\/\",\"url\":\"http:\/\/www.prijedordanas.com\/wp-content\/uploads\/2021\/12\/logopng.png\",\"contentUrl\":\"http:\/\/www.prijedordanas.com\/wp-content\/uploads\/2021\/12\/logopng.png\",\"width\":1019,\"height\":776,\"caption\":\"PrijedorDanas.com\"},\"image\":{\"@id\":\"https:\/\/www.prijedordanas.com\/#\/schema\/logo\/image\/\"},\"sameAs\":[\"https:\/\/www.facebook.com\/PrijedorDanasCom\/\"]},{\"@type\":\"Person\",\"@id\":\"https:\/\/www.prijedordanas.com\/#\/schema\/person\/4e08ccf29b506ca916ff86d46bb700e6\",\"name\":\"admin\",\"image\":{\"@type\":\"ImageObject\",\"inLanguage\":\"en-US\",\"@id\":\"https:\/\/www.prijedordanas.com\/#\/schema\/person\/image\/\",\"url\":\"https:\/\/secure.gravatar.com\/avatar\/1d3fc949d550f0b53a5f0d51e06dfd79?s=96&d=mm&r=g\",\"contentUrl\":\"https:\/\/secure.gravatar.com\/avatar\/1d3fc949d550f0b53a5f0d51e06dfd79?s=96&d=mm&r=g\",\"caption\":\"admin\"},\"url\":\"https:\/\/www.prijedordanas.com\/?author=1\"}]}<\/script>\n<!-- \/ Yoast SEO plugin. -->","yoast_head_json":{"title":"Simptomi su povra\u0107anje i temperatura: Nakon Jahorine, pomo\u0107 u Domu zdravlja Prijedor zatra\u017eilo 15 \u0111aka - PrijedorDanas.com - Prijedorski gradski portal","robots":{"index":"index","follow":"follow","max-snippet":"max-snippet:-1","max-image-preview":"max-image-preview:large","max-video-preview":"max-video-preview:-1"},"canonical":"https:\/\/www.prijedordanas.com\/?p=185621","og_locale":"en_US","og_type":"article","og_title":"Simptomi su povra\u0107anje i temperatura: Nakon Jahorine, pomo\u0107 u Domu zdravlja Prijedor zatra\u017eilo 15 \u0111aka - PrijedorDanas.com - Prijedorski gradski portal","og_description":"Domu zdravlja Prijedor do sada se javilo 15 osnovaca iz \u0161kole &#8220;Petar Ko\u010di\u0107&#8221; koji su se zbog stoma\u010dnih tegoba vratili sa izleta na Jahorini. Prijedor \u2013 Matija\u0161: \u0408o\u0161 jedna neprospavana [&hellip;]","og_url":"https:\/\/www.prijedordanas.com\/?p=185621","og_site_name":"PrijedorDanas.com - Prijedorski gradski portal","article_publisher":"https:\/\/www.facebook.com\/PrijedorDanasCom\/","article_published_time":"2022-05-11T11:42:52+00:00","og_image":[{"url":"https:\/\/www.prijedordanas.com\/wp-content\/uploads\/2022\/05\/blic-ekskurzija-prijedor-povratak-3-300x225.jpg"}],"author":"admin","twitter_card":"summary_large_image","twitter_misc":{"Written by":"admin","Est. reading time":"1 minute"},"schema":{"@context":"https:\/\/schema.org","@graph":[{"@type":"Article","@id":"https:\/\/www.prijedordanas.com\/?p=185621#article","isPartOf":{"@id":"https:\/\/www.prijedordanas.com\/?p=185621"},"author":{"name":"admin","@id":"https:\/\/www.prijedordanas.com\/#\/schema\/person\/4e08ccf29b506ca916ff86d46bb700e6"},"headline":"Simptomi su povra\u0107anje i temperatura: Nakon Jahorine, pomo\u0107 u Domu zdravlja Prijedor zatra\u017eilo 15 \u0111aka","datePublished":"2022-05-11T11:42:52+00:00","dateModified":"2022-05-11T11:42:52+00:00","mainEntityOfPage":{"@id":"https:\/\/www.prijedordanas.com\/?p=185621"},"wordCount":220,"publisher":{"@id":"https:\/\/www.prijedordanas.com\/#organization"},"articleSection":["Dru\u0161tvo"],"inLanguage":"en-US"},{"@type":"WebPage","@id":"https:\/\/www.prijedordanas.com\/?p=185621","url":"https:\/\/www.prijedordanas.com\/?p=185621","name":"Simptomi su povra\u0107anje i temperatura: Nakon Jahorine, pomo\u0107 u Domu zdravlja Prijedor zatra\u017eilo 15 \u0111aka - PrijedorDanas.com - Prijedorski gradski portal","isPartOf":{"@id":"https:\/\/www.prijedordanas.com\/#website"},"datePublished":"2022-05-11T11:42:52+00:00","dateModified":"2022-05-11T11:42:52+00:00","breadcrumb":{"@id":"https:\/\/www.prijedordanas.com\/?p=185621#breadcrumb"},"inLanguage":"en-US","potentialAction":[{"@type":"ReadAction","target":["https:\/\/www.prijedordanas.com\/?p=185621"]}]},{"@type":"BreadcrumbList","@id":"https:\/\/www.prijedordanas.com\/?p=185621#breadcrumb","itemListElement":[{"@type":"ListItem","position":1,"name":"Home","item":"https:\/\/www.prijedordanas.com\/"},{"@type":"ListItem","position":2,"name":"Simptomi su povra\u0107anje i temperatura: Nakon Jahorine, pomo\u0107 u Domu zdravlja Prijedor zatra\u017eilo 15 \u0111aka"}]},{"@type":"WebSite","@id":"https:\/\/www.prijedordanas.com\/#website","url":"https:\/\/www.prijedordanas.com\/","name":"PrijedorDanas.com - Prijedorski gradski portal","description":"Portal o doga\u0111anjima u gradu Prijedoru","publisher":{"@id":"https:\/\/www.prijedordanas.com\/#organization"},"potentialAction":[{"@type":"SearchAction","target":{"@type":"EntryPoint","urlTemplate":"https:\/\/www.prijedordanas.com\/?s={search_term_string}"},"query-input":"required name=search_term_string"}],"inLanguage":"en-US"},{"@type":"Organization","@id":"https:\/\/www.prijedordanas.com\/#organization","name":"PrijedorDanas.com","url":"https:\/\/www.prijedordanas.com\/","logo":{"@type":"ImageObject","inLanguage":"en-US","@id":"https:\/\/www.prijedordanas.com\/#\/schema\/logo\/image\/","url":"http:\/\/www.prijedordanas.com\/wp-content\/uploads\/2021\/12\/logopng.png","contentUrl":"http:\/\/www.prijedordanas.com\/wp-content\/uploads\/2021\/12\/logopng.png","width":1019,"height":776,"caption":"PrijedorDanas.com"},"image":{"@id":"https:\/\/www.prijedordanas.com\/#\/schema\/logo\/image\/"},"sameAs":["https:\/\/www.facebook.com\/PrijedorDanasCom\/"]},{"@type":"Person","@id":"https:\/\/www.prijedordanas.com\/#\/schema\/person\/4e08ccf29b506ca916ff86d46bb700e6","name":"admin","image":{"@type":"ImageObject","inLanguage":"en-US","@id":"https:\/\/www.prijedordanas.com\/#\/schema\/person\/image\/","url":"https:\/\/secure.gravatar.com\/avatar\/1d3fc949d550f0b53a5f0d51e06dfd79?s=96&d=mm&r=g","contentUrl":"https:\/\/secure.gravatar.com\/avatar\/1d3fc949d550f0b53a5f0d51e06dfd79?s=96&d=mm&r=g","caption":"admin"},"url":"https:\/\/www.prijedordanas.com\/?author=1"}]}},"_links":{"self":[{"href":"https:\/\/www.prijedordanas.com\/index.php?rest_route=\/wp\/v2\/posts\/185621"}],"collection":[{"href":"https:\/\/www.prijedordanas.com\/index.php?rest_route=\/wp\/v2\/posts"}],"about":[{"href":"https:\/\/www.prijedordanas.com\/index.php?rest_route=\/wp\/v2\/types\/post"}],"author":[{"embeddable":true,"href":"https:\/\/www.prijedordanas.com\/index.php?rest_route=\/wp\/v2\/users\/1"}],"replies":[{"embeddable":true,"href":"https:\/\/www.prijedordanas.com\/index.php?rest_route=%2Fwp%2Fv2%2Fcomments&post=185621"}],"version-history":[{"count":1,"href":"https:\/\/www.prijedordanas.com\/index.php?rest_route=\/wp\/v2\/posts\/185621\/revisions"}],"predecessor-version":[{"id":185622,"href":"https:\/\/www.prijedordanas.com\/index.php?rest_route=\/wp\/v2\/posts\/185621\/revisions\/185622"}],"wp:attachment":[{"href":"https:\/\/www.prijedordanas.com\/index.php?rest_route=%2Fwp%2Fv2%2Fmedia&parent=185621"}],"wp:term":[{"taxonomy":"category","embeddable":true,"href":"https:\/\/www.prijedordanas.com\/index.php?rest_route=%2Fwp%2Fv2%2Fcategories&post=185621"},{"taxonomy":"post_tag","embeddable":true,"href":"https:\/\/www.prijedordanas.com\/index.php?rest_route=%2Fwp%2Fv2%2Ftags&post=185621"}],"curies":[{"name":"wp","href":"https:\/\/api.w.org\/{rel}","templated":true}]}}