{"id":185612,"date":"2022-05-11T11:12:21","date_gmt":"2022-05-11T09:12:21","guid":{"rendered":"https:\/\/www.prijedordanas.com\/?p=185612"},"modified":"2022-05-11T11:12:21","modified_gmt":"2022-05-11T09:12:21","slug":"prijedor-matijas-%d1%98os-jedna-neprospavana-noc-je-iza-nas-video","status":"publish","type":"post","link":"https:\/\/www.prijedordanas.com\/?p=185612","title":{"rendered":"Prijedor &#8211; Matija\u0161: \u0408o\u0161 jedna neprospavana no\u0107 je iza nas &#8211; VIDEO"},"content":{"rendered":"<p><a href=\"https:\/\/www.prijedordanas.com\/wp-content\/uploads\/2022\/05\/rtrs-milica-matijas.jpg\"><img loading=\"lazy\" decoding=\"async\" class=\"alignleft size-medium wp-image-185613\" src=\"https:\/\/www.prijedordanas.com\/wp-content\/uploads\/2022\/05\/rtrs-milica-matijas-300x225.jpg\" alt=\"\" width=\"300\" height=\"225\" srcset=\"https:\/\/www.prijedordanas.com\/wp-content\/uploads\/2022\/05\/rtrs-milica-matijas-300x225.jpg 300w, https:\/\/www.prijedordanas.com\/wp-content\/uploads\/2022\/05\/rtrs-milica-matijas-640x480.jpg 640w, https:\/\/www.prijedordanas.com\/wp-content\/uploads\/2022\/05\/rtrs-milica-matijas.jpg 667w\" sizes=\"(max-width: 300px) 100vw, 300px\" \/><\/a>\u0408o\u0161 jedna neprespavana no\u0107 iza nas je, istakla je Milica Matija\u0161, majka jednog od u\u010denika koji su boravili na ekskurziji na \u0408ahorini, gostuju\u0107i u na\u0161em \u0408utarnjem programu.<\/p>\n<p><strong><a href=\"https:\/\/www.prijedordanas.com\/?p=185593\" target=\"_blank\" rel=\"noopener\">Roditelji prijedorskih u\u010denika ogor\u010deni: Rezultati inspekcije do kraja sedmice \u2013 FOTO\/VIDEO<\/a><\/strong><\/p>\n<p>&#8211; \u0408utro\u0161nja infromacija da je \u0107erka malo bolje. Prestalo je povra\u0107anje, ali jo\u0161 uvijek je na infuziji. Djeca su svakako istraumirana svim \u0161to se doga\u0111alo na \u0408ahorini &#8211; istakla je Matija\u0161.<\/p>\n<p><strong><a href=\"https:\/\/www.prijedordanas.com\/?p=185583\" target=\"_blank\" rel=\"noopener\">\u201cStoma\u010dne tegobe imalo 43 mali\u0161ana\u201d: Na Jahorini se razboljela i djeca iz druge prijedorske \u0161kole<\/a><\/strong><\/p>\n<p>Ona je naglasila da \u0107e roditelji sa\u010dekati krajnji epilog i onda preduzeti odre\u0111ene korake.<\/p>\n<p><strong><a href=\"https:\/\/www.prijedordanas.com\/?p=185579\" target=\"_blank\" rel=\"noopener\">Nakon prekinutog izleta na Jahorini: Roditeljima iz Prijedora \u0107e biti vra\u0107en dio novca \u2013 FOTO<\/a><\/strong><\/p>\n<p>&#8211; Veliko razo\u010darenje roditelja jesu odgovori agencije. Ni na jedno pitanje nam nisu odgovorili, izuzev re\u010denice &#8220;Djeca \u0107e vam ozdraviti&#8221;. Tra\u017ei\u0107emo 100 odstotni povrat novca. Za svako dijete za koje se utvrdi da je imalo trovanje stomaka, bi\u0107e tu\u017eeni Hotel, kao i agencija &#8211; istakla je Matija\u0161.<\/p>\n<p><strong><a href=\"https:\/\/www.prijedordanas.com\/?p=185543\" target=\"_blank\" rel=\"noopener\">Desetine u\u010denika prijedorskih osnovnih \u0161kola razboljelo se na ekskurziji na \u0408ahorini \u2013 VIDEO<\/a><\/strong><\/p>\n<p>Podsje\u0107amo, oko stotinu u\u010denika prijedorskih osnovnih \u0161kola razboljelo se tokom boravka na ekskurziji na \u0408ahorini.<\/p>\n<p><strong><a href=\"https:\/\/www.prijedordanas.com\/?p=185538\" target=\"_blank\" rel=\"noopener\">Na infuziji zavr\u0161ilo 18 osnovaca iz Prijedora, vratili se sa Jahorine<\/a><\/strong><\/p>\n<p>U\u010denici, koji su bili smje\u0161teni u Hotel &#8220;Neboj\u0161a&#8221;, imaju stoma\u010dne tegobe.<\/p>\n<p><strong><a href=\"https:\/\/www.prijedordanas.com\/?p=185532\" target=\"_blank\" rel=\"noopener\">Roditelji prijedorskih \u0161kolaraca ogor\u010deni: Da smo znali za ranije slu\u010dajeve, ne bismo ni slali djecu na Jahorinu<\/a><\/strong><\/p>\n<p>RTRS<\/p>\n<p><iframe loading=\"lazy\" title=\"Jutarnji program, gost: Milica Matija\u0161 \/\/\/ 11.05.2022.\" width=\"500\" height=\"281\" src=\"https:\/\/www.youtube.com\/embed\/yUeb7ReHH7s?feature=oembed\" frameborder=\"0\" allow=\"accelerometer; autoplay; clipboard-write; encrypted-media; gyroscope; picture-in-picture\" allowfullscreen><\/iframe><\/p>\n","protected":false},"excerpt":{"rendered":"<p>\u0408o\u0161 jedna neprespavana no\u0107 iza nas je, istakla je Milica Matija\u0161, majka jednog od u\u010denika koji su boravili na ekskurziji na \u0408ahorini, gostuju\u0107i u na\u0161em \u0408utarnjem programu. Roditelji prijedorskih u\u010denika [&hellip;]<\/p>\n","protected":false},"author":1,"featured_media":0,"comment_status":"closed","ping_status":"open","sticky":false,"template":"","format":"standard","meta":{"_monsterinsights_skip_tracking":false,"_monsterinsights_sitenote_active":false,"_monsterinsights_sitenote_note":"","_monsterinsights_sitenote_category":0,"footnotes":""},"categories":[4],"tags":[],"yoast_head":"<!-- This site is optimized with the Yoast SEO plugin v21.6 - https:\/\/yoast.com\/wordpress\/plugins\/seo\/ -->\n<title>Prijedor - Matija\u0161: \u0408o\u0161 jedna neprospavana no\u0107 je iza nas - VIDEO - PrijedorDanas.com - Prijedorski gradski portal<\/title>\n<meta name=\"robots\" content=\"index, follow, max-snippet:-1, max-image-preview:large, max-video-preview:-1\" \/>\n<link rel=\"canonical\" href=\"https:\/\/www.prijedordanas.com\/?p=185612\" \/>\n<meta property=\"og:locale\" content=\"en_US\" \/>\n<meta property=\"og:type\" content=\"article\" \/>\n<meta property=\"og:title\" content=\"Prijedor - Matija\u0161: \u0408o\u0161 jedna neprospavana no\u0107 je iza nas - VIDEO - PrijedorDanas.com - Prijedorski gradski portal\" \/>\n<meta property=\"og:description\" content=\"\u0408o\u0161 jedna neprespavana no\u0107 iza nas je, istakla je Milica Matija\u0161, majka jednog od u\u010denika koji su boravili na ekskurziji na \u0408ahorini, gostuju\u0107i u na\u0161em \u0408utarnjem programu. Roditelji prijedorskih u\u010denika [&hellip;]\" \/>\n<meta property=\"og:url\" content=\"https:\/\/www.prijedordanas.com\/?p=185612\" \/>\n<meta property=\"og:site_name\" content=\"PrijedorDanas.com - Prijedorski gradski portal\" \/>\n<meta property=\"article:publisher\" content=\"https:\/\/www.facebook.com\/PrijedorDanasCom\/\" \/>\n<meta property=\"article:published_time\" content=\"2022-05-11T09:12:21+00:00\" \/>\n<meta property=\"og:image\" content=\"https:\/\/www.prijedordanas.com\/wp-content\/uploads\/2022\/05\/rtrs-milica-matijas-300x225.jpg\" \/>\n<meta name=\"author\" content=\"admin\" \/>\n<meta name=\"twitter:card\" content=\"summary_large_image\" \/>\n<meta name=\"twitter:label1\" content=\"Written by\" \/>\n\t<meta name=\"twitter:data1\" content=\"admin\" \/>\n\t<meta name=\"twitter:label2\" content=\"Est. reading time\" \/>\n\t<meta name=\"twitter:data2\" content=\"1 minute\" \/>\n<script type=\"application\/ld+json\" class=\"yoast-schema-graph\">{\"@context\":\"https:\/\/schema.org\",\"@graph\":[{\"@type\":\"Article\",\"@id\":\"https:\/\/www.prijedordanas.com\/?p=185612#article\",\"isPartOf\":{\"@id\":\"https:\/\/www.prijedordanas.com\/?p=185612\"},\"author\":{\"name\":\"admin\",\"@id\":\"https:\/\/www.prijedordanas.com\/#\/schema\/person\/4e08ccf29b506ca916ff86d46bb700e6\"},\"headline\":\"Prijedor &#8211; Matija\u0161: \u0408o\u0161 jedna neprospavana no\u0107 je iza nas &#8211; VIDEO\",\"datePublished\":\"2022-05-11T09:12:21+00:00\",\"dateModified\":\"2022-05-11T09:12:21+00:00\",\"mainEntityOfPage\":{\"@id\":\"https:\/\/www.prijedordanas.com\/?p=185612\"},\"wordCount\":270,\"publisher\":{\"@id\":\"https:\/\/www.prijedordanas.com\/#organization\"},\"articleSection\":[\"Dru\u0161tvo\"],\"inLanguage\":\"en-US\"},{\"@type\":\"WebPage\",\"@id\":\"https:\/\/www.prijedordanas.com\/?p=185612\",\"url\":\"https:\/\/www.prijedordanas.com\/?p=185612\",\"name\":\"Prijedor - Matija\u0161: \u0408o\u0161 jedna neprospavana no\u0107 je iza nas - VIDEO - PrijedorDanas.com - Prijedorski gradski portal\",\"isPartOf\":{\"@id\":\"https:\/\/www.prijedordanas.com\/#website\"},\"datePublished\":\"2022-05-11T09:12:21+00:00\",\"dateModified\":\"2022-05-11T09:12:21+00:00\",\"breadcrumb\":{\"@id\":\"https:\/\/www.prijedordanas.com\/?p=185612#breadcrumb\"},\"inLanguage\":\"en-US\",\"potentialAction\":[{\"@type\":\"ReadAction\",\"target\":[\"https:\/\/www.prijedordanas.com\/?p=185612\"]}]},{\"@type\":\"BreadcrumbList\",\"@id\":\"https:\/\/www.prijedordanas.com\/?p=185612#breadcrumb\",\"itemListElement\":[{\"@type\":\"ListItem\",\"position\":1,\"name\":\"Home\",\"item\":\"https:\/\/www.prijedordanas.com\/\"},{\"@type\":\"ListItem\",\"position\":2,\"name\":\"Prijedor &#8211; Matija\u0161: \u0408o\u0161 jedna neprospavana no\u0107 je iza nas &#8211; VIDEO\"}]},{\"@type\":\"WebSite\",\"@id\":\"https:\/\/www.prijedordanas.com\/#website\",\"url\":\"https:\/\/www.prijedordanas.com\/\",\"name\":\"PrijedorDanas.com - Prijedorski gradski portal\",\"description\":\"Portal o doga\u0111anjima u gradu Prijedoru\",\"publisher\":{\"@id\":\"https:\/\/www.prijedordanas.com\/#organization\"},\"potentialAction\":[{\"@type\":\"SearchAction\",\"target\":{\"@type\":\"EntryPoint\",\"urlTemplate\":\"https:\/\/www.prijedordanas.com\/?s={search_term_string}\"},\"query-input\":\"required name=search_term_string\"}],\"inLanguage\":\"en-US\"},{\"@type\":\"Organization\",\"@id\":\"https:\/\/www.prijedordanas.com\/#organization\",\"name\":\"PrijedorDanas.com\",\"url\":\"https:\/\/www.prijedordanas.com\/\",\"logo\":{\"@type\":\"ImageObject\",\"inLanguage\":\"en-US\",\"@id\":\"https:\/\/www.prijedordanas.com\/#\/schema\/logo\/image\/\",\"url\":\"http:\/\/www.prijedordanas.com\/wp-content\/uploads\/2021\/12\/logopng.png\",\"contentUrl\":\"http:\/\/www.prijedordanas.com\/wp-content\/uploads\/2021\/12\/logopng.png\",\"width\":1019,\"height\":776,\"caption\":\"PrijedorDanas.com\"},\"image\":{\"@id\":\"https:\/\/www.prijedordanas.com\/#\/schema\/logo\/image\/\"},\"sameAs\":[\"https:\/\/www.facebook.com\/PrijedorDanasCom\/\"]},{\"@type\":\"Person\",\"@id\":\"https:\/\/www.prijedordanas.com\/#\/schema\/person\/4e08ccf29b506ca916ff86d46bb700e6\",\"name\":\"admin\",\"image\":{\"@type\":\"ImageObject\",\"inLanguage\":\"en-US\",\"@id\":\"https:\/\/www.prijedordanas.com\/#\/schema\/person\/image\/\",\"url\":\"https:\/\/secure.gravatar.com\/avatar\/1d3fc949d550f0b53a5f0d51e06dfd79?s=96&d=mm&r=g\",\"contentUrl\":\"https:\/\/secure.gravatar.com\/avatar\/1d3fc949d550f0b53a5f0d51e06dfd79?s=96&d=mm&r=g\",\"caption\":\"admin\"},\"url\":\"https:\/\/www.prijedordanas.com\/?author=1\"}]}<\/script>\n<!-- \/ Yoast SEO plugin. -->","yoast_head_json":{"title":"Prijedor - Matija\u0161: \u0408o\u0161 jedna neprospavana no\u0107 je iza nas - VIDEO - PrijedorDanas.com - Prijedorski gradski portal","robots":{"index":"index","follow":"follow","max-snippet":"max-snippet:-1","max-image-preview":"max-image-preview:large","max-video-preview":"max-video-preview:-1"},"canonical":"https:\/\/www.prijedordanas.com\/?p=185612","og_locale":"en_US","og_type":"article","og_title":"Prijedor - Matija\u0161: \u0408o\u0161 jedna neprospavana no\u0107 je iza nas - VIDEO - PrijedorDanas.com - Prijedorski gradski portal","og_description":"\u0408o\u0161 jedna neprespavana no\u0107 iza nas je, istakla je Milica Matija\u0161, majka jednog od u\u010denika koji su boravili na ekskurziji na \u0408ahorini, gostuju\u0107i u na\u0161em \u0408utarnjem programu. Roditelji prijedorskih u\u010denika [&hellip;]","og_url":"https:\/\/www.prijedordanas.com\/?p=185612","og_site_name":"PrijedorDanas.com - Prijedorski gradski portal","article_publisher":"https:\/\/www.facebook.com\/PrijedorDanasCom\/","article_published_time":"2022-05-11T09:12:21+00:00","og_image":[{"url":"https:\/\/www.prijedordanas.com\/wp-content\/uploads\/2022\/05\/rtrs-milica-matijas-300x225.jpg"}],"author":"admin","twitter_card":"summary_large_image","twitter_misc":{"Written by":"admin","Est. reading time":"1 minute"},"schema":{"@context":"https:\/\/schema.org","@graph":[{"@type":"Article","@id":"https:\/\/www.prijedordanas.com\/?p=185612#article","isPartOf":{"@id":"https:\/\/www.prijedordanas.com\/?p=185612"},"author":{"name":"admin","@id":"https:\/\/www.prijedordanas.com\/#\/schema\/person\/4e08ccf29b506ca916ff86d46bb700e6"},"headline":"Prijedor &#8211; Matija\u0161: \u0408o\u0161 jedna neprospavana no\u0107 je iza nas &#8211; VIDEO","datePublished":"2022-05-11T09:12:21+00:00","dateModified":"2022-05-11T09:12:21+00:00","mainEntityOfPage":{"@id":"https:\/\/www.prijedordanas.com\/?p=185612"},"wordCount":270,"publisher":{"@id":"https:\/\/www.prijedordanas.com\/#organization"},"articleSection":["Dru\u0161tvo"],"inLanguage":"en-US"},{"@type":"WebPage","@id":"https:\/\/www.prijedordanas.com\/?p=185612","url":"https:\/\/www.prijedordanas.com\/?p=185612","name":"Prijedor - Matija\u0161: \u0408o\u0161 jedna neprospavana no\u0107 je iza nas - VIDEO - PrijedorDanas.com - Prijedorski gradski portal","isPartOf":{"@id":"https:\/\/www.prijedordanas.com\/#website"},"datePublished":"2022-05-11T09:12:21+00:00","dateModified":"2022-05-11T09:12:21+00:00","breadcrumb":{"@id":"https:\/\/www.prijedordanas.com\/?p=185612#breadcrumb"},"inLanguage":"en-US","potentialAction":[{"@type":"ReadAction","target":["https:\/\/www.prijedordanas.com\/?p=185612"]}]},{"@type":"BreadcrumbList","@id":"https:\/\/www.prijedordanas.com\/?p=185612#breadcrumb","itemListElement":[{"@type":"ListItem","position":1,"name":"Home","item":"https:\/\/www.prijedordanas.com\/"},{"@type":"ListItem","position":2,"name":"Prijedor &#8211; Matija\u0161: \u0408o\u0161 jedna neprospavana no\u0107 je iza nas &#8211; VIDEO"}]},{"@type":"WebSite","@id":"https:\/\/www.prijedordanas.com\/#website","url":"https:\/\/www.prijedordanas.com\/","name":"PrijedorDanas.com - Prijedorski gradski portal","description":"Portal o doga\u0111anjima u gradu Prijedoru","publisher":{"@id":"https:\/\/www.prijedordanas.com\/#organization"},"potentialAction":[{"@type":"SearchAction","target":{"@type":"EntryPoint","urlTemplate":"https:\/\/www.prijedordanas.com\/?s={search_term_string}"},"query-input":"required name=search_term_string"}],"inLanguage":"en-US"},{"@type":"Organization","@id":"https:\/\/www.prijedordanas.com\/#organization","name":"PrijedorDanas.com","url":"https:\/\/www.prijedordanas.com\/","logo":{"@type":"ImageObject","inLanguage":"en-US","@id":"https:\/\/www.prijedordanas.com\/#\/schema\/logo\/image\/","url":"http:\/\/www.prijedordanas.com\/wp-content\/uploads\/2021\/12\/logopng.png","contentUrl":"http:\/\/www.prijedordanas.com\/wp-content\/uploads\/2021\/12\/logopng.png","width":1019,"height":776,"caption":"PrijedorDanas.com"},"image":{"@id":"https:\/\/www.prijedordanas.com\/#\/schema\/logo\/image\/"},"sameAs":["https:\/\/www.facebook.com\/PrijedorDanasCom\/"]},{"@type":"Person","@id":"https:\/\/www.prijedordanas.com\/#\/schema\/person\/4e08ccf29b506ca916ff86d46bb700e6","name":"admin","image":{"@type":"ImageObject","inLanguage":"en-US","@id":"https:\/\/www.prijedordanas.com\/#\/schema\/person\/image\/","url":"https:\/\/secure.gravatar.com\/avatar\/1d3fc949d550f0b53a5f0d51e06dfd79?s=96&d=mm&r=g","contentUrl":"https:\/\/secure.gravatar.com\/avatar\/1d3fc949d550f0b53a5f0d51e06dfd79?s=96&d=mm&r=g","caption":"admin"},"url":"https:\/\/www.prijedordanas.com\/?author=1"}]}},"_links":{"self":[{"href":"https:\/\/www.prijedordanas.com\/index.php?rest_route=\/wp\/v2\/posts\/185612"}],"collection":[{"href":"https:\/\/www.prijedordanas.com\/index.php?rest_route=\/wp\/v2\/posts"}],"about":[{"href":"https:\/\/www.prijedordanas.com\/index.php?rest_route=\/wp\/v2\/types\/post"}],"author":[{"embeddable":true,"href":"https:\/\/www.prijedordanas.com\/index.php?rest_route=\/wp\/v2\/users\/1"}],"replies":[{"embeddable":true,"href":"https:\/\/www.prijedordanas.com\/index.php?rest_route=%2Fwp%2Fv2%2Fcomments&post=185612"}],"version-history":[{"count":1,"href":"https:\/\/www.prijedordanas.com\/index.php?rest_route=\/wp\/v2\/posts\/185612\/revisions"}],"predecessor-version":[{"id":185614,"href":"https:\/\/www.prijedordanas.com\/index.php?rest_route=\/wp\/v2\/posts\/185612\/revisions\/185614"}],"wp:attachment":[{"href":"https:\/\/www.prijedordanas.com\/index.php?rest_route=%2Fwp%2Fv2%2Fmedia&parent=185612"}],"wp:term":[{"taxonomy":"category","embeddable":true,"href":"https:\/\/www.prijedordanas.com\/index.php?rest_route=%2Fwp%2Fv2%2Fcategories&post=185612"},{"taxonomy":"post_tag","embeddable":true,"href":"https:\/\/www.prijedordanas.com\/index.php?rest_route=%2Fwp%2Fv2%2Ftags&post=185612"}],"curies":[{"name":"wp","href":"https:\/\/api.w.org\/{rel}","templated":true}]}}