{"id":185516,"date":"2022-05-09T18:47:34","date_gmt":"2022-05-09T16:47:34","guid":{"rendered":"https:\/\/www.prijedordanas.com\/?p=185516"},"modified":"2022-05-09T18:47:34","modified_gmt":"2022-05-09T16:47:34","slug":"prijedor-povodom-dana-pobjede-na-fasizmom-odrzan-mars-besmrtnog-puka-foto","status":"publish","type":"post","link":"https:\/\/www.prijedordanas.com\/?p=185516","title":{"rendered":"Prijedor: Povodom Dana pobjede na fa\u0161izmom odr\u017ean Mar\u0161 besmrtnog puka &#8211; FOTO"},"content":{"rendered":"<p><a href=\"https:\/\/www.prijedordanas.com\/wp-content\/uploads\/2022\/05\/mars-besmrtnog-puka-2022-1.jpg\"><img loading=\"lazy\" decoding=\"async\" class=\"alignleft size-medium wp-image-185517\" src=\"https:\/\/www.prijedordanas.com\/wp-content\/uploads\/2022\/05\/mars-besmrtnog-puka-2022-1-300x225.jpg\" alt=\"\" width=\"300\" height=\"225\" srcset=\"https:\/\/www.prijedordanas.com\/wp-content\/uploads\/2022\/05\/mars-besmrtnog-puka-2022-1-300x225.jpg 300w, https:\/\/www.prijedordanas.com\/wp-content\/uploads\/2022\/05\/mars-besmrtnog-puka-2022-1-640x480.jpg 640w, https:\/\/www.prijedordanas.com\/wp-content\/uploads\/2022\/05\/mars-besmrtnog-puka-2022-1.jpg 667w\" sizes=\"(max-width: 300px) 100vw, 300px\" \/><\/a>U Prijedoru je povodom obilje\u017eavanja Dana pobjede nad fa\u0161izmom, 9. maja drugi put odr\u017ean Mar\u0161 besmrtnog puka i to u organizaciji Udru\u017eenja za o\u010duvanje tradicije.<\/p>\n<p>Potomci u\u010desnika u borbi protiv fa\u0161izma sa slikama svojih predaka u rukama pro\u0161etali su od zgrade Gradske uprave do spomenika Oslobodiocima Prijedora u parku na Pe\u0107anima.<\/p>\n<p>Predsjednik Udru\u017eenja za o\u010duvanje tradicije \u017deljko \u0160ormaz izjavio je novinarima da je ovo sje\u0107anje na sve na\u0161e borce, sve na\u0161e poginule koji su stradali u Drugom svjetskom ratu.<\/p>\n<p>&#8220;U ovoj godini se navr\u0161ava 80 godina Kozarske epopeje i ne mo\u017eemo ostati nijemi da svi na\u0161i stradali odu u zaborav i simboli\u010dan naziv `besmrtni puk` je ne\u0161to \u0161to \u0107e ostati za pokoljenja. To je ne\u0161to \u0161to \u0107e se prenijeti na na\u0161e mla\u0111e generacije da se sje\u0107aju i da pamte ne\u0161to \u0161to je najsvetije, a to je ne\u0161to \u0161to se zove antifa\u0161isti\u010dka borba i borba protiv fa\u0161izma u svakom obliku&#8221;, rekao je \u0160ormaz.<\/p>\n<p><a href=\"https:\/\/www.prijedordanas.com\/wp-content\/uploads\/2022\/05\/mars-besmrtnog-puka-2022-2.jpg\"><img loading=\"lazy\" decoding=\"async\" class=\"alignleft size-medium wp-image-185518\" src=\"https:\/\/www.prijedordanas.com\/wp-content\/uploads\/2022\/05\/mars-besmrtnog-puka-2022-2-300x225.jpg\" alt=\"\" width=\"300\" height=\"225\" srcset=\"https:\/\/www.prijedordanas.com\/wp-content\/uploads\/2022\/05\/mars-besmrtnog-puka-2022-2-300x225.jpg 300w, https:\/\/www.prijedordanas.com\/wp-content\/uploads\/2022\/05\/mars-besmrtnog-puka-2022-2-640x480.jpg 640w, https:\/\/www.prijedordanas.com\/wp-content\/uploads\/2022\/05\/mars-besmrtnog-puka-2022-2.jpg 667w\" sizes=\"(max-width: 300px) 100vw, 300px\" \/><\/a>U Mar\u0161u besmrtnog puka u\u010destvovao je i Ranko Kaurin.<\/p>\n<p>&#8220;Nosim sliku i odlikovanja svoga oca Bogdana koji je nosilac partizanske spomenice. Moja \u017eelja je da se ne mo\u017ee dozvoliti prekrajanje istorije i da moramo \u010duvati slobodu koju su nam na\u0161i preci izvojevali&#8221;, poru\u010dio je Kaurin.<\/p>\n<p>Ognjen Vuki\u0107 je nosio sliku narodnog heroja Rade Ba\u0161i\u0107a.<\/p>\n<p>&#8220;To je ujak moje majke i ponosan sam \u0161to nosim njegovu sliku. Drago mi je da u\u010destvujemo u ovoj manifestaciji koja se drugi put organizuje u na\u0161em gradu i s ponosom nosim njegovu fotografiju&#8221;, rekao je Vuki\u0107.<\/p>\n<p><a href=\"https:\/\/prijedorgrad.org\/sr-EU\/vijesti-sadrzaj.html?vid=15160\" target=\"_blank\" rel=\"noopener\">prijedorgrad.org<\/a><\/p>\n<p><a href=\"https:\/\/www.prijedordanas.com\/wp-content\/uploads\/2022\/05\/mars-besmrtnog-puka-2022-3.jpg\"><img loading=\"lazy\" decoding=\"async\" class=\"alignleft size-medium wp-image-185519\" src=\"https:\/\/www.prijedordanas.com\/wp-content\/uploads\/2022\/05\/mars-besmrtnog-puka-2022-3-300x225.jpg\" alt=\"\" width=\"300\" height=\"225\" srcset=\"https:\/\/www.prijedordanas.com\/wp-content\/uploads\/2022\/05\/mars-besmrtnog-puka-2022-3-300x225.jpg 300w, https:\/\/www.prijedordanas.com\/wp-content\/uploads\/2022\/05\/mars-besmrtnog-puka-2022-3-640x480.jpg 640w, https:\/\/www.prijedordanas.com\/wp-content\/uploads\/2022\/05\/mars-besmrtnog-puka-2022-3.jpg 667w\" sizes=\"(max-width: 300px) 100vw, 300px\" \/><\/a> <a href=\"https:\/\/www.prijedordanas.com\/wp-content\/uploads\/2022\/05\/mars-besmrtnog-puka-2022-4.jpg\"><img loading=\"lazy\" decoding=\"async\" class=\"alignleft size-medium wp-image-185520\" src=\"https:\/\/www.prijedordanas.com\/wp-content\/uploads\/2022\/05\/mars-besmrtnog-puka-2022-4-300x225.jpg\" alt=\"\" width=\"300\" height=\"225\" srcset=\"https:\/\/www.prijedordanas.com\/wp-content\/uploads\/2022\/05\/mars-besmrtnog-puka-2022-4-300x225.jpg 300w, https:\/\/www.prijedordanas.com\/wp-content\/uploads\/2022\/05\/mars-besmrtnog-puka-2022-4-640x480.jpg 640w, https:\/\/www.prijedordanas.com\/wp-content\/uploads\/2022\/05\/mars-besmrtnog-puka-2022-4.jpg 667w\" sizes=\"(max-width: 300px) 100vw, 300px\" \/><\/a> <a href=\"https:\/\/www.prijedordanas.com\/wp-content\/uploads\/2022\/05\/mars-besmrtnog-puka-2022-5.jpg\"><img loading=\"lazy\" decoding=\"async\" class=\"alignleft size-medium wp-image-185521\" src=\"https:\/\/www.prijedordanas.com\/wp-content\/uploads\/2022\/05\/mars-besmrtnog-puka-2022-5-300x200.jpg\" alt=\"\" width=\"300\" height=\"200\" srcset=\"https:\/\/www.prijedordanas.com\/wp-content\/uploads\/2022\/05\/mars-besmrtnog-puka-2022-5-300x200.jpg 300w, https:\/\/www.prijedordanas.com\/wp-content\/uploads\/2022\/05\/mars-besmrtnog-puka-2022-5-480x320.jpg 480w, https:\/\/www.prijedordanas.com\/wp-content\/uploads\/2022\/05\/mars-besmrtnog-puka-2022-5.jpg 600w\" sizes=\"(max-width: 300px) 100vw, 300px\" \/><\/a> <a href=\"https:\/\/www.prijedordanas.com\/wp-content\/uploads\/2022\/05\/mars-besmrtnog-puka-2022-6.jpg\"><img loading=\"lazy\" decoding=\"async\" class=\"alignleft size-medium wp-image-185522\" src=\"https:\/\/www.prijedordanas.com\/wp-content\/uploads\/2022\/05\/mars-besmrtnog-puka-2022-6-300x200.jpg\" alt=\"\" width=\"300\" height=\"200\" srcset=\"https:\/\/www.prijedordanas.com\/wp-content\/uploads\/2022\/05\/mars-besmrtnog-puka-2022-6-300x200.jpg 300w, https:\/\/www.prijedordanas.com\/wp-content\/uploads\/2022\/05\/mars-besmrtnog-puka-2022-6-480x320.jpg 480w, https:\/\/www.prijedordanas.com\/wp-content\/uploads\/2022\/05\/mars-besmrtnog-puka-2022-6.jpg 600w\" sizes=\"(max-width: 300px) 100vw, 300px\" \/><\/a> <a href=\"https:\/\/www.prijedordanas.com\/wp-content\/uploads\/2022\/05\/mars-besmrtnog-puka-2022-7.jpg\"><img loading=\"lazy\" decoding=\"async\" class=\"alignleft size-medium wp-image-185523\" src=\"https:\/\/www.prijedordanas.com\/wp-content\/uploads\/2022\/05\/mars-besmrtnog-puka-2022-7-300x200.jpg\" alt=\"\" width=\"300\" height=\"200\" srcset=\"https:\/\/www.prijedordanas.com\/wp-content\/uploads\/2022\/05\/mars-besmrtnog-puka-2022-7-300x200.jpg 300w, https:\/\/www.prijedordanas.com\/wp-content\/uploads\/2022\/05\/mars-besmrtnog-puka-2022-7-480x320.jpg 480w, https:\/\/www.prijedordanas.com\/wp-content\/uploads\/2022\/05\/mars-besmrtnog-puka-2022-7.jpg 600w\" sizes=\"(max-width: 300px) 100vw, 300px\" \/><\/a> <a href=\"https:\/\/www.prijedordanas.com\/wp-content\/uploads\/2022\/05\/mars-besmrtnog-puka-2022-8.jpg\"><img loading=\"lazy\" decoding=\"async\" class=\"alignleft size-medium wp-image-185524\" src=\"https:\/\/www.prijedordanas.com\/wp-content\/uploads\/2022\/05\/mars-besmrtnog-puka-2022-8-300x200.jpg\" alt=\"\" width=\"300\" height=\"200\" srcset=\"https:\/\/www.prijedordanas.com\/wp-content\/uploads\/2022\/05\/mars-besmrtnog-puka-2022-8-300x200.jpg 300w, https:\/\/www.prijedordanas.com\/wp-content\/uploads\/2022\/05\/mars-besmrtnog-puka-2022-8-480x320.jpg 480w, https:\/\/www.prijedordanas.com\/wp-content\/uploads\/2022\/05\/mars-besmrtnog-puka-2022-8.jpg 600w\" sizes=\"(max-width: 300px) 100vw, 300px\" \/><\/a> <a href=\"https:\/\/www.prijedordanas.com\/wp-content\/uploads\/2022\/05\/mars-besmrtnog-puka-2022-9.jpg\"><img loading=\"lazy\" decoding=\"async\" class=\"alignleft size-medium wp-image-185525\" src=\"https:\/\/www.prijedordanas.com\/wp-content\/uploads\/2022\/05\/mars-besmrtnog-puka-2022-9-300x200.jpg\" alt=\"\" width=\"300\" height=\"200\" srcset=\"https:\/\/www.prijedordanas.com\/wp-content\/uploads\/2022\/05\/mars-besmrtnog-puka-2022-9-300x200.jpg 300w, https:\/\/www.prijedordanas.com\/wp-content\/uploads\/2022\/05\/mars-besmrtnog-puka-2022-9-480x320.jpg 480w, https:\/\/www.prijedordanas.com\/wp-content\/uploads\/2022\/05\/mars-besmrtnog-puka-2022-9.jpg 600w\" sizes=\"(max-width: 300px) 100vw, 300px\" \/><\/a> <a href=\"https:\/\/www.prijedordanas.com\/wp-content\/uploads\/2022\/05\/mars-besmrtnog-puka-2022-10.jpg\"><img loading=\"lazy\" decoding=\"async\" class=\"alignleft size-medium wp-image-185526\" src=\"https:\/\/www.prijedordanas.com\/wp-content\/uploads\/2022\/05\/mars-besmrtnog-puka-2022-10-300x200.jpg\" alt=\"\" width=\"300\" height=\"200\" srcset=\"https:\/\/www.prijedordanas.com\/wp-content\/uploads\/2022\/05\/mars-besmrtnog-puka-2022-10-300x200.jpg 300w, https:\/\/www.prijedordanas.com\/wp-content\/uploads\/2022\/05\/mars-besmrtnog-puka-2022-10-480x320.jpg 480w, https:\/\/www.prijedordanas.com\/wp-content\/uploads\/2022\/05\/mars-besmrtnog-puka-2022-10.jpg 600w\" sizes=\"(max-width: 300px) 100vw, 300px\" \/><\/a> <a href=\"https:\/\/www.prijedordanas.com\/wp-content\/uploads\/2022\/05\/mars-besmrtnog-puka-2022-11.jpg\"><img loading=\"lazy\" decoding=\"async\" class=\"alignleft size-medium wp-image-185527\" src=\"https:\/\/www.prijedordanas.com\/wp-content\/uploads\/2022\/05\/mars-besmrtnog-puka-2022-11-300x200.jpg\" alt=\"\" width=\"300\" height=\"200\" srcset=\"https:\/\/www.prijedordanas.com\/wp-content\/uploads\/2022\/05\/mars-besmrtnog-puka-2022-11-300x200.jpg 300w, https:\/\/www.prijedordanas.com\/wp-content\/uploads\/2022\/05\/mars-besmrtnog-puka-2022-11-480x320.jpg 480w, https:\/\/www.prijedordanas.com\/wp-content\/uploads\/2022\/05\/mars-besmrtnog-puka-2022-11.jpg 600w\" sizes=\"(max-width: 300px) 100vw, 300px\" \/><\/a> <a href=\"https:\/\/www.prijedordanas.com\/wp-content\/uploads\/2022\/05\/mars-besmrtnog-puka-2022-12.jpg\"><img loading=\"lazy\" decoding=\"async\" class=\"alignleft size-medium wp-image-185528\" src=\"https:\/\/www.prijedordanas.com\/wp-content\/uploads\/2022\/05\/mars-besmrtnog-puka-2022-12-300x200.jpg\" alt=\"\" width=\"300\" height=\"200\" srcset=\"https:\/\/www.prijedordanas.com\/wp-content\/uploads\/2022\/05\/mars-besmrtnog-puka-2022-12-300x200.jpg 300w, https:\/\/www.prijedordanas.com\/wp-content\/uploads\/2022\/05\/mars-besmrtnog-puka-2022-12-480x320.jpg 480w, https:\/\/www.prijedordanas.com\/wp-content\/uploads\/2022\/05\/mars-besmrtnog-puka-2022-12.jpg 600w\" sizes=\"(max-width: 300px) 100vw, 300px\" \/><\/a> <a href=\"https:\/\/www.prijedordanas.com\/wp-content\/uploads\/2022\/05\/mars-besmrtnog-puka-2022-13.jpg\"><img loading=\"lazy\" decoding=\"async\" class=\"alignleft size-medium wp-image-185529\" src=\"https:\/\/www.prijedordanas.com\/wp-content\/uploads\/2022\/05\/mars-besmrtnog-puka-2022-13-300x200.jpg\" alt=\"\" width=\"300\" height=\"200\" srcset=\"https:\/\/www.prijedordanas.com\/wp-content\/uploads\/2022\/05\/mars-besmrtnog-puka-2022-13-300x200.jpg 300w, https:\/\/www.prijedordanas.com\/wp-content\/uploads\/2022\/05\/mars-besmrtnog-puka-2022-13-480x320.jpg 480w, https:\/\/www.prijedordanas.com\/wp-content\/uploads\/2022\/05\/mars-besmrtnog-puka-2022-13.jpg 600w\" sizes=\"(max-width: 300px) 100vw, 300px\" \/><\/a> <a href=\"https:\/\/www.prijedordanas.com\/wp-content\/uploads\/2022\/05\/mars-besmrtnog-puka-2022-14.jpg\"><img loading=\"lazy\" decoding=\"async\" class=\"alignleft size-medium wp-image-185530\" src=\"https:\/\/www.prijedordanas.com\/wp-content\/uploads\/2022\/05\/mars-besmrtnog-puka-2022-14-300x200.jpg\" alt=\"\" width=\"300\" height=\"200\" srcset=\"https:\/\/www.prijedordanas.com\/wp-content\/uploads\/2022\/05\/mars-besmrtnog-puka-2022-14-300x200.jpg 300w, https:\/\/www.prijedordanas.com\/wp-content\/uploads\/2022\/05\/mars-besmrtnog-puka-2022-14-480x320.jpg 480w, https:\/\/www.prijedordanas.com\/wp-content\/uploads\/2022\/05\/mars-besmrtnog-puka-2022-14.jpg 600w\" sizes=\"(max-width: 300px) 100vw, 300px\" \/><\/a><\/p>\n","protected":false},"excerpt":{"rendered":"<p>U Prijedoru je povodom obilje\u017eavanja Dana pobjede nad fa\u0161izmom, 9. maja drugi put odr\u017ean Mar\u0161 besmrtnog puka i to u organizaciji Udru\u017eenja za o\u010duvanje tradicije. Potomci u\u010desnika u borbi protiv [&hellip;]<\/p>\n","protected":false},"author":1,"featured_media":0,"comment_status":"closed","ping_status":"open","sticky":false,"template":"","format":"standard","meta":{"_monsterinsights_skip_tracking":false,"_monsterinsights_sitenote_active":false,"_monsterinsights_sitenote_note":"","_monsterinsights_sitenote_category":0,"footnotes":""},"categories":[4,7515],"tags":[],"yoast_head":"<!-- This site is optimized with the Yoast SEO plugin v21.6 - https:\/\/yoast.com\/wordpress\/plugins\/seo\/ -->\n<title>Prijedor: Povodom Dana pobjede na fa\u0161izmom odr\u017ean Mar\u0161 besmrtnog puka - FOTO - PrijedorDanas.com - Prijedorski gradski portal<\/title>\n<meta name=\"robots\" content=\"index, follow, max-snippet:-1, max-image-preview:large, max-video-preview:-1\" \/>\n<link rel=\"canonical\" href=\"https:\/\/www.prijedordanas.com\/?p=185516\" \/>\n<meta property=\"og:locale\" content=\"en_US\" \/>\n<meta property=\"og:type\" content=\"article\" \/>\n<meta property=\"og:title\" content=\"Prijedor: Povodom Dana pobjede na fa\u0161izmom odr\u017ean Mar\u0161 besmrtnog puka - FOTO - PrijedorDanas.com - Prijedorski gradski portal\" \/>\n<meta property=\"og:description\" content=\"U Prijedoru je povodom obilje\u017eavanja Dana pobjede nad fa\u0161izmom, 9. maja drugi put odr\u017ean Mar\u0161 besmrtnog puka i to u organizaciji Udru\u017eenja za o\u010duvanje tradicije. Potomci u\u010desnika u borbi protiv [&hellip;]\" \/>\n<meta property=\"og:url\" content=\"https:\/\/www.prijedordanas.com\/?p=185516\" \/>\n<meta property=\"og:site_name\" content=\"PrijedorDanas.com - Prijedorski gradski portal\" \/>\n<meta property=\"article:publisher\" content=\"https:\/\/www.facebook.com\/PrijedorDanasCom\/\" \/>\n<meta property=\"article:published_time\" content=\"2022-05-09T16:47:34+00:00\" \/>\n<meta property=\"og:image\" content=\"https:\/\/www.prijedordanas.com\/wp-content\/uploads\/2022\/05\/mars-besmrtnog-puka-2022-1-300x225.jpg\" \/>\n<meta name=\"author\" content=\"admin\" \/>\n<meta name=\"twitter:card\" content=\"summary_large_image\" \/>\n<meta name=\"twitter:label1\" content=\"Written by\" \/>\n\t<meta name=\"twitter:data1\" content=\"admin\" \/>\n\t<meta name=\"twitter:label2\" content=\"Est. reading time\" \/>\n\t<meta name=\"twitter:data2\" content=\"4 minutes\" \/>\n<script type=\"application\/ld+json\" class=\"yoast-schema-graph\">{\"@context\":\"https:\/\/schema.org\",\"@graph\":[{\"@type\":\"Article\",\"@id\":\"https:\/\/www.prijedordanas.com\/?p=185516#article\",\"isPartOf\":{\"@id\":\"https:\/\/www.prijedordanas.com\/?p=185516\"},\"author\":{\"name\":\"admin\",\"@id\":\"https:\/\/www.prijedordanas.com\/#\/schema\/person\/4e08ccf29b506ca916ff86d46bb700e6\"},\"headline\":\"Prijedor: Povodom Dana pobjede na fa\u0161izmom odr\u017ean Mar\u0161 besmrtnog puka &#8211; FOTO\",\"datePublished\":\"2022-05-09T16:47:34+00:00\",\"dateModified\":\"2022-05-09T16:47:34+00:00\",\"mainEntityOfPage\":{\"@id\":\"https:\/\/www.prijedordanas.com\/?p=185516\"},\"wordCount\":294,\"publisher\":{\"@id\":\"https:\/\/www.prijedordanas.com\/#organization\"},\"articleSection\":[\"Dru\u0161tvo\",\"Foto dana\"],\"inLanguage\":\"en-US\"},{\"@type\":\"WebPage\",\"@id\":\"https:\/\/www.prijedordanas.com\/?p=185516\",\"url\":\"https:\/\/www.prijedordanas.com\/?p=185516\",\"name\":\"Prijedor: Povodom Dana pobjede na fa\u0161izmom odr\u017ean Mar\u0161 besmrtnog puka - FOTO - PrijedorDanas.com - Prijedorski gradski portal\",\"isPartOf\":{\"@id\":\"https:\/\/www.prijedordanas.com\/#website\"},\"datePublished\":\"2022-05-09T16:47:34+00:00\",\"dateModified\":\"2022-05-09T16:47:34+00:00\",\"breadcrumb\":{\"@id\":\"https:\/\/www.prijedordanas.com\/?p=185516#breadcrumb\"},\"inLanguage\":\"en-US\",\"potentialAction\":[{\"@type\":\"ReadAction\",\"target\":[\"https:\/\/www.prijedordanas.com\/?p=185516\"]}]},{\"@type\":\"BreadcrumbList\",\"@id\":\"https:\/\/www.prijedordanas.com\/?p=185516#breadcrumb\",\"itemListElement\":[{\"@type\":\"ListItem\",\"position\":1,\"name\":\"Home\",\"item\":\"https:\/\/www.prijedordanas.com\/\"},{\"@type\":\"ListItem\",\"position\":2,\"name\":\"Prijedor: Povodom Dana pobjede na fa\u0161izmom odr\u017ean Mar\u0161 besmrtnog puka &#8211; FOTO\"}]},{\"@type\":\"WebSite\",\"@id\":\"https:\/\/www.prijedordanas.com\/#website\",\"url\":\"https:\/\/www.prijedordanas.com\/\",\"name\":\"PrijedorDanas.com - Prijedorski gradski portal\",\"description\":\"Portal o doga\u0111anjima u gradu Prijedoru\",\"publisher\":{\"@id\":\"https:\/\/www.prijedordanas.com\/#organization\"},\"potentialAction\":[{\"@type\":\"SearchAction\",\"target\":{\"@type\":\"EntryPoint\",\"urlTemplate\":\"https:\/\/www.prijedordanas.com\/?s={search_term_string}\"},\"query-input\":\"required name=search_term_string\"}],\"inLanguage\":\"en-US\"},{\"@type\":\"Organization\",\"@id\":\"https:\/\/www.prijedordanas.com\/#organization\",\"name\":\"PrijedorDanas.com\",\"url\":\"https:\/\/www.prijedordanas.com\/\",\"logo\":{\"@type\":\"ImageObject\",\"inLanguage\":\"en-US\",\"@id\":\"https:\/\/www.prijedordanas.com\/#\/schema\/logo\/image\/\",\"url\":\"http:\/\/www.prijedordanas.com\/wp-content\/uploads\/2021\/12\/logopng.png\",\"contentUrl\":\"http:\/\/www.prijedordanas.com\/wp-content\/uploads\/2021\/12\/logopng.png\",\"width\":1019,\"height\":776,\"caption\":\"PrijedorDanas.com\"},\"image\":{\"@id\":\"https:\/\/www.prijedordanas.com\/#\/schema\/logo\/image\/\"},\"sameAs\":[\"https:\/\/www.facebook.com\/PrijedorDanasCom\/\"]},{\"@type\":\"Person\",\"@id\":\"https:\/\/www.prijedordanas.com\/#\/schema\/person\/4e08ccf29b506ca916ff86d46bb700e6\",\"name\":\"admin\",\"image\":{\"@type\":\"ImageObject\",\"inLanguage\":\"en-US\",\"@id\":\"https:\/\/www.prijedordanas.com\/#\/schema\/person\/image\/\",\"url\":\"https:\/\/secure.gravatar.com\/avatar\/1d3fc949d550f0b53a5f0d51e06dfd79?s=96&d=mm&r=g\",\"contentUrl\":\"https:\/\/secure.gravatar.com\/avatar\/1d3fc949d550f0b53a5f0d51e06dfd79?s=96&d=mm&r=g\",\"caption\":\"admin\"},\"url\":\"https:\/\/www.prijedordanas.com\/?author=1\"}]}<\/script>\n<!-- \/ Yoast SEO plugin. -->","yoast_head_json":{"title":"Prijedor: Povodom Dana pobjede na fa\u0161izmom odr\u017ean Mar\u0161 besmrtnog puka - FOTO - PrijedorDanas.com - Prijedorski gradski portal","robots":{"index":"index","follow":"follow","max-snippet":"max-snippet:-1","max-image-preview":"max-image-preview:large","max-video-preview":"max-video-preview:-1"},"canonical":"https:\/\/www.prijedordanas.com\/?p=185516","og_locale":"en_US","og_type":"article","og_title":"Prijedor: Povodom Dana pobjede na fa\u0161izmom odr\u017ean Mar\u0161 besmrtnog puka - FOTO - PrijedorDanas.com - Prijedorski gradski portal","og_description":"U Prijedoru je povodom obilje\u017eavanja Dana pobjede nad fa\u0161izmom, 9. maja drugi put odr\u017ean Mar\u0161 besmrtnog puka i to u organizaciji Udru\u017eenja za o\u010duvanje tradicije. Potomci u\u010desnika u borbi protiv [&hellip;]","og_url":"https:\/\/www.prijedordanas.com\/?p=185516","og_site_name":"PrijedorDanas.com - Prijedorski gradski portal","article_publisher":"https:\/\/www.facebook.com\/PrijedorDanasCom\/","article_published_time":"2022-05-09T16:47:34+00:00","og_image":[{"url":"https:\/\/www.prijedordanas.com\/wp-content\/uploads\/2022\/05\/mars-besmrtnog-puka-2022-1-300x225.jpg"}],"author":"admin","twitter_card":"summary_large_image","twitter_misc":{"Written by":"admin","Est. reading time":"4 minutes"},"schema":{"@context":"https:\/\/schema.org","@graph":[{"@type":"Article","@id":"https:\/\/www.prijedordanas.com\/?p=185516#article","isPartOf":{"@id":"https:\/\/www.prijedordanas.com\/?p=185516"},"author":{"name":"admin","@id":"https:\/\/www.prijedordanas.com\/#\/schema\/person\/4e08ccf29b506ca916ff86d46bb700e6"},"headline":"Prijedor: Povodom Dana pobjede na fa\u0161izmom odr\u017ean Mar\u0161 besmrtnog puka &#8211; FOTO","datePublished":"2022-05-09T16:47:34+00:00","dateModified":"2022-05-09T16:47:34+00:00","mainEntityOfPage":{"@id":"https:\/\/www.prijedordanas.com\/?p=185516"},"wordCount":294,"publisher":{"@id":"https:\/\/www.prijedordanas.com\/#organization"},"articleSection":["Dru\u0161tvo","Foto dana"],"inLanguage":"en-US"},{"@type":"WebPage","@id":"https:\/\/www.prijedordanas.com\/?p=185516","url":"https:\/\/www.prijedordanas.com\/?p=185516","name":"Prijedor: Povodom Dana pobjede na fa\u0161izmom odr\u017ean Mar\u0161 besmrtnog puka - FOTO - PrijedorDanas.com - Prijedorski gradski portal","isPartOf":{"@id":"https:\/\/www.prijedordanas.com\/#website"},"datePublished":"2022-05-09T16:47:34+00:00","dateModified":"2022-05-09T16:47:34+00:00","breadcrumb":{"@id":"https:\/\/www.prijedordanas.com\/?p=185516#breadcrumb"},"inLanguage":"en-US","potentialAction":[{"@type":"ReadAction","target":["https:\/\/www.prijedordanas.com\/?p=185516"]}]},{"@type":"BreadcrumbList","@id":"https:\/\/www.prijedordanas.com\/?p=185516#breadcrumb","itemListElement":[{"@type":"ListItem","position":1,"name":"Home","item":"https:\/\/www.prijedordanas.com\/"},{"@type":"ListItem","position":2,"name":"Prijedor: Povodom Dana pobjede na fa\u0161izmom odr\u017ean Mar\u0161 besmrtnog puka &#8211; FOTO"}]},{"@type":"WebSite","@id":"https:\/\/www.prijedordanas.com\/#website","url":"https:\/\/www.prijedordanas.com\/","name":"PrijedorDanas.com - Prijedorski gradski portal","description":"Portal o doga\u0111anjima u gradu Prijedoru","publisher":{"@id":"https:\/\/www.prijedordanas.com\/#organization"},"potentialAction":[{"@type":"SearchAction","target":{"@type":"EntryPoint","urlTemplate":"https:\/\/www.prijedordanas.com\/?s={search_term_string}"},"query-input":"required name=search_term_string"}],"inLanguage":"en-US"},{"@type":"Organization","@id":"https:\/\/www.prijedordanas.com\/#organization","name":"PrijedorDanas.com","url":"https:\/\/www.prijedordanas.com\/","logo":{"@type":"ImageObject","inLanguage":"en-US","@id":"https:\/\/www.prijedordanas.com\/#\/schema\/logo\/image\/","url":"http:\/\/www.prijedordanas.com\/wp-content\/uploads\/2021\/12\/logopng.png","contentUrl":"http:\/\/www.prijedordanas.com\/wp-content\/uploads\/2021\/12\/logopng.png","width":1019,"height":776,"caption":"PrijedorDanas.com"},"image":{"@id":"https:\/\/www.prijedordanas.com\/#\/schema\/logo\/image\/"},"sameAs":["https:\/\/www.facebook.com\/PrijedorDanasCom\/"]},{"@type":"Person","@id":"https:\/\/www.prijedordanas.com\/#\/schema\/person\/4e08ccf29b506ca916ff86d46bb700e6","name":"admin","image":{"@type":"ImageObject","inLanguage":"en-US","@id":"https:\/\/www.prijedordanas.com\/#\/schema\/person\/image\/","url":"https:\/\/secure.gravatar.com\/avatar\/1d3fc949d550f0b53a5f0d51e06dfd79?s=96&d=mm&r=g","contentUrl":"https:\/\/secure.gravatar.com\/avatar\/1d3fc949d550f0b53a5f0d51e06dfd79?s=96&d=mm&r=g","caption":"admin"},"url":"https:\/\/www.prijedordanas.com\/?author=1"}]}},"_links":{"self":[{"href":"https:\/\/www.prijedordanas.com\/index.php?rest_route=\/wp\/v2\/posts\/185516"}],"collection":[{"href":"https:\/\/www.prijedordanas.com\/index.php?rest_route=\/wp\/v2\/posts"}],"about":[{"href":"https:\/\/www.prijedordanas.com\/index.php?rest_route=\/wp\/v2\/types\/post"}],"author":[{"embeddable":true,"href":"https:\/\/www.prijedordanas.com\/index.php?rest_route=\/wp\/v2\/users\/1"}],"replies":[{"embeddable":true,"href":"https:\/\/www.prijedordanas.com\/index.php?rest_route=%2Fwp%2Fv2%2Fcomments&post=185516"}],"version-history":[{"count":1,"href":"https:\/\/www.prijedordanas.com\/index.php?rest_route=\/wp\/v2\/posts\/185516\/revisions"}],"predecessor-version":[{"id":185531,"href":"https:\/\/www.prijedordanas.com\/index.php?rest_route=\/wp\/v2\/posts\/185516\/revisions\/185531"}],"wp:attachment":[{"href":"https:\/\/www.prijedordanas.com\/index.php?rest_route=%2Fwp%2Fv2%2Fmedia&parent=185516"}],"wp:term":[{"taxonomy":"category","embeddable":true,"href":"https:\/\/www.prijedordanas.com\/index.php?rest_route=%2Fwp%2Fv2%2Fcategories&post=185516"},{"taxonomy":"post_tag","embeddable":true,"href":"https:\/\/www.prijedordanas.com\/index.php?rest_route=%2Fwp%2Fv2%2Ftags&post=185516"}],"curies":[{"name":"wp","href":"https:\/\/api.w.org\/{rel}","templated":true}]}}