{"id":185509,"date":"2022-05-09T16:37:08","date_gmt":"2022-05-09T14:37:08","guid":{"rendered":"https:\/\/www.prijedordanas.com\/?p=185509"},"modified":"2022-05-10T01:07:11","modified_gmt":"2022-05-09T23:07:11","slug":"poklonicka-voznja-bajkera-u-donju-gradinu-ucestvovali-i-motoristi-iz-prijedora-foto","status":"publish","type":"post","link":"https:\/\/www.prijedordanas.com\/?p=185509","title":{"rendered":"Pokloni\u010dka vo\u017enja bajkera u Donju Gradinu: U\u010destvovali i motoristi iz Prijedora &#8211; FOTO\/VIDEO"},"content":{"rendered":"<p><a href=\"https:\/\/www.prijedordanas.com\/wp-content\/uploads\/2022\/05\/rtrs-bajkeri-donja-gradina-1.jpg\"><img loading=\"lazy\" decoding=\"async\" class=\"alignleft size-medium wp-image-185510\" src=\"https:\/\/www.prijedordanas.com\/wp-content\/uploads\/2022\/05\/rtrs-bajkeri-donja-gradina-1-300x225.jpg\" alt=\"\" width=\"300\" height=\"225\" srcset=\"https:\/\/www.prijedordanas.com\/wp-content\/uploads\/2022\/05\/rtrs-bajkeri-donja-gradina-1-300x225.jpg 300w, https:\/\/www.prijedordanas.com\/wp-content\/uploads\/2022\/05\/rtrs-bajkeri-donja-gradina-1-640x480.jpg 640w, https:\/\/www.prijedordanas.com\/wp-content\/uploads\/2022\/05\/rtrs-bajkeri-donja-gradina-1.jpg 666w\" sizes=\"(max-width: 300px) 100vw, 300px\" \/><\/a>Tri moto kluba iz Republike Srpske i Srbije organizovali su danas drugu pokloni\u010dku vo\u017enju motorista u Donju Gradinu, povodom Dana pobjede nad fa\u0161izmom.<\/p>\n<p>Polo\u017eeni su vijenci \u017ertvama zlo\u010dina u koncentracionom logoru \u0408asenovac.<\/p>\n<p>Rije\u010d je o drugoj pokloni\u010dkoj vo\u017enji bajkera u Donju Gradinu povodom 9. maja &#8211; Dana pobjede nad fa\u0161izmom.<\/p>\n<p>Pokloni\u010dko putovanje organizovali su \u010dlanovi moto-klubova &#8220;Str\u0161ljen&#8221; iz Banjaluke, &#8220;Sveti Georgije&#8221; iz Prijedora i &#8220;Arhangel&#8221; iz Srbije.<\/p>\n<p>Na pokloni\u010dkoj vo\u017enji u\u010destvuje oko 500 bajkera iz 30 klubova.<\/p>\n<p>RTRS<\/p>\n<div style=\"width: 640px;\" class=\"wp-video\"><!--[if lt IE 9]><script>document.createElement('video');<\/script><![endif]-->\n<video class=\"wp-video-shortcode\" id=\"video-185509-1\" width=\"640\" height=\"360\" preload=\"metadata\" controls=\"controls\"><source type=\"video\/mp4\" src=\"https:\/\/arh1.rtrs.tv\/arhiva\/2022\/05\/09\/09_05_2022_srpska_danas_ji5wk_live_VjQ.mp4?_=1\" \/><a href=\"https:\/\/arh1.rtrs.tv\/arhiva\/2022\/05\/09\/09_05_2022_srpska_danas_ji5wk_live_VjQ.mp4\">https:\/\/arh1.rtrs.tv\/arhiva\/2022\/05\/09\/09_05_2022_srpska_danas_ji5wk_live_VjQ.mp4<\/a><\/video><\/div>\n<p><a href=\"https:\/\/www.prijedordanas.com\/wp-content\/uploads\/2022\/05\/rtrs-bajkeri-donja-gradina-2.jpg\"><img loading=\"lazy\" decoding=\"async\" class=\"alignleft size-medium wp-image-185511\" src=\"https:\/\/www.prijedordanas.com\/wp-content\/uploads\/2022\/05\/rtrs-bajkeri-donja-gradina-2-300x225.jpg\" alt=\"\" width=\"300\" height=\"225\" srcset=\"https:\/\/www.prijedordanas.com\/wp-content\/uploads\/2022\/05\/rtrs-bajkeri-donja-gradina-2-300x225.jpg 300w, https:\/\/www.prijedordanas.com\/wp-content\/uploads\/2022\/05\/rtrs-bajkeri-donja-gradina-2-640x480.jpg 640w, https:\/\/www.prijedordanas.com\/wp-content\/uploads\/2022\/05\/rtrs-bajkeri-donja-gradina-2.jpg 666w\" sizes=\"(max-width: 300px) 100vw, 300px\" \/><\/a> <a href=\"https:\/\/www.prijedordanas.com\/wp-content\/uploads\/2022\/05\/mk-otpisani-donja-gradina-2022-2.jpg\"><img loading=\"lazy\" decoding=\"async\" class=\"alignleft size-medium wp-image-185512\" src=\"https:\/\/www.prijedordanas.com\/wp-content\/uploads\/2022\/05\/mk-otpisani-donja-gradina-2022-2-300x225.jpg\" alt=\"\" width=\"300\" height=\"225\" srcset=\"https:\/\/www.prijedordanas.com\/wp-content\/uploads\/2022\/05\/mk-otpisani-donja-gradina-2022-2-300x225.jpg 300w, https:\/\/www.prijedordanas.com\/wp-content\/uploads\/2022\/05\/mk-otpisani-donja-gradina-2022-2-640x480.jpg 640w, https:\/\/www.prijedordanas.com\/wp-content\/uploads\/2022\/05\/mk-otpisani-donja-gradina-2022-2.jpg 667w\" sizes=\"(max-width: 300px) 100vw, 300px\" \/><\/a> <a href=\"https:\/\/www.prijedordanas.com\/wp-content\/uploads\/2022\/05\/mk-otpisani-donja-gradina-2022-3.jpg\"><img loading=\"lazy\" decoding=\"async\" class=\"alignleft size-medium wp-image-185513\" src=\"https:\/\/www.prijedordanas.com\/wp-content\/uploads\/2022\/05\/mk-otpisani-donja-gradina-2022-3-300x225.jpg\" alt=\"\" width=\"300\" height=\"225\" srcset=\"https:\/\/www.prijedordanas.com\/wp-content\/uploads\/2022\/05\/mk-otpisani-donja-gradina-2022-3-300x225.jpg 300w, https:\/\/www.prijedordanas.com\/wp-content\/uploads\/2022\/05\/mk-otpisani-donja-gradina-2022-3-640x480.jpg 640w, https:\/\/www.prijedordanas.com\/wp-content\/uploads\/2022\/05\/mk-otpisani-donja-gradina-2022-3.jpg 667w\" sizes=\"(max-width: 300px) 100vw, 300px\" \/><\/a> <a href=\"https:\/\/www.prijedordanas.com\/wp-content\/uploads\/2022\/05\/mk-otpisani-donja-gradina-2022-1.jpg\"><img loading=\"lazy\" decoding=\"async\" src=\"https:\/\/www.prijedordanas.com\/wp-content\/uploads\/2022\/05\/mk-otpisani-donja-gradina-2022-1-300x225.jpg\" alt=\"\" width=\"300\" height=\"225\" class=\"alignleft size-medium wp-image-185514\" srcset=\"https:\/\/www.prijedordanas.com\/wp-content\/uploads\/2022\/05\/mk-otpisani-donja-gradina-2022-1-300x225.jpg 300w, https:\/\/www.prijedordanas.com\/wp-content\/uploads\/2022\/05\/mk-otpisani-donja-gradina-2022-1-640x480.jpg 640w, https:\/\/www.prijedordanas.com\/wp-content\/uploads\/2022\/05\/mk-otpisani-donja-gradina-2022-1.jpg 667w\" sizes=\"(max-width: 300px) 100vw, 300px\" \/><\/a><\/p>\n","protected":false},"excerpt":{"rendered":"<p>Tri moto kluba iz Republike Srpske i Srbije organizovali su danas drugu pokloni\u010dku vo\u017enju motorista u Donju Gradinu, povodom Dana pobjede nad fa\u0161izmom. Polo\u017eeni su vijenci \u017ertvama zlo\u010dina u koncentracionom [&hellip;]<\/p>\n","protected":false},"author":1,"featured_media":0,"comment_status":"closed","ping_status":"open","sticky":false,"template":"","format":"standard","meta":{"_monsterinsights_skip_tracking":false,"_monsterinsights_sitenote_active":false,"_monsterinsights_sitenote_note":"","_monsterinsights_sitenote_category":0,"footnotes":""},"categories":[8],"tags":[],"yoast_head":"<!-- This site is optimized with the Yoast SEO plugin v21.6 - https:\/\/yoast.com\/wordpress\/plugins\/seo\/ -->\n<title>Pokloni\u010dka vo\u017enja bajkera u Donju Gradinu: U\u010destvovali i motoristi iz Prijedora - FOTO\/VIDEO - PrijedorDanas.com - Prijedorski gradski portal<\/title>\n<meta name=\"robots\" content=\"index, follow, max-snippet:-1, max-image-preview:large, max-video-preview:-1\" \/>\n<link rel=\"canonical\" href=\"https:\/\/www.prijedordanas.com\/?p=185509\" \/>\n<meta property=\"og:locale\" content=\"en_US\" \/>\n<meta property=\"og:type\" content=\"article\" \/>\n<meta property=\"og:title\" content=\"Pokloni\u010dka vo\u017enja bajkera u Donju Gradinu: U\u010destvovali i motoristi iz Prijedora - FOTO\/VIDEO - PrijedorDanas.com - Prijedorski gradski portal\" \/>\n<meta property=\"og:description\" content=\"Tri moto kluba iz Republike Srpske i Srbije organizovali su danas drugu pokloni\u010dku vo\u017enju motorista u Donju Gradinu, povodom Dana pobjede nad fa\u0161izmom. Polo\u017eeni su vijenci \u017ertvama zlo\u010dina u koncentracionom [&hellip;]\" \/>\n<meta property=\"og:url\" content=\"https:\/\/www.prijedordanas.com\/?p=185509\" \/>\n<meta property=\"og:site_name\" content=\"PrijedorDanas.com - Prijedorski gradski portal\" \/>\n<meta property=\"article:publisher\" content=\"https:\/\/www.facebook.com\/PrijedorDanasCom\/\" \/>\n<meta property=\"article:published_time\" content=\"2022-05-09T14:37:08+00:00\" \/>\n<meta property=\"article:modified_time\" content=\"2022-05-09T23:07:11+00:00\" \/>\n<meta property=\"og:image\" content=\"https:\/\/www.prijedordanas.com\/wp-content\/uploads\/2022\/05\/rtrs-bajkeri-donja-gradina-1-300x225.jpg\" \/>\n<meta name=\"author\" content=\"admin\" \/>\n<meta name=\"twitter:card\" content=\"summary_large_image\" \/>\n<meta name=\"twitter:label1\" content=\"Written by\" \/>\n\t<meta name=\"twitter:data1\" content=\"admin\" \/>\n\t<meta name=\"twitter:label2\" content=\"Est. reading time\" \/>\n\t<meta name=\"twitter:data2\" content=\"1 minute\" \/>\n<script type=\"application\/ld+json\" class=\"yoast-schema-graph\">{\"@context\":\"https:\/\/schema.org\",\"@graph\":[{\"@type\":\"Article\",\"@id\":\"https:\/\/www.prijedordanas.com\/?p=185509#article\",\"isPartOf\":{\"@id\":\"https:\/\/www.prijedordanas.com\/?p=185509\"},\"author\":{\"name\":\"admin\",\"@id\":\"https:\/\/www.prijedordanas.com\/#\/schema\/person\/4e08ccf29b506ca916ff86d46bb700e6\"},\"headline\":\"Pokloni\u010dka vo\u017enja bajkera u Donju Gradinu: U\u010destvovali i motoristi iz Prijedora &#8211; FOTO\/VIDEO\",\"datePublished\":\"2022-05-09T14:37:08+00:00\",\"dateModified\":\"2022-05-09T23:07:11+00:00\",\"mainEntityOfPage\":{\"@id\":\"https:\/\/www.prijedordanas.com\/?p=185509\"},\"wordCount\":117,\"publisher\":{\"@id\":\"https:\/\/www.prijedordanas.com\/#organization\"},\"articleSection\":[\"Svakodnevno\"],\"inLanguage\":\"en-US\"},{\"@type\":\"WebPage\",\"@id\":\"https:\/\/www.prijedordanas.com\/?p=185509\",\"url\":\"https:\/\/www.prijedordanas.com\/?p=185509\",\"name\":\"Pokloni\u010dka vo\u017enja bajkera u Donju Gradinu: U\u010destvovali i motoristi iz Prijedora - FOTO\/VIDEO - PrijedorDanas.com - Prijedorski gradski portal\",\"isPartOf\":{\"@id\":\"https:\/\/www.prijedordanas.com\/#website\"},\"datePublished\":\"2022-05-09T14:37:08+00:00\",\"dateModified\":\"2022-05-09T23:07:11+00:00\",\"breadcrumb\":{\"@id\":\"https:\/\/www.prijedordanas.com\/?p=185509#breadcrumb\"},\"inLanguage\":\"en-US\",\"potentialAction\":[{\"@type\":\"ReadAction\",\"target\":[\"https:\/\/www.prijedordanas.com\/?p=185509\"]}]},{\"@type\":\"BreadcrumbList\",\"@id\":\"https:\/\/www.prijedordanas.com\/?p=185509#breadcrumb\",\"itemListElement\":[{\"@type\":\"ListItem\",\"position\":1,\"name\":\"Home\",\"item\":\"https:\/\/www.prijedordanas.com\/\"},{\"@type\":\"ListItem\",\"position\":2,\"name\":\"Pokloni\u010dka vo\u017enja bajkera u Donju Gradinu: U\u010destvovali i motoristi iz Prijedora &#8211; FOTO\/VIDEO\"}]},{\"@type\":\"WebSite\",\"@id\":\"https:\/\/www.prijedordanas.com\/#website\",\"url\":\"https:\/\/www.prijedordanas.com\/\",\"name\":\"PrijedorDanas.com - Prijedorski gradski portal\",\"description\":\"Portal o doga\u0111anjima u gradu Prijedoru\",\"publisher\":{\"@id\":\"https:\/\/www.prijedordanas.com\/#organization\"},\"potentialAction\":[{\"@type\":\"SearchAction\",\"target\":{\"@type\":\"EntryPoint\",\"urlTemplate\":\"https:\/\/www.prijedordanas.com\/?s={search_term_string}\"},\"query-input\":\"required name=search_term_string\"}],\"inLanguage\":\"en-US\"},{\"@type\":\"Organization\",\"@id\":\"https:\/\/www.prijedordanas.com\/#organization\",\"name\":\"PrijedorDanas.com\",\"url\":\"https:\/\/www.prijedordanas.com\/\",\"logo\":{\"@type\":\"ImageObject\",\"inLanguage\":\"en-US\",\"@id\":\"https:\/\/www.prijedordanas.com\/#\/schema\/logo\/image\/\",\"url\":\"http:\/\/www.prijedordanas.com\/wp-content\/uploads\/2021\/12\/logopng.png\",\"contentUrl\":\"http:\/\/www.prijedordanas.com\/wp-content\/uploads\/2021\/12\/logopng.png\",\"width\":1019,\"height\":776,\"caption\":\"PrijedorDanas.com\"},\"image\":{\"@id\":\"https:\/\/www.prijedordanas.com\/#\/schema\/logo\/image\/\"},\"sameAs\":[\"https:\/\/www.facebook.com\/PrijedorDanasCom\/\"]},{\"@type\":\"Person\",\"@id\":\"https:\/\/www.prijedordanas.com\/#\/schema\/person\/4e08ccf29b506ca916ff86d46bb700e6\",\"name\":\"admin\",\"image\":{\"@type\":\"ImageObject\",\"inLanguage\":\"en-US\",\"@id\":\"https:\/\/www.prijedordanas.com\/#\/schema\/person\/image\/\",\"url\":\"https:\/\/secure.gravatar.com\/avatar\/1d3fc949d550f0b53a5f0d51e06dfd79?s=96&d=mm&r=g\",\"contentUrl\":\"https:\/\/secure.gravatar.com\/avatar\/1d3fc949d550f0b53a5f0d51e06dfd79?s=96&d=mm&r=g\",\"caption\":\"admin\"},\"url\":\"https:\/\/www.prijedordanas.com\/?author=1\"}]}<\/script>\n<!-- \/ Yoast SEO plugin. -->","yoast_head_json":{"title":"Pokloni\u010dka vo\u017enja bajkera u Donju Gradinu: U\u010destvovali i motoristi iz Prijedora - FOTO\/VIDEO - PrijedorDanas.com - Prijedorski gradski portal","robots":{"index":"index","follow":"follow","max-snippet":"max-snippet:-1","max-image-preview":"max-image-preview:large","max-video-preview":"max-video-preview:-1"},"canonical":"https:\/\/www.prijedordanas.com\/?p=185509","og_locale":"en_US","og_type":"article","og_title":"Pokloni\u010dka vo\u017enja bajkera u Donju Gradinu: U\u010destvovali i motoristi iz Prijedora - FOTO\/VIDEO - PrijedorDanas.com - Prijedorski gradski portal","og_description":"Tri moto kluba iz Republike Srpske i Srbije organizovali su danas drugu pokloni\u010dku vo\u017enju motorista u Donju Gradinu, povodom Dana pobjede nad fa\u0161izmom. Polo\u017eeni su vijenci \u017ertvama zlo\u010dina u koncentracionom [&hellip;]","og_url":"https:\/\/www.prijedordanas.com\/?p=185509","og_site_name":"PrijedorDanas.com - Prijedorski gradski portal","article_publisher":"https:\/\/www.facebook.com\/PrijedorDanasCom\/","article_published_time":"2022-05-09T14:37:08+00:00","article_modified_time":"2022-05-09T23:07:11+00:00","og_image":[{"url":"https:\/\/www.prijedordanas.com\/wp-content\/uploads\/2022\/05\/rtrs-bajkeri-donja-gradina-1-300x225.jpg"}],"author":"admin","twitter_card":"summary_large_image","twitter_misc":{"Written by":"admin","Est. reading time":"1 minute"},"schema":{"@context":"https:\/\/schema.org","@graph":[{"@type":"Article","@id":"https:\/\/www.prijedordanas.com\/?p=185509#article","isPartOf":{"@id":"https:\/\/www.prijedordanas.com\/?p=185509"},"author":{"name":"admin","@id":"https:\/\/www.prijedordanas.com\/#\/schema\/person\/4e08ccf29b506ca916ff86d46bb700e6"},"headline":"Pokloni\u010dka vo\u017enja bajkera u Donju Gradinu: U\u010destvovali i motoristi iz Prijedora &#8211; FOTO\/VIDEO","datePublished":"2022-05-09T14:37:08+00:00","dateModified":"2022-05-09T23:07:11+00:00","mainEntityOfPage":{"@id":"https:\/\/www.prijedordanas.com\/?p=185509"},"wordCount":117,"publisher":{"@id":"https:\/\/www.prijedordanas.com\/#organization"},"articleSection":["Svakodnevno"],"inLanguage":"en-US"},{"@type":"WebPage","@id":"https:\/\/www.prijedordanas.com\/?p=185509","url":"https:\/\/www.prijedordanas.com\/?p=185509","name":"Pokloni\u010dka vo\u017enja bajkera u Donju Gradinu: U\u010destvovali i motoristi iz Prijedora - FOTO\/VIDEO - PrijedorDanas.com - Prijedorski gradski portal","isPartOf":{"@id":"https:\/\/www.prijedordanas.com\/#website"},"datePublished":"2022-05-09T14:37:08+00:00","dateModified":"2022-05-09T23:07:11+00:00","breadcrumb":{"@id":"https:\/\/www.prijedordanas.com\/?p=185509#breadcrumb"},"inLanguage":"en-US","potentialAction":[{"@type":"ReadAction","target":["https:\/\/www.prijedordanas.com\/?p=185509"]}]},{"@type":"BreadcrumbList","@id":"https:\/\/www.prijedordanas.com\/?p=185509#breadcrumb","itemListElement":[{"@type":"ListItem","position":1,"name":"Home","item":"https:\/\/www.prijedordanas.com\/"},{"@type":"ListItem","position":2,"name":"Pokloni\u010dka vo\u017enja bajkera u Donju Gradinu: U\u010destvovali i motoristi iz Prijedora &#8211; FOTO\/VIDEO"}]},{"@type":"WebSite","@id":"https:\/\/www.prijedordanas.com\/#website","url":"https:\/\/www.prijedordanas.com\/","name":"PrijedorDanas.com - Prijedorski gradski portal","description":"Portal o doga\u0111anjima u gradu Prijedoru","publisher":{"@id":"https:\/\/www.prijedordanas.com\/#organization"},"potentialAction":[{"@type":"SearchAction","target":{"@type":"EntryPoint","urlTemplate":"https:\/\/www.prijedordanas.com\/?s={search_term_string}"},"query-input":"required name=search_term_string"}],"inLanguage":"en-US"},{"@type":"Organization","@id":"https:\/\/www.prijedordanas.com\/#organization","name":"PrijedorDanas.com","url":"https:\/\/www.prijedordanas.com\/","logo":{"@type":"ImageObject","inLanguage":"en-US","@id":"https:\/\/www.prijedordanas.com\/#\/schema\/logo\/image\/","url":"http:\/\/www.prijedordanas.com\/wp-content\/uploads\/2021\/12\/logopng.png","contentUrl":"http:\/\/www.prijedordanas.com\/wp-content\/uploads\/2021\/12\/logopng.png","width":1019,"height":776,"caption":"PrijedorDanas.com"},"image":{"@id":"https:\/\/www.prijedordanas.com\/#\/schema\/logo\/image\/"},"sameAs":["https:\/\/www.facebook.com\/PrijedorDanasCom\/"]},{"@type":"Person","@id":"https:\/\/www.prijedordanas.com\/#\/schema\/person\/4e08ccf29b506ca916ff86d46bb700e6","name":"admin","image":{"@type":"ImageObject","inLanguage":"en-US","@id":"https:\/\/www.prijedordanas.com\/#\/schema\/person\/image\/","url":"https:\/\/secure.gravatar.com\/avatar\/1d3fc949d550f0b53a5f0d51e06dfd79?s=96&d=mm&r=g","contentUrl":"https:\/\/secure.gravatar.com\/avatar\/1d3fc949d550f0b53a5f0d51e06dfd79?s=96&d=mm&r=g","caption":"admin"},"url":"https:\/\/www.prijedordanas.com\/?author=1"}]}},"_links":{"self":[{"href":"https:\/\/www.prijedordanas.com\/index.php?rest_route=\/wp\/v2\/posts\/185509"}],"collection":[{"href":"https:\/\/www.prijedordanas.com\/index.php?rest_route=\/wp\/v2\/posts"}],"about":[{"href":"https:\/\/www.prijedordanas.com\/index.php?rest_route=\/wp\/v2\/types\/post"}],"author":[{"embeddable":true,"href":"https:\/\/www.prijedordanas.com\/index.php?rest_route=\/wp\/v2\/users\/1"}],"replies":[{"embeddable":true,"href":"https:\/\/www.prijedordanas.com\/index.php?rest_route=%2Fwp%2Fv2%2Fcomments&post=185509"}],"version-history":[{"count":2,"href":"https:\/\/www.prijedordanas.com\/index.php?rest_route=\/wp\/v2\/posts\/185509\/revisions"}],"predecessor-version":[{"id":185535,"href":"https:\/\/www.prijedordanas.com\/index.php?rest_route=\/wp\/v2\/posts\/185509\/revisions\/185535"}],"wp:attachment":[{"href":"https:\/\/www.prijedordanas.com\/index.php?rest_route=%2Fwp%2Fv2%2Fmedia&parent=185509"}],"wp:term":[{"taxonomy":"category","embeddable":true,"href":"https:\/\/www.prijedordanas.com\/index.php?rest_route=%2Fwp%2Fv2%2Fcategories&post=185509"},{"taxonomy":"post_tag","embeddable":true,"href":"https:\/\/www.prijedordanas.com\/index.php?rest_route=%2Fwp%2Fv2%2Ftags&post=185509"}],"curies":[{"name":"wp","href":"https:\/\/api.w.org\/{rel}","templated":true}]}}