{"id":185484,"date":"2022-05-08T19:06:29","date_gmt":"2022-05-08T17:06:29","guid":{"rendered":"https:\/\/www.prijedordanas.com\/?p=185484"},"modified":"2022-05-08T19:06:29","modified_gmt":"2022-05-08T17:06:29","slug":"prijedor-pocelo-obiljezavanje-9-maja-dana-pobjede-nad-fasizmom-foto","status":"publish","type":"post","link":"https:\/\/www.prijedordanas.com\/?p=185484","title":{"rendered":"Prijedor: Po\u010delo obilje\u017eavanje 9.maja, Dana pobjede nad fa\u0161izmom &#8211; FOTO"},"content":{"rendered":"<p><a href=\"https:\/\/www.prijedordanas.com\/wp-content\/uploads\/2022\/05\/prijedorgradorg-dan-pobjede-2022-1.jpg\"><img loading=\"lazy\" decoding=\"async\" class=\"alignleft size-medium wp-image-185485\" src=\"https:\/\/www.prijedordanas.com\/wp-content\/uploads\/2022\/05\/prijedorgradorg-dan-pobjede-2022-1-300x225.jpg\" alt=\"\" width=\"300\" height=\"225\" srcset=\"https:\/\/www.prijedordanas.com\/wp-content\/uploads\/2022\/05\/prijedorgradorg-dan-pobjede-2022-1-300x225.jpg 300w, https:\/\/www.prijedordanas.com\/wp-content\/uploads\/2022\/05\/prijedorgradorg-dan-pobjede-2022-1-640x480.jpg 640w, https:\/\/www.prijedordanas.com\/wp-content\/uploads\/2022\/05\/prijedorgradorg-dan-pobjede-2022-1.jpg 667w\" sizes=\"(max-width: 300px) 100vw, 300px\" \/><\/a>Polaganjem vijenaca i prigodnim programom na Partizanskom groblju danas je u Prijedoru po\u010delo obilje\u017eavanje 9. maj, Dan pobjede.<\/p>\n<p>Predsjednik prijedorskog SUBNOR-a Veljko Rodi\u0107 je obra\u0107aju\u0107i se prisutnima da je 9. maj veliki istorijski datum koji je svijet \u010dekao vi\u0161e od pet godina jer je na taj dan prije 77 godina potpisana kapitulacija kojom je zavr\u0161io rat na tlu Evrope.<\/p>\n<p>&#8220;Sa ovog mjesta mo\u017eemo poslati poruku svijetu, ali i Republici Srpskoj i jugo prostorima da se \u017eivi u slobodi, miru i razumijevanju i da vi\u0161e nikada ne bude rata ni takvog zla kakvo je bilo u Drugom svjetskom ratu&#8221;, poru\u010dio je Rodi\u0107.<\/p>\n<p><a href=\"https:\/\/www.prijedordanas.com\/wp-content\/uploads\/2022\/05\/prijedorgradorg-dan-pobjede-2022-2.jpg\"><img loading=\"lazy\" decoding=\"async\" class=\"alignleft size-medium wp-image-185486\" src=\"https:\/\/www.prijedordanas.com\/wp-content\/uploads\/2022\/05\/prijedorgradorg-dan-pobjede-2022-2-300x225.jpg\" alt=\"\" width=\"300\" height=\"225\" srcset=\"https:\/\/www.prijedordanas.com\/wp-content\/uploads\/2022\/05\/prijedorgradorg-dan-pobjede-2022-2-300x225.jpg 300w, https:\/\/www.prijedordanas.com\/wp-content\/uploads\/2022\/05\/prijedorgradorg-dan-pobjede-2022-2.jpg 600w\" sizes=\"(max-width: 300px) 100vw, 300px\" \/><\/a>On je dodao da je u ovom ratu poginulo vi\u0161e od 50 miliona ljudi i bilo anga\u017eovano u ratnim dejstvima 170 miliona ljudi pod oru\u017ejem.<\/p>\n<p>&#8220;To je zaista predmet za razmi\u0161ljanje zar je ta civilizacija i to \u010dovje\u010danstvo prihvatilo rat kao sredstvo za rje\u0161avanje dr\u017eavnih problema. Zna\u010di mir ,sloboda, su\u017eivot, sporazumijevanje me\u0111u narodima i me\u0111u dr\u017eavama, ali sve mirnim putem&#8221;, rekao je Rodi\u0107.<\/p>\n<p>On je podsjetio da je na podru\u010dju biv\u0161e Jugoslavije tokom Drugog svjetskog rata poginulo je oko 1.700.000 ljudi, da je potkozarski kraj dao veliki doprinos pobjedi nad fa\u0161izmom.<\/p>\n<p><a href=\"https:\/\/www.prijedordanas.com\/wp-content\/uploads\/2022\/05\/prijedorgradorg-dan-pobjede-2022-3.jpg\"><img loading=\"lazy\" decoding=\"async\" src=\"https:\/\/www.prijedordanas.com\/wp-content\/uploads\/2022\/05\/prijedorgradorg-dan-pobjede-2022-3-300x225.jpg\" alt=\"\" width=\"300\" height=\"225\" class=\"alignleft size-medium wp-image-185487\" srcset=\"https:\/\/www.prijedordanas.com\/wp-content\/uploads\/2022\/05\/prijedorgradorg-dan-pobjede-2022-3-300x225.jpg 300w, https:\/\/www.prijedordanas.com\/wp-content\/uploads\/2022\/05\/prijedorgradorg-dan-pobjede-2022-3.jpg 600w\" sizes=\"(max-width: 300px) 100vw, 300px\" \/><\/a>&#8220;Poginuo je svaki peti stanovnik, ukupno 45.000 ljudi, od kojih su blizu 10.000 bili borci, a ostalo civilne \u017ervte fa\u0161isti\u010dkog terora&#8221;, naveo je Rodi\u0107.<\/p>\n<p>Vr\u0161ilac du\u017enosti na\u010delnika gradskog Odjeljenja za bora\u010dko invalidsku za\u0161titu Ranko Kolar je rekao da se na ovaj na\u010din obilje\u017eava i 77.godi\u0161njica od dana sloma fa\u0161izma u Evropi, ali da je sutra i Dan Evrope.<\/p>\n<p>&#8220;Prijedor je evropski grad, multietni\u010dka sredina i tako \u017eelimo da bude i \u0161irom BiH. Odavde \u0161aljemo poruke mira, tolerancije, poruke slobode i ljudskih prava za sve ljude na ovoj planeti&#8221;, poru\u010dio je Kolar.<\/p>\n<p>Gradona\u010delnik Prijedora, Slobodan Javor , koji je prisustvovao ovom obilje\u017eavanju, je jedinom \u017eivom nosiocu Partizanske spomenice u ovom gradu, Dragutinu \u010celici povodom obilje\u017eavanja 9. maja uru\u010dio 500 KM.<\/p>\n<p>Obilje\u017eavanje Dana pobjede bi\u0107e nastavljeno u ponedjeljak 9.maja polaganjem vijenaca na spomen obilje\u017eje borcima poginulim u Odbrambeno-otad\u017ebinskom ratu i na Partizanskom groblju poginulim borcima NOR-a u Omarskoj kao i u LJubiji.<\/p>\n<p><a href=\"https:\/\/prijedorgrad.org\/sr-EU\/vijesti-sadrzaj.html?vid=15157\" target=\"_blank\" rel=\"noopener\">prijedorgrad.org<\/a><\/p>\n<p><a href=\"https:\/\/www.prijedordanas.com\/wp-content\/uploads\/2022\/05\/prijedorgradorg-dan-pobjede-2022-4.jpg\"><img loading=\"lazy\" decoding=\"async\" src=\"https:\/\/www.prijedordanas.com\/wp-content\/uploads\/2022\/05\/prijedorgradorg-dan-pobjede-2022-4-300x225.jpg\" alt=\"\" width=\"300\" height=\"225\" class=\"alignleft size-medium wp-image-185488\" srcset=\"https:\/\/www.prijedordanas.com\/wp-content\/uploads\/2022\/05\/prijedorgradorg-dan-pobjede-2022-4-300x225.jpg 300w, https:\/\/www.prijedordanas.com\/wp-content\/uploads\/2022\/05\/prijedorgradorg-dan-pobjede-2022-4.jpg 600w\" sizes=\"(max-width: 300px) 100vw, 300px\" \/><\/a> <a href=\"https:\/\/www.prijedordanas.com\/wp-content\/uploads\/2022\/05\/prijedorgradorg-dan-pobjede-2022-5.jpg\"><img loading=\"lazy\" decoding=\"async\" src=\"https:\/\/www.prijedordanas.com\/wp-content\/uploads\/2022\/05\/prijedorgradorg-dan-pobjede-2022-5-300x225.jpg\" alt=\"\" width=\"300\" height=\"225\" class=\"alignleft size-medium wp-image-185489\" srcset=\"https:\/\/www.prijedordanas.com\/wp-content\/uploads\/2022\/05\/prijedorgradorg-dan-pobjede-2022-5-300x225.jpg 300w, https:\/\/www.prijedordanas.com\/wp-content\/uploads\/2022\/05\/prijedorgradorg-dan-pobjede-2022-5.jpg 600w\" sizes=\"(max-width: 300px) 100vw, 300px\" \/><\/a> <a href=\"https:\/\/www.prijedordanas.com\/wp-content\/uploads\/2022\/05\/prijedorgradorg-dan-pobjede-2022-6.jpg\"><img loading=\"lazy\" decoding=\"async\" src=\"https:\/\/www.prijedordanas.com\/wp-content\/uploads\/2022\/05\/prijedorgradorg-dan-pobjede-2022-6-300x225.jpg\" alt=\"\" width=\"300\" height=\"225\" class=\"alignleft size-medium wp-image-185490\" srcset=\"https:\/\/www.prijedordanas.com\/wp-content\/uploads\/2022\/05\/prijedorgradorg-dan-pobjede-2022-6-300x225.jpg 300w, https:\/\/www.prijedordanas.com\/wp-content\/uploads\/2022\/05\/prijedorgradorg-dan-pobjede-2022-6.jpg 600w\" sizes=\"(max-width: 300px) 100vw, 300px\" \/><\/a> <a href=\"https:\/\/www.prijedordanas.com\/wp-content\/uploads\/2022\/05\/prijedorgradorg-dan-pobjede-2022-7.jpg\"><img loading=\"lazy\" decoding=\"async\" src=\"https:\/\/www.prijedordanas.com\/wp-content\/uploads\/2022\/05\/prijedorgradorg-dan-pobjede-2022-7-300x225.jpg\" alt=\"\" width=\"300\" height=\"225\" class=\"alignleft size-medium wp-image-185491\" srcset=\"https:\/\/www.prijedordanas.com\/wp-content\/uploads\/2022\/05\/prijedorgradorg-dan-pobjede-2022-7-300x225.jpg 300w, https:\/\/www.prijedordanas.com\/wp-content\/uploads\/2022\/05\/prijedorgradorg-dan-pobjede-2022-7.jpg 600w\" sizes=\"(max-width: 300px) 100vw, 300px\" \/><\/a><\/p>\n","protected":false},"excerpt":{"rendered":"<p>Polaganjem vijenaca i prigodnim programom na Partizanskom groblju danas je u Prijedoru po\u010delo obilje\u017eavanje 9. maj, Dan pobjede. Predsjednik prijedorskog SUBNOR-a Veljko Rodi\u0107 je obra\u0107aju\u0107i se prisutnima da je 9. [&hellip;]<\/p>\n","protected":false},"author":1,"featured_media":0,"comment_status":"closed","ping_status":"open","sticky":false,"template":"","format":"standard","meta":{"_monsterinsights_skip_tracking":false,"_monsterinsights_sitenote_active":false,"_monsterinsights_sitenote_note":"","_monsterinsights_sitenote_category":0,"footnotes":""},"categories":[4],"tags":[],"yoast_head":"<!-- This site is optimized with the Yoast SEO plugin v21.6 - https:\/\/yoast.com\/wordpress\/plugins\/seo\/ -->\n<title>Prijedor: Po\u010delo obilje\u017eavanje 9.maja, Dana pobjede nad fa\u0161izmom - FOTO - PrijedorDanas.com - Prijedorski gradski portal<\/title>\n<meta name=\"robots\" content=\"index, follow, max-snippet:-1, max-image-preview:large, max-video-preview:-1\" \/>\n<link rel=\"canonical\" href=\"https:\/\/www.prijedordanas.com\/?p=185484\" \/>\n<meta property=\"og:locale\" content=\"en_US\" \/>\n<meta property=\"og:type\" content=\"article\" \/>\n<meta property=\"og:title\" content=\"Prijedor: Po\u010delo obilje\u017eavanje 9.maja, Dana pobjede nad fa\u0161izmom - FOTO - PrijedorDanas.com - Prijedorski gradski portal\" \/>\n<meta property=\"og:description\" content=\"Polaganjem vijenaca i prigodnim programom na Partizanskom groblju danas je u Prijedoru po\u010delo obilje\u017eavanje 9. maj, Dan pobjede. Predsjednik prijedorskog SUBNOR-a Veljko Rodi\u0107 je obra\u0107aju\u0107i se prisutnima da je 9. [&hellip;]\" \/>\n<meta property=\"og:url\" content=\"https:\/\/www.prijedordanas.com\/?p=185484\" \/>\n<meta property=\"og:site_name\" content=\"PrijedorDanas.com - Prijedorski gradski portal\" \/>\n<meta property=\"article:publisher\" content=\"https:\/\/www.facebook.com\/PrijedorDanasCom\/\" \/>\n<meta property=\"article:published_time\" content=\"2022-05-08T17:06:29+00:00\" \/>\n<meta property=\"og:image\" content=\"https:\/\/www.prijedordanas.com\/wp-content\/uploads\/2022\/05\/prijedorgradorg-dan-pobjede-2022-1-300x225.jpg\" \/>\n<meta name=\"author\" content=\"admin\" \/>\n<meta name=\"twitter:card\" content=\"summary_large_image\" \/>\n<meta name=\"twitter:label1\" content=\"Written by\" \/>\n\t<meta name=\"twitter:data1\" content=\"admin\" \/>\n\t<meta name=\"twitter:label2\" content=\"Est. reading time\" \/>\n\t<meta name=\"twitter:data2\" content=\"2 minutes\" \/>\n<script type=\"application\/ld+json\" class=\"yoast-schema-graph\">{\"@context\":\"https:\/\/schema.org\",\"@graph\":[{\"@type\":\"Article\",\"@id\":\"https:\/\/www.prijedordanas.com\/?p=185484#article\",\"isPartOf\":{\"@id\":\"https:\/\/www.prijedordanas.com\/?p=185484\"},\"author\":{\"name\":\"admin\",\"@id\":\"https:\/\/www.prijedordanas.com\/#\/schema\/person\/4e08ccf29b506ca916ff86d46bb700e6\"},\"headline\":\"Prijedor: Po\u010delo obilje\u017eavanje 9.maja, Dana pobjede nad fa\u0161izmom &#8211; FOTO\",\"datePublished\":\"2022-05-08T17:06:29+00:00\",\"dateModified\":\"2022-05-08T17:06:29+00:00\",\"mainEntityOfPage\":{\"@id\":\"https:\/\/www.prijedordanas.com\/?p=185484\"},\"wordCount\":391,\"publisher\":{\"@id\":\"https:\/\/www.prijedordanas.com\/#organization\"},\"articleSection\":[\"Dru\u0161tvo\"],\"inLanguage\":\"en-US\"},{\"@type\":\"WebPage\",\"@id\":\"https:\/\/www.prijedordanas.com\/?p=185484\",\"url\":\"https:\/\/www.prijedordanas.com\/?p=185484\",\"name\":\"Prijedor: Po\u010delo obilje\u017eavanje 9.maja, Dana pobjede nad fa\u0161izmom - FOTO - PrijedorDanas.com - Prijedorski gradski portal\",\"isPartOf\":{\"@id\":\"https:\/\/www.prijedordanas.com\/#website\"},\"datePublished\":\"2022-05-08T17:06:29+00:00\",\"dateModified\":\"2022-05-08T17:06:29+00:00\",\"breadcrumb\":{\"@id\":\"https:\/\/www.prijedordanas.com\/?p=185484#breadcrumb\"},\"inLanguage\":\"en-US\",\"potentialAction\":[{\"@type\":\"ReadAction\",\"target\":[\"https:\/\/www.prijedordanas.com\/?p=185484\"]}]},{\"@type\":\"BreadcrumbList\",\"@id\":\"https:\/\/www.prijedordanas.com\/?p=185484#breadcrumb\",\"itemListElement\":[{\"@type\":\"ListItem\",\"position\":1,\"name\":\"Home\",\"item\":\"https:\/\/www.prijedordanas.com\/\"},{\"@type\":\"ListItem\",\"position\":2,\"name\":\"Prijedor: Po\u010delo obilje\u017eavanje 9.maja, Dana pobjede nad fa\u0161izmom &#8211; FOTO\"}]},{\"@type\":\"WebSite\",\"@id\":\"https:\/\/www.prijedordanas.com\/#website\",\"url\":\"https:\/\/www.prijedordanas.com\/\",\"name\":\"PrijedorDanas.com - Prijedorski gradski portal\",\"description\":\"Portal o doga\u0111anjima u gradu Prijedoru\",\"publisher\":{\"@id\":\"https:\/\/www.prijedordanas.com\/#organization\"},\"potentialAction\":[{\"@type\":\"SearchAction\",\"target\":{\"@type\":\"EntryPoint\",\"urlTemplate\":\"https:\/\/www.prijedordanas.com\/?s={search_term_string}\"},\"query-input\":\"required name=search_term_string\"}],\"inLanguage\":\"en-US\"},{\"@type\":\"Organization\",\"@id\":\"https:\/\/www.prijedordanas.com\/#organization\",\"name\":\"PrijedorDanas.com\",\"url\":\"https:\/\/www.prijedordanas.com\/\",\"logo\":{\"@type\":\"ImageObject\",\"inLanguage\":\"en-US\",\"@id\":\"https:\/\/www.prijedordanas.com\/#\/schema\/logo\/image\/\",\"url\":\"http:\/\/www.prijedordanas.com\/wp-content\/uploads\/2021\/12\/logopng.png\",\"contentUrl\":\"http:\/\/www.prijedordanas.com\/wp-content\/uploads\/2021\/12\/logopng.png\",\"width\":1019,\"height\":776,\"caption\":\"PrijedorDanas.com\"},\"image\":{\"@id\":\"https:\/\/www.prijedordanas.com\/#\/schema\/logo\/image\/\"},\"sameAs\":[\"https:\/\/www.facebook.com\/PrijedorDanasCom\/\"]},{\"@type\":\"Person\",\"@id\":\"https:\/\/www.prijedordanas.com\/#\/schema\/person\/4e08ccf29b506ca916ff86d46bb700e6\",\"name\":\"admin\",\"image\":{\"@type\":\"ImageObject\",\"inLanguage\":\"en-US\",\"@id\":\"https:\/\/www.prijedordanas.com\/#\/schema\/person\/image\/\",\"url\":\"https:\/\/secure.gravatar.com\/avatar\/1d3fc949d550f0b53a5f0d51e06dfd79?s=96&d=mm&r=g\",\"contentUrl\":\"https:\/\/secure.gravatar.com\/avatar\/1d3fc949d550f0b53a5f0d51e06dfd79?s=96&d=mm&r=g\",\"caption\":\"admin\"},\"url\":\"https:\/\/www.prijedordanas.com\/?author=1\"}]}<\/script>\n<!-- \/ Yoast SEO plugin. -->","yoast_head_json":{"title":"Prijedor: Po\u010delo obilje\u017eavanje 9.maja, Dana pobjede nad fa\u0161izmom - FOTO - PrijedorDanas.com - Prijedorski gradski portal","robots":{"index":"index","follow":"follow","max-snippet":"max-snippet:-1","max-image-preview":"max-image-preview:large","max-video-preview":"max-video-preview:-1"},"canonical":"https:\/\/www.prijedordanas.com\/?p=185484","og_locale":"en_US","og_type":"article","og_title":"Prijedor: Po\u010delo obilje\u017eavanje 9.maja, Dana pobjede nad fa\u0161izmom - FOTO - PrijedorDanas.com - Prijedorski gradski portal","og_description":"Polaganjem vijenaca i prigodnim programom na Partizanskom groblju danas je u Prijedoru po\u010delo obilje\u017eavanje 9. maj, Dan pobjede. Predsjednik prijedorskog SUBNOR-a Veljko Rodi\u0107 je obra\u0107aju\u0107i se prisutnima da je 9. [&hellip;]","og_url":"https:\/\/www.prijedordanas.com\/?p=185484","og_site_name":"PrijedorDanas.com - Prijedorski gradski portal","article_publisher":"https:\/\/www.facebook.com\/PrijedorDanasCom\/","article_published_time":"2022-05-08T17:06:29+00:00","og_image":[{"url":"https:\/\/www.prijedordanas.com\/wp-content\/uploads\/2022\/05\/prijedorgradorg-dan-pobjede-2022-1-300x225.jpg"}],"author":"admin","twitter_card":"summary_large_image","twitter_misc":{"Written by":"admin","Est. reading time":"2 minutes"},"schema":{"@context":"https:\/\/schema.org","@graph":[{"@type":"Article","@id":"https:\/\/www.prijedordanas.com\/?p=185484#article","isPartOf":{"@id":"https:\/\/www.prijedordanas.com\/?p=185484"},"author":{"name":"admin","@id":"https:\/\/www.prijedordanas.com\/#\/schema\/person\/4e08ccf29b506ca916ff86d46bb700e6"},"headline":"Prijedor: Po\u010delo obilje\u017eavanje 9.maja, Dana pobjede nad fa\u0161izmom &#8211; FOTO","datePublished":"2022-05-08T17:06:29+00:00","dateModified":"2022-05-08T17:06:29+00:00","mainEntityOfPage":{"@id":"https:\/\/www.prijedordanas.com\/?p=185484"},"wordCount":391,"publisher":{"@id":"https:\/\/www.prijedordanas.com\/#organization"},"articleSection":["Dru\u0161tvo"],"inLanguage":"en-US"},{"@type":"WebPage","@id":"https:\/\/www.prijedordanas.com\/?p=185484","url":"https:\/\/www.prijedordanas.com\/?p=185484","name":"Prijedor: Po\u010delo obilje\u017eavanje 9.maja, Dana pobjede nad fa\u0161izmom - FOTO - PrijedorDanas.com - Prijedorski gradski portal","isPartOf":{"@id":"https:\/\/www.prijedordanas.com\/#website"},"datePublished":"2022-05-08T17:06:29+00:00","dateModified":"2022-05-08T17:06:29+00:00","breadcrumb":{"@id":"https:\/\/www.prijedordanas.com\/?p=185484#breadcrumb"},"inLanguage":"en-US","potentialAction":[{"@type":"ReadAction","target":["https:\/\/www.prijedordanas.com\/?p=185484"]}]},{"@type":"BreadcrumbList","@id":"https:\/\/www.prijedordanas.com\/?p=185484#breadcrumb","itemListElement":[{"@type":"ListItem","position":1,"name":"Home","item":"https:\/\/www.prijedordanas.com\/"},{"@type":"ListItem","position":2,"name":"Prijedor: Po\u010delo obilje\u017eavanje 9.maja, Dana pobjede nad fa\u0161izmom &#8211; FOTO"}]},{"@type":"WebSite","@id":"https:\/\/www.prijedordanas.com\/#website","url":"https:\/\/www.prijedordanas.com\/","name":"PrijedorDanas.com - Prijedorski gradski portal","description":"Portal o doga\u0111anjima u gradu Prijedoru","publisher":{"@id":"https:\/\/www.prijedordanas.com\/#organization"},"potentialAction":[{"@type":"SearchAction","target":{"@type":"EntryPoint","urlTemplate":"https:\/\/www.prijedordanas.com\/?s={search_term_string}"},"query-input":"required name=search_term_string"}],"inLanguage":"en-US"},{"@type":"Organization","@id":"https:\/\/www.prijedordanas.com\/#organization","name":"PrijedorDanas.com","url":"https:\/\/www.prijedordanas.com\/","logo":{"@type":"ImageObject","inLanguage":"en-US","@id":"https:\/\/www.prijedordanas.com\/#\/schema\/logo\/image\/","url":"http:\/\/www.prijedordanas.com\/wp-content\/uploads\/2021\/12\/logopng.png","contentUrl":"http:\/\/www.prijedordanas.com\/wp-content\/uploads\/2021\/12\/logopng.png","width":1019,"height":776,"caption":"PrijedorDanas.com"},"image":{"@id":"https:\/\/www.prijedordanas.com\/#\/schema\/logo\/image\/"},"sameAs":["https:\/\/www.facebook.com\/PrijedorDanasCom\/"]},{"@type":"Person","@id":"https:\/\/www.prijedordanas.com\/#\/schema\/person\/4e08ccf29b506ca916ff86d46bb700e6","name":"admin","image":{"@type":"ImageObject","inLanguage":"en-US","@id":"https:\/\/www.prijedordanas.com\/#\/schema\/person\/image\/","url":"https:\/\/secure.gravatar.com\/avatar\/1d3fc949d550f0b53a5f0d51e06dfd79?s=96&d=mm&r=g","contentUrl":"https:\/\/secure.gravatar.com\/avatar\/1d3fc949d550f0b53a5f0d51e06dfd79?s=96&d=mm&r=g","caption":"admin"},"url":"https:\/\/www.prijedordanas.com\/?author=1"}]}},"_links":{"self":[{"href":"https:\/\/www.prijedordanas.com\/index.php?rest_route=\/wp\/v2\/posts\/185484"}],"collection":[{"href":"https:\/\/www.prijedordanas.com\/index.php?rest_route=\/wp\/v2\/posts"}],"about":[{"href":"https:\/\/www.prijedordanas.com\/index.php?rest_route=\/wp\/v2\/types\/post"}],"author":[{"embeddable":true,"href":"https:\/\/www.prijedordanas.com\/index.php?rest_route=\/wp\/v2\/users\/1"}],"replies":[{"embeddable":true,"href":"https:\/\/www.prijedordanas.com\/index.php?rest_route=%2Fwp%2Fv2%2Fcomments&post=185484"}],"version-history":[{"count":1,"href":"https:\/\/www.prijedordanas.com\/index.php?rest_route=\/wp\/v2\/posts\/185484\/revisions"}],"predecessor-version":[{"id":185492,"href":"https:\/\/www.prijedordanas.com\/index.php?rest_route=\/wp\/v2\/posts\/185484\/revisions\/185492"}],"wp:attachment":[{"href":"https:\/\/www.prijedordanas.com\/index.php?rest_route=%2Fwp%2Fv2%2Fmedia&parent=185484"}],"wp:term":[{"taxonomy":"category","embeddable":true,"href":"https:\/\/www.prijedordanas.com\/index.php?rest_route=%2Fwp%2Fv2%2Fcategories&post=185484"},{"taxonomy":"post_tag","embeddable":true,"href":"https:\/\/www.prijedordanas.com\/index.php?rest_route=%2Fwp%2Fv2%2Ftags&post=185484"}],"curies":[{"name":"wp","href":"https:\/\/api.w.org\/{rel}","templated":true}]}}