{"id":185282,"date":"2022-05-05T18:56:32","date_gmt":"2022-05-05T16:56:32","guid":{"rendered":"https:\/\/www.prijedordanas.com\/?p=185282"},"modified":"2022-05-05T18:56:32","modified_gmt":"2022-05-05T16:56:32","slug":"begic-prijavio-kovacevica-zamjenik-gradonacelnika-prijedora-mu-pozelio-da-se-ostvari-kao-roditelj-foto","status":"publish","type":"post","link":"https:\/\/www.prijedordanas.com\/?p=185282","title":{"rendered":"Begi\u0107 prijavio Kova\u010devi\u0107a: Zamjenik gradona\u010delnika Prijedora mu po\u017eelio da se ostvari kao roditelj &#8211; FOTO"},"content":{"rendered":"<p><a href=\"https:\/\/www.prijedordanas.com\/wp-content\/uploads\/2022\/05\/begic-prijavio-kovacevica-1.jpg\"><img loading=\"lazy\" decoding=\"async\" class=\"alignleft size-medium wp-image-185284\" src=\"https:\/\/www.prijedordanas.com\/wp-content\/uploads\/2022\/05\/begic-prijavio-kovacevica-1-300x225.jpg\" alt=\"\" width=\"300\" height=\"225\" srcset=\"https:\/\/www.prijedordanas.com\/wp-content\/uploads\/2022\/05\/begic-prijavio-kovacevica-1-300x225.jpg 300w, https:\/\/www.prijedordanas.com\/wp-content\/uploads\/2022\/05\/begic-prijavio-kovacevica-1-640x480.jpg 640w, https:\/\/www.prijedordanas.com\/wp-content\/uploads\/2022\/05\/begic-prijavio-kovacevica-1.jpg 667w\" sizes=\"(max-width: 300px) 100vw, 300px\" \/><\/a>Ivan Begi\u0107 predao je Okru\u017enom javnom tu\u017eila\u0161tvu u Prijedoru prijavu protiv zamjenika gradona\u010delnika Prijedora \u017darka Kova\u010devi\u0107a zbog kako tvrdi, krivi\u010dnog djela javno izazivanje i podsticanje naslja i mr\u017enje.<\/p>\n<p>Begi\u0107 je novinarima rekao da vjernici katoli\u010dke vjeroispovjesti u Prijedoru nisu dobili izvinjenje vi\u0161e od 10 dana nakon Kova\u010devi\u0107eve \u201eskandalozne izjave i skanadaloznog pisanja\u201c na dru\u0161tvenoj mre\u017ei fejsbuk.<\/p>\n<p>\u2013 Ovo se desilo na najve\u0107i katoli\u010dki praznik Uskrs, a budu\u0107i da politi\u010dki predstavnici grada Prijedora po mi\u0161ljenje idu u Lakta\u0161e, Bakince, Federalno Sarajevo, budu\u0107i da smo od karikature predsjednika Ujedinjene Srpske Nenada Stevandi\u0107a dobili opravdanje ovako groznih rije\u010di re\u010denica, budu\u0107i da Kova\u010devi\u0107 do dan danas nije uputio javno izvinjenje, ja sam odlu\u010dio podnijeti ovu krivi\u010dnu prijavu i jo\u0161 \u0107u re\u0107i da je enklatantno da je ovdje po\u010dinjeno krivi\u010dno djelo \u0161to je definisano \u010dlanom 359 u stavu jedan Krivi\u010dnog zakonika RS \u2013 rekao je Begi\u0107.<\/p>\n<p><a href=\"https:\/\/www.prijedordanas.com\/wp-content\/uploads\/2022\/05\/begic-prijavio-kovacevica-2.jpg\"><img loading=\"lazy\" decoding=\"async\" class=\"alignleft size-medium wp-image-185285\" src=\"https:\/\/www.prijedordanas.com\/wp-content\/uploads\/2022\/05\/begic-prijavio-kovacevica-2-300x225.jpg\" alt=\"\" width=\"300\" height=\"225\" srcset=\"https:\/\/www.prijedordanas.com\/wp-content\/uploads\/2022\/05\/begic-prijavio-kovacevica-2-300x225.jpg 300w, https:\/\/www.prijedordanas.com\/wp-content\/uploads\/2022\/05\/begic-prijavio-kovacevica-2-640x480.jpg 640w, https:\/\/www.prijedordanas.com\/wp-content\/uploads\/2022\/05\/begic-prijavio-kovacevica-2.jpg 667w\" sizes=\"(max-width: 300px) 100vw, 300px\" \/><\/a>Iako je Begi\u0107eva adresa koju je naveo u prijavi u Banjaluci, Begi\u0107 tvrdi da prijavu podnosi kao Prijedor\u010danin koji \u017eivi u ovom gradu.<\/p>\n<p>\u2013 Ja sam neko ko je ro\u0111en i ko \u017eivi u Prijedoru, ko \u017eivi u \u010distom hrvatskom mjestu Gornja Ravska kod Prijedora, moji roditelji su tu, moj brat, moja sestra je tu i za\u0161to ne bih ja, u parlamentarnoj demokratiji svako ima pravo da podnese krivi\u010dnu prijavu \u2013 zaklju\u010dio je Begi\u0107.<\/p>\n<p>Zamjenik gradona\u010delnika Prijedora \u017darko Kova\u010devi\u0107 novinarima je izjavio da nije ta\u010dno da se nije izvinio katoli\u010dkim vjernicima, te da im je i \u010destitao Uskrs.<\/p>\n<p><a href=\"https:\/\/www.prijedordanas.com\/wp-content\/uploads\/2022\/05\/begic-prijavio-kovacevica-7.jpg\"><img loading=\"lazy\" decoding=\"async\" class=\"alignleft size-medium wp-image-185286\" src=\"https:\/\/www.prijedordanas.com\/wp-content\/uploads\/2022\/05\/begic-prijavio-kovacevica-7-200x300.jpg\" alt=\"\" width=\"200\" height=\"300\" srcset=\"https:\/\/www.prijedordanas.com\/wp-content\/uploads\/2022\/05\/begic-prijavio-kovacevica-7-200x300.jpg 200w, https:\/\/www.prijedordanas.com\/wp-content\/uploads\/2022\/05\/begic-prijavio-kovacevica-7.jpg 400w\" sizes=\"(max-width: 200px) 100vw, 200px\" \/><\/a>\u2013 Prije svega \u017eelim da gospodinu Ivanu Begi\u0107u po\u017eelim dobro zdravlje i dug \u017eivot, da se ostvari kao roditelj to mu \u017eelim od sveg srca i vidje\u0107e da je to ne\u0161to najljep\u0161e na svijetu \u0161to \u010dovjek mo\u017ee da do\u017eivi, a \u0161to se ti\u010de politike i ovoga \u010dime se on bavi i ovom krivi\u010dnom prijavom moram da ka\u017eem par stvari, prvo ja nisam spominajo Hrvate ni vjernike nego kler, drugo nije ta\u010dno da se nisam izvinio napisao sam kasnije, da ako je neko to shvatio kao uvredu, a ko je stvarno vjernik i nije ono \u0161to sam ja napisao, da tim ljudima \u017eelim da \u010destitam Uskrs i \u010destitao sam \u2013 istakao je Kova\u010devi\u0107.<\/p>\n<p>Kova\u010devi\u0107 je dodao da se politika svela na privla\u010denje pa\u017enje i da smatra da to nije dobro.<\/p>\n<p>\u2013 O\u010dito \u010dovjek \u017eeli da se vrati u politi\u010dki \u017eivot i \u017eelim mu sre\u0107u kao i svima drugima, ali na\u010din na koji neko \u017eeli da ostvari svoje ciljeve ne mora da bude takav, la\u017eno prijavljivanje je tako\u0111e krivi\u010dno djelo, ja pozivam Tu\u017eila\u0161tvo da \u0161to prije uzme u razmatranje ovu krivi\u010dnu prijavu i kada bude donesena odluka onda \u0107e biti tu\u017ebi za klevetu \u2013 zaklju\u010dio je Kova\u010devi\u0107.<\/p>\n<p>Kova\u010devi\u0107 nije \u017eelio da odgovori na pitanje novinara da li je prijavio policiji da je primio prijetnje smr\u0107u nakon objave na Fejsbuku.<\/p>\n<p><a href=\"https:\/\/srpskainfo.com\/begic-prijavio-kovacevica-zamjenik-gradonacelnika-prijedora-mu-pozelio-da-se-ostvari-kao-roditelj-foto\/\" target=\"_blank\" rel=\"noopener\">srpskainfo.com<\/a><\/p>\n<p><a href=\"https:\/\/www.prijedordanas.com\/wp-content\/uploads\/2022\/05\/begic-prijavio-kovacevica-8.jpg\"><img loading=\"lazy\" decoding=\"async\" class=\"alignleft size-medium wp-image-185287\" src=\"https:\/\/www.prijedordanas.com\/wp-content\/uploads\/2022\/05\/begic-prijavio-kovacevica-8-300x200.jpg\" alt=\"\" width=\"300\" height=\"200\" srcset=\"https:\/\/www.prijedordanas.com\/wp-content\/uploads\/2022\/05\/begic-prijavio-kovacevica-8-300x200.jpg 300w, https:\/\/www.prijedordanas.com\/wp-content\/uploads\/2022\/05\/begic-prijavio-kovacevica-8-480x320.jpg 480w, https:\/\/www.prijedordanas.com\/wp-content\/uploads\/2022\/05\/begic-prijavio-kovacevica-8.jpg 600w\" sizes=\"(max-width: 300px) 100vw, 300px\" \/><\/a> <a href=\"https:\/\/www.prijedordanas.com\/wp-content\/uploads\/2022\/05\/begic-prijavio-kovacevica-3.jpg\"><img loading=\"lazy\" decoding=\"async\" class=\"alignleft size-medium wp-image-185288\" src=\"https:\/\/www.prijedordanas.com\/wp-content\/uploads\/2022\/05\/begic-prijavio-kovacevica-3-300x200.jpg\" alt=\"\" width=\"300\" height=\"200\" srcset=\"https:\/\/www.prijedordanas.com\/wp-content\/uploads\/2022\/05\/begic-prijavio-kovacevica-3-300x200.jpg 300w, https:\/\/www.prijedordanas.com\/wp-content\/uploads\/2022\/05\/begic-prijavio-kovacevica-3-480x320.jpg 480w, https:\/\/www.prijedordanas.com\/wp-content\/uploads\/2022\/05\/begic-prijavio-kovacevica-3.jpg 600w\" sizes=\"(max-width: 300px) 100vw, 300px\" \/><\/a> <a href=\"https:\/\/www.prijedordanas.com\/wp-content\/uploads\/2022\/05\/begic-prijavio-kovacevica-4.jpg\"><img loading=\"lazy\" decoding=\"async\" class=\"alignleft size-medium wp-image-185289\" src=\"https:\/\/www.prijedordanas.com\/wp-content\/uploads\/2022\/05\/begic-prijavio-kovacevica-4-300x200.jpg\" alt=\"\" width=\"300\" height=\"200\" srcset=\"https:\/\/www.prijedordanas.com\/wp-content\/uploads\/2022\/05\/begic-prijavio-kovacevica-4-300x200.jpg 300w, https:\/\/www.prijedordanas.com\/wp-content\/uploads\/2022\/05\/begic-prijavio-kovacevica-4-480x320.jpg 480w, https:\/\/www.prijedordanas.com\/wp-content\/uploads\/2022\/05\/begic-prijavio-kovacevica-4.jpg 600w\" sizes=\"(max-width: 300px) 100vw, 300px\" \/><\/a> <a href=\"https:\/\/www.prijedordanas.com\/wp-content\/uploads\/2022\/05\/begic-prijavio-kovacevica-5.jpg\"><img loading=\"lazy\" decoding=\"async\" class=\"alignleft size-medium wp-image-185290\" src=\"https:\/\/www.prijedordanas.com\/wp-content\/uploads\/2022\/05\/begic-prijavio-kovacevica-5-300x200.jpg\" alt=\"\" width=\"300\" height=\"200\" srcset=\"https:\/\/www.prijedordanas.com\/wp-content\/uploads\/2022\/05\/begic-prijavio-kovacevica-5-300x200.jpg 300w, https:\/\/www.prijedordanas.com\/wp-content\/uploads\/2022\/05\/begic-prijavio-kovacevica-5-480x320.jpg 480w, https:\/\/www.prijedordanas.com\/wp-content\/uploads\/2022\/05\/begic-prijavio-kovacevica-5.jpg 600w\" sizes=\"(max-width: 300px) 100vw, 300px\" \/><\/a> <a href=\"https:\/\/www.prijedordanas.com\/wp-content\/uploads\/2022\/05\/begic-prijavio-kovacevica-9.jpg\"><img loading=\"lazy\" decoding=\"async\" class=\"alignleft size-medium wp-image-185291\" src=\"https:\/\/www.prijedordanas.com\/wp-content\/uploads\/2022\/05\/begic-prijavio-kovacevica-9-300x200.jpg\" alt=\"\" width=\"300\" height=\"200\" srcset=\"https:\/\/www.prijedordanas.com\/wp-content\/uploads\/2022\/05\/begic-prijavio-kovacevica-9-300x200.jpg 300w, https:\/\/www.prijedordanas.com\/wp-content\/uploads\/2022\/05\/begic-prijavio-kovacevica-9-480x320.jpg 480w, https:\/\/www.prijedordanas.com\/wp-content\/uploads\/2022\/05\/begic-prijavio-kovacevica-9.jpg 600w\" sizes=\"(max-width: 300px) 100vw, 300px\" \/><\/a><\/p>\n","protected":false},"excerpt":{"rendered":"<p>Ivan Begi\u0107 predao je Okru\u017enom javnom tu\u017eila\u0161tvu u Prijedoru prijavu protiv zamjenika gradona\u010delnika Prijedora \u017darka Kova\u010devi\u0107a zbog kako tvrdi, krivi\u010dnog djela javno izazivanje i podsticanje naslja i mr\u017enje. Begi\u0107 je [&hellip;]<\/p>\n","protected":false},"author":1,"featured_media":0,"comment_status":"closed","ping_status":"open","sticky":false,"template":"","format":"standard","meta":{"_monsterinsights_skip_tracking":false,"_monsterinsights_sitenote_active":false,"_monsterinsights_sitenote_note":"","_monsterinsights_sitenote_category":0,"footnotes":""},"categories":[8],"tags":[],"yoast_head":"<!-- This site is optimized with the Yoast SEO plugin v21.6 - https:\/\/yoast.com\/wordpress\/plugins\/seo\/ -->\n<title>Begi\u0107 prijavio Kova\u010devi\u0107a: Zamjenik gradona\u010delnika Prijedora mu po\u017eelio da se ostvari kao roditelj - FOTO - PrijedorDanas.com - Prijedorski gradski portal<\/title>\n<meta name=\"robots\" content=\"index, follow, max-snippet:-1, max-image-preview:large, max-video-preview:-1\" \/>\n<link rel=\"canonical\" href=\"https:\/\/www.prijedordanas.com\/?p=185282\" \/>\n<meta property=\"og:locale\" content=\"en_US\" \/>\n<meta property=\"og:type\" content=\"article\" \/>\n<meta property=\"og:title\" content=\"Begi\u0107 prijavio Kova\u010devi\u0107a: Zamjenik gradona\u010delnika Prijedora mu po\u017eelio da se ostvari kao roditelj - FOTO - PrijedorDanas.com - Prijedorski gradski portal\" \/>\n<meta property=\"og:description\" content=\"Ivan Begi\u0107 predao je Okru\u017enom javnom tu\u017eila\u0161tvu u Prijedoru prijavu protiv zamjenika gradona\u010delnika Prijedora \u017darka Kova\u010devi\u0107a zbog kako tvrdi, krivi\u010dnog djela javno izazivanje i podsticanje naslja i mr\u017enje. Begi\u0107 je [&hellip;]\" \/>\n<meta property=\"og:url\" content=\"https:\/\/www.prijedordanas.com\/?p=185282\" \/>\n<meta property=\"og:site_name\" content=\"PrijedorDanas.com - Prijedorski gradski portal\" \/>\n<meta property=\"article:publisher\" content=\"https:\/\/www.facebook.com\/PrijedorDanasCom\/\" \/>\n<meta property=\"article:published_time\" content=\"2022-05-05T16:56:32+00:00\" \/>\n<meta property=\"og:image\" content=\"https:\/\/www.prijedordanas.com\/wp-content\/uploads\/2022\/05\/begic-prijavio-kovacevica-1-300x225.jpg\" \/>\n<meta name=\"author\" content=\"admin\" \/>\n<meta name=\"twitter:card\" content=\"summary_large_image\" \/>\n<meta name=\"twitter:label1\" content=\"Written by\" \/>\n\t<meta name=\"twitter:data1\" content=\"admin\" \/>\n\t<meta name=\"twitter:label2\" content=\"Est. reading time\" \/>\n\t<meta name=\"twitter:data2\" content=\"4 minutes\" \/>\n<script type=\"application\/ld+json\" class=\"yoast-schema-graph\">{\"@context\":\"https:\/\/schema.org\",\"@graph\":[{\"@type\":\"Article\",\"@id\":\"https:\/\/www.prijedordanas.com\/?p=185282#article\",\"isPartOf\":{\"@id\":\"https:\/\/www.prijedordanas.com\/?p=185282\"},\"author\":{\"name\":\"admin\",\"@id\":\"https:\/\/www.prijedordanas.com\/#\/schema\/person\/4e08ccf29b506ca916ff86d46bb700e6\"},\"headline\":\"Begi\u0107 prijavio Kova\u010devi\u0107a: Zamjenik gradona\u010delnika Prijedora mu po\u017eelio da se ostvari kao roditelj &#8211; FOTO\",\"datePublished\":\"2022-05-05T16:56:32+00:00\",\"dateModified\":\"2022-05-05T16:56:32+00:00\",\"mainEntityOfPage\":{\"@id\":\"https:\/\/www.prijedordanas.com\/?p=185282\"},\"wordCount\":539,\"publisher\":{\"@id\":\"https:\/\/www.prijedordanas.com\/#organization\"},\"articleSection\":[\"Svakodnevno\"],\"inLanguage\":\"en-US\"},{\"@type\":\"WebPage\",\"@id\":\"https:\/\/www.prijedordanas.com\/?p=185282\",\"url\":\"https:\/\/www.prijedordanas.com\/?p=185282\",\"name\":\"Begi\u0107 prijavio Kova\u010devi\u0107a: Zamjenik gradona\u010delnika Prijedora mu po\u017eelio da se ostvari kao roditelj - FOTO - PrijedorDanas.com - Prijedorski gradski portal\",\"isPartOf\":{\"@id\":\"https:\/\/www.prijedordanas.com\/#website\"},\"datePublished\":\"2022-05-05T16:56:32+00:00\",\"dateModified\":\"2022-05-05T16:56:32+00:00\",\"breadcrumb\":{\"@id\":\"https:\/\/www.prijedordanas.com\/?p=185282#breadcrumb\"},\"inLanguage\":\"en-US\",\"potentialAction\":[{\"@type\":\"ReadAction\",\"target\":[\"https:\/\/www.prijedordanas.com\/?p=185282\"]}]},{\"@type\":\"BreadcrumbList\",\"@id\":\"https:\/\/www.prijedordanas.com\/?p=185282#breadcrumb\",\"itemListElement\":[{\"@type\":\"ListItem\",\"position\":1,\"name\":\"Home\",\"item\":\"https:\/\/www.prijedordanas.com\/\"},{\"@type\":\"ListItem\",\"position\":2,\"name\":\"Begi\u0107 prijavio Kova\u010devi\u0107a: Zamjenik gradona\u010delnika Prijedora mu po\u017eelio da se ostvari kao roditelj &#8211; FOTO\"}]},{\"@type\":\"WebSite\",\"@id\":\"https:\/\/www.prijedordanas.com\/#website\",\"url\":\"https:\/\/www.prijedordanas.com\/\",\"name\":\"PrijedorDanas.com - Prijedorski gradski portal\",\"description\":\"Portal o doga\u0111anjima u gradu Prijedoru\",\"publisher\":{\"@id\":\"https:\/\/www.prijedordanas.com\/#organization\"},\"potentialAction\":[{\"@type\":\"SearchAction\",\"target\":{\"@type\":\"EntryPoint\",\"urlTemplate\":\"https:\/\/www.prijedordanas.com\/?s={search_term_string}\"},\"query-input\":\"required name=search_term_string\"}],\"inLanguage\":\"en-US\"},{\"@type\":\"Organization\",\"@id\":\"https:\/\/www.prijedordanas.com\/#organization\",\"name\":\"PrijedorDanas.com\",\"url\":\"https:\/\/www.prijedordanas.com\/\",\"logo\":{\"@type\":\"ImageObject\",\"inLanguage\":\"en-US\",\"@id\":\"https:\/\/www.prijedordanas.com\/#\/schema\/logo\/image\/\",\"url\":\"http:\/\/www.prijedordanas.com\/wp-content\/uploads\/2021\/12\/logopng.png\",\"contentUrl\":\"http:\/\/www.prijedordanas.com\/wp-content\/uploads\/2021\/12\/logopng.png\",\"width\":1019,\"height\":776,\"caption\":\"PrijedorDanas.com\"},\"image\":{\"@id\":\"https:\/\/www.prijedordanas.com\/#\/schema\/logo\/image\/\"},\"sameAs\":[\"https:\/\/www.facebook.com\/PrijedorDanasCom\/\"]},{\"@type\":\"Person\",\"@id\":\"https:\/\/www.prijedordanas.com\/#\/schema\/person\/4e08ccf29b506ca916ff86d46bb700e6\",\"name\":\"admin\",\"image\":{\"@type\":\"ImageObject\",\"inLanguage\":\"en-US\",\"@id\":\"https:\/\/www.prijedordanas.com\/#\/schema\/person\/image\/\",\"url\":\"https:\/\/secure.gravatar.com\/avatar\/1d3fc949d550f0b53a5f0d51e06dfd79?s=96&d=mm&r=g\",\"contentUrl\":\"https:\/\/secure.gravatar.com\/avatar\/1d3fc949d550f0b53a5f0d51e06dfd79?s=96&d=mm&r=g\",\"caption\":\"admin\"},\"url\":\"https:\/\/www.prijedordanas.com\/?author=1\"}]}<\/script>\n<!-- \/ Yoast SEO plugin. -->","yoast_head_json":{"title":"Begi\u0107 prijavio Kova\u010devi\u0107a: Zamjenik gradona\u010delnika Prijedora mu po\u017eelio da se ostvari kao roditelj - FOTO - PrijedorDanas.com - Prijedorski gradski portal","robots":{"index":"index","follow":"follow","max-snippet":"max-snippet:-1","max-image-preview":"max-image-preview:large","max-video-preview":"max-video-preview:-1"},"canonical":"https:\/\/www.prijedordanas.com\/?p=185282","og_locale":"en_US","og_type":"article","og_title":"Begi\u0107 prijavio Kova\u010devi\u0107a: Zamjenik gradona\u010delnika Prijedora mu po\u017eelio da se ostvari kao roditelj - FOTO - PrijedorDanas.com - Prijedorski gradski portal","og_description":"Ivan Begi\u0107 predao je Okru\u017enom javnom tu\u017eila\u0161tvu u Prijedoru prijavu protiv zamjenika gradona\u010delnika Prijedora \u017darka Kova\u010devi\u0107a zbog kako tvrdi, krivi\u010dnog djela javno izazivanje i podsticanje naslja i mr\u017enje. Begi\u0107 je [&hellip;]","og_url":"https:\/\/www.prijedordanas.com\/?p=185282","og_site_name":"PrijedorDanas.com - Prijedorski gradski portal","article_publisher":"https:\/\/www.facebook.com\/PrijedorDanasCom\/","article_published_time":"2022-05-05T16:56:32+00:00","og_image":[{"url":"https:\/\/www.prijedordanas.com\/wp-content\/uploads\/2022\/05\/begic-prijavio-kovacevica-1-300x225.jpg"}],"author":"admin","twitter_card":"summary_large_image","twitter_misc":{"Written by":"admin","Est. reading time":"4 minutes"},"schema":{"@context":"https:\/\/schema.org","@graph":[{"@type":"Article","@id":"https:\/\/www.prijedordanas.com\/?p=185282#article","isPartOf":{"@id":"https:\/\/www.prijedordanas.com\/?p=185282"},"author":{"name":"admin","@id":"https:\/\/www.prijedordanas.com\/#\/schema\/person\/4e08ccf29b506ca916ff86d46bb700e6"},"headline":"Begi\u0107 prijavio Kova\u010devi\u0107a: Zamjenik gradona\u010delnika Prijedora mu po\u017eelio da se ostvari kao roditelj &#8211; FOTO","datePublished":"2022-05-05T16:56:32+00:00","dateModified":"2022-05-05T16:56:32+00:00","mainEntityOfPage":{"@id":"https:\/\/www.prijedordanas.com\/?p=185282"},"wordCount":539,"publisher":{"@id":"https:\/\/www.prijedordanas.com\/#organization"},"articleSection":["Svakodnevno"],"inLanguage":"en-US"},{"@type":"WebPage","@id":"https:\/\/www.prijedordanas.com\/?p=185282","url":"https:\/\/www.prijedordanas.com\/?p=185282","name":"Begi\u0107 prijavio Kova\u010devi\u0107a: Zamjenik gradona\u010delnika Prijedora mu po\u017eelio da se ostvari kao roditelj - FOTO - PrijedorDanas.com - Prijedorski gradski portal","isPartOf":{"@id":"https:\/\/www.prijedordanas.com\/#website"},"datePublished":"2022-05-05T16:56:32+00:00","dateModified":"2022-05-05T16:56:32+00:00","breadcrumb":{"@id":"https:\/\/www.prijedordanas.com\/?p=185282#breadcrumb"},"inLanguage":"en-US","potentialAction":[{"@type":"ReadAction","target":["https:\/\/www.prijedordanas.com\/?p=185282"]}]},{"@type":"BreadcrumbList","@id":"https:\/\/www.prijedordanas.com\/?p=185282#breadcrumb","itemListElement":[{"@type":"ListItem","position":1,"name":"Home","item":"https:\/\/www.prijedordanas.com\/"},{"@type":"ListItem","position":2,"name":"Begi\u0107 prijavio Kova\u010devi\u0107a: Zamjenik gradona\u010delnika Prijedora mu po\u017eelio da se ostvari kao roditelj &#8211; FOTO"}]},{"@type":"WebSite","@id":"https:\/\/www.prijedordanas.com\/#website","url":"https:\/\/www.prijedordanas.com\/","name":"PrijedorDanas.com - Prijedorski gradski portal","description":"Portal o doga\u0111anjima u gradu Prijedoru","publisher":{"@id":"https:\/\/www.prijedordanas.com\/#organization"},"potentialAction":[{"@type":"SearchAction","target":{"@type":"EntryPoint","urlTemplate":"https:\/\/www.prijedordanas.com\/?s={search_term_string}"},"query-input":"required name=search_term_string"}],"inLanguage":"en-US"},{"@type":"Organization","@id":"https:\/\/www.prijedordanas.com\/#organization","name":"PrijedorDanas.com","url":"https:\/\/www.prijedordanas.com\/","logo":{"@type":"ImageObject","inLanguage":"en-US","@id":"https:\/\/www.prijedordanas.com\/#\/schema\/logo\/image\/","url":"http:\/\/www.prijedordanas.com\/wp-content\/uploads\/2021\/12\/logopng.png","contentUrl":"http:\/\/www.prijedordanas.com\/wp-content\/uploads\/2021\/12\/logopng.png","width":1019,"height":776,"caption":"PrijedorDanas.com"},"image":{"@id":"https:\/\/www.prijedordanas.com\/#\/schema\/logo\/image\/"},"sameAs":["https:\/\/www.facebook.com\/PrijedorDanasCom\/"]},{"@type":"Person","@id":"https:\/\/www.prijedordanas.com\/#\/schema\/person\/4e08ccf29b506ca916ff86d46bb700e6","name":"admin","image":{"@type":"ImageObject","inLanguage":"en-US","@id":"https:\/\/www.prijedordanas.com\/#\/schema\/person\/image\/","url":"https:\/\/secure.gravatar.com\/avatar\/1d3fc949d550f0b53a5f0d51e06dfd79?s=96&d=mm&r=g","contentUrl":"https:\/\/secure.gravatar.com\/avatar\/1d3fc949d550f0b53a5f0d51e06dfd79?s=96&d=mm&r=g","caption":"admin"},"url":"https:\/\/www.prijedordanas.com\/?author=1"}]}},"_links":{"self":[{"href":"https:\/\/www.prijedordanas.com\/index.php?rest_route=\/wp\/v2\/posts\/185282"}],"collection":[{"href":"https:\/\/www.prijedordanas.com\/index.php?rest_route=\/wp\/v2\/posts"}],"about":[{"href":"https:\/\/www.prijedordanas.com\/index.php?rest_route=\/wp\/v2\/types\/post"}],"author":[{"embeddable":true,"href":"https:\/\/www.prijedordanas.com\/index.php?rest_route=\/wp\/v2\/users\/1"}],"replies":[{"embeddable":true,"href":"https:\/\/www.prijedordanas.com\/index.php?rest_route=%2Fwp%2Fv2%2Fcomments&post=185282"}],"version-history":[{"count":2,"href":"https:\/\/www.prijedordanas.com\/index.php?rest_route=\/wp\/v2\/posts\/185282\/revisions"}],"predecessor-version":[{"id":185292,"href":"https:\/\/www.prijedordanas.com\/index.php?rest_route=\/wp\/v2\/posts\/185282\/revisions\/185292"}],"wp:attachment":[{"href":"https:\/\/www.prijedordanas.com\/index.php?rest_route=%2Fwp%2Fv2%2Fmedia&parent=185282"}],"wp:term":[{"taxonomy":"category","embeddable":true,"href":"https:\/\/www.prijedordanas.com\/index.php?rest_route=%2Fwp%2Fv2%2Fcategories&post=185282"},{"taxonomy":"post_tag","embeddable":true,"href":"https:\/\/www.prijedordanas.com\/index.php?rest_route=%2Fwp%2Fv2%2Ftags&post=185282"}],"curies":[{"name":"wp","href":"https:\/\/api.w.org\/{rel}","templated":true}]}}