{"id":185270,"date":"2022-05-05T10:41:04","date_gmt":"2022-05-05T08:41:04","guid":{"rendered":"https:\/\/www.prijedordanas.com\/?p=185270"},"modified":"2022-05-05T10:41:04","modified_gmt":"2022-05-05T08:41:04","slug":"uskoro-vece-plate-prosvjetarima-u-prijedorskim-obrazovnim-ustanovama-pozdravljaju-ovu-najavu-video","status":"publish","type":"post","link":"https:\/\/www.prijedordanas.com\/?p=185270","title":{"rendered":"Uskoro ve\u0107e plate prosvjetarima: U prijedorskim obrazovnim ustanovama pozdravljaju ovu najavu &#8211; VIDEO"},"content":{"rendered":"<p><a href=\"https:\/\/www.prijedordanas.com\/wp-content\/uploads\/2022\/05\/kozarski-vece-plate-prosvjeti.jpg\"><img loading=\"lazy\" decoding=\"async\" src=\"https:\/\/www.prijedordanas.com\/wp-content\/uploads\/2022\/05\/kozarski-vece-plate-prosvjeti-300x225.jpg\" alt=\"\" width=\"300\" height=\"225\" class=\"alignleft size-medium wp-image-185271\" srcset=\"https:\/\/www.prijedordanas.com\/wp-content\/uploads\/2022\/05\/kozarski-vece-plate-prosvjeti-300x225.jpg 300w, https:\/\/www.prijedordanas.com\/wp-content\/uploads\/2022\/05\/kozarski-vece-plate-prosvjeti-640x480.jpg 640w, https:\/\/www.prijedordanas.com\/wp-content\/uploads\/2022\/05\/kozarski-vece-plate-prosvjeti.jpg 667w\" sizes=\"(max-width: 300px) 100vw, 300px\" \/><\/a>Kako je najavljeno iz Vlade RS, odnosno resornog ministarstva, plate zaposlenih u oblasti obrazovanja i kulture bi\u0107e pove\u0107ane za 10 odsto. Ovu najavu  pozdravili su  prosvjetari  u nadi da \u0107e njihove plate i u narednom periodu biti nivelisane s rastom cijena.<\/p>\n<p>Zdravko Budimir, predsjednik Aktiva direktora osnovnih \u0161kola regije Prijedor rekao je da je  svako pove\u0107anje  za pohvalu.<\/p>\n<p>-Nadam se da je ovo samo po\u010detak pove\u0107anja i da \u0107e i u nekom narednom periodu uslijediti pove\u0107anja kako bi se ispratili svi tro\u0161kovi \u017eivota koji se uve\u0107avaju svakodnevno -rekao je Budimir.<\/p>\n<p>Aleksandar Milje\u0161i\u0107, predsjednik Aktiva direktora srednjih \u0161kola Prijedor, ka\u017ee da je ovo  va\u017ena informacija za sve zaposlene u obrazovanju.<\/p>\n<p>-Ta vijest nas raduje. Mi se iskreno nadamo da \u0107e i u narednom periodu biti ovakvih i sli\u010dnih pove\u0107anja koje bi jednostavno pratile trendove \u017eivota i pove\u0107anja cijena \u017eivotnih potrep\u0161tina i usluga \u2013 rekao je Milje\u0161i\u0107.<\/p>\n<p>U Ministarstvu obrazovanja i kulture RS podsje\u0107aju da je pove\u0107anja plata u obrazovanju bilo i prethodnih godina.  Ovo najnovije, po rije\u010dima ministra  Natalije Trivi\u0107, trebalo bi biti i \u010detvrto pove\u0107anje plata prosvejatrima.<\/p>\n<p>\u2013 Mi smo u prethodne tri godine imali tri puta pove\u0107anja plata u oblasti obrazovanja i kulture i evo sada u najavi i \u010detvrto pove\u0107anje  koje \u0107e se kretati u visini 10 posto na postoje\u0107e plate- rekla je Trivi\u0107eva.<\/p>\n<p> U resornom ministarstvu isti\u010du da bi junska plata zaposlenima u obrazovanju I kulturi trebala biti obra\u010dunata po novom obra\u010dunu, kao I da \u0107e  model pove\u0107anja plata biti s pove\u0107anjem cijena rada.<\/p>\n<p>kozarski.com<\/p>\n<p><iframe loading=\"lazy\" title=\"USKORO VE\u0106E PLATE PROSVJETARIMA\" width=\"500\" height=\"281\" src=\"https:\/\/www.youtube.com\/embed\/LoEQhVVdo7M?feature=oembed\" frameborder=\"0\" allow=\"accelerometer; autoplay; clipboard-write; encrypted-media; gyroscope; picture-in-picture\" allowfullscreen><\/iframe><\/p>\n","protected":false},"excerpt":{"rendered":"<p>Kako je najavljeno iz Vlade RS, odnosno resornog ministarstva, plate zaposlenih u oblasti obrazovanja i kulture bi\u0107e pove\u0107ane za 10 odsto. Ovu najavu pozdravili su prosvjetari u nadi da \u0107e [&hellip;]<\/p>\n","protected":false},"author":1,"featured_media":0,"comment_status":"closed","ping_status":"open","sticky":false,"template":"","format":"standard","meta":{"_monsterinsights_skip_tracking":false,"_monsterinsights_sitenote_active":false,"_monsterinsights_sitenote_note":"","_monsterinsights_sitenote_category":0,"footnotes":""},"categories":[8],"tags":[],"yoast_head":"<!-- This site is optimized with the Yoast SEO plugin v21.6 - https:\/\/yoast.com\/wordpress\/plugins\/seo\/ -->\n<title>Uskoro ve\u0107e plate prosvjetarima: U prijedorskim obrazovnim ustanovama pozdravljaju ovu najavu - VIDEO - PrijedorDanas.com - Prijedorski gradski portal<\/title>\n<meta name=\"robots\" content=\"index, follow, max-snippet:-1, max-image-preview:large, max-video-preview:-1\" \/>\n<link rel=\"canonical\" href=\"https:\/\/www.prijedordanas.com\/?p=185270\" \/>\n<meta property=\"og:locale\" content=\"en_US\" \/>\n<meta property=\"og:type\" content=\"article\" \/>\n<meta property=\"og:title\" content=\"Uskoro ve\u0107e plate prosvjetarima: U prijedorskim obrazovnim ustanovama pozdravljaju ovu najavu - VIDEO - PrijedorDanas.com - Prijedorski gradski portal\" \/>\n<meta property=\"og:description\" content=\"Kako je najavljeno iz Vlade RS, odnosno resornog ministarstva, plate zaposlenih u oblasti obrazovanja i kulture bi\u0107e pove\u0107ane za 10 odsto. Ovu najavu pozdravili su prosvjetari u nadi da \u0107e [&hellip;]\" \/>\n<meta property=\"og:url\" content=\"https:\/\/www.prijedordanas.com\/?p=185270\" \/>\n<meta property=\"og:site_name\" content=\"PrijedorDanas.com - Prijedorski gradski portal\" \/>\n<meta property=\"article:publisher\" content=\"https:\/\/www.facebook.com\/PrijedorDanasCom\/\" \/>\n<meta property=\"article:published_time\" content=\"2022-05-05T08:41:04+00:00\" \/>\n<meta property=\"og:image\" content=\"https:\/\/www.prijedordanas.com\/wp-content\/uploads\/2022\/05\/kozarski-vece-plate-prosvjeti-300x225.jpg\" \/>\n<meta name=\"author\" content=\"admin\" \/>\n<meta name=\"twitter:card\" content=\"summary_large_image\" \/>\n<meta name=\"twitter:label1\" content=\"Written by\" \/>\n\t<meta name=\"twitter:data1\" content=\"admin\" \/>\n\t<meta name=\"twitter:label2\" content=\"Est. reading time\" \/>\n\t<meta name=\"twitter:data2\" content=\"1 minute\" \/>\n<script type=\"application\/ld+json\" class=\"yoast-schema-graph\">{\"@context\":\"https:\/\/schema.org\",\"@graph\":[{\"@type\":\"Article\",\"@id\":\"https:\/\/www.prijedordanas.com\/?p=185270#article\",\"isPartOf\":{\"@id\":\"https:\/\/www.prijedordanas.com\/?p=185270\"},\"author\":{\"name\":\"admin\",\"@id\":\"https:\/\/www.prijedordanas.com\/#\/schema\/person\/4e08ccf29b506ca916ff86d46bb700e6\"},\"headline\":\"Uskoro ve\u0107e plate prosvjetarima: U prijedorskim obrazovnim ustanovama pozdravljaju ovu najavu &#8211; VIDEO\",\"datePublished\":\"2022-05-05T08:41:04+00:00\",\"dateModified\":\"2022-05-05T08:41:04+00:00\",\"mainEntityOfPage\":{\"@id\":\"https:\/\/www.prijedordanas.com\/?p=185270\"},\"wordCount\":293,\"publisher\":{\"@id\":\"https:\/\/www.prijedordanas.com\/#organization\"},\"articleSection\":[\"Svakodnevno\"],\"inLanguage\":\"en-US\"},{\"@type\":\"WebPage\",\"@id\":\"https:\/\/www.prijedordanas.com\/?p=185270\",\"url\":\"https:\/\/www.prijedordanas.com\/?p=185270\",\"name\":\"Uskoro ve\u0107e plate prosvjetarima: U prijedorskim obrazovnim ustanovama pozdravljaju ovu najavu - VIDEO - PrijedorDanas.com - Prijedorski gradski portal\",\"isPartOf\":{\"@id\":\"https:\/\/www.prijedordanas.com\/#website\"},\"datePublished\":\"2022-05-05T08:41:04+00:00\",\"dateModified\":\"2022-05-05T08:41:04+00:00\",\"breadcrumb\":{\"@id\":\"https:\/\/www.prijedordanas.com\/?p=185270#breadcrumb\"},\"inLanguage\":\"en-US\",\"potentialAction\":[{\"@type\":\"ReadAction\",\"target\":[\"https:\/\/www.prijedordanas.com\/?p=185270\"]}]},{\"@type\":\"BreadcrumbList\",\"@id\":\"https:\/\/www.prijedordanas.com\/?p=185270#breadcrumb\",\"itemListElement\":[{\"@type\":\"ListItem\",\"position\":1,\"name\":\"Home\",\"item\":\"https:\/\/www.prijedordanas.com\/\"},{\"@type\":\"ListItem\",\"position\":2,\"name\":\"Uskoro ve\u0107e plate prosvjetarima: U prijedorskim obrazovnim ustanovama pozdravljaju ovu najavu &#8211; VIDEO\"}]},{\"@type\":\"WebSite\",\"@id\":\"https:\/\/www.prijedordanas.com\/#website\",\"url\":\"https:\/\/www.prijedordanas.com\/\",\"name\":\"PrijedorDanas.com - Prijedorski gradski portal\",\"description\":\"Portal o doga\u0111anjima u gradu Prijedoru\",\"publisher\":{\"@id\":\"https:\/\/www.prijedordanas.com\/#organization\"},\"potentialAction\":[{\"@type\":\"SearchAction\",\"target\":{\"@type\":\"EntryPoint\",\"urlTemplate\":\"https:\/\/www.prijedordanas.com\/?s={search_term_string}\"},\"query-input\":\"required name=search_term_string\"}],\"inLanguage\":\"en-US\"},{\"@type\":\"Organization\",\"@id\":\"https:\/\/www.prijedordanas.com\/#organization\",\"name\":\"PrijedorDanas.com\",\"url\":\"https:\/\/www.prijedordanas.com\/\",\"logo\":{\"@type\":\"ImageObject\",\"inLanguage\":\"en-US\",\"@id\":\"https:\/\/www.prijedordanas.com\/#\/schema\/logo\/image\/\",\"url\":\"http:\/\/www.prijedordanas.com\/wp-content\/uploads\/2021\/12\/logopng.png\",\"contentUrl\":\"http:\/\/www.prijedordanas.com\/wp-content\/uploads\/2021\/12\/logopng.png\",\"width\":1019,\"height\":776,\"caption\":\"PrijedorDanas.com\"},\"image\":{\"@id\":\"https:\/\/www.prijedordanas.com\/#\/schema\/logo\/image\/\"},\"sameAs\":[\"https:\/\/www.facebook.com\/PrijedorDanasCom\/\"]},{\"@type\":\"Person\",\"@id\":\"https:\/\/www.prijedordanas.com\/#\/schema\/person\/4e08ccf29b506ca916ff86d46bb700e6\",\"name\":\"admin\",\"image\":{\"@type\":\"ImageObject\",\"inLanguage\":\"en-US\",\"@id\":\"https:\/\/www.prijedordanas.com\/#\/schema\/person\/image\/\",\"url\":\"https:\/\/secure.gravatar.com\/avatar\/1d3fc949d550f0b53a5f0d51e06dfd79?s=96&d=mm&r=g\",\"contentUrl\":\"https:\/\/secure.gravatar.com\/avatar\/1d3fc949d550f0b53a5f0d51e06dfd79?s=96&d=mm&r=g\",\"caption\":\"admin\"},\"url\":\"https:\/\/www.prijedordanas.com\/?author=1\"}]}<\/script>\n<!-- \/ Yoast SEO plugin. -->","yoast_head_json":{"title":"Uskoro ve\u0107e plate prosvjetarima: U prijedorskim obrazovnim ustanovama pozdravljaju ovu najavu - VIDEO - PrijedorDanas.com - Prijedorski gradski portal","robots":{"index":"index","follow":"follow","max-snippet":"max-snippet:-1","max-image-preview":"max-image-preview:large","max-video-preview":"max-video-preview:-1"},"canonical":"https:\/\/www.prijedordanas.com\/?p=185270","og_locale":"en_US","og_type":"article","og_title":"Uskoro ve\u0107e plate prosvjetarima: U prijedorskim obrazovnim ustanovama pozdravljaju ovu najavu - VIDEO - PrijedorDanas.com - Prijedorski gradski portal","og_description":"Kako je najavljeno iz Vlade RS, odnosno resornog ministarstva, plate zaposlenih u oblasti obrazovanja i kulture bi\u0107e pove\u0107ane za 10 odsto. Ovu najavu pozdravili su prosvjetari u nadi da \u0107e [&hellip;]","og_url":"https:\/\/www.prijedordanas.com\/?p=185270","og_site_name":"PrijedorDanas.com - Prijedorski gradski portal","article_publisher":"https:\/\/www.facebook.com\/PrijedorDanasCom\/","article_published_time":"2022-05-05T08:41:04+00:00","og_image":[{"url":"https:\/\/www.prijedordanas.com\/wp-content\/uploads\/2022\/05\/kozarski-vece-plate-prosvjeti-300x225.jpg"}],"author":"admin","twitter_card":"summary_large_image","twitter_misc":{"Written by":"admin","Est. reading time":"1 minute"},"schema":{"@context":"https:\/\/schema.org","@graph":[{"@type":"Article","@id":"https:\/\/www.prijedordanas.com\/?p=185270#article","isPartOf":{"@id":"https:\/\/www.prijedordanas.com\/?p=185270"},"author":{"name":"admin","@id":"https:\/\/www.prijedordanas.com\/#\/schema\/person\/4e08ccf29b506ca916ff86d46bb700e6"},"headline":"Uskoro ve\u0107e plate prosvjetarima: U prijedorskim obrazovnim ustanovama pozdravljaju ovu najavu &#8211; VIDEO","datePublished":"2022-05-05T08:41:04+00:00","dateModified":"2022-05-05T08:41:04+00:00","mainEntityOfPage":{"@id":"https:\/\/www.prijedordanas.com\/?p=185270"},"wordCount":293,"publisher":{"@id":"https:\/\/www.prijedordanas.com\/#organization"},"articleSection":["Svakodnevno"],"inLanguage":"en-US"},{"@type":"WebPage","@id":"https:\/\/www.prijedordanas.com\/?p=185270","url":"https:\/\/www.prijedordanas.com\/?p=185270","name":"Uskoro ve\u0107e plate prosvjetarima: U prijedorskim obrazovnim ustanovama pozdravljaju ovu najavu - VIDEO - PrijedorDanas.com - Prijedorski gradski portal","isPartOf":{"@id":"https:\/\/www.prijedordanas.com\/#website"},"datePublished":"2022-05-05T08:41:04+00:00","dateModified":"2022-05-05T08:41:04+00:00","breadcrumb":{"@id":"https:\/\/www.prijedordanas.com\/?p=185270#breadcrumb"},"inLanguage":"en-US","potentialAction":[{"@type":"ReadAction","target":["https:\/\/www.prijedordanas.com\/?p=185270"]}]},{"@type":"BreadcrumbList","@id":"https:\/\/www.prijedordanas.com\/?p=185270#breadcrumb","itemListElement":[{"@type":"ListItem","position":1,"name":"Home","item":"https:\/\/www.prijedordanas.com\/"},{"@type":"ListItem","position":2,"name":"Uskoro ve\u0107e plate prosvjetarima: U prijedorskim obrazovnim ustanovama pozdravljaju ovu najavu &#8211; VIDEO"}]},{"@type":"WebSite","@id":"https:\/\/www.prijedordanas.com\/#website","url":"https:\/\/www.prijedordanas.com\/","name":"PrijedorDanas.com - Prijedorski gradski portal","description":"Portal o doga\u0111anjima u gradu Prijedoru","publisher":{"@id":"https:\/\/www.prijedordanas.com\/#organization"},"potentialAction":[{"@type":"SearchAction","target":{"@type":"EntryPoint","urlTemplate":"https:\/\/www.prijedordanas.com\/?s={search_term_string}"},"query-input":"required name=search_term_string"}],"inLanguage":"en-US"},{"@type":"Organization","@id":"https:\/\/www.prijedordanas.com\/#organization","name":"PrijedorDanas.com","url":"https:\/\/www.prijedordanas.com\/","logo":{"@type":"ImageObject","inLanguage":"en-US","@id":"https:\/\/www.prijedordanas.com\/#\/schema\/logo\/image\/","url":"http:\/\/www.prijedordanas.com\/wp-content\/uploads\/2021\/12\/logopng.png","contentUrl":"http:\/\/www.prijedordanas.com\/wp-content\/uploads\/2021\/12\/logopng.png","width":1019,"height":776,"caption":"PrijedorDanas.com"},"image":{"@id":"https:\/\/www.prijedordanas.com\/#\/schema\/logo\/image\/"},"sameAs":["https:\/\/www.facebook.com\/PrijedorDanasCom\/"]},{"@type":"Person","@id":"https:\/\/www.prijedordanas.com\/#\/schema\/person\/4e08ccf29b506ca916ff86d46bb700e6","name":"admin","image":{"@type":"ImageObject","inLanguage":"en-US","@id":"https:\/\/www.prijedordanas.com\/#\/schema\/person\/image\/","url":"https:\/\/secure.gravatar.com\/avatar\/1d3fc949d550f0b53a5f0d51e06dfd79?s=96&d=mm&r=g","contentUrl":"https:\/\/secure.gravatar.com\/avatar\/1d3fc949d550f0b53a5f0d51e06dfd79?s=96&d=mm&r=g","caption":"admin"},"url":"https:\/\/www.prijedordanas.com\/?author=1"}]}},"_links":{"self":[{"href":"https:\/\/www.prijedordanas.com\/index.php?rest_route=\/wp\/v2\/posts\/185270"}],"collection":[{"href":"https:\/\/www.prijedordanas.com\/index.php?rest_route=\/wp\/v2\/posts"}],"about":[{"href":"https:\/\/www.prijedordanas.com\/index.php?rest_route=\/wp\/v2\/types\/post"}],"author":[{"embeddable":true,"href":"https:\/\/www.prijedordanas.com\/index.php?rest_route=\/wp\/v2\/users\/1"}],"replies":[{"embeddable":true,"href":"https:\/\/www.prijedordanas.com\/index.php?rest_route=%2Fwp%2Fv2%2Fcomments&post=185270"}],"version-history":[{"count":1,"href":"https:\/\/www.prijedordanas.com\/index.php?rest_route=\/wp\/v2\/posts\/185270\/revisions"}],"predecessor-version":[{"id":185272,"href":"https:\/\/www.prijedordanas.com\/index.php?rest_route=\/wp\/v2\/posts\/185270\/revisions\/185272"}],"wp:attachment":[{"href":"https:\/\/www.prijedordanas.com\/index.php?rest_route=%2Fwp%2Fv2%2Fmedia&parent=185270"}],"wp:term":[{"taxonomy":"category","embeddable":true,"href":"https:\/\/www.prijedordanas.com\/index.php?rest_route=%2Fwp%2Fv2%2Fcategories&post=185270"},{"taxonomy":"post_tag","embeddable":true,"href":"https:\/\/www.prijedordanas.com\/index.php?rest_route=%2Fwp%2Fv2%2Ftags&post=185270"}],"curies":[{"name":"wp","href":"https:\/\/api.w.org\/{rel}","templated":true}]}}