{"id":185261,"date":"2022-05-04T19:29:21","date_gmt":"2022-05-04T17:29:21","guid":{"rendered":"https:\/\/www.prijedordanas.com\/?p=185261"},"modified":"2022-05-04T19:29:21","modified_gmt":"2022-05-04T17:29:21","slug":"predsjednik-skupstine-grada-prijedora-organizovao-prijem-za-predstavnike-omladinskog-sektora-foto","status":"publish","type":"post","link":"https:\/\/www.prijedordanas.com\/?p=185261","title":{"rendered":"Predsjednik Skup\u0161tine grada Prijedora organizovao prijem za predstavnike omladinskog sektora &#8211; FOTO"},"content":{"rendered":"<p><a href=\"https:\/\/www.prijedordanas.com\/wp-content\/uploads\/2022\/05\/prijedorgradorg-duratovic-omladinski-sektor-1.jpg\"><img loading=\"lazy\" decoding=\"async\" class=\"alignleft size-medium wp-image-185262\" src=\"https:\/\/www.prijedordanas.com\/wp-content\/uploads\/2022\/05\/prijedorgradorg-duratovic-omladinski-sektor-1-300x225.jpg\" alt=\"\" width=\"300\" height=\"225\" srcset=\"https:\/\/www.prijedordanas.com\/wp-content\/uploads\/2022\/05\/prijedorgradorg-duratovic-omladinski-sektor-1-300x225.jpg 300w, https:\/\/www.prijedordanas.com\/wp-content\/uploads\/2022\/05\/prijedorgradorg-duratovic-omladinski-sektor-1-640x480.jpg 640w, https:\/\/www.prijedordanas.com\/wp-content\/uploads\/2022\/05\/prijedorgradorg-duratovic-omladinski-sektor-1.jpg 667w\" sizes=\"(max-width: 300px) 100vw, 300px\" \/><\/a>Predsjednik Skup\u0161tine grada Prijedor Mirsad Duratovi\u0107 danas je organizovao prijem rukovodstva Omladinskog savjeta Prijedor i Omladinskog savjeta Republike Srpske, kao i za predstavnicu Me\u0111unarodne organizacije za migracije iz kancelarije u Banjoj Luci.<\/p>\n<p>Tema sastanka bila su dva projekta koje provode dvije krovne omladinske organizacije, kako na republi\u010dkom nivou, tako i na nivou Grada Prijedor.<\/p>\n<p>Projekti \u0107e biti realizovani uz finansijsku podr\u0161ku i saradnju sa Me\u0111unarodnom organizacijom za migracije, Razvojnim programom Ujedinjenih nacija i Ministarstvom porodice, omladine i sporta Republike Srpske, uz podr\u0161ku Grada Prijedor.<\/p>\n<p><a href=\"https:\/\/www.prijedordanas.com\/wp-content\/uploads\/2022\/05\/prijedorgradorg-duratovic-omladinski-sektor-2.jpg\"><img loading=\"lazy\" decoding=\"async\" class=\"alignleft size-medium wp-image-185263\" src=\"https:\/\/www.prijedordanas.com\/wp-content\/uploads\/2022\/05\/prijedorgradorg-duratovic-omladinski-sektor-2-300x200.jpg\" alt=\"\" width=\"300\" height=\"200\" srcset=\"https:\/\/www.prijedordanas.com\/wp-content\/uploads\/2022\/05\/prijedorgradorg-duratovic-omladinski-sektor-2-300x200.jpg 300w, https:\/\/www.prijedordanas.com\/wp-content\/uploads\/2022\/05\/prijedorgradorg-duratovic-omladinski-sektor-2-480x320.jpg 480w, https:\/\/www.prijedordanas.com\/wp-content\/uploads\/2022\/05\/prijedorgradorg-duratovic-omladinski-sektor-2.jpg 600w\" sizes=\"(max-width: 300px) 100vw, 300px\" \/><\/a>Projekat &#8220;Reload 2&#8221; Omladinskog savjeta Prijedor, obuhvata promociju zdravih stilova \u017eivota kod djece i mladih i promociju sporta i sportskih klubova, te \u0107e obuhvatiti niz aktivnosti &#8211; predavanja na temu omladinskog organizovanja i psiholo\u0161kog zdravlja, organizovanih posjeta konji\u010dkim klubovima, vje\u017ebe i treninge u vodi i prirodi, \u010dasove zdrave kuhinje i podjele bro\u0161ura o zdravlju djece i mladih, dok \u0107e centralni doga\u0111aj u avgustu ove godine okupiti oko 30 sportskih klubova i mladih sportista, na frekventnim lokacijama u gradu, gdje \u0107e biti predstavljeni kolektivni i individualni sportovi, sportski klubovi i \u010dlanstvo, a sve u cilju animiranja djece i mladih da njeguju zdrave stilove \u017eivota i sportski duh. Predvi\u0111ena je i nabavka opreme za aktivne sportske klubove u Gradu Prijedor, te promocija mladih i uspje\u0161nih sportista na\u0161eg grada, navode iz Omladinskog savjeta Prijedor i Odjeljenja za dru\u0161tvene djelatnosti, koje je nadle\u017eno za pitanja omladine i saradnju sa nevladinim sektorom.<\/p>\n<p>&#8220;Ti se pita\u0161&#8221; projekat Omladinskog savjeta Republike Srpske i Me\u0111unarodne organizacije za migracije, koncipiran je na na\u010din da predstavnici republi\u010dkog Savjeta i lokalnih omladinskih savjeta, u 6 lokalnih zajednica Republike Srpske uklju\u010duju\u0107i i Grad Prijedor, u dvodnevnoj sesiji razgovaraju sa aktivnim omladincima i mladim gra\u0111ankama i gra\u0111anima Prijedora, te da se upoznaju sa njihovim idejama i zapa\u017eanjima, nakon \u010dega je predvi\u0111ena realizacija panel diskusije mladih i rukovodstva Grada sa ciljem aktivnijeg u\u010de\u0161\u0107a mladih u procesima dono\u0161enja odluka i zagovaranjem omladinskih inicijativa.<\/p>\n<p><a href=\"https:\/\/www.prijedordanas.com\/wp-content\/uploads\/2022\/05\/prijedorgradorg-duratovic-omladinski-sektor-3.jpg\"><img loading=\"lazy\" decoding=\"async\" src=\"https:\/\/www.prijedordanas.com\/wp-content\/uploads\/2022\/05\/prijedorgradorg-duratovic-omladinski-sektor-3-300x192.jpg\" alt=\"\" width=\"300\" height=\"192\" class=\"alignleft size-medium wp-image-185264\" srcset=\"https:\/\/www.prijedordanas.com\/wp-content\/uploads\/2022\/05\/prijedorgradorg-duratovic-omladinski-sektor-3-300x192.jpg 300w, https:\/\/www.prijedordanas.com\/wp-content\/uploads\/2022\/05\/prijedorgradorg-duratovic-omladinski-sektor-3.jpg 600w\" sizes=\"(max-width: 300px) 100vw, 300px\" \/><\/a>Predsjednik Skup\u0161tine grada Prijedor Mirsad Duratovi\u0107, naglasio je da podr\u017eava rad omladinskog sektora i inicijative koje dolaze aktivnim u\u010de\u0161\u0107em mladih u dru\u0161tveno-politi\u010dkom \u017eivotu, te da \u0107e se uvijek rado odazvati pozivu krovnih omladinskih organizacija, da u sklopu nadle\u017enosti Skup\u0161tine, podr\u017ei njihov rad i kvalitetne ideje, te da pru\u017ei podr\u0161ku u komunikaciji izme\u0111u mladih i Skup\u0161tine kako bi zajedno iznalazili rje\u0161enja i ideje za razvoj perspektive djeci i omladini.<\/p>\n<p>Ognjen Vukojevi\u0107 ispred Odjeljenja za dru\u0161tvene djelatnosti, iskazao je zahvalnost predsjedniku Duratovi\u0107u i predstavnicima krovnih omladinskih organizacija zbog realizacije dana\u0161njeg sastanka. Ovo je prvi zajedni\u010dki sastanak dvije krovne omladinske organizacije i rukovodstva Grada Prijedor, \u0161to je za rezultat ve\u0107 danas imalo produktivan radni sastanak na kojem smo razgovarali o projektima u gradu, me\u0111usobnoj saradnji i podr\u0161ci Grada, projektnom menad\u017ementu i aktivnijem u\u010de\u0161\u0107u na omladinskim projektima, ali i njihovom osposobljavanju da iste pi\u0161u i apliciraju na projektne pozive koji nisu samo projekti Gradske uprave. U slu\u010daju stranih donatora i podr\u0161ke u direktnoj komunikaciji omladinskih organizacija i me\u0111unarodnih donatora, Grad je u ranijem periodu zapostavio ovaj veoma bitan segment, a projekat &#8220;Reload 2&#8221; predstavlja prakti\u010dan primjer kako se takve ideje realizuju u praksi. Grad Prijedor i Odjeljenje za dru\u0161tvene djelatnosti ula\u017eu maksimalne resurse u tom procesu, te uz podr\u0161ku Gradona\u010delnika, Skup\u0161tine i Agencije za razvoj Grada Prijedor, uvjeren sam da ovakvim pristupom, prate\u0107i trendove, mo\u017eemo posti\u0107i zavidne rezultate, isti\u010de Vukojevi\u0107.<\/p>\n<p><a href=\"https:\/\/prijedorgrad.org\/sr-EU\/vijesti-sadrzaj.html?vid=15116\" target=\"_blank\" rel=\"noopener\">prijedorgrad.org<\/a><\/p>\n","protected":false},"excerpt":{"rendered":"<p>Predsjednik Skup\u0161tine grada Prijedor Mirsad Duratovi\u0107 danas je organizovao prijem rukovodstva Omladinskog savjeta Prijedor i Omladinskog savjeta Republike Srpske, kao i za predstavnicu Me\u0111unarodne organizacije za migracije iz kancelarije u [&hellip;]<\/p>\n","protected":false},"author":1,"featured_media":0,"comment_status":"closed","ping_status":"open","sticky":false,"template":"","format":"standard","meta":{"_monsterinsights_skip_tracking":false,"_monsterinsights_sitenote_active":false,"_monsterinsights_sitenote_note":"","_monsterinsights_sitenote_category":0,"footnotes":""},"categories":[7518],"tags":[],"yoast_head":"<!-- This site is optimized with the Yoast SEO plugin v21.6 - https:\/\/yoast.com\/wordpress\/plugins\/seo\/ -->\n<title>Predsjednik Skup\u0161tine grada Prijedora organizovao prijem za predstavnike omladinskog sektora - FOTO - PrijedorDanas.com - Prijedorski gradski portal<\/title>\n<meta name=\"robots\" content=\"index, follow, max-snippet:-1, max-image-preview:large, max-video-preview:-1\" \/>\n<link rel=\"canonical\" href=\"https:\/\/www.prijedordanas.com\/?p=185261\" \/>\n<meta property=\"og:locale\" content=\"en_US\" \/>\n<meta property=\"og:type\" content=\"article\" \/>\n<meta property=\"og:title\" content=\"Predsjednik Skup\u0161tine grada Prijedora organizovao prijem za predstavnike omladinskog sektora - FOTO - PrijedorDanas.com - Prijedorski gradski portal\" \/>\n<meta property=\"og:description\" content=\"Predsjednik Skup\u0161tine grada Prijedor Mirsad Duratovi\u0107 danas je organizovao prijem rukovodstva Omladinskog savjeta Prijedor i Omladinskog savjeta Republike Srpske, kao i za predstavnicu Me\u0111unarodne organizacije za migracije iz kancelarije u [&hellip;]\" \/>\n<meta property=\"og:url\" content=\"https:\/\/www.prijedordanas.com\/?p=185261\" \/>\n<meta property=\"og:site_name\" content=\"PrijedorDanas.com - Prijedorski gradski portal\" \/>\n<meta property=\"article:publisher\" content=\"https:\/\/www.facebook.com\/PrijedorDanasCom\/\" \/>\n<meta property=\"article:published_time\" content=\"2022-05-04T17:29:21+00:00\" \/>\n<meta property=\"og:image\" content=\"https:\/\/www.prijedordanas.com\/wp-content\/uploads\/2022\/05\/prijedorgradorg-duratovic-omladinski-sektor-1-300x225.jpg\" \/>\n<meta name=\"author\" content=\"admin\" \/>\n<meta name=\"twitter:card\" content=\"summary_large_image\" \/>\n<meta name=\"twitter:label1\" content=\"Written by\" \/>\n\t<meta name=\"twitter:data1\" content=\"admin\" \/>\n\t<meta name=\"twitter:label2\" content=\"Est. reading time\" \/>\n\t<meta name=\"twitter:data2\" content=\"3 minutes\" \/>\n<script type=\"application\/ld+json\" class=\"yoast-schema-graph\">{\"@context\":\"https:\/\/schema.org\",\"@graph\":[{\"@type\":\"Article\",\"@id\":\"https:\/\/www.prijedordanas.com\/?p=185261#article\",\"isPartOf\":{\"@id\":\"https:\/\/www.prijedordanas.com\/?p=185261\"},\"author\":{\"name\":\"admin\",\"@id\":\"https:\/\/www.prijedordanas.com\/#\/schema\/person\/4e08ccf29b506ca916ff86d46bb700e6\"},\"headline\":\"Predsjednik Skup\u0161tine grada Prijedora organizovao prijem za predstavnike omladinskog sektora &#8211; FOTO\",\"datePublished\":\"2022-05-04T17:29:21+00:00\",\"dateModified\":\"2022-05-04T17:29:21+00:00\",\"mainEntityOfPage\":{\"@id\":\"https:\/\/www.prijedordanas.com\/?p=185261\"},\"wordCount\":614,\"publisher\":{\"@id\":\"https:\/\/www.prijedordanas.com\/#organization\"},\"articleSection\":[\"Mladi\"],\"inLanguage\":\"en-US\"},{\"@type\":\"WebPage\",\"@id\":\"https:\/\/www.prijedordanas.com\/?p=185261\",\"url\":\"https:\/\/www.prijedordanas.com\/?p=185261\",\"name\":\"Predsjednik Skup\u0161tine grada Prijedora organizovao prijem za predstavnike omladinskog sektora - FOTO - PrijedorDanas.com - Prijedorski gradski portal\",\"isPartOf\":{\"@id\":\"https:\/\/www.prijedordanas.com\/#website\"},\"datePublished\":\"2022-05-04T17:29:21+00:00\",\"dateModified\":\"2022-05-04T17:29:21+00:00\",\"breadcrumb\":{\"@id\":\"https:\/\/www.prijedordanas.com\/?p=185261#breadcrumb\"},\"inLanguage\":\"en-US\",\"potentialAction\":[{\"@type\":\"ReadAction\",\"target\":[\"https:\/\/www.prijedordanas.com\/?p=185261\"]}]},{\"@type\":\"BreadcrumbList\",\"@id\":\"https:\/\/www.prijedordanas.com\/?p=185261#breadcrumb\",\"itemListElement\":[{\"@type\":\"ListItem\",\"position\":1,\"name\":\"Home\",\"item\":\"https:\/\/www.prijedordanas.com\/\"},{\"@type\":\"ListItem\",\"position\":2,\"name\":\"Predsjednik Skup\u0161tine grada Prijedora organizovao prijem za predstavnike omladinskog sektora &#8211; FOTO\"}]},{\"@type\":\"WebSite\",\"@id\":\"https:\/\/www.prijedordanas.com\/#website\",\"url\":\"https:\/\/www.prijedordanas.com\/\",\"name\":\"PrijedorDanas.com - Prijedorski gradski portal\",\"description\":\"Portal o doga\u0111anjima u gradu Prijedoru\",\"publisher\":{\"@id\":\"https:\/\/www.prijedordanas.com\/#organization\"},\"potentialAction\":[{\"@type\":\"SearchAction\",\"target\":{\"@type\":\"EntryPoint\",\"urlTemplate\":\"https:\/\/www.prijedordanas.com\/?s={search_term_string}\"},\"query-input\":\"required name=search_term_string\"}],\"inLanguage\":\"en-US\"},{\"@type\":\"Organization\",\"@id\":\"https:\/\/www.prijedordanas.com\/#organization\",\"name\":\"PrijedorDanas.com\",\"url\":\"https:\/\/www.prijedordanas.com\/\",\"logo\":{\"@type\":\"ImageObject\",\"inLanguage\":\"en-US\",\"@id\":\"https:\/\/www.prijedordanas.com\/#\/schema\/logo\/image\/\",\"url\":\"http:\/\/www.prijedordanas.com\/wp-content\/uploads\/2021\/12\/logopng.png\",\"contentUrl\":\"http:\/\/www.prijedordanas.com\/wp-content\/uploads\/2021\/12\/logopng.png\",\"width\":1019,\"height\":776,\"caption\":\"PrijedorDanas.com\"},\"image\":{\"@id\":\"https:\/\/www.prijedordanas.com\/#\/schema\/logo\/image\/\"},\"sameAs\":[\"https:\/\/www.facebook.com\/PrijedorDanasCom\/\"]},{\"@type\":\"Person\",\"@id\":\"https:\/\/www.prijedordanas.com\/#\/schema\/person\/4e08ccf29b506ca916ff86d46bb700e6\",\"name\":\"admin\",\"image\":{\"@type\":\"ImageObject\",\"inLanguage\":\"en-US\",\"@id\":\"https:\/\/www.prijedordanas.com\/#\/schema\/person\/image\/\",\"url\":\"https:\/\/secure.gravatar.com\/avatar\/1d3fc949d550f0b53a5f0d51e06dfd79?s=96&d=mm&r=g\",\"contentUrl\":\"https:\/\/secure.gravatar.com\/avatar\/1d3fc949d550f0b53a5f0d51e06dfd79?s=96&d=mm&r=g\",\"caption\":\"admin\"},\"url\":\"https:\/\/www.prijedordanas.com\/?author=1\"}]}<\/script>\n<!-- \/ Yoast SEO plugin. -->","yoast_head_json":{"title":"Predsjednik Skup\u0161tine grada Prijedora organizovao prijem za predstavnike omladinskog sektora - FOTO - PrijedorDanas.com - Prijedorski gradski portal","robots":{"index":"index","follow":"follow","max-snippet":"max-snippet:-1","max-image-preview":"max-image-preview:large","max-video-preview":"max-video-preview:-1"},"canonical":"https:\/\/www.prijedordanas.com\/?p=185261","og_locale":"en_US","og_type":"article","og_title":"Predsjednik Skup\u0161tine grada Prijedora organizovao prijem za predstavnike omladinskog sektora - FOTO - PrijedorDanas.com - Prijedorski gradski portal","og_description":"Predsjednik Skup\u0161tine grada Prijedor Mirsad Duratovi\u0107 danas je organizovao prijem rukovodstva Omladinskog savjeta Prijedor i Omladinskog savjeta Republike Srpske, kao i za predstavnicu Me\u0111unarodne organizacije za migracije iz kancelarije u [&hellip;]","og_url":"https:\/\/www.prijedordanas.com\/?p=185261","og_site_name":"PrijedorDanas.com - Prijedorski gradski portal","article_publisher":"https:\/\/www.facebook.com\/PrijedorDanasCom\/","article_published_time":"2022-05-04T17:29:21+00:00","og_image":[{"url":"https:\/\/www.prijedordanas.com\/wp-content\/uploads\/2022\/05\/prijedorgradorg-duratovic-omladinski-sektor-1-300x225.jpg"}],"author":"admin","twitter_card":"summary_large_image","twitter_misc":{"Written by":"admin","Est. reading time":"3 minutes"},"schema":{"@context":"https:\/\/schema.org","@graph":[{"@type":"Article","@id":"https:\/\/www.prijedordanas.com\/?p=185261#article","isPartOf":{"@id":"https:\/\/www.prijedordanas.com\/?p=185261"},"author":{"name":"admin","@id":"https:\/\/www.prijedordanas.com\/#\/schema\/person\/4e08ccf29b506ca916ff86d46bb700e6"},"headline":"Predsjednik Skup\u0161tine grada Prijedora organizovao prijem za predstavnike omladinskog sektora &#8211; FOTO","datePublished":"2022-05-04T17:29:21+00:00","dateModified":"2022-05-04T17:29:21+00:00","mainEntityOfPage":{"@id":"https:\/\/www.prijedordanas.com\/?p=185261"},"wordCount":614,"publisher":{"@id":"https:\/\/www.prijedordanas.com\/#organization"},"articleSection":["Mladi"],"inLanguage":"en-US"},{"@type":"WebPage","@id":"https:\/\/www.prijedordanas.com\/?p=185261","url":"https:\/\/www.prijedordanas.com\/?p=185261","name":"Predsjednik Skup\u0161tine grada Prijedora organizovao prijem za predstavnike omladinskog sektora - FOTO - PrijedorDanas.com - Prijedorski gradski portal","isPartOf":{"@id":"https:\/\/www.prijedordanas.com\/#website"},"datePublished":"2022-05-04T17:29:21+00:00","dateModified":"2022-05-04T17:29:21+00:00","breadcrumb":{"@id":"https:\/\/www.prijedordanas.com\/?p=185261#breadcrumb"},"inLanguage":"en-US","potentialAction":[{"@type":"ReadAction","target":["https:\/\/www.prijedordanas.com\/?p=185261"]}]},{"@type":"BreadcrumbList","@id":"https:\/\/www.prijedordanas.com\/?p=185261#breadcrumb","itemListElement":[{"@type":"ListItem","position":1,"name":"Home","item":"https:\/\/www.prijedordanas.com\/"},{"@type":"ListItem","position":2,"name":"Predsjednik Skup\u0161tine grada Prijedora organizovao prijem za predstavnike omladinskog sektora &#8211; FOTO"}]},{"@type":"WebSite","@id":"https:\/\/www.prijedordanas.com\/#website","url":"https:\/\/www.prijedordanas.com\/","name":"PrijedorDanas.com - Prijedorski gradski portal","description":"Portal o doga\u0111anjima u gradu Prijedoru","publisher":{"@id":"https:\/\/www.prijedordanas.com\/#organization"},"potentialAction":[{"@type":"SearchAction","target":{"@type":"EntryPoint","urlTemplate":"https:\/\/www.prijedordanas.com\/?s={search_term_string}"},"query-input":"required name=search_term_string"}],"inLanguage":"en-US"},{"@type":"Organization","@id":"https:\/\/www.prijedordanas.com\/#organization","name":"PrijedorDanas.com","url":"https:\/\/www.prijedordanas.com\/","logo":{"@type":"ImageObject","inLanguage":"en-US","@id":"https:\/\/www.prijedordanas.com\/#\/schema\/logo\/image\/","url":"http:\/\/www.prijedordanas.com\/wp-content\/uploads\/2021\/12\/logopng.png","contentUrl":"http:\/\/www.prijedordanas.com\/wp-content\/uploads\/2021\/12\/logopng.png","width":1019,"height":776,"caption":"PrijedorDanas.com"},"image":{"@id":"https:\/\/www.prijedordanas.com\/#\/schema\/logo\/image\/"},"sameAs":["https:\/\/www.facebook.com\/PrijedorDanasCom\/"]},{"@type":"Person","@id":"https:\/\/www.prijedordanas.com\/#\/schema\/person\/4e08ccf29b506ca916ff86d46bb700e6","name":"admin","image":{"@type":"ImageObject","inLanguage":"en-US","@id":"https:\/\/www.prijedordanas.com\/#\/schema\/person\/image\/","url":"https:\/\/secure.gravatar.com\/avatar\/1d3fc949d550f0b53a5f0d51e06dfd79?s=96&d=mm&r=g","contentUrl":"https:\/\/secure.gravatar.com\/avatar\/1d3fc949d550f0b53a5f0d51e06dfd79?s=96&d=mm&r=g","caption":"admin"},"url":"https:\/\/www.prijedordanas.com\/?author=1"}]}},"_links":{"self":[{"href":"https:\/\/www.prijedordanas.com\/index.php?rest_route=\/wp\/v2\/posts\/185261"}],"collection":[{"href":"https:\/\/www.prijedordanas.com\/index.php?rest_route=\/wp\/v2\/posts"}],"about":[{"href":"https:\/\/www.prijedordanas.com\/index.php?rest_route=\/wp\/v2\/types\/post"}],"author":[{"embeddable":true,"href":"https:\/\/www.prijedordanas.com\/index.php?rest_route=\/wp\/v2\/users\/1"}],"replies":[{"embeddable":true,"href":"https:\/\/www.prijedordanas.com\/index.php?rest_route=%2Fwp%2Fv2%2Fcomments&post=185261"}],"version-history":[{"count":1,"href":"https:\/\/www.prijedordanas.com\/index.php?rest_route=\/wp\/v2\/posts\/185261\/revisions"}],"predecessor-version":[{"id":185265,"href":"https:\/\/www.prijedordanas.com\/index.php?rest_route=\/wp\/v2\/posts\/185261\/revisions\/185265"}],"wp:attachment":[{"href":"https:\/\/www.prijedordanas.com\/index.php?rest_route=%2Fwp%2Fv2%2Fmedia&parent=185261"}],"wp:term":[{"taxonomy":"category","embeddable":true,"href":"https:\/\/www.prijedordanas.com\/index.php?rest_route=%2Fwp%2Fv2%2Fcategories&post=185261"},{"taxonomy":"post_tag","embeddable":true,"href":"https:\/\/www.prijedordanas.com\/index.php?rest_route=%2Fwp%2Fv2%2Ftags&post=185261"}],"curies":[{"name":"wp","href":"https:\/\/api.w.org\/{rel}","templated":true}]}}