{"id":185128,"date":"2022-05-01T03:28:48","date_gmt":"2022-05-01T01:28:48","guid":{"rendered":"https:\/\/www.prijedordanas.com\/?p=185128"},"modified":"2022-05-01T03:28:48","modified_gmt":"2022-05-01T01:28:48","slug":"prijedor-obiljezena-godisnjica-pogibije-radenka-dape-foto","status":"publish","type":"post","link":"https:\/\/www.prijedordanas.com\/?p=185128","title":{"rendered":"Prijedor: Obilje\u017eena godi\u0161njica pogibije Radenka \u0110ape &#8211; FOTO"},"content":{"rendered":"<p><a href=\"https:\/\/www.prijedordanas.com\/wp-content\/uploads\/2022\/05\/prijedorgradorg-djapa-godisnjica-2022-1.jpg\"><img loading=\"lazy\" decoding=\"async\" class=\"alignleft size-medium wp-image-185129\" src=\"https:\/\/www.prijedordanas.com\/wp-content\/uploads\/2022\/05\/prijedorgradorg-djapa-godisnjica-2022-1-300x225.jpg\" alt=\"\" width=\"300\" height=\"225\" srcset=\"https:\/\/www.prijedordanas.com\/wp-content\/uploads\/2022\/05\/prijedorgradorg-djapa-godisnjica-2022-1-300x225.jpg 300w, https:\/\/www.prijedordanas.com\/wp-content\/uploads\/2022\/05\/prijedorgradorg-djapa-godisnjica-2022-1-640x480.jpg 640w, https:\/\/www.prijedordanas.com\/wp-content\/uploads\/2022\/05\/prijedorgradorg-djapa-godisnjica-2022-1.jpg 667w\" sizes=\"(max-width: 300px) 100vw, 300px\" \/><\/a>Pomenom i polaganjem vijenaca u Prijedoru je obilje\u017eeno 30 godina od pogibije dvadesetogodi\u0161njeg policajca Radenka \u0110ape iz Gornjeg Jelovca , prve \u017ertve u proteklom Odbrambeno-otad\u017ebinskom ratu.<\/p>\n<p>Vijence je kod spomen-plo\u010de u Kozarskoj ulici polo\u017eila majka Marija , a potom i \u010dlanovi Radenkove porodice, gradona\u010delnik Prijedora , delegacije Organizacije porodica zarobljenih i poginulih boraca i nestalih civila, policije, SUBNORA-a i drugih udru\u017eenja i politi\u010dkih organizacija te prijatelja i mje\u0161tani Gornjeg Jelovca.<\/p>\n<p>Ni poslije trideset godina nisu usahle suze majke Marije koja svake godine dolazi na mjesto pogibije njenog sina Radenka.<\/p>\n<p><a href=\"https:\/\/www.prijedordanas.com\/wp-content\/uploads\/2022\/05\/prijedorgradorg-djapa-godisnjica-2022-2.jpg\"><img loading=\"lazy\" decoding=\"async\" class=\"alignleft size-medium wp-image-185130\" src=\"https:\/\/www.prijedordanas.com\/wp-content\/uploads\/2022\/05\/prijedorgradorg-djapa-godisnjica-2022-2-300x225.jpg\" alt=\"\" width=\"300\" height=\"225\" srcset=\"https:\/\/www.prijedordanas.com\/wp-content\/uploads\/2022\/05\/prijedorgradorg-djapa-godisnjica-2022-2-300x225.jpg 300w, https:\/\/www.prijedordanas.com\/wp-content\/uploads\/2022\/05\/prijedorgradorg-djapa-godisnjica-2022-2-640x480.jpg 640w, https:\/\/www.prijedordanas.com\/wp-content\/uploads\/2022\/05\/prijedorgradorg-djapa-godisnjica-2022-2.jpg 667w\" sizes=\"(max-width: 300px) 100vw, 300px\" \/><\/a>&#8220;Ovaj dan budi najte\u017ea sje\u0107anja i svaka godina je sve te\u017ea, a za to moje dijete nije niko odgovarao i ja \u017eelim da se neko pobrine za to da neko odgovara ko je za to kriv&#8221;, kazala je Marija \u0110apa.<\/p>\n<p>Gradona\u010delnik Prijedora Slobodan Javor izjavio je novinarima da se danas sje\u0107amo prve \u017ertve minulog rata u Prijedoru.<\/p>\n<p>&#8220;Ovaj dan treba da bude opomena za sve, da se ovo nikada , nigdje i nikome ne ponovi. LJudski je pra\u0161tati, ali i pamtiti i na nama mladim generacijama je da pratimo sva ova de\u0161avanja, da obilje\u017eavamo sve ove datume i odr\u017eavamo pomene i na taj na\u010din ih sa\u010duvamo od zaborava, to je na\u0161a du\u017enost i obaveza&#8221;, rekao je Javor.<\/p>\n<p><a href=\"https:\/\/www.prijedordanas.com\/wp-content\/uploads\/2022\/05\/prijedorgradorg-djapa-godisnjica-2022-3.jpg\"><img loading=\"lazy\" decoding=\"async\" class=\"alignleft size-medium wp-image-185131\" src=\"https:\/\/www.prijedordanas.com\/wp-content\/uploads\/2022\/05\/prijedorgradorg-djapa-godisnjica-2022-3-300x225.jpg\" alt=\"\" width=\"300\" height=\"225\" srcset=\"https:\/\/www.prijedordanas.com\/wp-content\/uploads\/2022\/05\/prijedorgradorg-djapa-godisnjica-2022-3-300x225.jpg 300w, https:\/\/www.prijedordanas.com\/wp-content\/uploads\/2022\/05\/prijedorgradorg-djapa-godisnjica-2022-3.jpg 600w\" sizes=\"(max-width: 300px) 100vw, 300px\" \/><\/a>Predsjednik Organizacije porodica zarobljenih i poginulih boraca i nestalih civila, Zdravka Karlica, i ovaj put je poru\u010dila da je naj\u017ealosnije to \u0161to za ovaj zlo\u010din niko nije odgovarao, te da je i vi\u0161e nego jasno da su prve \u017ertve u Prijedoru bili Srbi.<\/p>\n<p>&#8220;Ovo je stra\u0161no kada pogledate ovu uplakanu majku i mnoge majke koje su izgubile djecu ili djecu koja su ostala bez roditzelja, niko njih ne razumije ,a lako je po\u010deti rat, traab sa tim svim kasnije \u017eivjeti&#8221;, istakla je Karlica.<\/p>\n<p>Radenko \u0110apa ubijen je u no\u0107i izme\u0111u 30. aprila i 1. maja 1992. godine, prilikom izlaska iz autobusa kada je krenuo na posao.<\/p>\n<p>prijedorgrad.org<\/p>\n<p><a href=\"https:\/\/www.prijedordanas.com\/wp-content\/uploads\/2022\/05\/prijedorgradorg-djapa-godisnjica-2022-4.jpg\"><img loading=\"lazy\" decoding=\"async\" class=\"alignleft size-medium wp-image-185132\" src=\"https:\/\/www.prijedordanas.com\/wp-content\/uploads\/2022\/05\/prijedorgradorg-djapa-godisnjica-2022-4-300x225.jpg\" alt=\"\" width=\"300\" height=\"225\" srcset=\"https:\/\/www.prijedordanas.com\/wp-content\/uploads\/2022\/05\/prijedorgradorg-djapa-godisnjica-2022-4-300x225.jpg 300w, https:\/\/www.prijedordanas.com\/wp-content\/uploads\/2022\/05\/prijedorgradorg-djapa-godisnjica-2022-4.jpg 600w\" sizes=\"(max-width: 300px) 100vw, 300px\" \/><\/a> <a href=\"https:\/\/www.prijedordanas.com\/wp-content\/uploads\/2022\/05\/prijedorgradorg-djapa-godisnjica-2022-6.jpg\"><img loading=\"lazy\" decoding=\"async\" class=\"alignleft size-medium wp-image-185133\" src=\"https:\/\/www.prijedordanas.com\/wp-content\/uploads\/2022\/05\/prijedorgradorg-djapa-godisnjica-2022-6-300x225.jpg\" alt=\"\" width=\"300\" height=\"225\" srcset=\"https:\/\/www.prijedordanas.com\/wp-content\/uploads\/2022\/05\/prijedorgradorg-djapa-godisnjica-2022-6-300x225.jpg 300w, https:\/\/www.prijedordanas.com\/wp-content\/uploads\/2022\/05\/prijedorgradorg-djapa-godisnjica-2022-6.jpg 600w\" sizes=\"(max-width: 300px) 100vw, 300px\" \/><\/a> <a href=\"https:\/\/www.prijedordanas.com\/wp-content\/uploads\/2022\/05\/prijedorgradorg-djapa-godisnjica-2022-5.jpg\"><img loading=\"lazy\" decoding=\"async\" class=\"alignleft size-medium wp-image-185134\" src=\"https:\/\/www.prijedordanas.com\/wp-content\/uploads\/2022\/05\/prijedorgradorg-djapa-godisnjica-2022-5-300x225.jpg\" alt=\"\" width=\"300\" height=\"225\" srcset=\"https:\/\/www.prijedordanas.com\/wp-content\/uploads\/2022\/05\/prijedorgradorg-djapa-godisnjica-2022-5-300x225.jpg 300w, https:\/\/www.prijedordanas.com\/wp-content\/uploads\/2022\/05\/prijedorgradorg-djapa-godisnjica-2022-5.jpg 600w\" sizes=\"(max-width: 300px) 100vw, 300px\" \/><\/a> <a href=\"https:\/\/www.prijedordanas.com\/wp-content\/uploads\/2022\/05\/prijedorgradorg-djapa-godisnjica-2022-7.jpg\"><img loading=\"lazy\" decoding=\"async\" class=\"alignleft size-medium wp-image-185135\" src=\"https:\/\/www.prijedordanas.com\/wp-content\/uploads\/2022\/05\/prijedorgradorg-djapa-godisnjica-2022-7-300x225.jpg\" alt=\"\" width=\"300\" height=\"225\" srcset=\"https:\/\/www.prijedordanas.com\/wp-content\/uploads\/2022\/05\/prijedorgradorg-djapa-godisnjica-2022-7-300x225.jpg 300w, https:\/\/www.prijedordanas.com\/wp-content\/uploads\/2022\/05\/prijedorgradorg-djapa-godisnjica-2022-7.jpg 600w\" sizes=\"(max-width: 300px) 100vw, 300px\" \/><\/a> <a href=\"https:\/\/www.prijedordanas.com\/wp-content\/uploads\/2022\/05\/prijedorgradorg-djapa-godisnjica-2022-9.jpg\"><img loading=\"lazy\" decoding=\"async\" class=\"alignleft size-medium wp-image-185136\" src=\"https:\/\/www.prijedordanas.com\/wp-content\/uploads\/2022\/05\/prijedorgradorg-djapa-godisnjica-2022-9-300x225.jpg\" alt=\"\" width=\"300\" height=\"225\" srcset=\"https:\/\/www.prijedordanas.com\/wp-content\/uploads\/2022\/05\/prijedorgradorg-djapa-godisnjica-2022-9-300x225.jpg 300w, https:\/\/www.prijedordanas.com\/wp-content\/uploads\/2022\/05\/prijedorgradorg-djapa-godisnjica-2022-9-640x480.jpg 640w, https:\/\/www.prijedordanas.com\/wp-content\/uploads\/2022\/05\/prijedorgradorg-djapa-godisnjica-2022-9.jpg 667w\" sizes=\"(max-width: 300px) 100vw, 300px\" \/><\/a> <a href=\"https:\/\/www.prijedordanas.com\/wp-content\/uploads\/2022\/05\/prijedorgradorg-djapa-godisnjica-2022-8.jpg\"><img loading=\"lazy\" decoding=\"async\" class=\"alignleft size-medium wp-image-185137\" src=\"https:\/\/www.prijedordanas.com\/wp-content\/uploads\/2022\/05\/prijedorgradorg-djapa-godisnjica-2022-8-300x225.jpg\" alt=\"\" width=\"300\" height=\"225\" srcset=\"https:\/\/www.prijedordanas.com\/wp-content\/uploads\/2022\/05\/prijedorgradorg-djapa-godisnjica-2022-8-300x225.jpg 300w, https:\/\/www.prijedordanas.com\/wp-content\/uploads\/2022\/05\/prijedorgradorg-djapa-godisnjica-2022-8.jpg 600w\" sizes=\"(max-width: 300px) 100vw, 300px\" \/><\/a><\/p>\n","protected":false},"excerpt":{"rendered":"<p>Pomenom i polaganjem vijenaca u Prijedoru je obilje\u017eeno 30 godina od pogibije dvadesetogodi\u0161njeg policajca Radenka \u0110ape iz Gornjeg Jelovca , prve \u017ertve u proteklom Odbrambeno-otad\u017ebinskom ratu. Vijence je kod spomen-plo\u010de [&hellip;]<\/p>\n","protected":false},"author":1,"featured_media":0,"comment_status":"closed","ping_status":"open","sticky":false,"template":"","format":"standard","meta":{"_monsterinsights_skip_tracking":false,"_monsterinsights_sitenote_active":false,"_monsterinsights_sitenote_note":"","_monsterinsights_sitenote_category":0,"footnotes":""},"categories":[8],"tags":[],"yoast_head":"<!-- This site is optimized with the Yoast SEO plugin v21.6 - https:\/\/yoast.com\/wordpress\/plugins\/seo\/ -->\n<title>Prijedor: Obilje\u017eena godi\u0161njica pogibije Radenka \u0110ape - FOTO - PrijedorDanas.com - Prijedorski gradski portal<\/title>\n<meta name=\"robots\" content=\"index, follow, max-snippet:-1, max-image-preview:large, max-video-preview:-1\" \/>\n<link rel=\"canonical\" href=\"https:\/\/www.prijedordanas.com\/?p=185128\" \/>\n<meta property=\"og:locale\" content=\"en_US\" \/>\n<meta property=\"og:type\" content=\"article\" \/>\n<meta property=\"og:title\" content=\"Prijedor: Obilje\u017eena godi\u0161njica pogibije Radenka \u0110ape - FOTO - PrijedorDanas.com - Prijedorski gradski portal\" \/>\n<meta property=\"og:description\" content=\"Pomenom i polaganjem vijenaca u Prijedoru je obilje\u017eeno 30 godina od pogibije dvadesetogodi\u0161njeg policajca Radenka \u0110ape iz Gornjeg Jelovca , prve \u017ertve u proteklom Odbrambeno-otad\u017ebinskom ratu. Vijence je kod spomen-plo\u010de [&hellip;]\" \/>\n<meta property=\"og:url\" content=\"https:\/\/www.prijedordanas.com\/?p=185128\" \/>\n<meta property=\"og:site_name\" content=\"PrijedorDanas.com - Prijedorski gradski portal\" \/>\n<meta property=\"article:publisher\" content=\"https:\/\/www.facebook.com\/PrijedorDanasCom\/\" \/>\n<meta property=\"article:published_time\" content=\"2022-05-01T01:28:48+00:00\" \/>\n<meta property=\"og:image\" content=\"https:\/\/www.prijedordanas.com\/wp-content\/uploads\/2022\/05\/prijedorgradorg-djapa-godisnjica-2022-1-300x225.jpg\" \/>\n<meta name=\"author\" content=\"admin\" \/>\n<meta name=\"twitter:card\" content=\"summary_large_image\" \/>\n<meta name=\"twitter:label1\" content=\"Written by\" \/>\n\t<meta name=\"twitter:data1\" content=\"admin\" \/>\n\t<meta name=\"twitter:label2\" content=\"Est. reading time\" \/>\n\t<meta name=\"twitter:data2\" content=\"4 minutes\" \/>\n<script type=\"application\/ld+json\" class=\"yoast-schema-graph\">{\"@context\":\"https:\/\/schema.org\",\"@graph\":[{\"@type\":\"Article\",\"@id\":\"https:\/\/www.prijedordanas.com\/?p=185128#article\",\"isPartOf\":{\"@id\":\"https:\/\/www.prijedordanas.com\/?p=185128\"},\"author\":{\"name\":\"admin\",\"@id\":\"https:\/\/www.prijedordanas.com\/#\/schema\/person\/4e08ccf29b506ca916ff86d46bb700e6\"},\"headline\":\"Prijedor: Obilje\u017eena godi\u0161njica pogibije Radenka \u0110ape &#8211; FOTO\",\"datePublished\":\"2022-05-01T01:28:48+00:00\",\"dateModified\":\"2022-05-01T01:28:48+00:00\",\"mainEntityOfPage\":{\"@id\":\"https:\/\/www.prijedordanas.com\/?p=185128\"},\"wordCount\":346,\"publisher\":{\"@id\":\"https:\/\/www.prijedordanas.com\/#organization\"},\"articleSection\":[\"Svakodnevno\"],\"inLanguage\":\"en-US\"},{\"@type\":\"WebPage\",\"@id\":\"https:\/\/www.prijedordanas.com\/?p=185128\",\"url\":\"https:\/\/www.prijedordanas.com\/?p=185128\",\"name\":\"Prijedor: Obilje\u017eena godi\u0161njica pogibije Radenka \u0110ape - FOTO - PrijedorDanas.com - Prijedorski gradski portal\",\"isPartOf\":{\"@id\":\"https:\/\/www.prijedordanas.com\/#website\"},\"datePublished\":\"2022-05-01T01:28:48+00:00\",\"dateModified\":\"2022-05-01T01:28:48+00:00\",\"breadcrumb\":{\"@id\":\"https:\/\/www.prijedordanas.com\/?p=185128#breadcrumb\"},\"inLanguage\":\"en-US\",\"potentialAction\":[{\"@type\":\"ReadAction\",\"target\":[\"https:\/\/www.prijedordanas.com\/?p=185128\"]}]},{\"@type\":\"BreadcrumbList\",\"@id\":\"https:\/\/www.prijedordanas.com\/?p=185128#breadcrumb\",\"itemListElement\":[{\"@type\":\"ListItem\",\"position\":1,\"name\":\"Home\",\"item\":\"https:\/\/www.prijedordanas.com\/\"},{\"@type\":\"ListItem\",\"position\":2,\"name\":\"Prijedor: Obilje\u017eena godi\u0161njica pogibije Radenka \u0110ape &#8211; FOTO\"}]},{\"@type\":\"WebSite\",\"@id\":\"https:\/\/www.prijedordanas.com\/#website\",\"url\":\"https:\/\/www.prijedordanas.com\/\",\"name\":\"PrijedorDanas.com - Prijedorski gradski portal\",\"description\":\"Portal o doga\u0111anjima u gradu Prijedoru\",\"publisher\":{\"@id\":\"https:\/\/www.prijedordanas.com\/#organization\"},\"potentialAction\":[{\"@type\":\"SearchAction\",\"target\":{\"@type\":\"EntryPoint\",\"urlTemplate\":\"https:\/\/www.prijedordanas.com\/?s={search_term_string}\"},\"query-input\":\"required name=search_term_string\"}],\"inLanguage\":\"en-US\"},{\"@type\":\"Organization\",\"@id\":\"https:\/\/www.prijedordanas.com\/#organization\",\"name\":\"PrijedorDanas.com\",\"url\":\"https:\/\/www.prijedordanas.com\/\",\"logo\":{\"@type\":\"ImageObject\",\"inLanguage\":\"en-US\",\"@id\":\"https:\/\/www.prijedordanas.com\/#\/schema\/logo\/image\/\",\"url\":\"http:\/\/www.prijedordanas.com\/wp-content\/uploads\/2021\/12\/logopng.png\",\"contentUrl\":\"http:\/\/www.prijedordanas.com\/wp-content\/uploads\/2021\/12\/logopng.png\",\"width\":1019,\"height\":776,\"caption\":\"PrijedorDanas.com\"},\"image\":{\"@id\":\"https:\/\/www.prijedordanas.com\/#\/schema\/logo\/image\/\"},\"sameAs\":[\"https:\/\/www.facebook.com\/PrijedorDanasCom\/\"]},{\"@type\":\"Person\",\"@id\":\"https:\/\/www.prijedordanas.com\/#\/schema\/person\/4e08ccf29b506ca916ff86d46bb700e6\",\"name\":\"admin\",\"image\":{\"@type\":\"ImageObject\",\"inLanguage\":\"en-US\",\"@id\":\"https:\/\/www.prijedordanas.com\/#\/schema\/person\/image\/\",\"url\":\"https:\/\/secure.gravatar.com\/avatar\/1d3fc949d550f0b53a5f0d51e06dfd79?s=96&d=mm&r=g\",\"contentUrl\":\"https:\/\/secure.gravatar.com\/avatar\/1d3fc949d550f0b53a5f0d51e06dfd79?s=96&d=mm&r=g\",\"caption\":\"admin\"},\"url\":\"https:\/\/www.prijedordanas.com\/?author=1\"}]}<\/script>\n<!-- \/ Yoast SEO plugin. -->","yoast_head_json":{"title":"Prijedor: Obilje\u017eena godi\u0161njica pogibije Radenka \u0110ape - FOTO - PrijedorDanas.com - Prijedorski gradski portal","robots":{"index":"index","follow":"follow","max-snippet":"max-snippet:-1","max-image-preview":"max-image-preview:large","max-video-preview":"max-video-preview:-1"},"canonical":"https:\/\/www.prijedordanas.com\/?p=185128","og_locale":"en_US","og_type":"article","og_title":"Prijedor: Obilje\u017eena godi\u0161njica pogibije Radenka \u0110ape - FOTO - PrijedorDanas.com - Prijedorski gradski portal","og_description":"Pomenom i polaganjem vijenaca u Prijedoru je obilje\u017eeno 30 godina od pogibije dvadesetogodi\u0161njeg policajca Radenka \u0110ape iz Gornjeg Jelovca , prve \u017ertve u proteklom Odbrambeno-otad\u017ebinskom ratu. Vijence je kod spomen-plo\u010de [&hellip;]","og_url":"https:\/\/www.prijedordanas.com\/?p=185128","og_site_name":"PrijedorDanas.com - Prijedorski gradski portal","article_publisher":"https:\/\/www.facebook.com\/PrijedorDanasCom\/","article_published_time":"2022-05-01T01:28:48+00:00","og_image":[{"url":"https:\/\/www.prijedordanas.com\/wp-content\/uploads\/2022\/05\/prijedorgradorg-djapa-godisnjica-2022-1-300x225.jpg"}],"author":"admin","twitter_card":"summary_large_image","twitter_misc":{"Written by":"admin","Est. reading time":"4 minutes"},"schema":{"@context":"https:\/\/schema.org","@graph":[{"@type":"Article","@id":"https:\/\/www.prijedordanas.com\/?p=185128#article","isPartOf":{"@id":"https:\/\/www.prijedordanas.com\/?p=185128"},"author":{"name":"admin","@id":"https:\/\/www.prijedordanas.com\/#\/schema\/person\/4e08ccf29b506ca916ff86d46bb700e6"},"headline":"Prijedor: Obilje\u017eena godi\u0161njica pogibije Radenka \u0110ape &#8211; FOTO","datePublished":"2022-05-01T01:28:48+00:00","dateModified":"2022-05-01T01:28:48+00:00","mainEntityOfPage":{"@id":"https:\/\/www.prijedordanas.com\/?p=185128"},"wordCount":346,"publisher":{"@id":"https:\/\/www.prijedordanas.com\/#organization"},"articleSection":["Svakodnevno"],"inLanguage":"en-US"},{"@type":"WebPage","@id":"https:\/\/www.prijedordanas.com\/?p=185128","url":"https:\/\/www.prijedordanas.com\/?p=185128","name":"Prijedor: Obilje\u017eena godi\u0161njica pogibije Radenka \u0110ape - FOTO - PrijedorDanas.com - Prijedorski gradski portal","isPartOf":{"@id":"https:\/\/www.prijedordanas.com\/#website"},"datePublished":"2022-05-01T01:28:48+00:00","dateModified":"2022-05-01T01:28:48+00:00","breadcrumb":{"@id":"https:\/\/www.prijedordanas.com\/?p=185128#breadcrumb"},"inLanguage":"en-US","potentialAction":[{"@type":"ReadAction","target":["https:\/\/www.prijedordanas.com\/?p=185128"]}]},{"@type":"BreadcrumbList","@id":"https:\/\/www.prijedordanas.com\/?p=185128#breadcrumb","itemListElement":[{"@type":"ListItem","position":1,"name":"Home","item":"https:\/\/www.prijedordanas.com\/"},{"@type":"ListItem","position":2,"name":"Prijedor: Obilje\u017eena godi\u0161njica pogibije Radenka \u0110ape &#8211; FOTO"}]},{"@type":"WebSite","@id":"https:\/\/www.prijedordanas.com\/#website","url":"https:\/\/www.prijedordanas.com\/","name":"PrijedorDanas.com - Prijedorski gradski portal","description":"Portal o doga\u0111anjima u gradu Prijedoru","publisher":{"@id":"https:\/\/www.prijedordanas.com\/#organization"},"potentialAction":[{"@type":"SearchAction","target":{"@type":"EntryPoint","urlTemplate":"https:\/\/www.prijedordanas.com\/?s={search_term_string}"},"query-input":"required name=search_term_string"}],"inLanguage":"en-US"},{"@type":"Organization","@id":"https:\/\/www.prijedordanas.com\/#organization","name":"PrijedorDanas.com","url":"https:\/\/www.prijedordanas.com\/","logo":{"@type":"ImageObject","inLanguage":"en-US","@id":"https:\/\/www.prijedordanas.com\/#\/schema\/logo\/image\/","url":"http:\/\/www.prijedordanas.com\/wp-content\/uploads\/2021\/12\/logopng.png","contentUrl":"http:\/\/www.prijedordanas.com\/wp-content\/uploads\/2021\/12\/logopng.png","width":1019,"height":776,"caption":"PrijedorDanas.com"},"image":{"@id":"https:\/\/www.prijedordanas.com\/#\/schema\/logo\/image\/"},"sameAs":["https:\/\/www.facebook.com\/PrijedorDanasCom\/"]},{"@type":"Person","@id":"https:\/\/www.prijedordanas.com\/#\/schema\/person\/4e08ccf29b506ca916ff86d46bb700e6","name":"admin","image":{"@type":"ImageObject","inLanguage":"en-US","@id":"https:\/\/www.prijedordanas.com\/#\/schema\/person\/image\/","url":"https:\/\/secure.gravatar.com\/avatar\/1d3fc949d550f0b53a5f0d51e06dfd79?s=96&d=mm&r=g","contentUrl":"https:\/\/secure.gravatar.com\/avatar\/1d3fc949d550f0b53a5f0d51e06dfd79?s=96&d=mm&r=g","caption":"admin"},"url":"https:\/\/www.prijedordanas.com\/?author=1"}]}},"_links":{"self":[{"href":"https:\/\/www.prijedordanas.com\/index.php?rest_route=\/wp\/v2\/posts\/185128"}],"collection":[{"href":"https:\/\/www.prijedordanas.com\/index.php?rest_route=\/wp\/v2\/posts"}],"about":[{"href":"https:\/\/www.prijedordanas.com\/index.php?rest_route=\/wp\/v2\/types\/post"}],"author":[{"embeddable":true,"href":"https:\/\/www.prijedordanas.com\/index.php?rest_route=\/wp\/v2\/users\/1"}],"replies":[{"embeddable":true,"href":"https:\/\/www.prijedordanas.com\/index.php?rest_route=%2Fwp%2Fv2%2Fcomments&post=185128"}],"version-history":[{"count":1,"href":"https:\/\/www.prijedordanas.com\/index.php?rest_route=\/wp\/v2\/posts\/185128\/revisions"}],"predecessor-version":[{"id":185138,"href":"https:\/\/www.prijedordanas.com\/index.php?rest_route=\/wp\/v2\/posts\/185128\/revisions\/185138"}],"wp:attachment":[{"href":"https:\/\/www.prijedordanas.com\/index.php?rest_route=%2Fwp%2Fv2%2Fmedia&parent=185128"}],"wp:term":[{"taxonomy":"category","embeddable":true,"href":"https:\/\/www.prijedordanas.com\/index.php?rest_route=%2Fwp%2Fv2%2Fcategories&post=185128"},{"taxonomy":"post_tag","embeddable":true,"href":"https:\/\/www.prijedordanas.com\/index.php?rest_route=%2Fwp%2Fv2%2Ftags&post=185128"}],"curies":[{"name":"wp","href":"https:\/\/api.w.org\/{rel}","templated":true}]}}