{"id":184958,"date":"2022-04-28T03:29:49","date_gmt":"2022-04-28T01:29:49","guid":{"rendered":"https:\/\/www.prijedordanas.com\/?p=184958"},"modified":"2022-04-28T03:29:49","modified_gmt":"2022-04-28T01:29:49","slug":"izvor-zaraze-i-ruglo-naselja-mjestani-vrbica-ogorceni-zbog-divlje-deponije-foto","status":"publish","type":"post","link":"https:\/\/www.prijedordanas.com\/?p=184958","title":{"rendered":"&#8220;Izvor zaraze i ruglo naselja&#8221;: Mje\u0161tani Vrbica ogor\u010deni zbog divlje deponije &#8211; FOTO"},"content":{"rendered":"<p><a href=\"https:\/\/www.prijedordanas.com\/wp-content\/uploads\/2022\/04\/blic-deponija-vrbice-1.jpg\"><img loading=\"lazy\" decoding=\"async\" class=\"alignleft size-medium wp-image-184963\" src=\"https:\/\/www.prijedordanas.com\/wp-content\/uploads\/2022\/04\/blic-deponija-vrbice-1-300x225.jpg\" alt=\"\" width=\"300\" height=\"225\" srcset=\"https:\/\/www.prijedordanas.com\/wp-content\/uploads\/2022\/04\/blic-deponija-vrbice-1-300x225.jpg 300w, https:\/\/www.prijedordanas.com\/wp-content\/uploads\/2022\/04\/blic-deponija-vrbice-1-640x480.jpg 640w, https:\/\/www.prijedordanas.com\/wp-content\/uploads\/2022\/04\/blic-deponija-vrbice-1.jpg 667w\" sizes=\"(max-width: 300px) 100vw, 300px\" \/><\/a>Mje\u0161tani prijedorskog naselja Vrbice apeluju na sugra\u0111ane da ne bacaju otpad na divlju deponiju koja je napravljena u ovom naselju.<\/p>\n<p>Isti\u010du da je ova deponija ruglo naselja, ali i mogu\u0107i izvor zaraze.<\/p>\n<p>Iz Gradske uprave pozivaju gra\u0111ane da vode ra\u010duna o za\u0161titi \u017eivotne sredine, te poru\u010duju da \u0107e u skladu sa novcem u bud\u017eetu uklanjati divlje deponije.<\/p>\n<p>Mje\u0161tani Vrbica ka\u017eu da se unazad par godina u blizini njihovih ku\u0107a izbacuje razni otpad.<\/p>\n<p><a href=\"https:\/\/www.prijedordanas.com\/wp-content\/uploads\/2022\/04\/blic-deponija-vrbice-2.jpg\"><img loading=\"lazy\" decoding=\"async\" class=\"alignleft size-medium wp-image-184964\" src=\"https:\/\/www.prijedordanas.com\/wp-content\/uploads\/2022\/04\/blic-deponija-vrbice-2-300x225.jpg\" alt=\"\" width=\"300\" height=\"225\" srcset=\"https:\/\/www.prijedordanas.com\/wp-content\/uploads\/2022\/04\/blic-deponija-vrbice-2-300x225.jpg 300w, https:\/\/www.prijedordanas.com\/wp-content\/uploads\/2022\/04\/blic-deponija-vrbice-2-640x480.jpg 640w, https:\/\/www.prijedordanas.com\/wp-content\/uploads\/2022\/04\/blic-deponija-vrbice-2.jpg 667w\" sizes=\"(max-width: 300px) 100vw, 300px\" \/><\/a>Mje\u0161tanin \u0110uro Kne\u017eevi\u0107 pri\u010da da se te\u0161ko mo\u017ee i zamisliti \u0161ta sve nesavjesni sugra\u0111ani izbacuju u ovom naselju koje je jedan kilometar udaljeno od centra grada.<\/p>\n<p>\u2013 To je ru\u017eno i nezdravo, katastrofa jedna. Preko no\u0107i se dovozi tu odla\u017eu se zamrziva\u010di, gume, \u0161ta god kome padne na pamet da baci, tu do\u0111e i baci, katastrofa \u2013 ka\u017ee on.<\/p>\n<p>Mje\u0161tanin ovog naselja Slavko Devi\u0107 ogor\u010deno pri\u010da da stazom pored deponije mje\u0161tani \u0161etaju, a rekreativci tr\u010de.<\/p>\n<p>\u2013 Deponija je 150-200 metara udaljena od ku\u0107a, sve je dobro dok ne do\u0111e ljeto. Ljeto kada do\u0111e ne mo\u017ee\u0161 \u017eivjeti od muva, naravno da i \u010dovjek lako oboli kada ga ugrize. Ovo je izuzetno mjesto u kojem mo\u017ee da se napravi staza za tr\u010danje, lijepa su nam naselja, ali narod je nekulturan. Sme\u0107e ne dovozi neko iz druge dr\u017eave, to na\u0161e kom\u0161ije rade, isti ti koje upozoravamo, ali mala je kazna i tu se treba i kazna pove\u0107ati \u2013 smatra on.<\/p>\n<p><a href=\"https:\/\/www.prijedordanas.com\/wp-content\/uploads\/2022\/04\/blic-deponija-vrbice-3.jpg\"><img loading=\"lazy\" decoding=\"async\" src=\"https:\/\/www.prijedordanas.com\/wp-content\/uploads\/2022\/04\/blic-deponija-vrbice-3-300x225.jpg\" alt=\"\" width=\"300\" height=\"225\" class=\"alignleft size-medium wp-image-184965\" srcset=\"https:\/\/www.prijedordanas.com\/wp-content\/uploads\/2022\/04\/blic-deponija-vrbice-3-300x225.jpg 300w, https:\/\/www.prijedordanas.com\/wp-content\/uploads\/2022\/04\/blic-deponija-vrbice-3.jpg 600w\" sizes=\"(max-width: 300px) 100vw, 300px\" \/><\/a>Na\u010delnik Odjeljenja sa saobra\u0107aj, komunalne poslove, za\u0161titu \u017eivotne sredine i imovinsko-stambene poslove grada Prijedora Dragoslav Kabi\u0107 isti\u010de da nema potrebe da se stvaraju divlje deponije jer Komunalno preduze\u0107e odvozi otpad iz svih dijelova grada.<\/p>\n<p>\u2013 Mi smo formirali radni tim u sklopu Odjeljenja koji po dojavi gra\u0111ana i tokom na\u0161eg obilaska terena evidentira sve te divlje deponije i pravimo katastar divljih deponija. Mi \u0107emo u skladu sa na\u0161im mogu\u0107nostima i bud\u017eetom grada Prijedora uklanjati te divlje deponije \u2013 poru\u010dio je Kabi\u0107.<\/p>\n<p>On dodaje da u Gradskoj upravi planiraju da se za pomo\u0107 u uklanjanju ve\u0107ih deponija obrate republi\u010dkom Fondu za za\u0161titu \u017eivotne sredine koji ima novac za tu namjenu.<\/p>\n<p><a href=\"https:\/\/srpskainfo.com\/izvor-zaraze-i-ruglo-naselja-mjestani-vrbica-ogorceni-zbog-divlje-deponije-foto\/\" target=\"_blank\" rel=\"noopener\">srpskainfo.com<\/a><\/p>\n<p><a href=\"https:\/\/www.prijedordanas.com\/wp-content\/uploads\/2022\/04\/blic-deponija-vrbice-4.jpg\"><img loading=\"lazy\" decoding=\"async\" src=\"https:\/\/www.prijedordanas.com\/wp-content\/uploads\/2022\/04\/blic-deponija-vrbice-4-300x225.jpg\" alt=\"\" width=\"300\" height=\"225\" class=\"alignleft size-medium wp-image-184966\" srcset=\"https:\/\/www.prijedordanas.com\/wp-content\/uploads\/2022\/04\/blic-deponija-vrbice-4-300x225.jpg 300w, https:\/\/www.prijedordanas.com\/wp-content\/uploads\/2022\/04\/blic-deponija-vrbice-4.jpg 600w\" sizes=\"(max-width: 300px) 100vw, 300px\" \/><\/a> <a href=\"https:\/\/www.prijedordanas.com\/wp-content\/uploads\/2022\/04\/blic-deponija-vrbice-5.jpg\"><img loading=\"lazy\" decoding=\"async\" src=\"https:\/\/www.prijedordanas.com\/wp-content\/uploads\/2022\/04\/blic-deponija-vrbice-5-300x225.jpg\" alt=\"\" width=\"300\" height=\"225\" class=\"alignleft size-medium wp-image-184967\" srcset=\"https:\/\/www.prijedordanas.com\/wp-content\/uploads\/2022\/04\/blic-deponija-vrbice-5-300x225.jpg 300w, https:\/\/www.prijedordanas.com\/wp-content\/uploads\/2022\/04\/blic-deponija-vrbice-5.jpg 600w\" sizes=\"(max-width: 300px) 100vw, 300px\" \/><\/a> <a href=\"https:\/\/www.prijedordanas.com\/wp-content\/uploads\/2022\/04\/blic-deponija-vrbice-6.jpg\"><img loading=\"lazy\" decoding=\"async\" src=\"https:\/\/www.prijedordanas.com\/wp-content\/uploads\/2022\/04\/blic-deponija-vrbice-6-300x225.jpg\" alt=\"\" width=\"300\" height=\"225\" class=\"alignleft size-medium wp-image-184968\" srcset=\"https:\/\/www.prijedordanas.com\/wp-content\/uploads\/2022\/04\/blic-deponija-vrbice-6-300x225.jpg 300w, https:\/\/www.prijedordanas.com\/wp-content\/uploads\/2022\/04\/blic-deponija-vrbice-6.jpg 600w\" sizes=\"(max-width: 300px) 100vw, 300px\" \/><\/a> <a href=\"https:\/\/www.prijedordanas.com\/wp-content\/uploads\/2022\/04\/blic-deponija-vrbice-7.jpg\"><img loading=\"lazy\" decoding=\"async\" src=\"https:\/\/www.prijedordanas.com\/wp-content\/uploads\/2022\/04\/blic-deponija-vrbice-7-300x225.jpg\" alt=\"\" width=\"300\" height=\"225\" class=\"alignleft size-medium wp-image-184969\" srcset=\"https:\/\/www.prijedordanas.com\/wp-content\/uploads\/2022\/04\/blic-deponija-vrbice-7-300x225.jpg 300w, https:\/\/www.prijedordanas.com\/wp-content\/uploads\/2022\/04\/blic-deponija-vrbice-7.jpg 600w\" sizes=\"(max-width: 300px) 100vw, 300px\" \/><\/a> <a href=\"https:\/\/www.prijedordanas.com\/wp-content\/uploads\/2022\/04\/blic-deponija-vrbice-slavko-devic.jpg\"><img loading=\"lazy\" decoding=\"async\" src=\"https:\/\/www.prijedordanas.com\/wp-content\/uploads\/2022\/04\/blic-deponija-vrbice-slavko-devic-300x225.jpg\" alt=\"\" width=\"300\" height=\"225\" class=\"alignleft size-medium wp-image-184970\" srcset=\"https:\/\/www.prijedordanas.com\/wp-content\/uploads\/2022\/04\/blic-deponija-vrbice-slavko-devic-300x225.jpg 300w, https:\/\/www.prijedordanas.com\/wp-content\/uploads\/2022\/04\/blic-deponija-vrbice-slavko-devic.jpg 600w\" sizes=\"(max-width: 300px) 100vw, 300px\" \/><\/a><\/p>\n","protected":false},"excerpt":{"rendered":"<p>Mje\u0161tani prijedorskog naselja Vrbice apeluju na sugra\u0111ane da ne bacaju otpad na divlju deponiju koja je napravljena u ovom naselju. Isti\u010du da je ova deponija ruglo naselja, ali i mogu\u0107i [&hellip;]<\/p>\n","protected":false},"author":1,"featured_media":0,"comment_status":"closed","ping_status":"open","sticky":false,"template":"","format":"standard","meta":{"_monsterinsights_skip_tracking":false,"_monsterinsights_sitenote_active":false,"_monsterinsights_sitenote_note":"","_monsterinsights_sitenote_category":0,"footnotes":""},"categories":[8],"tags":[],"yoast_head":"<!-- This site is optimized with the Yoast SEO plugin v21.6 - https:\/\/yoast.com\/wordpress\/plugins\/seo\/ -->\n<title>&quot;Izvor zaraze i ruglo naselja&quot;: Mje\u0161tani Vrbica ogor\u010deni zbog divlje deponije - FOTO - PrijedorDanas.com - Prijedorski gradski portal<\/title>\n<meta name=\"robots\" content=\"index, follow, max-snippet:-1, max-image-preview:large, max-video-preview:-1\" \/>\n<link rel=\"canonical\" href=\"https:\/\/www.prijedordanas.com\/?p=184958\" \/>\n<meta property=\"og:locale\" content=\"en_US\" \/>\n<meta property=\"og:type\" content=\"article\" \/>\n<meta property=\"og:title\" content=\"&quot;Izvor zaraze i ruglo naselja&quot;: Mje\u0161tani Vrbica ogor\u010deni zbog divlje deponije - FOTO - PrijedorDanas.com - Prijedorski gradski portal\" \/>\n<meta property=\"og:description\" content=\"Mje\u0161tani prijedorskog naselja Vrbice apeluju na sugra\u0111ane da ne bacaju otpad na divlju deponiju koja je napravljena u ovom naselju. Isti\u010du da je ova deponija ruglo naselja, ali i mogu\u0107i [&hellip;]\" \/>\n<meta property=\"og:url\" content=\"https:\/\/www.prijedordanas.com\/?p=184958\" \/>\n<meta property=\"og:site_name\" content=\"PrijedorDanas.com - Prijedorski gradski portal\" \/>\n<meta property=\"article:publisher\" content=\"https:\/\/www.facebook.com\/PrijedorDanasCom\/\" \/>\n<meta property=\"article:published_time\" content=\"2022-04-28T01:29:49+00:00\" \/>\n<meta property=\"og:image\" content=\"https:\/\/www.prijedordanas.com\/wp-content\/uploads\/2022\/04\/blic-deponija-vrbice-1-300x225.jpg\" \/>\n<meta name=\"author\" content=\"admin\" \/>\n<meta name=\"twitter:card\" content=\"summary_large_image\" \/>\n<meta name=\"twitter:label1\" content=\"Written by\" \/>\n\t<meta name=\"twitter:data1\" content=\"admin\" \/>\n\t<meta name=\"twitter:label2\" content=\"Est. reading time\" \/>\n\t<meta name=\"twitter:data2\" content=\"2 minutes\" \/>\n<script type=\"application\/ld+json\" class=\"yoast-schema-graph\">{\"@context\":\"https:\/\/schema.org\",\"@graph\":[{\"@type\":\"Article\",\"@id\":\"https:\/\/www.prijedordanas.com\/?p=184958#article\",\"isPartOf\":{\"@id\":\"https:\/\/www.prijedordanas.com\/?p=184958\"},\"author\":{\"name\":\"admin\",\"@id\":\"https:\/\/www.prijedordanas.com\/#\/schema\/person\/4e08ccf29b506ca916ff86d46bb700e6\"},\"headline\":\"&#8220;Izvor zaraze i ruglo naselja&#8221;: Mje\u0161tani Vrbica ogor\u010deni zbog divlje deponije &#8211; FOTO\",\"datePublished\":\"2022-04-28T01:29:49+00:00\",\"dateModified\":\"2022-04-28T01:29:49+00:00\",\"mainEntityOfPage\":{\"@id\":\"https:\/\/www.prijedordanas.com\/?p=184958\"},\"wordCount\":403,\"publisher\":{\"@id\":\"https:\/\/www.prijedordanas.com\/#organization\"},\"articleSection\":[\"Svakodnevno\"],\"inLanguage\":\"en-US\"},{\"@type\":\"WebPage\",\"@id\":\"https:\/\/www.prijedordanas.com\/?p=184958\",\"url\":\"https:\/\/www.prijedordanas.com\/?p=184958\",\"name\":\"\\\"Izvor zaraze i ruglo naselja\\\": Mje\u0161tani Vrbica ogor\u010deni zbog divlje deponije - FOTO - PrijedorDanas.com - Prijedorski gradski portal\",\"isPartOf\":{\"@id\":\"https:\/\/www.prijedordanas.com\/#website\"},\"datePublished\":\"2022-04-28T01:29:49+00:00\",\"dateModified\":\"2022-04-28T01:29:49+00:00\",\"breadcrumb\":{\"@id\":\"https:\/\/www.prijedordanas.com\/?p=184958#breadcrumb\"},\"inLanguage\":\"en-US\",\"potentialAction\":[{\"@type\":\"ReadAction\",\"target\":[\"https:\/\/www.prijedordanas.com\/?p=184958\"]}]},{\"@type\":\"BreadcrumbList\",\"@id\":\"https:\/\/www.prijedordanas.com\/?p=184958#breadcrumb\",\"itemListElement\":[{\"@type\":\"ListItem\",\"position\":1,\"name\":\"Home\",\"item\":\"https:\/\/www.prijedordanas.com\/\"},{\"@type\":\"ListItem\",\"position\":2,\"name\":\"&#8220;Izvor zaraze i ruglo naselja&#8221;: Mje\u0161tani Vrbica ogor\u010deni zbog divlje deponije &#8211; FOTO\"}]},{\"@type\":\"WebSite\",\"@id\":\"https:\/\/www.prijedordanas.com\/#website\",\"url\":\"https:\/\/www.prijedordanas.com\/\",\"name\":\"PrijedorDanas.com - Prijedorski gradski portal\",\"description\":\"Portal o doga\u0111anjima u gradu Prijedoru\",\"publisher\":{\"@id\":\"https:\/\/www.prijedordanas.com\/#organization\"},\"potentialAction\":[{\"@type\":\"SearchAction\",\"target\":{\"@type\":\"EntryPoint\",\"urlTemplate\":\"https:\/\/www.prijedordanas.com\/?s={search_term_string}\"},\"query-input\":\"required name=search_term_string\"}],\"inLanguage\":\"en-US\"},{\"@type\":\"Organization\",\"@id\":\"https:\/\/www.prijedordanas.com\/#organization\",\"name\":\"PrijedorDanas.com\",\"url\":\"https:\/\/www.prijedordanas.com\/\",\"logo\":{\"@type\":\"ImageObject\",\"inLanguage\":\"en-US\",\"@id\":\"https:\/\/www.prijedordanas.com\/#\/schema\/logo\/image\/\",\"url\":\"http:\/\/www.prijedordanas.com\/wp-content\/uploads\/2021\/12\/logopng.png\",\"contentUrl\":\"http:\/\/www.prijedordanas.com\/wp-content\/uploads\/2021\/12\/logopng.png\",\"width\":1019,\"height\":776,\"caption\":\"PrijedorDanas.com\"},\"image\":{\"@id\":\"https:\/\/www.prijedordanas.com\/#\/schema\/logo\/image\/\"},\"sameAs\":[\"https:\/\/www.facebook.com\/PrijedorDanasCom\/\"]},{\"@type\":\"Person\",\"@id\":\"https:\/\/www.prijedordanas.com\/#\/schema\/person\/4e08ccf29b506ca916ff86d46bb700e6\",\"name\":\"admin\",\"image\":{\"@type\":\"ImageObject\",\"inLanguage\":\"en-US\",\"@id\":\"https:\/\/www.prijedordanas.com\/#\/schema\/person\/image\/\",\"url\":\"https:\/\/secure.gravatar.com\/avatar\/1d3fc949d550f0b53a5f0d51e06dfd79?s=96&d=mm&r=g\",\"contentUrl\":\"https:\/\/secure.gravatar.com\/avatar\/1d3fc949d550f0b53a5f0d51e06dfd79?s=96&d=mm&r=g\",\"caption\":\"admin\"},\"url\":\"https:\/\/www.prijedordanas.com\/?author=1\"}]}<\/script>\n<!-- \/ Yoast SEO plugin. -->","yoast_head_json":{"title":"\"Izvor zaraze i ruglo naselja\": Mje\u0161tani Vrbica ogor\u010deni zbog divlje deponije - FOTO - PrijedorDanas.com - Prijedorski gradski portal","robots":{"index":"index","follow":"follow","max-snippet":"max-snippet:-1","max-image-preview":"max-image-preview:large","max-video-preview":"max-video-preview:-1"},"canonical":"https:\/\/www.prijedordanas.com\/?p=184958","og_locale":"en_US","og_type":"article","og_title":"\"Izvor zaraze i ruglo naselja\": Mje\u0161tani Vrbica ogor\u010deni zbog divlje deponije - FOTO - PrijedorDanas.com - Prijedorski gradski portal","og_description":"Mje\u0161tani prijedorskog naselja Vrbice apeluju na sugra\u0111ane da ne bacaju otpad na divlju deponiju koja je napravljena u ovom naselju. Isti\u010du da je ova deponija ruglo naselja, ali i mogu\u0107i [&hellip;]","og_url":"https:\/\/www.prijedordanas.com\/?p=184958","og_site_name":"PrijedorDanas.com - Prijedorski gradski portal","article_publisher":"https:\/\/www.facebook.com\/PrijedorDanasCom\/","article_published_time":"2022-04-28T01:29:49+00:00","og_image":[{"url":"https:\/\/www.prijedordanas.com\/wp-content\/uploads\/2022\/04\/blic-deponija-vrbice-1-300x225.jpg"}],"author":"admin","twitter_card":"summary_large_image","twitter_misc":{"Written by":"admin","Est. reading time":"2 minutes"},"schema":{"@context":"https:\/\/schema.org","@graph":[{"@type":"Article","@id":"https:\/\/www.prijedordanas.com\/?p=184958#article","isPartOf":{"@id":"https:\/\/www.prijedordanas.com\/?p=184958"},"author":{"name":"admin","@id":"https:\/\/www.prijedordanas.com\/#\/schema\/person\/4e08ccf29b506ca916ff86d46bb700e6"},"headline":"&#8220;Izvor zaraze i ruglo naselja&#8221;: Mje\u0161tani Vrbica ogor\u010deni zbog divlje deponije &#8211; FOTO","datePublished":"2022-04-28T01:29:49+00:00","dateModified":"2022-04-28T01:29:49+00:00","mainEntityOfPage":{"@id":"https:\/\/www.prijedordanas.com\/?p=184958"},"wordCount":403,"publisher":{"@id":"https:\/\/www.prijedordanas.com\/#organization"},"articleSection":["Svakodnevno"],"inLanguage":"en-US"},{"@type":"WebPage","@id":"https:\/\/www.prijedordanas.com\/?p=184958","url":"https:\/\/www.prijedordanas.com\/?p=184958","name":"\"Izvor zaraze i ruglo naselja\": Mje\u0161tani Vrbica ogor\u010deni zbog divlje deponije - FOTO - PrijedorDanas.com - Prijedorski gradski portal","isPartOf":{"@id":"https:\/\/www.prijedordanas.com\/#website"},"datePublished":"2022-04-28T01:29:49+00:00","dateModified":"2022-04-28T01:29:49+00:00","breadcrumb":{"@id":"https:\/\/www.prijedordanas.com\/?p=184958#breadcrumb"},"inLanguage":"en-US","potentialAction":[{"@type":"ReadAction","target":["https:\/\/www.prijedordanas.com\/?p=184958"]}]},{"@type":"BreadcrumbList","@id":"https:\/\/www.prijedordanas.com\/?p=184958#breadcrumb","itemListElement":[{"@type":"ListItem","position":1,"name":"Home","item":"https:\/\/www.prijedordanas.com\/"},{"@type":"ListItem","position":2,"name":"&#8220;Izvor zaraze i ruglo naselja&#8221;: Mje\u0161tani Vrbica ogor\u010deni zbog divlje deponije &#8211; FOTO"}]},{"@type":"WebSite","@id":"https:\/\/www.prijedordanas.com\/#website","url":"https:\/\/www.prijedordanas.com\/","name":"PrijedorDanas.com - Prijedorski gradski portal","description":"Portal o doga\u0111anjima u gradu Prijedoru","publisher":{"@id":"https:\/\/www.prijedordanas.com\/#organization"},"potentialAction":[{"@type":"SearchAction","target":{"@type":"EntryPoint","urlTemplate":"https:\/\/www.prijedordanas.com\/?s={search_term_string}"},"query-input":"required name=search_term_string"}],"inLanguage":"en-US"},{"@type":"Organization","@id":"https:\/\/www.prijedordanas.com\/#organization","name":"PrijedorDanas.com","url":"https:\/\/www.prijedordanas.com\/","logo":{"@type":"ImageObject","inLanguage":"en-US","@id":"https:\/\/www.prijedordanas.com\/#\/schema\/logo\/image\/","url":"http:\/\/www.prijedordanas.com\/wp-content\/uploads\/2021\/12\/logopng.png","contentUrl":"http:\/\/www.prijedordanas.com\/wp-content\/uploads\/2021\/12\/logopng.png","width":1019,"height":776,"caption":"PrijedorDanas.com"},"image":{"@id":"https:\/\/www.prijedordanas.com\/#\/schema\/logo\/image\/"},"sameAs":["https:\/\/www.facebook.com\/PrijedorDanasCom\/"]},{"@type":"Person","@id":"https:\/\/www.prijedordanas.com\/#\/schema\/person\/4e08ccf29b506ca916ff86d46bb700e6","name":"admin","image":{"@type":"ImageObject","inLanguage":"en-US","@id":"https:\/\/www.prijedordanas.com\/#\/schema\/person\/image\/","url":"https:\/\/secure.gravatar.com\/avatar\/1d3fc949d550f0b53a5f0d51e06dfd79?s=96&d=mm&r=g","contentUrl":"https:\/\/secure.gravatar.com\/avatar\/1d3fc949d550f0b53a5f0d51e06dfd79?s=96&d=mm&r=g","caption":"admin"},"url":"https:\/\/www.prijedordanas.com\/?author=1"}]}},"_links":{"self":[{"href":"https:\/\/www.prijedordanas.com\/index.php?rest_route=\/wp\/v2\/posts\/184958"}],"collection":[{"href":"https:\/\/www.prijedordanas.com\/index.php?rest_route=\/wp\/v2\/posts"}],"about":[{"href":"https:\/\/www.prijedordanas.com\/index.php?rest_route=\/wp\/v2\/types\/post"}],"author":[{"embeddable":true,"href":"https:\/\/www.prijedordanas.com\/index.php?rest_route=\/wp\/v2\/users\/1"}],"replies":[{"embeddable":true,"href":"https:\/\/www.prijedordanas.com\/index.php?rest_route=%2Fwp%2Fv2%2Fcomments&post=184958"}],"version-history":[{"count":2,"href":"https:\/\/www.prijedordanas.com\/index.php?rest_route=\/wp\/v2\/posts\/184958\/revisions"}],"predecessor-version":[{"id":184971,"href":"https:\/\/www.prijedordanas.com\/index.php?rest_route=\/wp\/v2\/posts\/184958\/revisions\/184971"}],"wp:attachment":[{"href":"https:\/\/www.prijedordanas.com\/index.php?rest_route=%2Fwp%2Fv2%2Fmedia&parent=184958"}],"wp:term":[{"taxonomy":"category","embeddable":true,"href":"https:\/\/www.prijedordanas.com\/index.php?rest_route=%2Fwp%2Fv2%2Fcategories&post=184958"},{"taxonomy":"post_tag","embeddable":true,"href":"https:\/\/www.prijedordanas.com\/index.php?rest_route=%2Fwp%2Fv2%2Ftags&post=184958"}],"curies":[{"name":"wp","href":"https:\/\/api.w.org\/{rel}","templated":true}]}}