{"id":184930,"date":"2022-04-27T22:15:56","date_gmt":"2022-04-27T20:15:56","guid":{"rendered":"https:\/\/www.prijedordanas.com\/?p=184930"},"modified":"2022-06-21T23:05:53","modified_gmt":"2022-06-21T21:05:53","slug":"nketar-garden-fest-u-prijedoru-od-1-do-3-jula","status":"publish","type":"post","link":"https:\/\/www.prijedordanas.com\/?p=184930","title":{"rendered":"Nektar Garden Fest u Prijedoru od 1. do 3. jula"},"content":{"rendered":"<p><a href=\"https:\/\/www.prijedordanas.com\/wp-content\/uploads\/2022\/06\/garden-fest-2022-najava.jpg\"><img loading=\"lazy\" decoding=\"async\" src=\"https:\/\/www.prijedordanas.com\/wp-content\/uploads\/2022\/06\/garden-fest-2022-najava-300x300.jpg\" alt=\"\" width=\"300\" height=\"300\" class=\"alignleft size-medium wp-image-187644\" srcset=\"https:\/\/www.prijedordanas.com\/wp-content\/uploads\/2022\/06\/garden-fest-2022-najava-300x300.jpg 300w, https:\/\/www.prijedordanas.com\/wp-content\/uploads\/2022\/06\/garden-fest-2022-najava-150x150.jpg 150w, https:\/\/www.prijedordanas.com\/wp-content\/uploads\/2022\/06\/garden-fest-2022-najava-50x50.jpg 50w, https:\/\/www.prijedordanas.com\/wp-content\/uploads\/2022\/06\/garden-fest-2022-najava.jpg 600w\" sizes=\"(max-width: 300px) 100vw, 300px\" \/><\/a>Odbrojavanje mo\u017ee da po\u010dne!<\/p>\n<p>Drugi po redu \u201eNektar Garden Fest\u201c odr\u017ea\u0107e se od 1. do 3. jula u prijedorskoj Ljetnoj ba\u0161ti. <\/p>\n<p>Ljetna ba\u0161ta i ove \u0107e godine \u010duvati duh grada za\u0161titnika urbane kulture i mjesta stvaranja trajnih sje\u0107anja na jedno ljeto puno muzike, sre\u0107e i zajedni\u0161tva.<\/p>\n<p>Uskoro vas o\u010dekuje vi\u0161e detalja o izvo\u0111a\u010dima koji \u0107e nastupiti na drugom Nektar Garden Festu u Prijedoru.<\/p>\n<p>Kako je bilo na prvom izdanju ovog festivala pogledajte u videu.<\/p>\n<p><iframe loading=\"lazy\" src=\"https:\/\/www.facebook.com\/plugins\/video.php?height=236&#038;href=https%3A%2F%2Fwww.facebook.com%2Fgardenfestprijedor%2Fvideos%2F531396178110760%2F&#038;show_text=false&#038;width=560&#038;t=0\" width=\"560\" height=\"236\" style=\"border:none;overflow:hidden\" scrolling=\"no\" frameborder=\"0\" allowfullscreen=\"true\" allow=\"autoplay; clipboard-write; encrypted-media; picture-in-picture; web-share\" allowFullScreen=\"true\"><\/iframe><\/p>\n","protected":false},"excerpt":{"rendered":"<p>Odbrojavanje mo\u017ee da po\u010dne! Drugi po redu \u201eNektar Garden Fest\u201c odr\u017ea\u0107e se od 1. do 3. jula u prijedorskoj Ljetnoj ba\u0161ti. Ljetna ba\u0161ta i ove \u0107e godine \u010duvati duh grada [&hellip;]<\/p>\n","protected":false},"author":1,"featured_media":0,"comment_status":"closed","ping_status":"open","sticky":false,"template":"","format":"standard","meta":{"_monsterinsights_skip_tracking":false,"_monsterinsights_sitenote_active":false,"_monsterinsights_sitenote_note":"","_monsterinsights_sitenote_category":0,"footnotes":""},"categories":[6],"tags":[11578],"yoast_head":"<!-- This site is optimized with the Yoast SEO plugin v21.6 - https:\/\/yoast.com\/wordpress\/plugins\/seo\/ -->\n<title>Nektar Garden Fest u Prijedoru od 1. do 3. jula - PrijedorDanas.com - Prijedorski gradski portal<\/title>\n<meta name=\"robots\" content=\"index, follow, max-snippet:-1, max-image-preview:large, max-video-preview:-1\" \/>\n<link rel=\"canonical\" href=\"https:\/\/www.prijedordanas.com\/?p=184930\" \/>\n<meta property=\"og:locale\" content=\"en_US\" \/>\n<meta property=\"og:type\" content=\"article\" \/>\n<meta property=\"og:title\" content=\"Nektar Garden Fest u Prijedoru od 1. do 3. jula - PrijedorDanas.com - Prijedorski gradski portal\" \/>\n<meta property=\"og:description\" content=\"Odbrojavanje mo\u017ee da po\u010dne! Drugi po redu \u201eNektar Garden Fest\u201c odr\u017ea\u0107e se od 1. do 3. jula u prijedorskoj Ljetnoj ba\u0161ti. Ljetna ba\u0161ta i ove \u0107e godine \u010duvati duh grada [&hellip;]\" \/>\n<meta property=\"og:url\" content=\"https:\/\/www.prijedordanas.com\/?p=184930\" \/>\n<meta property=\"og:site_name\" content=\"PrijedorDanas.com - Prijedorski gradski portal\" \/>\n<meta property=\"article:publisher\" content=\"https:\/\/www.facebook.com\/PrijedorDanasCom\/\" \/>\n<meta property=\"article:published_time\" content=\"2022-04-27T20:15:56+00:00\" \/>\n<meta property=\"article:modified_time\" content=\"2022-06-21T21:05:53+00:00\" \/>\n<meta property=\"og:image\" content=\"https:\/\/www.prijedordanas.com\/wp-content\/uploads\/2022\/06\/garden-fest-2022-najava-300x300.jpg\" \/>\n<meta name=\"author\" content=\"admin\" \/>\n<meta name=\"twitter:card\" content=\"summary_large_image\" \/>\n<meta name=\"twitter:label1\" content=\"Written by\" \/>\n\t<meta name=\"twitter:data1\" content=\"admin\" \/>\n<script type=\"application\/ld+json\" class=\"yoast-schema-graph\">{\"@context\":\"https:\/\/schema.org\",\"@graph\":[{\"@type\":\"Article\",\"@id\":\"https:\/\/www.prijedordanas.com\/?p=184930#article\",\"isPartOf\":{\"@id\":\"https:\/\/www.prijedordanas.com\/?p=184930\"},\"author\":{\"name\":\"admin\",\"@id\":\"https:\/\/www.prijedordanas.com\/#\/schema\/person\/4e08ccf29b506ca916ff86d46bb700e6\"},\"headline\":\"Nektar Garden Fest u Prijedoru od 1. do 3. jula\",\"datePublished\":\"2022-04-27T20:15:56+00:00\",\"dateModified\":\"2022-06-21T21:05:53+00:00\",\"mainEntityOfPage\":{\"@id\":\"https:\/\/www.prijedordanas.com\/?p=184930\"},\"wordCount\":94,\"publisher\":{\"@id\":\"https:\/\/www.prijedordanas.com\/#organization\"},\"keywords\":[\"Nektar Garden Fest\"],\"articleSection\":[\"Kultura\"],\"inLanguage\":\"en-US\"},{\"@type\":\"WebPage\",\"@id\":\"https:\/\/www.prijedordanas.com\/?p=184930\",\"url\":\"https:\/\/www.prijedordanas.com\/?p=184930\",\"name\":\"Nektar Garden Fest u Prijedoru od 1. do 3. jula - PrijedorDanas.com - Prijedorski gradski portal\",\"isPartOf\":{\"@id\":\"https:\/\/www.prijedordanas.com\/#website\"},\"datePublished\":\"2022-04-27T20:15:56+00:00\",\"dateModified\":\"2022-06-21T21:05:53+00:00\",\"breadcrumb\":{\"@id\":\"https:\/\/www.prijedordanas.com\/?p=184930#breadcrumb\"},\"inLanguage\":\"en-US\",\"potentialAction\":[{\"@type\":\"ReadAction\",\"target\":[\"https:\/\/www.prijedordanas.com\/?p=184930\"]}]},{\"@type\":\"BreadcrumbList\",\"@id\":\"https:\/\/www.prijedordanas.com\/?p=184930#breadcrumb\",\"itemListElement\":[{\"@type\":\"ListItem\",\"position\":1,\"name\":\"Home\",\"item\":\"https:\/\/www.prijedordanas.com\/\"},{\"@type\":\"ListItem\",\"position\":2,\"name\":\"Nektar Garden Fest u Prijedoru od 1. do 3. jula\"}]},{\"@type\":\"WebSite\",\"@id\":\"https:\/\/www.prijedordanas.com\/#website\",\"url\":\"https:\/\/www.prijedordanas.com\/\",\"name\":\"PrijedorDanas.com - Prijedorski gradski portal\",\"description\":\"Portal o doga\u0111anjima u gradu Prijedoru\",\"publisher\":{\"@id\":\"https:\/\/www.prijedordanas.com\/#organization\"},\"potentialAction\":[{\"@type\":\"SearchAction\",\"target\":{\"@type\":\"EntryPoint\",\"urlTemplate\":\"https:\/\/www.prijedordanas.com\/?s={search_term_string}\"},\"query-input\":\"required name=search_term_string\"}],\"inLanguage\":\"en-US\"},{\"@type\":\"Organization\",\"@id\":\"https:\/\/www.prijedordanas.com\/#organization\",\"name\":\"PrijedorDanas.com\",\"url\":\"https:\/\/www.prijedordanas.com\/\",\"logo\":{\"@type\":\"ImageObject\",\"inLanguage\":\"en-US\",\"@id\":\"https:\/\/www.prijedordanas.com\/#\/schema\/logo\/image\/\",\"url\":\"http:\/\/www.prijedordanas.com\/wp-content\/uploads\/2021\/12\/logopng.png\",\"contentUrl\":\"http:\/\/www.prijedordanas.com\/wp-content\/uploads\/2021\/12\/logopng.png\",\"width\":1019,\"height\":776,\"caption\":\"PrijedorDanas.com\"},\"image\":{\"@id\":\"https:\/\/www.prijedordanas.com\/#\/schema\/logo\/image\/\"},\"sameAs\":[\"https:\/\/www.facebook.com\/PrijedorDanasCom\/\"]},{\"@type\":\"Person\",\"@id\":\"https:\/\/www.prijedordanas.com\/#\/schema\/person\/4e08ccf29b506ca916ff86d46bb700e6\",\"name\":\"admin\",\"image\":{\"@type\":\"ImageObject\",\"inLanguage\":\"en-US\",\"@id\":\"https:\/\/www.prijedordanas.com\/#\/schema\/person\/image\/\",\"url\":\"https:\/\/secure.gravatar.com\/avatar\/1d3fc949d550f0b53a5f0d51e06dfd79?s=96&d=mm&r=g\",\"contentUrl\":\"https:\/\/secure.gravatar.com\/avatar\/1d3fc949d550f0b53a5f0d51e06dfd79?s=96&d=mm&r=g\",\"caption\":\"admin\"},\"url\":\"https:\/\/www.prijedordanas.com\/?author=1\"}]}<\/script>\n<!-- \/ Yoast SEO plugin. -->","yoast_head_json":{"title":"Nektar Garden Fest u Prijedoru od 1. do 3. jula - PrijedorDanas.com - Prijedorski gradski portal","robots":{"index":"index","follow":"follow","max-snippet":"max-snippet:-1","max-image-preview":"max-image-preview:large","max-video-preview":"max-video-preview:-1"},"canonical":"https:\/\/www.prijedordanas.com\/?p=184930","og_locale":"en_US","og_type":"article","og_title":"Nektar Garden Fest u Prijedoru od 1. do 3. jula - PrijedorDanas.com - Prijedorski gradski portal","og_description":"Odbrojavanje mo\u017ee da po\u010dne! Drugi po redu \u201eNektar Garden Fest\u201c odr\u017ea\u0107e se od 1. do 3. jula u prijedorskoj Ljetnoj ba\u0161ti. Ljetna ba\u0161ta i ove \u0107e godine \u010duvati duh grada [&hellip;]","og_url":"https:\/\/www.prijedordanas.com\/?p=184930","og_site_name":"PrijedorDanas.com - Prijedorski gradski portal","article_publisher":"https:\/\/www.facebook.com\/PrijedorDanasCom\/","article_published_time":"2022-04-27T20:15:56+00:00","article_modified_time":"2022-06-21T21:05:53+00:00","og_image":[{"url":"https:\/\/www.prijedordanas.com\/wp-content\/uploads\/2022\/06\/garden-fest-2022-najava-300x300.jpg"}],"author":"admin","twitter_card":"summary_large_image","twitter_misc":{"Written by":"admin"},"schema":{"@context":"https:\/\/schema.org","@graph":[{"@type":"Article","@id":"https:\/\/www.prijedordanas.com\/?p=184930#article","isPartOf":{"@id":"https:\/\/www.prijedordanas.com\/?p=184930"},"author":{"name":"admin","@id":"https:\/\/www.prijedordanas.com\/#\/schema\/person\/4e08ccf29b506ca916ff86d46bb700e6"},"headline":"Nektar Garden Fest u Prijedoru od 1. do 3. jula","datePublished":"2022-04-27T20:15:56+00:00","dateModified":"2022-06-21T21:05:53+00:00","mainEntityOfPage":{"@id":"https:\/\/www.prijedordanas.com\/?p=184930"},"wordCount":94,"publisher":{"@id":"https:\/\/www.prijedordanas.com\/#organization"},"keywords":["Nektar Garden Fest"],"articleSection":["Kultura"],"inLanguage":"en-US"},{"@type":"WebPage","@id":"https:\/\/www.prijedordanas.com\/?p=184930","url":"https:\/\/www.prijedordanas.com\/?p=184930","name":"Nektar Garden Fest u Prijedoru od 1. do 3. jula - PrijedorDanas.com - Prijedorski gradski portal","isPartOf":{"@id":"https:\/\/www.prijedordanas.com\/#website"},"datePublished":"2022-04-27T20:15:56+00:00","dateModified":"2022-06-21T21:05:53+00:00","breadcrumb":{"@id":"https:\/\/www.prijedordanas.com\/?p=184930#breadcrumb"},"inLanguage":"en-US","potentialAction":[{"@type":"ReadAction","target":["https:\/\/www.prijedordanas.com\/?p=184930"]}]},{"@type":"BreadcrumbList","@id":"https:\/\/www.prijedordanas.com\/?p=184930#breadcrumb","itemListElement":[{"@type":"ListItem","position":1,"name":"Home","item":"https:\/\/www.prijedordanas.com\/"},{"@type":"ListItem","position":2,"name":"Nektar Garden Fest u Prijedoru od 1. do 3. jula"}]},{"@type":"WebSite","@id":"https:\/\/www.prijedordanas.com\/#website","url":"https:\/\/www.prijedordanas.com\/","name":"PrijedorDanas.com - Prijedorski gradski portal","description":"Portal o doga\u0111anjima u gradu Prijedoru","publisher":{"@id":"https:\/\/www.prijedordanas.com\/#organization"},"potentialAction":[{"@type":"SearchAction","target":{"@type":"EntryPoint","urlTemplate":"https:\/\/www.prijedordanas.com\/?s={search_term_string}"},"query-input":"required name=search_term_string"}],"inLanguage":"en-US"},{"@type":"Organization","@id":"https:\/\/www.prijedordanas.com\/#organization","name":"PrijedorDanas.com","url":"https:\/\/www.prijedordanas.com\/","logo":{"@type":"ImageObject","inLanguage":"en-US","@id":"https:\/\/www.prijedordanas.com\/#\/schema\/logo\/image\/","url":"http:\/\/www.prijedordanas.com\/wp-content\/uploads\/2021\/12\/logopng.png","contentUrl":"http:\/\/www.prijedordanas.com\/wp-content\/uploads\/2021\/12\/logopng.png","width":1019,"height":776,"caption":"PrijedorDanas.com"},"image":{"@id":"https:\/\/www.prijedordanas.com\/#\/schema\/logo\/image\/"},"sameAs":["https:\/\/www.facebook.com\/PrijedorDanasCom\/"]},{"@type":"Person","@id":"https:\/\/www.prijedordanas.com\/#\/schema\/person\/4e08ccf29b506ca916ff86d46bb700e6","name":"admin","image":{"@type":"ImageObject","inLanguage":"en-US","@id":"https:\/\/www.prijedordanas.com\/#\/schema\/person\/image\/","url":"https:\/\/secure.gravatar.com\/avatar\/1d3fc949d550f0b53a5f0d51e06dfd79?s=96&d=mm&r=g","contentUrl":"https:\/\/secure.gravatar.com\/avatar\/1d3fc949d550f0b53a5f0d51e06dfd79?s=96&d=mm&r=g","caption":"admin"},"url":"https:\/\/www.prijedordanas.com\/?author=1"}]}},"_links":{"self":[{"href":"https:\/\/www.prijedordanas.com\/index.php?rest_route=\/wp\/v2\/posts\/184930"}],"collection":[{"href":"https:\/\/www.prijedordanas.com\/index.php?rest_route=\/wp\/v2\/posts"}],"about":[{"href":"https:\/\/www.prijedordanas.com\/index.php?rest_route=\/wp\/v2\/types\/post"}],"author":[{"embeddable":true,"href":"https:\/\/www.prijedordanas.com\/index.php?rest_route=\/wp\/v2\/users\/1"}],"replies":[{"embeddable":true,"href":"https:\/\/www.prijedordanas.com\/index.php?rest_route=%2Fwp%2Fv2%2Fcomments&post=184930"}],"version-history":[{"count":4,"href":"https:\/\/www.prijedordanas.com\/index.php?rest_route=\/wp\/v2\/posts\/184930\/revisions"}],"predecessor-version":[{"id":187647,"href":"https:\/\/www.prijedordanas.com\/index.php?rest_route=\/wp\/v2\/posts\/184930\/revisions\/187647"}],"wp:attachment":[{"href":"https:\/\/www.prijedordanas.com\/index.php?rest_route=%2Fwp%2Fv2%2Fmedia&parent=184930"}],"wp:term":[{"taxonomy":"category","embeddable":true,"href":"https:\/\/www.prijedordanas.com\/index.php?rest_route=%2Fwp%2Fv2%2Fcategories&post=184930"},{"taxonomy":"post_tag","embeddable":true,"href":"https:\/\/www.prijedordanas.com\/index.php?rest_route=%2Fwp%2Fv2%2Ftags&post=184930"}],"curies":[{"name":"wp","href":"https:\/\/api.w.org\/{rel}","templated":true}]}}