{"id":184918,"date":"2022-04-27T14:58:37","date_gmt":"2022-04-27T12:58:37","guid":{"rendered":"https:\/\/www.prijedordanas.com\/?p=184918"},"modified":"2022-04-27T14:58:37","modified_gmt":"2022-04-27T12:58:37","slug":"dns-prijedor-smijeniti-zamjenika-gradonacelnika-zbog-govora-mrznje","status":"publish","type":"post","link":"https:\/\/www.prijedordanas.com\/?p=184918","title":{"rendered":"DNS Prijedor: Smijeniti zamjenika gradona\u010delnika zbog govora mr\u017enje"},"content":{"rendered":"<p><a href=\"https:\/\/www.prijedordanas.com\/wp-content\/uploads\/2020\/10\/dns-prijedor-2020.jpg\"><img loading=\"lazy\" decoding=\"async\" src=\"https:\/\/www.prijedordanas.com\/wp-content\/uploads\/2020\/10\/dns-prijedor-2020-300x279.jpg\" alt=\"\" width=\"300\" height=\"279\" class=\"alignleft size-medium wp-image-156644\" srcset=\"https:\/\/www.prijedordanas.com\/wp-content\/uploads\/2020\/10\/dns-prijedor-2020-300x279.jpg 300w, https:\/\/www.prijedordanas.com\/wp-content\/uploads\/2020\/10\/dns-prijedor-2020.jpg 600w\" sizes=\"(max-width: 300px) 100vw, 300px\" \/><\/a>Na adresu na\u0161eg portala stiglo je Saop\u0161tenje za javnost Gradskog odbora Demokratskog narodnog saveza Prijedor koje vam prenosimo u cijelosti.<\/p>\n<p>SAOP\u0160TENJE ZA JAVNOST <\/p>\n<p>Gradski odbor DNS-a Prijedor se nadao da c\u0301e novi Gradona\u010delnik postupiti onako kako dolikuje prvom \u010dovjeku Grada i pokrenuti smjenu njegovog zamjenika jer je to jedini na\u010din da se poka\u017ee da je Prijedor grad u kome su svi ljudi jednaki po pitanju sloboda, a posebno slobode vjeroispovijesti. <\/p>\n<p>Napominjemo, Gradski odbor DNS-a Prijedor je osudio izjavu \u017darka Kova\u010devic\u0301a, visokog zvani\u010dnika grada Prijedora i politi\u010dkog predstavnika Ujedinjene Srpske, koju je dao povodom Uskrsa, jer je bila o\u010dit govor mr\u017enje i netolerancije i kao takva morala je biti osu\u0111ena od svih dobronamjernih ljudi ovog grada. <\/p>\n<p>Da ne bi opet bilo po starom dobrom obi\u010daju vlasti \u201cTresla se gora, rodio se mi\u0161\u201c, i da se sve zavr\u0161i na mlakim izjavama pojedinaca koji predstavljaju Grad, a samim tim i gra\u0111ane koji su zahtijevali smjenu doti\u010dnog, GO DNS-a Prijedor tra\u017ei pokretanje procedure smjene zamjenika Gradona\u010delnika \u017darka Kova\u010devic\u0301a i nec\u0301e odustati od onoga za \u0161to se \u201evlast\u201c izgleda samo deklarativno zala\u017ee, a to je da se glas naroda mora po\u0161tovati, a narod i gra\u0111ani \u017eele mir, \u017eele bolji \u017eivot i buduc\u0301nost, a ne govore mr\u017enje. <\/p>\n<p>Shodno tome, zamjenik Gradona\u010delnika sa svojim brojnim nedoli\u010dnim postupcima nije dostojan te funkcije i treba biti smijenjen kad vec\u0301 nije imao moralne odgovornosti pa da sam podnese ostavku. <\/p>\n<p>GO DNS-a PRIJEDOR<\/p>\n","protected":false},"excerpt":{"rendered":"<p>Na adresu na\u0161eg portala stiglo je Saop\u0161tenje za javnost Gradskog odbora Demokratskog narodnog saveza Prijedor koje vam prenosimo u cijelosti. SAOP\u0160TENJE ZA JAVNOST Gradski odbor DNS-a Prijedor se nadao da [&hellip;]<\/p>\n","protected":false},"author":1,"featured_media":0,"comment_status":"closed","ping_status":"open","sticky":false,"template":"","format":"standard","meta":{"_monsterinsights_skip_tracking":false,"_monsterinsights_sitenote_active":false,"_monsterinsights_sitenote_note":"","_monsterinsights_sitenote_category":0,"footnotes":""},"categories":[8],"tags":[1253],"yoast_head":"<!-- This site is optimized with the Yoast SEO plugin v21.6 - https:\/\/yoast.com\/wordpress\/plugins\/seo\/ -->\n<title>DNS Prijedor: Smijeniti zamjenika gradona\u010delnika zbog govora mr\u017enje - PrijedorDanas.com - Prijedorski gradski portal<\/title>\n<meta name=\"robots\" content=\"index, follow, max-snippet:-1, max-image-preview:large, max-video-preview:-1\" \/>\n<link rel=\"canonical\" href=\"https:\/\/www.prijedordanas.com\/?p=184918\" \/>\n<meta property=\"og:locale\" content=\"en_US\" \/>\n<meta property=\"og:type\" content=\"article\" \/>\n<meta property=\"og:title\" content=\"DNS Prijedor: Smijeniti zamjenika gradona\u010delnika zbog govora mr\u017enje - PrijedorDanas.com - Prijedorski gradski portal\" \/>\n<meta property=\"og:description\" content=\"Na adresu na\u0161eg portala stiglo je Saop\u0161tenje za javnost Gradskog odbora Demokratskog narodnog saveza Prijedor koje vam prenosimo u cijelosti. SAOP\u0160TENJE ZA JAVNOST Gradski odbor DNS-a Prijedor se nadao da [&hellip;]\" \/>\n<meta property=\"og:url\" content=\"https:\/\/www.prijedordanas.com\/?p=184918\" \/>\n<meta property=\"og:site_name\" content=\"PrijedorDanas.com - Prijedorski gradski portal\" \/>\n<meta property=\"article:publisher\" content=\"https:\/\/www.facebook.com\/PrijedorDanasCom\/\" \/>\n<meta property=\"article:published_time\" content=\"2022-04-27T12:58:37+00:00\" \/>\n<meta property=\"og:image\" content=\"https:\/\/www.prijedordanas.com\/wp-content\/uploads\/2020\/10\/dns-prijedor-2020-300x279.jpg\" \/>\n<meta name=\"author\" content=\"admin\" \/>\n<meta name=\"twitter:card\" content=\"summary_large_image\" \/>\n<meta name=\"twitter:label1\" content=\"Written by\" \/>\n\t<meta name=\"twitter:data1\" content=\"admin\" \/>\n\t<meta name=\"twitter:label2\" content=\"Est. reading time\" \/>\n\t<meta name=\"twitter:data2\" content=\"1 minute\" \/>\n<script type=\"application\/ld+json\" class=\"yoast-schema-graph\">{\"@context\":\"https:\/\/schema.org\",\"@graph\":[{\"@type\":\"Article\",\"@id\":\"https:\/\/www.prijedordanas.com\/?p=184918#article\",\"isPartOf\":{\"@id\":\"https:\/\/www.prijedordanas.com\/?p=184918\"},\"author\":{\"name\":\"admin\",\"@id\":\"https:\/\/www.prijedordanas.com\/#\/schema\/person\/4e08ccf29b506ca916ff86d46bb700e6\"},\"headline\":\"DNS Prijedor: Smijeniti zamjenika gradona\u010delnika zbog govora mr\u017enje\",\"datePublished\":\"2022-04-27T12:58:37+00:00\",\"dateModified\":\"2022-04-27T12:58:37+00:00\",\"mainEntityOfPage\":{\"@id\":\"https:\/\/www.prijedordanas.com\/?p=184918\"},\"wordCount\":272,\"publisher\":{\"@id\":\"https:\/\/www.prijedordanas.com\/#organization\"},\"keywords\":[\"DNS Prijedor\"],\"articleSection\":[\"Svakodnevno\"],\"inLanguage\":\"en-US\"},{\"@type\":\"WebPage\",\"@id\":\"https:\/\/www.prijedordanas.com\/?p=184918\",\"url\":\"https:\/\/www.prijedordanas.com\/?p=184918\",\"name\":\"DNS Prijedor: Smijeniti zamjenika gradona\u010delnika zbog govora mr\u017enje - PrijedorDanas.com - Prijedorski gradski portal\",\"isPartOf\":{\"@id\":\"https:\/\/www.prijedordanas.com\/#website\"},\"datePublished\":\"2022-04-27T12:58:37+00:00\",\"dateModified\":\"2022-04-27T12:58:37+00:00\",\"breadcrumb\":{\"@id\":\"https:\/\/www.prijedordanas.com\/?p=184918#breadcrumb\"},\"inLanguage\":\"en-US\",\"potentialAction\":[{\"@type\":\"ReadAction\",\"target\":[\"https:\/\/www.prijedordanas.com\/?p=184918\"]}]},{\"@type\":\"BreadcrumbList\",\"@id\":\"https:\/\/www.prijedordanas.com\/?p=184918#breadcrumb\",\"itemListElement\":[{\"@type\":\"ListItem\",\"position\":1,\"name\":\"Home\",\"item\":\"https:\/\/www.prijedordanas.com\/\"},{\"@type\":\"ListItem\",\"position\":2,\"name\":\"DNS Prijedor: Smijeniti zamjenika gradona\u010delnika zbog govora mr\u017enje\"}]},{\"@type\":\"WebSite\",\"@id\":\"https:\/\/www.prijedordanas.com\/#website\",\"url\":\"https:\/\/www.prijedordanas.com\/\",\"name\":\"PrijedorDanas.com - Prijedorski gradski portal\",\"description\":\"Portal o doga\u0111anjima u gradu Prijedoru\",\"publisher\":{\"@id\":\"https:\/\/www.prijedordanas.com\/#organization\"},\"potentialAction\":[{\"@type\":\"SearchAction\",\"target\":{\"@type\":\"EntryPoint\",\"urlTemplate\":\"https:\/\/www.prijedordanas.com\/?s={search_term_string}\"},\"query-input\":\"required name=search_term_string\"}],\"inLanguage\":\"en-US\"},{\"@type\":\"Organization\",\"@id\":\"https:\/\/www.prijedordanas.com\/#organization\",\"name\":\"PrijedorDanas.com\",\"url\":\"https:\/\/www.prijedordanas.com\/\",\"logo\":{\"@type\":\"ImageObject\",\"inLanguage\":\"en-US\",\"@id\":\"https:\/\/www.prijedordanas.com\/#\/schema\/logo\/image\/\",\"url\":\"http:\/\/www.prijedordanas.com\/wp-content\/uploads\/2021\/12\/logopng.png\",\"contentUrl\":\"http:\/\/www.prijedordanas.com\/wp-content\/uploads\/2021\/12\/logopng.png\",\"width\":1019,\"height\":776,\"caption\":\"PrijedorDanas.com\"},\"image\":{\"@id\":\"https:\/\/www.prijedordanas.com\/#\/schema\/logo\/image\/\"},\"sameAs\":[\"https:\/\/www.facebook.com\/PrijedorDanasCom\/\"]},{\"@type\":\"Person\",\"@id\":\"https:\/\/www.prijedordanas.com\/#\/schema\/person\/4e08ccf29b506ca916ff86d46bb700e6\",\"name\":\"admin\",\"image\":{\"@type\":\"ImageObject\",\"inLanguage\":\"en-US\",\"@id\":\"https:\/\/www.prijedordanas.com\/#\/schema\/person\/image\/\",\"url\":\"https:\/\/secure.gravatar.com\/avatar\/1d3fc949d550f0b53a5f0d51e06dfd79?s=96&d=mm&r=g\",\"contentUrl\":\"https:\/\/secure.gravatar.com\/avatar\/1d3fc949d550f0b53a5f0d51e06dfd79?s=96&d=mm&r=g\",\"caption\":\"admin\"},\"url\":\"https:\/\/www.prijedordanas.com\/?author=1\"}]}<\/script>\n<!-- \/ Yoast SEO plugin. -->","yoast_head_json":{"title":"DNS Prijedor: Smijeniti zamjenika gradona\u010delnika zbog govora mr\u017enje - PrijedorDanas.com - Prijedorski gradski portal","robots":{"index":"index","follow":"follow","max-snippet":"max-snippet:-1","max-image-preview":"max-image-preview:large","max-video-preview":"max-video-preview:-1"},"canonical":"https:\/\/www.prijedordanas.com\/?p=184918","og_locale":"en_US","og_type":"article","og_title":"DNS Prijedor: Smijeniti zamjenika gradona\u010delnika zbog govora mr\u017enje - PrijedorDanas.com - Prijedorski gradski portal","og_description":"Na adresu na\u0161eg portala stiglo je Saop\u0161tenje za javnost Gradskog odbora Demokratskog narodnog saveza Prijedor koje vam prenosimo u cijelosti. SAOP\u0160TENJE ZA JAVNOST Gradski odbor DNS-a Prijedor se nadao da [&hellip;]","og_url":"https:\/\/www.prijedordanas.com\/?p=184918","og_site_name":"PrijedorDanas.com - Prijedorski gradski portal","article_publisher":"https:\/\/www.facebook.com\/PrijedorDanasCom\/","article_published_time":"2022-04-27T12:58:37+00:00","og_image":[{"url":"https:\/\/www.prijedordanas.com\/wp-content\/uploads\/2020\/10\/dns-prijedor-2020-300x279.jpg"}],"author":"admin","twitter_card":"summary_large_image","twitter_misc":{"Written by":"admin","Est. reading time":"1 minute"},"schema":{"@context":"https:\/\/schema.org","@graph":[{"@type":"Article","@id":"https:\/\/www.prijedordanas.com\/?p=184918#article","isPartOf":{"@id":"https:\/\/www.prijedordanas.com\/?p=184918"},"author":{"name":"admin","@id":"https:\/\/www.prijedordanas.com\/#\/schema\/person\/4e08ccf29b506ca916ff86d46bb700e6"},"headline":"DNS Prijedor: Smijeniti zamjenika gradona\u010delnika zbog govora mr\u017enje","datePublished":"2022-04-27T12:58:37+00:00","dateModified":"2022-04-27T12:58:37+00:00","mainEntityOfPage":{"@id":"https:\/\/www.prijedordanas.com\/?p=184918"},"wordCount":272,"publisher":{"@id":"https:\/\/www.prijedordanas.com\/#organization"},"keywords":["DNS Prijedor"],"articleSection":["Svakodnevno"],"inLanguage":"en-US"},{"@type":"WebPage","@id":"https:\/\/www.prijedordanas.com\/?p=184918","url":"https:\/\/www.prijedordanas.com\/?p=184918","name":"DNS Prijedor: Smijeniti zamjenika gradona\u010delnika zbog govora mr\u017enje - PrijedorDanas.com - Prijedorski gradski portal","isPartOf":{"@id":"https:\/\/www.prijedordanas.com\/#website"},"datePublished":"2022-04-27T12:58:37+00:00","dateModified":"2022-04-27T12:58:37+00:00","breadcrumb":{"@id":"https:\/\/www.prijedordanas.com\/?p=184918#breadcrumb"},"inLanguage":"en-US","potentialAction":[{"@type":"ReadAction","target":["https:\/\/www.prijedordanas.com\/?p=184918"]}]},{"@type":"BreadcrumbList","@id":"https:\/\/www.prijedordanas.com\/?p=184918#breadcrumb","itemListElement":[{"@type":"ListItem","position":1,"name":"Home","item":"https:\/\/www.prijedordanas.com\/"},{"@type":"ListItem","position":2,"name":"DNS Prijedor: Smijeniti zamjenika gradona\u010delnika zbog govora mr\u017enje"}]},{"@type":"WebSite","@id":"https:\/\/www.prijedordanas.com\/#website","url":"https:\/\/www.prijedordanas.com\/","name":"PrijedorDanas.com - Prijedorski gradski portal","description":"Portal o doga\u0111anjima u gradu Prijedoru","publisher":{"@id":"https:\/\/www.prijedordanas.com\/#organization"},"potentialAction":[{"@type":"SearchAction","target":{"@type":"EntryPoint","urlTemplate":"https:\/\/www.prijedordanas.com\/?s={search_term_string}"},"query-input":"required name=search_term_string"}],"inLanguage":"en-US"},{"@type":"Organization","@id":"https:\/\/www.prijedordanas.com\/#organization","name":"PrijedorDanas.com","url":"https:\/\/www.prijedordanas.com\/","logo":{"@type":"ImageObject","inLanguage":"en-US","@id":"https:\/\/www.prijedordanas.com\/#\/schema\/logo\/image\/","url":"http:\/\/www.prijedordanas.com\/wp-content\/uploads\/2021\/12\/logopng.png","contentUrl":"http:\/\/www.prijedordanas.com\/wp-content\/uploads\/2021\/12\/logopng.png","width":1019,"height":776,"caption":"PrijedorDanas.com"},"image":{"@id":"https:\/\/www.prijedordanas.com\/#\/schema\/logo\/image\/"},"sameAs":["https:\/\/www.facebook.com\/PrijedorDanasCom\/"]},{"@type":"Person","@id":"https:\/\/www.prijedordanas.com\/#\/schema\/person\/4e08ccf29b506ca916ff86d46bb700e6","name":"admin","image":{"@type":"ImageObject","inLanguage":"en-US","@id":"https:\/\/www.prijedordanas.com\/#\/schema\/person\/image\/","url":"https:\/\/secure.gravatar.com\/avatar\/1d3fc949d550f0b53a5f0d51e06dfd79?s=96&d=mm&r=g","contentUrl":"https:\/\/secure.gravatar.com\/avatar\/1d3fc949d550f0b53a5f0d51e06dfd79?s=96&d=mm&r=g","caption":"admin"},"url":"https:\/\/www.prijedordanas.com\/?author=1"}]}},"_links":{"self":[{"href":"https:\/\/www.prijedordanas.com\/index.php?rest_route=\/wp\/v2\/posts\/184918"}],"collection":[{"href":"https:\/\/www.prijedordanas.com\/index.php?rest_route=\/wp\/v2\/posts"}],"about":[{"href":"https:\/\/www.prijedordanas.com\/index.php?rest_route=\/wp\/v2\/types\/post"}],"author":[{"embeddable":true,"href":"https:\/\/www.prijedordanas.com\/index.php?rest_route=\/wp\/v2\/users\/1"}],"replies":[{"embeddable":true,"href":"https:\/\/www.prijedordanas.com\/index.php?rest_route=%2Fwp%2Fv2%2Fcomments&post=184918"}],"version-history":[{"count":1,"href":"https:\/\/www.prijedordanas.com\/index.php?rest_route=\/wp\/v2\/posts\/184918\/revisions"}],"predecessor-version":[{"id":184919,"href":"https:\/\/www.prijedordanas.com\/index.php?rest_route=\/wp\/v2\/posts\/184918\/revisions\/184919"}],"wp:attachment":[{"href":"https:\/\/www.prijedordanas.com\/index.php?rest_route=%2Fwp%2Fv2%2Fmedia&parent=184918"}],"wp:term":[{"taxonomy":"category","embeddable":true,"href":"https:\/\/www.prijedordanas.com\/index.php?rest_route=%2Fwp%2Fv2%2Fcategories&post=184918"},{"taxonomy":"post_tag","embeddable":true,"href":"https:\/\/www.prijedordanas.com\/index.php?rest_route=%2Fwp%2Fv2%2Ftags&post=184918"}],"curies":[{"name":"wp","href":"https:\/\/api.w.org\/{rel}","templated":true}]}}