{"id":184586,"date":"2022-04-20T12:43:52","date_gmt":"2022-04-20T10:43:52","guid":{"rendered":"https:\/\/www.prijedordanas.com\/?p=184586"},"modified":"2022-04-20T12:43:52","modified_gmt":"2022-04-20T10:43:52","slug":"stipendije","status":"publish","type":"post","link":"https:\/\/www.prijedordanas.com\/?p=184586","title":{"rendered":"Stipendije"},"content":{"rendered":"<p><a href=\"https:\/\/www.prijedordanas.com\/wp-content\/uploads\/2021\/07\/katarina-panic.jpg\"><img loading=\"lazy\" decoding=\"async\" src=\"https:\/\/www.prijedordanas.com\/wp-content\/uploads\/2021\/07\/katarina-panic-300x263.jpg\" alt=\"\" width=\"300\" height=\"263\" class=\"alignleft size-medium wp-image-171199\" srcset=\"https:\/\/www.prijedordanas.com\/wp-content\/uploads\/2021\/07\/katarina-panic-300x263.jpg 300w, https:\/\/www.prijedordanas.com\/wp-content\/uploads\/2021\/07\/katarina-panic.jpg 600w\" sizes=\"(max-width: 300px) 100vw, 300px\" \/><\/a>Stipendije za u\u010denike i studente koje se ispla\u0107uju iz bud\u017eeta grada Prijedora dobile su pa\u017enju javnosti zbog gre\u0161ke slu\u017ebenika u administraciji. Nezaslu\u017eenu, u tolikom obimu. Pogre\u0161no usmjerenu, iz vi\u0161e razloga. Uravnilovka koja ovim javnim davanjima vlada ve\u0107 drugu godinu i, mogu\u0107e, prijeti da se uvrije\u017ei kao pravilo, ponovo je ostala izvan fokusa javnog mnijenja. A njome se obesmi\u0161ljava institucija konkursa i ukida kompetitivnost.<\/p>\n<p>Da podsjetimo, konkurs za stipendije za \u0161kolsku i akademsku 2021\/2022. raspisan je 5. novembra pro\u0161le godine. U njemu je pisalo da \u0107e za deficitarna zanimanja i za odlika\u0161e u srednjim \u0161kolama biti dodijeljeno po 45 stipendija, a za deficitarna zanimanja na akademskom nivou i za uspjeh na prvom ciklusu studija po 55, dok \u0107e stipendije prema socijalnom statusu ostvariti svi koji ispunjavaju uslove, bez obzira na broj prijavljenih. A onda je 8. decembra Grad objavio da su odobrene stipendije svim u\u010denicima i studentima koji su se prijavili na konkurs. I drugu godinu zaredom obmanuo studente<\/p>\n<p>koji se nisu prijavili jer nisu ispunjavali uslove, a prvi put i u\u010denike srednjih \u0161kola kojima su do ove godine stipendije bile dijeljene u skladu s propisanim kriterijumima.<br \/>\nO pravnim vratolomijama kojima je uravnilovka omogu\u0107ena i pro\u0161le i ove godine ne\u0161to kasnije, a ovdje najprije pitanje kako se u pretpostavljenom najnaprednijem sloju,dru\u0161tva sa +120 KM kupuje ti\u0161ina i, obratno, kako se sa -120 KM \/n.b. tu\u0111ih\/ dolazi do dru\u0161tvenog bunta. I do statusa \u201eproganjanih\u201c. Iz prepiske Odjeljenja za finansije sa korisnicima stipendija vidljivo je da je jedna mjese\u010dna stipendija vi\u0161ka ispla\u0107ena 14. decembra pro\u0161le godine. Informacija o tome nije tra\u017eila put ni ka medijima niti ka opoziciji niti ka dru\u0161tvenim mre\u017eama. Ili, ako i jeste, nije nai\u0161la na plodno tlo, nije se primila niti \u0161irila.<\/p>\n<p>Ugovori za stipendije za novu \u0161kolsku i akademsku godinu potpisani su polovinom februara i prilikom prve isplate odjednom je dat iznos za tri mjeseca onima koji nisu imali stipendiju u prethodnoj godini, a za dva mjeseca onima koji jesu \u2013 te tako gradska kasa nadokna\u0111uje manjak nastao pogre\u0161nom isplatom jedne stipendije \/a ujedno i kr\u0161i novi ugovor kojim se obavezala na broj mjese\u010dnih stipendija\/. Ono \u0161to ne mo\u017ee nadoknaditi na taj na\u010din jeste stipendija ispla\u0107ena biv\u0161im korisnicima koji to pravo nisu ostvarili i u ovoj godini. Odjeljenje za finansije \u0161alje \u010dvrstom po\u0161tom dopise na adrese 92 ranijih stipendista i tra\u017ei povrat novca.<\/p>\n<p>S jedne strane, sramno je ne vratiti novac koji je gre\u0161kom upla\u0107en, odmah tada kad je upla\u0107en. Jer ako ne zna\u0161 otkud taj vi\u0161ak, mo\u017ee\u0161 pitati. Isto kao \u0161to pita\u0161 i kad se poka\u017ee manjak. Jo\u0161 je sramnije praviti od sebe \u017ertvu, a da ni na koji na\u010din nisi o\u0161te\u0107en. I galamiti na druge kad se poka\u017ee da si postupio suprotno od \u010dasnog i po\u0161tenog. Najsramnije je podr\u017eavati ovakav pristup, ma kojim argumentima: mali student naspram velike vlasti, niska primanja naspram miliona u bud\u017eetu grada, gre\u0161ka slu\u017ebenika zna\u010di da vi\u0161ak pripada korisniku, predizborna kampanja\u2026<\/p>\n<p>S druge strane, javni sektor se ponovo pokazao nedorastao kriznom komuniciranju. I poistovijetio ga s najpogubnijim mogu\u0107im stavom: \u0107utimo, a AKO se sazna, onda \u0107emo vidjeti \u0161ta \u0107emo. Javnost je informacije o ovom slu\u010daju dobila 1. aprila putem jednog portala i 5. aprila putem jedne televizije. A onda je za 6. aprila, rano ujutro, sazvana pres konferencija na kojoj je, post festum, informacije iznijela na\u010delnica Odjeljenja za finansije. Prekasno. Sa najmanje 15 dana zaka\u0161njenja. Da li je neko unutar Gradske uprave naivno procijenio da dopis ne\u0107e do\u0107i do javnosti? I da ne\u0107e biti sumnjivo \u0161to iz Grada o tome ne bi ni rije\u010di? Ili se, \u0161to bi bilo jo\u0161 neodgovornije, ovo pitanje nije ni razmatralo? A rje\u0161enje je vrlo jednostavno: prije slanja dopisa biv\u0161im stipendistima \/ili u bilo kojoj sli\u010dnoj situaciji za koju se s velikom izvjesno\u0161\u0107u da pretpostaviti da \u0107e izazvati interes javnosti\/, sazvati pres konferenciju, objasniti detaljno \u0161ta se desilo, pozvati korisnike i javno da novac vrate, zahvaliti se onima koji su to ve\u0107 u\u010dinili, obavijestiti one koji nastavljaju primati stipendije da \u0107e im u novom ugovornom periodu biti ispla\u0107ena jedna stipendija manje, onima koji su ve\u0107 vratili re\u0107i da \u0107e dobiti svih deset iz novog ugovora, svima se izviniti zbog neprijatnosti. Proaktivan pristup se 1) vi\u0161e cijeni, 2) daje na ozbiljnosti i 3) onemogu\u0107ava pitanja za\u0161to se \u0107uti i poku\u0161ava li se ne\u0161to sakriti. Reaktivan \u010dini suprotno. I, kao ni demant, nikada nema domet kakav je imala prva informacija.<\/p>\n<p>Do ove situacije, kao, vjerujem, i u mnogim drugim primjerima, dovela nas je dominacija stihije nad sistemom, dono\u0161enje ad hoc odluka, kako kad kome odgovara. Stoga, ovdje jo\u0161 malo hronologije. U posljednje dvije godine u vi\u0161e navrata vr\u0161ene su izmjene i dopune pravila o stipendiranju \/Slu\u017ebeni glasnik grada Prijedora broj: 1\/21, 18\/21, 19\/21 i 9\/20\/. Najjednostavnija i najsimpati\u010dnija je ova iz 1\/21: stavi\u0161 van snage postoje\u0107i pravilnik o stipendiranju, a ne donese\u0161 novi. I \u0161ta onda? Radi\u0161 \u0161ta ho\u0107e\u0161. Dodijeli\u0161 stipendije svima. I hvali\u0161 se time.<\/p>\n<p>Porazna je lako\u0107a kojom se vlast hvali da je podijelila rekordan broj stipendija. Pra\u0107ena izjavama zvani\u010dnika da su ponosni \u0161to su stipendije dobili svi koji su se prijavili. Umjesto ponosa, trebalo bi da se stide. Opasnih poruka koje \u0161alju mladim ljudima: da je svejedno \u0161koluju li se za biro ili za deficitarna zanimanja, da je svejedno ho\u0107e li stipendijom pomo\u0107i porodi\u010dni bud\u017eet ili \u0107e, kako neki roditelji ka\u017eu, za te pare kupovati \u0161minku, i, ponajgore od svega, da je svejedno jesu li jedini\u010dari ili peti\u010dari.<\/p>\n<p>U odnosu na ranije pravilnike, ukinut je uslov da kandidat na dan prijave na konkurs za stipendiju mora imati prebivali\u0161te u Prijedoru u trajanju du\u017eem od \u010detiri godine. Sada je dovoljno da ima prebivali\u0161te od ju\u010de, \u0161to zna\u010di da grad Prijedor stipendira i kandidate iz drugih lokalnih zajednica. Da li je prilikom ove izmjene provjeren reciprocitet \u2013 da li studenti i \u0111aci iz na\u0161eg grada imaju stipendije iz bud\u017eeta drugih lokalnih zajednica? Ili je ovo ra\u0111eno da stipendije dobiju ne\u010diji ro\u0111aci koji nisu \/bili\/ iz Prijedora?<\/p>\n<p>Va\u017ee\u0107i pravilnik donesen je u periodu kada grad nije imao izabranog gradona\u010delnika, u drugoj polovinom oktobra 2021. godine, kada je donesena i dosjetljiva izmjena tog pravilnika koja, ustvari, pru\u017ea neograni\u010dene mogu\u0107nosti zloupotrebe: \u201eU izuzetnim slu\u010dajevima Gradona\u010delnik mo\u017ee odobriti stipendiju u\u010denicima i studentima i mimo kriterijuma iz ovog Pravilnika, o \u010demu donosi poseban akt\u201c.<\/p>\n<p>Na ovo se pravo gradona\u010delnika pozvalo i Odjeljenje za dru\u0161tvene djelatnosti odgovaraju\u0107i na pitanje odbornika u Skup\u0161tini grada Prijedora na osnovu \u010dega je dodijeljena stipendija svima koji su konkurisali, dok je na pitanje novinara lokalnog portala da se objave imena svih stipendista, \u0161to je i bila praksa do unazad dvije godine, odgovor bio da nema potrebe jer su stipendije dobili svi.<br \/>\nNe znamo ko su svi. A ne znamo ni razlog za\u0161to se ne objavi spisak, bez obzira na to \u0161to su dobili svi. Ako se ne objavi, otvara se polje za sumnju da se neko sa spiska ho\u0107e sakriti. Javni je novac, javni je konkurs, javni su pravilnici. Samo je spisak korisnika, zasad, nedostupan javnosti, a da za to nema opravdanja.<\/p>\n<p>Dalje, Grad je 20. januara raspisao prvi javni konkurs i za dodjelu stipendija perspektivnim sportistima do navr\u0161enih 18 godina, gdje se ograni\u010denje u pogledu godina \u017eivota ne odnosi na sportiste sa invaliditetom i potencijalne olimpijske kandidate. Njime je bilo predvi\u0111eno 30 stipendija od po hiljadu KM. Rezultati su objavljeni 15. marta, sa imenima 27 kandidata koji su ispunili uslove i bez imena preostalih devetero prijavljenih koji nisu, \u0161to tako\u0111e ne ide u prilog transparentnosti. Sve ovo skupa ne li\u010di na ure\u0111en sistem i u takvom utisku treba tra\u017eiti razlog za\u0161to studenti, a i njihovi roditelji, nisu reagovali u decembru na stipendiju vi\u0161ka. Ve\u0107ina je mislila da je to opet neka nova<br \/>\nodluka vlasti, a manjina je spremna da gubi obraz. I da od toga jo\u0161 pravi i buku.<\/p>\n<p>Za kraj, brojke. Stipendije su 2012. godine pove\u0107ane sa 60 na 70 KM za \u0111ake i sa 100 na 120 KM za studente, koliko iznose i danas. Pore\u0111enja radi, stavka za stipendije te 2012. godine iznosila je 300.000 KM od ukupnog bud\u017eeta op\u0161tine od 33.978.130 KM. U ovoj godini to je 800.000 KM od 61.099.498 KM. Sada\u0161nji gradona\u010delnik, iako nije odgovoran za gimnastiku s pravilnicima, podlegao je favorizovanju neselektivne podjele stipendija. Kao pravnik po vokaciji, zna da su po njega \u0161tetne odredbe poput citirane da sam sebi daje prava da zahvata iz bud\u017eeta i mimo utvr\u0111enih kriterijuma. Na prvi pogled to je svemo\u0107, a u stvarnosti je nemo\u0107 da se iza\u0111e u susret svima, \u0161to neizostavno nosi teret obja\u0161njavanja \u2013 gra\u0111anima, a za\u0161to ne re\u0107i i glasa\u010dima, kako neko jeste izuzetak, a neko nije. Ima Slobodan Javor, me\u0111utim, priliku da \u0161tetne odluke poni\u0161ti, da se ubudu\u0107e dr\u017ei propisanih kriterijuma, a da uve\u0107a iznose stipednija i da ih gradira, s akcentom na socijalni momenat \/gdje stipendija mo\u017ee presuditi da li \u0107e neko studirati ili ne.<\/p>\n<p>U suprotnom, \u010de\u0161\u0107e \u0107e slu\u0161ati izjave poput ove od prije neki dan iz Drvara.<br \/>\nNovinarka: Ni\u0161ta, predstavi\u0107e\u0161 nam se, ime i prezime, ka\u017ee\u0161, ono, da l\u2019 ti zna\u010di to \u0161to \u0107e\u0161 dobiti 100 maraka, na \u0161ta \u0107e\u0161 ih potro\u0161iti.<br \/>\nU\u010denik: Ja sam Nikola Mati\u0107. Srednja \u0161kola Drvar, to se ve\u0107 zna. Pa zna\u010di\u0107e, ne\u0161to malo. Mo\u017eda mo\u0107i \u0107u, kad upi\u0161em ne\u0161to, jesti dva-tri dana meso, pa \u0107u onda tek pre\u0107i na suhi kruh. Al\u2019 svaka pomo\u0107 je dobrodo\u0161la, naravno.<\/p>\n<p>zamisli.ba<\/p>\n","protected":false},"excerpt":{"rendered":"<p>Stipendije za u\u010denike i studente koje se ispla\u0107uju iz bud\u017eeta grada Prijedora dobile su pa\u017enju javnosti zbog gre\u0161ke slu\u017ebenika u administraciji. Nezaslu\u017eenu, u tolikom obimu. Pogre\u0161no usmjerenu, iz vi\u0161e razloga. [&hellip;]<\/p>\n","protected":false},"author":1,"featured_media":0,"comment_status":"closed","ping_status":"open","sticky":false,"template":"","format":"standard","meta":{"_monsterinsights_skip_tracking":false,"_monsterinsights_sitenote_active":false,"_monsterinsights_sitenote_note":"","_monsterinsights_sitenote_category":0,"footnotes":""},"categories":[3],"tags":[],"yoast_head":"<!-- This site is optimized with the Yoast SEO plugin v21.6 - https:\/\/yoast.com\/wordpress\/plugins\/seo\/ -->\n<title>Stipendije - PrijedorDanas.com - Prijedorski gradski portal<\/title>\n<meta name=\"robots\" content=\"index, follow, max-snippet:-1, max-image-preview:large, max-video-preview:-1\" \/>\n<link rel=\"canonical\" href=\"https:\/\/www.prijedordanas.com\/?p=184586\" \/>\n<meta property=\"og:locale\" content=\"en_US\" \/>\n<meta property=\"og:type\" content=\"article\" \/>\n<meta property=\"og:title\" content=\"Stipendije - PrijedorDanas.com - Prijedorski gradski portal\" \/>\n<meta property=\"og:description\" content=\"Stipendije za u\u010denike i studente koje se ispla\u0107uju iz bud\u017eeta grada Prijedora dobile su pa\u017enju javnosti zbog gre\u0161ke slu\u017ebenika u administraciji. Nezaslu\u017eenu, u tolikom obimu. Pogre\u0161no usmjerenu, iz vi\u0161e razloga. [&hellip;]\" \/>\n<meta property=\"og:url\" content=\"https:\/\/www.prijedordanas.com\/?p=184586\" \/>\n<meta property=\"og:site_name\" content=\"PrijedorDanas.com - Prijedorski gradski portal\" \/>\n<meta property=\"article:publisher\" content=\"https:\/\/www.facebook.com\/PrijedorDanasCom\/\" \/>\n<meta property=\"article:published_time\" content=\"2022-04-20T10:43:52+00:00\" \/>\n<meta property=\"og:image\" content=\"https:\/\/www.prijedordanas.com\/wp-content\/uploads\/2021\/07\/katarina-panic-300x263.jpg\" \/>\n<meta name=\"author\" content=\"admin\" \/>\n<meta name=\"twitter:card\" content=\"summary_large_image\" \/>\n<meta name=\"twitter:label1\" content=\"Written by\" \/>\n\t<meta name=\"twitter:data1\" content=\"admin\" \/>\n\t<meta name=\"twitter:label2\" content=\"Est. reading time\" \/>\n\t<meta name=\"twitter:data2\" content=\"8 minutes\" \/>\n<script type=\"application\/ld+json\" class=\"yoast-schema-graph\">{\"@context\":\"https:\/\/schema.org\",\"@graph\":[{\"@type\":\"Article\",\"@id\":\"https:\/\/www.prijedordanas.com\/?p=184586#article\",\"isPartOf\":{\"@id\":\"https:\/\/www.prijedordanas.com\/?p=184586\"},\"author\":{\"name\":\"admin\",\"@id\":\"https:\/\/www.prijedordanas.com\/#\/schema\/person\/4e08ccf29b506ca916ff86d46bb700e6\"},\"headline\":\"Stipendije\",\"datePublished\":\"2022-04-20T10:43:52+00:00\",\"dateModified\":\"2022-04-20T10:43:52+00:00\",\"mainEntityOfPage\":{\"@id\":\"https:\/\/www.prijedordanas.com\/?p=184586\"},\"wordCount\":1667,\"publisher\":{\"@id\":\"https:\/\/www.prijedordanas.com\/#organization\"},\"articleSection\":[\"\u017divot\"],\"inLanguage\":\"en-US\"},{\"@type\":\"WebPage\",\"@id\":\"https:\/\/www.prijedordanas.com\/?p=184586\",\"url\":\"https:\/\/www.prijedordanas.com\/?p=184586\",\"name\":\"Stipendije - PrijedorDanas.com - Prijedorski gradski portal\",\"isPartOf\":{\"@id\":\"https:\/\/www.prijedordanas.com\/#website\"},\"datePublished\":\"2022-04-20T10:43:52+00:00\",\"dateModified\":\"2022-04-20T10:43:52+00:00\",\"breadcrumb\":{\"@id\":\"https:\/\/www.prijedordanas.com\/?p=184586#breadcrumb\"},\"inLanguage\":\"en-US\",\"potentialAction\":[{\"@type\":\"ReadAction\",\"target\":[\"https:\/\/www.prijedordanas.com\/?p=184586\"]}]},{\"@type\":\"BreadcrumbList\",\"@id\":\"https:\/\/www.prijedordanas.com\/?p=184586#breadcrumb\",\"itemListElement\":[{\"@type\":\"ListItem\",\"position\":1,\"name\":\"Home\",\"item\":\"https:\/\/www.prijedordanas.com\/\"},{\"@type\":\"ListItem\",\"position\":2,\"name\":\"Stipendije\"}]},{\"@type\":\"WebSite\",\"@id\":\"https:\/\/www.prijedordanas.com\/#website\",\"url\":\"https:\/\/www.prijedordanas.com\/\",\"name\":\"PrijedorDanas.com - Prijedorski gradski portal\",\"description\":\"Portal o doga\u0111anjima u gradu Prijedoru\",\"publisher\":{\"@id\":\"https:\/\/www.prijedordanas.com\/#organization\"},\"potentialAction\":[{\"@type\":\"SearchAction\",\"target\":{\"@type\":\"EntryPoint\",\"urlTemplate\":\"https:\/\/www.prijedordanas.com\/?s={search_term_string}\"},\"query-input\":\"required name=search_term_string\"}],\"inLanguage\":\"en-US\"},{\"@type\":\"Organization\",\"@id\":\"https:\/\/www.prijedordanas.com\/#organization\",\"name\":\"PrijedorDanas.com\",\"url\":\"https:\/\/www.prijedordanas.com\/\",\"logo\":{\"@type\":\"ImageObject\",\"inLanguage\":\"en-US\",\"@id\":\"https:\/\/www.prijedordanas.com\/#\/schema\/logo\/image\/\",\"url\":\"http:\/\/www.prijedordanas.com\/wp-content\/uploads\/2021\/12\/logopng.png\",\"contentUrl\":\"http:\/\/www.prijedordanas.com\/wp-content\/uploads\/2021\/12\/logopng.png\",\"width\":1019,\"height\":776,\"caption\":\"PrijedorDanas.com\"},\"image\":{\"@id\":\"https:\/\/www.prijedordanas.com\/#\/schema\/logo\/image\/\"},\"sameAs\":[\"https:\/\/www.facebook.com\/PrijedorDanasCom\/\"]},{\"@type\":\"Person\",\"@id\":\"https:\/\/www.prijedordanas.com\/#\/schema\/person\/4e08ccf29b506ca916ff86d46bb700e6\",\"name\":\"admin\",\"image\":{\"@type\":\"ImageObject\",\"inLanguage\":\"en-US\",\"@id\":\"https:\/\/www.prijedordanas.com\/#\/schema\/person\/image\/\",\"url\":\"https:\/\/secure.gravatar.com\/avatar\/1d3fc949d550f0b53a5f0d51e06dfd79?s=96&d=mm&r=g\",\"contentUrl\":\"https:\/\/secure.gravatar.com\/avatar\/1d3fc949d550f0b53a5f0d51e06dfd79?s=96&d=mm&r=g\",\"caption\":\"admin\"},\"url\":\"https:\/\/www.prijedordanas.com\/?author=1\"}]}<\/script>\n<!-- \/ Yoast SEO plugin. -->","yoast_head_json":{"title":"Stipendije - PrijedorDanas.com - Prijedorski gradski portal","robots":{"index":"index","follow":"follow","max-snippet":"max-snippet:-1","max-image-preview":"max-image-preview:large","max-video-preview":"max-video-preview:-1"},"canonical":"https:\/\/www.prijedordanas.com\/?p=184586","og_locale":"en_US","og_type":"article","og_title":"Stipendije - PrijedorDanas.com - Prijedorski gradski portal","og_description":"Stipendije za u\u010denike i studente koje se ispla\u0107uju iz bud\u017eeta grada Prijedora dobile su pa\u017enju javnosti zbog gre\u0161ke slu\u017ebenika u administraciji. Nezaslu\u017eenu, u tolikom obimu. Pogre\u0161no usmjerenu, iz vi\u0161e razloga. [&hellip;]","og_url":"https:\/\/www.prijedordanas.com\/?p=184586","og_site_name":"PrijedorDanas.com - Prijedorski gradski portal","article_publisher":"https:\/\/www.facebook.com\/PrijedorDanasCom\/","article_published_time":"2022-04-20T10:43:52+00:00","og_image":[{"url":"https:\/\/www.prijedordanas.com\/wp-content\/uploads\/2021\/07\/katarina-panic-300x263.jpg"}],"author":"admin","twitter_card":"summary_large_image","twitter_misc":{"Written by":"admin","Est. reading time":"8 minutes"},"schema":{"@context":"https:\/\/schema.org","@graph":[{"@type":"Article","@id":"https:\/\/www.prijedordanas.com\/?p=184586#article","isPartOf":{"@id":"https:\/\/www.prijedordanas.com\/?p=184586"},"author":{"name":"admin","@id":"https:\/\/www.prijedordanas.com\/#\/schema\/person\/4e08ccf29b506ca916ff86d46bb700e6"},"headline":"Stipendije","datePublished":"2022-04-20T10:43:52+00:00","dateModified":"2022-04-20T10:43:52+00:00","mainEntityOfPage":{"@id":"https:\/\/www.prijedordanas.com\/?p=184586"},"wordCount":1667,"publisher":{"@id":"https:\/\/www.prijedordanas.com\/#organization"},"articleSection":["\u017divot"],"inLanguage":"en-US"},{"@type":"WebPage","@id":"https:\/\/www.prijedordanas.com\/?p=184586","url":"https:\/\/www.prijedordanas.com\/?p=184586","name":"Stipendije - PrijedorDanas.com - Prijedorski gradski portal","isPartOf":{"@id":"https:\/\/www.prijedordanas.com\/#website"},"datePublished":"2022-04-20T10:43:52+00:00","dateModified":"2022-04-20T10:43:52+00:00","breadcrumb":{"@id":"https:\/\/www.prijedordanas.com\/?p=184586#breadcrumb"},"inLanguage":"en-US","potentialAction":[{"@type":"ReadAction","target":["https:\/\/www.prijedordanas.com\/?p=184586"]}]},{"@type":"BreadcrumbList","@id":"https:\/\/www.prijedordanas.com\/?p=184586#breadcrumb","itemListElement":[{"@type":"ListItem","position":1,"name":"Home","item":"https:\/\/www.prijedordanas.com\/"},{"@type":"ListItem","position":2,"name":"Stipendije"}]},{"@type":"WebSite","@id":"https:\/\/www.prijedordanas.com\/#website","url":"https:\/\/www.prijedordanas.com\/","name":"PrijedorDanas.com - Prijedorski gradski portal","description":"Portal o doga\u0111anjima u gradu Prijedoru","publisher":{"@id":"https:\/\/www.prijedordanas.com\/#organization"},"potentialAction":[{"@type":"SearchAction","target":{"@type":"EntryPoint","urlTemplate":"https:\/\/www.prijedordanas.com\/?s={search_term_string}"},"query-input":"required name=search_term_string"}],"inLanguage":"en-US"},{"@type":"Organization","@id":"https:\/\/www.prijedordanas.com\/#organization","name":"PrijedorDanas.com","url":"https:\/\/www.prijedordanas.com\/","logo":{"@type":"ImageObject","inLanguage":"en-US","@id":"https:\/\/www.prijedordanas.com\/#\/schema\/logo\/image\/","url":"http:\/\/www.prijedordanas.com\/wp-content\/uploads\/2021\/12\/logopng.png","contentUrl":"http:\/\/www.prijedordanas.com\/wp-content\/uploads\/2021\/12\/logopng.png","width":1019,"height":776,"caption":"PrijedorDanas.com"},"image":{"@id":"https:\/\/www.prijedordanas.com\/#\/schema\/logo\/image\/"},"sameAs":["https:\/\/www.facebook.com\/PrijedorDanasCom\/"]},{"@type":"Person","@id":"https:\/\/www.prijedordanas.com\/#\/schema\/person\/4e08ccf29b506ca916ff86d46bb700e6","name":"admin","image":{"@type":"ImageObject","inLanguage":"en-US","@id":"https:\/\/www.prijedordanas.com\/#\/schema\/person\/image\/","url":"https:\/\/secure.gravatar.com\/avatar\/1d3fc949d550f0b53a5f0d51e06dfd79?s=96&d=mm&r=g","contentUrl":"https:\/\/secure.gravatar.com\/avatar\/1d3fc949d550f0b53a5f0d51e06dfd79?s=96&d=mm&r=g","caption":"admin"},"url":"https:\/\/www.prijedordanas.com\/?author=1"}]}},"_links":{"self":[{"href":"https:\/\/www.prijedordanas.com\/index.php?rest_route=\/wp\/v2\/posts\/184586"}],"collection":[{"href":"https:\/\/www.prijedordanas.com\/index.php?rest_route=\/wp\/v2\/posts"}],"about":[{"href":"https:\/\/www.prijedordanas.com\/index.php?rest_route=\/wp\/v2\/types\/post"}],"author":[{"embeddable":true,"href":"https:\/\/www.prijedordanas.com\/index.php?rest_route=\/wp\/v2\/users\/1"}],"replies":[{"embeddable":true,"href":"https:\/\/www.prijedordanas.com\/index.php?rest_route=%2Fwp%2Fv2%2Fcomments&post=184586"}],"version-history":[{"count":1,"href":"https:\/\/www.prijedordanas.com\/index.php?rest_route=\/wp\/v2\/posts\/184586\/revisions"}],"predecessor-version":[{"id":184587,"href":"https:\/\/www.prijedordanas.com\/index.php?rest_route=\/wp\/v2\/posts\/184586\/revisions\/184587"}],"wp:attachment":[{"href":"https:\/\/www.prijedordanas.com\/index.php?rest_route=%2Fwp%2Fv2%2Fmedia&parent=184586"}],"wp:term":[{"taxonomy":"category","embeddable":true,"href":"https:\/\/www.prijedordanas.com\/index.php?rest_route=%2Fwp%2Fv2%2Fcategories&post=184586"},{"taxonomy":"post_tag","embeddable":true,"href":"https:\/\/www.prijedordanas.com\/index.php?rest_route=%2Fwp%2Fv2%2Ftags&post=184586"}],"curies":[{"name":"wp","href":"https:\/\/api.w.org\/{rel}","templated":true}]}}