{"id":184569,"date":"2022-04-19T16:03:49","date_gmt":"2022-04-19T14:03:49","guid":{"rendered":"https:\/\/www.prijedordanas.com\/?p=184569"},"modified":"2022-04-19T16:03:49","modified_gmt":"2022-04-19T14:03:49","slug":"pao-sa-traktora-pa-ga-pregazila-masina-bizarna-nesreca-o-kojoj-prijedorska-policija-cuti","status":"publish","type":"post","link":"https:\/\/www.prijedordanas.com\/?p=184569","title":{"rendered":"Pao sa traktora, pa ga pregazila ma\u0161ina: Bizarna nesre\u0107a o kojoj prijedorska policija \u0107uti"},"content":{"rendered":"<p><a href=\"https:\/\/www.prijedordanas.com\/wp-content\/uploads\/2022\/04\/blic-celpak-industrijska-zona.jpg\"><img loading=\"lazy\" decoding=\"async\" src=\"https:\/\/www.prijedordanas.com\/wp-content\/uploads\/2022\/04\/blic-celpak-industrijska-zona-300x225.jpg\" alt=\"\" width=\"300\" height=\"225\" class=\"alignleft size-medium wp-image-184566\" srcset=\"https:\/\/www.prijedordanas.com\/wp-content\/uploads\/2022\/04\/blic-celpak-industrijska-zona-300x225.jpg 300w, https:\/\/www.prijedordanas.com\/wp-content\/uploads\/2022\/04\/blic-celpak-industrijska-zona-640x480.jpg 640w, https:\/\/www.prijedordanas.com\/wp-content\/uploads\/2022\/04\/blic-celpak-industrijska-zona.jpg 666w\" sizes=\"(max-width: 300px) 100vw, 300px\" \/><\/a>Ratko Guski\u0107 iz Prijedora nastradao je u bizarnoj nesre\u0107i koja se desila u krugu industrijske zone \u201eCelpak\u201c u tom gradu, saznaje Srpskainfo. <\/p>\n<p>Iako se nesre\u0107a dogodila prije nekoliko dana iz Policijske uprave Prijedor se nisu ogla\u0161avali oko ovog slu\u010daja.<\/p>\n<p>Kako Srpskainfo saznaje Guski\u0107 je taj dan vozio traktor u industrijskoj zoni i u jednom trenutku je spao sa ma\u0161ine.<\/p>\n<p>\u2013 Kada je pao, traktor je pre\u0161ao preko njega i tom prilikom zadobio je te\u0161ke povrede od kojih je ubrzo preminuo \u2013 pojasnio je izvor Srpskainfo.<\/p>\n<p>Za sada nije poznato zbog \u010dega Policijska uprava Prijedor nije saop\u0161tila da se desila ova nesre\u0107a.<\/p>\n<p>Prijedor\u010dani isti\u010du da su veoma \u010deste nesre\u0107e u kojima u\u010destvuju traktori na podru\u010dju te regije.<\/p>\n<p>\u2013 Policija svako malo radi neke akcije na traktoriste, ali to o\u010dito ne daje nikakve rezultate. O\u010digledno da akcije nisu usmjerene kako treba, ili se ne kontroli\u0161e na mjestima gdje bi to trebalo \u2013 pojasnio je za Srpskainfo jedan od mje\u0161tana.<\/p>\n<p>On je dodao da prijedorska policija mora poduzeti vi\u0161e stvari, kako bi se pove\u0107ala bezbjednost traktorista.<\/p>\n<p><a href=\"https:\/\/srpskainfo.com\/pao-sa-tratkora-pa-ga-pregazila-masina-bizarna-nesreca-o-kojoj-prijedorska-policija-cuti\/\" rel=\"noopener\" target=\"_blank\">srpskainfo.com<\/a><\/p>\n","protected":false},"excerpt":{"rendered":"<p>Ratko Guski\u0107 iz Prijedora nastradao je u bizarnoj nesre\u0107i koja se desila u krugu industrijske zone \u201eCelpak\u201c u tom gradu, saznaje Srpskainfo. Iako se nesre\u0107a dogodila prije nekoliko dana iz [&hellip;]<\/p>\n","protected":false},"author":1,"featured_media":0,"comment_status":"closed","ping_status":"open","sticky":false,"template":"","format":"standard","meta":{"_monsterinsights_skip_tracking":false,"_monsterinsights_sitenote_active":false,"_monsterinsights_sitenote_note":"","_monsterinsights_sitenote_category":0,"footnotes":""},"categories":[5],"tags":[],"yoast_head":"<!-- This site is optimized with the Yoast SEO plugin v21.6 - https:\/\/yoast.com\/wordpress\/plugins\/seo\/ -->\n<title>Pao sa traktora, pa ga pregazila ma\u0161ina: Bizarna nesre\u0107a o kojoj prijedorska policija \u0107uti - PrijedorDanas.com - Prijedorski gradski portal<\/title>\n<meta name=\"robots\" content=\"index, follow, max-snippet:-1, max-image-preview:large, max-video-preview:-1\" \/>\n<link rel=\"canonical\" href=\"https:\/\/www.prijedordanas.com\/?p=184569\" \/>\n<meta property=\"og:locale\" content=\"en_US\" \/>\n<meta property=\"og:type\" content=\"article\" \/>\n<meta property=\"og:title\" content=\"Pao sa traktora, pa ga pregazila ma\u0161ina: Bizarna nesre\u0107a o kojoj prijedorska policija \u0107uti - PrijedorDanas.com - Prijedorski gradski portal\" \/>\n<meta property=\"og:description\" content=\"Ratko Guski\u0107 iz Prijedora nastradao je u bizarnoj nesre\u0107i koja se desila u krugu industrijske zone \u201eCelpak\u201c u tom gradu, saznaje Srpskainfo. Iako se nesre\u0107a dogodila prije nekoliko dana iz [&hellip;]\" \/>\n<meta property=\"og:url\" content=\"https:\/\/www.prijedordanas.com\/?p=184569\" \/>\n<meta property=\"og:site_name\" content=\"PrijedorDanas.com - Prijedorski gradski portal\" \/>\n<meta property=\"article:publisher\" content=\"https:\/\/www.facebook.com\/PrijedorDanasCom\/\" \/>\n<meta property=\"article:published_time\" content=\"2022-04-19T14:03:49+00:00\" \/>\n<meta property=\"og:image\" content=\"https:\/\/www.prijedordanas.com\/wp-content\/uploads\/2022\/04\/blic-celpak-industrijska-zona-300x225.jpg\" \/>\n<meta name=\"author\" content=\"admin\" \/>\n<meta name=\"twitter:card\" content=\"summary_large_image\" \/>\n<meta name=\"twitter:label1\" content=\"Written by\" \/>\n\t<meta name=\"twitter:data1\" content=\"admin\" \/>\n\t<meta name=\"twitter:label2\" content=\"Est. reading time\" \/>\n\t<meta name=\"twitter:data2\" content=\"1 minute\" \/>\n<script type=\"application\/ld+json\" class=\"yoast-schema-graph\">{\"@context\":\"https:\/\/schema.org\",\"@graph\":[{\"@type\":\"Article\",\"@id\":\"https:\/\/www.prijedordanas.com\/?p=184569#article\",\"isPartOf\":{\"@id\":\"https:\/\/www.prijedordanas.com\/?p=184569\"},\"author\":{\"name\":\"admin\",\"@id\":\"https:\/\/www.prijedordanas.com\/#\/schema\/person\/4e08ccf29b506ca916ff86d46bb700e6\"},\"headline\":\"Pao sa traktora, pa ga pregazila ma\u0161ina: Bizarna nesre\u0107a o kojoj prijedorska policija \u0107uti\",\"datePublished\":\"2022-04-19T14:03:49+00:00\",\"dateModified\":\"2022-04-19T14:03:49+00:00\",\"mainEntityOfPage\":{\"@id\":\"https:\/\/www.prijedordanas.com\/?p=184569\"},\"wordCount\":207,\"publisher\":{\"@id\":\"https:\/\/www.prijedordanas.com\/#organization\"},\"articleSection\":[\"Hronika\"],\"inLanguage\":\"en-US\"},{\"@type\":\"WebPage\",\"@id\":\"https:\/\/www.prijedordanas.com\/?p=184569\",\"url\":\"https:\/\/www.prijedordanas.com\/?p=184569\",\"name\":\"Pao sa traktora, pa ga pregazila ma\u0161ina: Bizarna nesre\u0107a o kojoj prijedorska policija \u0107uti - PrijedorDanas.com - Prijedorski gradski portal\",\"isPartOf\":{\"@id\":\"https:\/\/www.prijedordanas.com\/#website\"},\"datePublished\":\"2022-04-19T14:03:49+00:00\",\"dateModified\":\"2022-04-19T14:03:49+00:00\",\"breadcrumb\":{\"@id\":\"https:\/\/www.prijedordanas.com\/?p=184569#breadcrumb\"},\"inLanguage\":\"en-US\",\"potentialAction\":[{\"@type\":\"ReadAction\",\"target\":[\"https:\/\/www.prijedordanas.com\/?p=184569\"]}]},{\"@type\":\"BreadcrumbList\",\"@id\":\"https:\/\/www.prijedordanas.com\/?p=184569#breadcrumb\",\"itemListElement\":[{\"@type\":\"ListItem\",\"position\":1,\"name\":\"Home\",\"item\":\"https:\/\/www.prijedordanas.com\/\"},{\"@type\":\"ListItem\",\"position\":2,\"name\":\"Pao sa traktora, pa ga pregazila ma\u0161ina: Bizarna nesre\u0107a o kojoj prijedorska policija \u0107uti\"}]},{\"@type\":\"WebSite\",\"@id\":\"https:\/\/www.prijedordanas.com\/#website\",\"url\":\"https:\/\/www.prijedordanas.com\/\",\"name\":\"PrijedorDanas.com - Prijedorski gradski portal\",\"description\":\"Portal o doga\u0111anjima u gradu Prijedoru\",\"publisher\":{\"@id\":\"https:\/\/www.prijedordanas.com\/#organization\"},\"potentialAction\":[{\"@type\":\"SearchAction\",\"target\":{\"@type\":\"EntryPoint\",\"urlTemplate\":\"https:\/\/www.prijedordanas.com\/?s={search_term_string}\"},\"query-input\":\"required name=search_term_string\"}],\"inLanguage\":\"en-US\"},{\"@type\":\"Organization\",\"@id\":\"https:\/\/www.prijedordanas.com\/#organization\",\"name\":\"PrijedorDanas.com\",\"url\":\"https:\/\/www.prijedordanas.com\/\",\"logo\":{\"@type\":\"ImageObject\",\"inLanguage\":\"en-US\",\"@id\":\"https:\/\/www.prijedordanas.com\/#\/schema\/logo\/image\/\",\"url\":\"http:\/\/www.prijedordanas.com\/wp-content\/uploads\/2021\/12\/logopng.png\",\"contentUrl\":\"http:\/\/www.prijedordanas.com\/wp-content\/uploads\/2021\/12\/logopng.png\",\"width\":1019,\"height\":776,\"caption\":\"PrijedorDanas.com\"},\"image\":{\"@id\":\"https:\/\/www.prijedordanas.com\/#\/schema\/logo\/image\/\"},\"sameAs\":[\"https:\/\/www.facebook.com\/PrijedorDanasCom\/\"]},{\"@type\":\"Person\",\"@id\":\"https:\/\/www.prijedordanas.com\/#\/schema\/person\/4e08ccf29b506ca916ff86d46bb700e6\",\"name\":\"admin\",\"image\":{\"@type\":\"ImageObject\",\"inLanguage\":\"en-US\",\"@id\":\"https:\/\/www.prijedordanas.com\/#\/schema\/person\/image\/\",\"url\":\"https:\/\/secure.gravatar.com\/avatar\/1d3fc949d550f0b53a5f0d51e06dfd79?s=96&d=mm&r=g\",\"contentUrl\":\"https:\/\/secure.gravatar.com\/avatar\/1d3fc949d550f0b53a5f0d51e06dfd79?s=96&d=mm&r=g\",\"caption\":\"admin\"},\"url\":\"https:\/\/www.prijedordanas.com\/?author=1\"}]}<\/script>\n<!-- \/ Yoast SEO plugin. -->","yoast_head_json":{"title":"Pao sa traktora, pa ga pregazila ma\u0161ina: Bizarna nesre\u0107a o kojoj prijedorska policija \u0107uti - PrijedorDanas.com - Prijedorski gradski portal","robots":{"index":"index","follow":"follow","max-snippet":"max-snippet:-1","max-image-preview":"max-image-preview:large","max-video-preview":"max-video-preview:-1"},"canonical":"https:\/\/www.prijedordanas.com\/?p=184569","og_locale":"en_US","og_type":"article","og_title":"Pao sa traktora, pa ga pregazila ma\u0161ina: Bizarna nesre\u0107a o kojoj prijedorska policija \u0107uti - PrijedorDanas.com - Prijedorski gradski portal","og_description":"Ratko Guski\u0107 iz Prijedora nastradao je u bizarnoj nesre\u0107i koja se desila u krugu industrijske zone \u201eCelpak\u201c u tom gradu, saznaje Srpskainfo. Iako se nesre\u0107a dogodila prije nekoliko dana iz [&hellip;]","og_url":"https:\/\/www.prijedordanas.com\/?p=184569","og_site_name":"PrijedorDanas.com - Prijedorski gradski portal","article_publisher":"https:\/\/www.facebook.com\/PrijedorDanasCom\/","article_published_time":"2022-04-19T14:03:49+00:00","og_image":[{"url":"https:\/\/www.prijedordanas.com\/wp-content\/uploads\/2022\/04\/blic-celpak-industrijska-zona-300x225.jpg"}],"author":"admin","twitter_card":"summary_large_image","twitter_misc":{"Written by":"admin","Est. reading time":"1 minute"},"schema":{"@context":"https:\/\/schema.org","@graph":[{"@type":"Article","@id":"https:\/\/www.prijedordanas.com\/?p=184569#article","isPartOf":{"@id":"https:\/\/www.prijedordanas.com\/?p=184569"},"author":{"name":"admin","@id":"https:\/\/www.prijedordanas.com\/#\/schema\/person\/4e08ccf29b506ca916ff86d46bb700e6"},"headline":"Pao sa traktora, pa ga pregazila ma\u0161ina: Bizarna nesre\u0107a o kojoj prijedorska policija \u0107uti","datePublished":"2022-04-19T14:03:49+00:00","dateModified":"2022-04-19T14:03:49+00:00","mainEntityOfPage":{"@id":"https:\/\/www.prijedordanas.com\/?p=184569"},"wordCount":207,"publisher":{"@id":"https:\/\/www.prijedordanas.com\/#organization"},"articleSection":["Hronika"],"inLanguage":"en-US"},{"@type":"WebPage","@id":"https:\/\/www.prijedordanas.com\/?p=184569","url":"https:\/\/www.prijedordanas.com\/?p=184569","name":"Pao sa traktora, pa ga pregazila ma\u0161ina: Bizarna nesre\u0107a o kojoj prijedorska policija \u0107uti - PrijedorDanas.com - Prijedorski gradski portal","isPartOf":{"@id":"https:\/\/www.prijedordanas.com\/#website"},"datePublished":"2022-04-19T14:03:49+00:00","dateModified":"2022-04-19T14:03:49+00:00","breadcrumb":{"@id":"https:\/\/www.prijedordanas.com\/?p=184569#breadcrumb"},"inLanguage":"en-US","potentialAction":[{"@type":"ReadAction","target":["https:\/\/www.prijedordanas.com\/?p=184569"]}]},{"@type":"BreadcrumbList","@id":"https:\/\/www.prijedordanas.com\/?p=184569#breadcrumb","itemListElement":[{"@type":"ListItem","position":1,"name":"Home","item":"https:\/\/www.prijedordanas.com\/"},{"@type":"ListItem","position":2,"name":"Pao sa traktora, pa ga pregazila ma\u0161ina: Bizarna nesre\u0107a o kojoj prijedorska policija \u0107uti"}]},{"@type":"WebSite","@id":"https:\/\/www.prijedordanas.com\/#website","url":"https:\/\/www.prijedordanas.com\/","name":"PrijedorDanas.com - Prijedorski gradski portal","description":"Portal o doga\u0111anjima u gradu Prijedoru","publisher":{"@id":"https:\/\/www.prijedordanas.com\/#organization"},"potentialAction":[{"@type":"SearchAction","target":{"@type":"EntryPoint","urlTemplate":"https:\/\/www.prijedordanas.com\/?s={search_term_string}"},"query-input":"required name=search_term_string"}],"inLanguage":"en-US"},{"@type":"Organization","@id":"https:\/\/www.prijedordanas.com\/#organization","name":"PrijedorDanas.com","url":"https:\/\/www.prijedordanas.com\/","logo":{"@type":"ImageObject","inLanguage":"en-US","@id":"https:\/\/www.prijedordanas.com\/#\/schema\/logo\/image\/","url":"http:\/\/www.prijedordanas.com\/wp-content\/uploads\/2021\/12\/logopng.png","contentUrl":"http:\/\/www.prijedordanas.com\/wp-content\/uploads\/2021\/12\/logopng.png","width":1019,"height":776,"caption":"PrijedorDanas.com"},"image":{"@id":"https:\/\/www.prijedordanas.com\/#\/schema\/logo\/image\/"},"sameAs":["https:\/\/www.facebook.com\/PrijedorDanasCom\/"]},{"@type":"Person","@id":"https:\/\/www.prijedordanas.com\/#\/schema\/person\/4e08ccf29b506ca916ff86d46bb700e6","name":"admin","image":{"@type":"ImageObject","inLanguage":"en-US","@id":"https:\/\/www.prijedordanas.com\/#\/schema\/person\/image\/","url":"https:\/\/secure.gravatar.com\/avatar\/1d3fc949d550f0b53a5f0d51e06dfd79?s=96&d=mm&r=g","contentUrl":"https:\/\/secure.gravatar.com\/avatar\/1d3fc949d550f0b53a5f0d51e06dfd79?s=96&d=mm&r=g","caption":"admin"},"url":"https:\/\/www.prijedordanas.com\/?author=1"}]}},"_links":{"self":[{"href":"https:\/\/www.prijedordanas.com\/index.php?rest_route=\/wp\/v2\/posts\/184569"}],"collection":[{"href":"https:\/\/www.prijedordanas.com\/index.php?rest_route=\/wp\/v2\/posts"}],"about":[{"href":"https:\/\/www.prijedordanas.com\/index.php?rest_route=\/wp\/v2\/types\/post"}],"author":[{"embeddable":true,"href":"https:\/\/www.prijedordanas.com\/index.php?rest_route=\/wp\/v2\/users\/1"}],"replies":[{"embeddable":true,"href":"https:\/\/www.prijedordanas.com\/index.php?rest_route=%2Fwp%2Fv2%2Fcomments&post=184569"}],"version-history":[{"count":1,"href":"https:\/\/www.prijedordanas.com\/index.php?rest_route=\/wp\/v2\/posts\/184569\/revisions"}],"predecessor-version":[{"id":184570,"href":"https:\/\/www.prijedordanas.com\/index.php?rest_route=\/wp\/v2\/posts\/184569\/revisions\/184570"}],"wp:attachment":[{"href":"https:\/\/www.prijedordanas.com\/index.php?rest_route=%2Fwp%2Fv2%2Fmedia&parent=184569"}],"wp:term":[{"taxonomy":"category","embeddable":true,"href":"https:\/\/www.prijedordanas.com\/index.php?rest_route=%2Fwp%2Fv2%2Fcategories&post=184569"},{"taxonomy":"post_tag","embeddable":true,"href":"https:\/\/www.prijedordanas.com\/index.php?rest_route=%2Fwp%2Fv2%2Ftags&post=184569"}],"curies":[{"name":"wp","href":"https:\/\/api.w.org\/{rel}","templated":true}]}}