{"id":184398,"date":"2022-04-14T16:53:38","date_gmt":"2022-04-14T14:53:38","guid":{"rendered":"https:\/\/www.prijedordanas.com\/?p=184398"},"modified":"2022-04-14T16:53:38","modified_gmt":"2022-04-14T14:53:38","slug":"gradonacelnik-javor-za-cetiri-mjeseca-asfaltirano-vise-od-40-putnih-pravaca-foto","status":"publish","type":"post","link":"https:\/\/www.prijedordanas.com\/?p=184398","title":{"rendered":"Gradona\u010delnik Javor: Za \u010detiri mjeseca asfaltirano vi\u0161e od 40 putnih pravaca &#8211; FOTO"},"content":{"rendered":"<p><a href=\"https:\/\/www.prijedordanas.com\/wp-content\/uploads\/2022\/04\/prijedorgradorg-javor-asfaltiranje-aerodromsko-naselje-1.jpg\"><img loading=\"lazy\" decoding=\"async\" class=\"alignleft size-medium wp-image-184399\" src=\"https:\/\/www.prijedordanas.com\/wp-content\/uploads\/2022\/04\/prijedorgradorg-javor-asfaltiranje-aerodromsko-naselje-1-300x225.jpg\" alt=\"\" width=\"300\" height=\"225\" srcset=\"https:\/\/www.prijedordanas.com\/wp-content\/uploads\/2022\/04\/prijedorgradorg-javor-asfaltiranje-aerodromsko-naselje-1-300x225.jpg 300w, https:\/\/www.prijedordanas.com\/wp-content\/uploads\/2022\/04\/prijedorgradorg-javor-asfaltiranje-aerodromsko-naselje-1-640x480.jpg 640w, https:\/\/www.prijedordanas.com\/wp-content\/uploads\/2022\/04\/prijedorgradorg-javor-asfaltiranje-aerodromsko-naselje-1.jpg 667w\" sizes=\"(max-width: 300px) 100vw, 300px\" \/><\/a>Gradona\u010delnik Prijedora Slobodan Javor obi\u0161ao je danas asfaltirane ulice u Aerodromskom naselju i sa mje\u0161tanima razgovarao o infrastrukturnim problemima i potrebama.<\/p>\n<p>&#8220;Meni kao gradona\u010delniku posebno je drago \u0161to su ovi ljudi zadovoljni do sada ura\u0111enim.Kao \u0161to je poznato. izbori su odr\u017eani 12. decembra i od tada do danas mi smo asfaltirali vi\u0161e od 40 putnih pravaca. Vrijednost tih radova je dva miliona maraka, a ukupna du\u017eina asfaltiranih puteva je ve\u0107a od 13 kilometara&#8221;, rekao je Javor novinarima.<\/p>\n<p>On je najavio da \u0107e u narednim danima biti asfaltirano jo\u0161 19 putnih pravaca odnosno pet kilometara puteva \u0161irom Prijedora, vrijednosti 560.000 KM.<\/p>\n<p><a href=\"https:\/\/www.prijedordanas.com\/wp-content\/uploads\/2022\/04\/prijedorgradorg-javor-asfaltiranje-aerodromsko-naselje-2.jpg\"><img loading=\"lazy\" decoding=\"async\" class=\"alignleft size-medium wp-image-184400\" src=\"https:\/\/www.prijedordanas.com\/wp-content\/uploads\/2022\/04\/prijedorgradorg-javor-asfaltiranje-aerodromsko-naselje-2-300x225.jpg\" alt=\"\" width=\"300\" height=\"225\" srcset=\"https:\/\/www.prijedordanas.com\/wp-content\/uploads\/2022\/04\/prijedorgradorg-javor-asfaltiranje-aerodromsko-naselje-2-300x225.jpg 300w, https:\/\/www.prijedordanas.com\/wp-content\/uploads\/2022\/04\/prijedorgradorg-javor-asfaltiranje-aerodromsko-naselje-2-640x480.jpg 640w, https:\/\/www.prijedordanas.com\/wp-content\/uploads\/2022\/04\/prijedorgradorg-javor-asfaltiranje-aerodromsko-naselje-2.jpg 667w\" sizes=\"(max-width: 300px) 100vw, 300px\" \/><\/a>&#8220;Od ovih sredstava koja smo planirali utro\u0161iti zahvaljuju\u0107i Vladi Republike Srpske, koja je prepoznala probleme na\u0161ih mje\u0161tana i same lokalne zajednice, mi \u0107emo raditi na teritoriji, nadam se, uskoro budu\u0107e op\u0161tine Omarska i ono \u0161to je bitno naglasiti je da \u0107emo tamo najve\u0107i dio makadamskih puteva i asfaltirati. Pored toga u Gornjim Orlovcima \u0107emo raditi odre\u0111ene putne pravce i ono \u0161to zasigurno raduje na\u0161e mali\u0161ane i njihove roditelje i nas kao lokalnu zajednicu, napokon \u0107emo zavr\u0161iti trotoar kod Osnovne \u0161kole `Petar Ko\u010di\u0107` na Urijama&#8221;, dodao je Javor.<\/p>\n<p>On je istakao da se nastavlja dobra praksa rekonstrukcije dotrajalih ulica i da se nakon Ulice majora Milana Tepi\u0107a sada prelazi u naselje Pe\u0107ani.<\/p>\n<p><a href=\"https:\/\/www.prijedordanas.com\/wp-content\/uploads\/2022\/04\/prijedorgradorg-javor-asfaltiranje-aerodromsko-naselje-5.jpg\"><img loading=\"lazy\" decoding=\"async\" src=\"https:\/\/www.prijedordanas.com\/wp-content\/uploads\/2022\/04\/prijedorgradorg-javor-asfaltiranje-aerodromsko-naselje-5-300x200.jpg\" alt=\"\" width=\"300\" height=\"200\" class=\"alignleft size-medium wp-image-184401\" srcset=\"https:\/\/www.prijedordanas.com\/wp-content\/uploads\/2022\/04\/prijedorgradorg-javor-asfaltiranje-aerodromsko-naselje-5-300x200.jpg 300w, https:\/\/www.prijedordanas.com\/wp-content\/uploads\/2022\/04\/prijedorgradorg-javor-asfaltiranje-aerodromsko-naselje-5-480x320.jpg 480w, https:\/\/www.prijedordanas.com\/wp-content\/uploads\/2022\/04\/prijedorgradorg-javor-asfaltiranje-aerodromsko-naselje-5.jpg 600w\" sizes=\"(max-width: 300px) 100vw, 300px\" \/><\/a>&#8220;Tamo nam je cilj da u \u0161to kra\u0107em roku asfaltiramo klju\u010dnu Ulicu mitropolita Petra Zimonji\u0107a. Svi mje\u0161tani imaju pravo i pozva\u0107emo ih kada bude zavr\u0161en projekat, da daju svoje mi\u0161ljenje i prijedloge odnosno da oni sami odlu\u010duju kako \u0107e da izgleda glavna ulica. Ovih dana o\u010dekujemo da \u0107e biti raspisan tender za asfaltiranje platoa izme\u0111u bora\u010dkih zgrada na Pe\u0107anima, da zavr\u0161imo cjelinu \u0161to se ti\u010de tog dijela grada&#8221;, poru\u010dio je Javor.<\/p>\n<p>Predsjednik Savjeta mjesne zajednice Aerodromsko naselje Nikola Mari\u0107 rekao je da ovdje \u017eivi vi\u0161e od 20 godina i da mje\u0161tani do pretpro\u0161le godine nisu dobili ni\u0161ta.<\/p>\n<p>&#8220;U me\u0111uvremenu nam je asfaltirano vi\u0161e od 25 ulica za dvije godine. O\u010dekujemo jo\u0161 rasvjetu i ostaje nam za asfaltiranje jo\u0161 11 ulica, negdje otprilike jo\u0161 oko 1.300 metara sve ukupno. Oborinske vode predstavljaju problem, ali imamo obe\u0107anje da \u0107e to biti rije\u0161eno u \u0161to kra\u0107em roku&#8221;, rekao je Mari\u0107.<\/p>\n<p><a href=\"https:\/\/prijedorgrad.org\/sr-EU\/vijesti-sadrzaj.html?vid=14984\" target=\"_blank\" rel=\"noopener\">prijedorgrad.org<\/a><\/p>\n<p><a href=\"https:\/\/www.prijedordanas.com\/wp-content\/uploads\/2022\/04\/prijedorgradorg-javor-asfaltiranje-aerodromsko-naselje-3.jpg\"><img loading=\"lazy\" decoding=\"async\" src=\"https:\/\/www.prijedordanas.com\/wp-content\/uploads\/2022\/04\/prijedorgradorg-javor-asfaltiranje-aerodromsko-naselje-3-300x200.jpg\" alt=\"\" width=\"300\" height=\"200\" class=\"alignleft size-medium wp-image-184402\" srcset=\"https:\/\/www.prijedordanas.com\/wp-content\/uploads\/2022\/04\/prijedorgradorg-javor-asfaltiranje-aerodromsko-naselje-3-300x200.jpg 300w, https:\/\/www.prijedordanas.com\/wp-content\/uploads\/2022\/04\/prijedorgradorg-javor-asfaltiranje-aerodromsko-naselje-3-480x320.jpg 480w, https:\/\/www.prijedordanas.com\/wp-content\/uploads\/2022\/04\/prijedorgradorg-javor-asfaltiranje-aerodromsko-naselje-3.jpg 600w\" sizes=\"(max-width: 300px) 100vw, 300px\" \/><\/a> <a href=\"https:\/\/www.prijedordanas.com\/wp-content\/uploads\/2022\/04\/prijedorgradorg-javor-asfaltiranje-aerodromsko-naselje-4.jpg\"><img loading=\"lazy\" decoding=\"async\" src=\"https:\/\/www.prijedordanas.com\/wp-content\/uploads\/2022\/04\/prijedorgradorg-javor-asfaltiranje-aerodromsko-naselje-4-300x200.jpg\" alt=\"\" width=\"300\" height=\"200\" class=\"alignleft size-medium wp-image-184403\" srcset=\"https:\/\/www.prijedordanas.com\/wp-content\/uploads\/2022\/04\/prijedorgradorg-javor-asfaltiranje-aerodromsko-naselje-4-300x200.jpg 300w, https:\/\/www.prijedordanas.com\/wp-content\/uploads\/2022\/04\/prijedorgradorg-javor-asfaltiranje-aerodromsko-naselje-4-480x320.jpg 480w, https:\/\/www.prijedordanas.com\/wp-content\/uploads\/2022\/04\/prijedorgradorg-javor-asfaltiranje-aerodromsko-naselje-4.jpg 600w\" sizes=\"(max-width: 300px) 100vw, 300px\" \/><\/a><\/p>\n","protected":false},"excerpt":{"rendered":"<p>Gradona\u010delnik Prijedora Slobodan Javor obi\u0161ao je danas asfaltirane ulice u Aerodromskom naselju i sa mje\u0161tanima razgovarao o infrastrukturnim problemima i potrebama. &#8220;Meni kao gradona\u010delniku posebno je drago \u0161to su ovi [&hellip;]<\/p>\n","protected":false},"author":1,"featured_media":0,"comment_status":"closed","ping_status":"open","sticky":false,"template":"","format":"standard","meta":{"_monsterinsights_skip_tracking":false,"_monsterinsights_sitenote_active":false,"_monsterinsights_sitenote_note":"","_monsterinsights_sitenote_category":0,"footnotes":""},"categories":[4],"tags":[],"yoast_head":"<!-- This site is optimized with the Yoast SEO plugin v21.6 - https:\/\/yoast.com\/wordpress\/plugins\/seo\/ -->\n<title>Gradona\u010delnik Javor: Za \u010detiri mjeseca asfaltirano vi\u0161e od 40 putnih pravaca - FOTO - PrijedorDanas.com - Prijedorski gradski portal<\/title>\n<meta name=\"robots\" content=\"index, follow, max-snippet:-1, max-image-preview:large, max-video-preview:-1\" \/>\n<link rel=\"canonical\" href=\"https:\/\/www.prijedordanas.com\/?p=184398\" \/>\n<meta property=\"og:locale\" content=\"en_US\" \/>\n<meta property=\"og:type\" content=\"article\" \/>\n<meta property=\"og:title\" content=\"Gradona\u010delnik Javor: Za \u010detiri mjeseca asfaltirano vi\u0161e od 40 putnih pravaca - FOTO - PrijedorDanas.com - Prijedorski gradski portal\" \/>\n<meta property=\"og:description\" content=\"Gradona\u010delnik Prijedora Slobodan Javor obi\u0161ao je danas asfaltirane ulice u Aerodromskom naselju i sa mje\u0161tanima razgovarao o infrastrukturnim problemima i potrebama. &#8220;Meni kao gradona\u010delniku posebno je drago \u0161to su ovi [&hellip;]\" \/>\n<meta property=\"og:url\" content=\"https:\/\/www.prijedordanas.com\/?p=184398\" \/>\n<meta property=\"og:site_name\" content=\"PrijedorDanas.com - Prijedorski gradski portal\" \/>\n<meta property=\"article:publisher\" content=\"https:\/\/www.facebook.com\/PrijedorDanasCom\/\" \/>\n<meta property=\"article:published_time\" content=\"2022-04-14T14:53:38+00:00\" \/>\n<meta property=\"og:image\" content=\"https:\/\/www.prijedordanas.com\/wp-content\/uploads\/2022\/04\/prijedorgradorg-javor-asfaltiranje-aerodromsko-naselje-1-300x225.jpg\" \/>\n<meta name=\"author\" content=\"admin\" \/>\n<meta name=\"twitter:card\" content=\"summary_large_image\" \/>\n<meta name=\"twitter:label1\" content=\"Written by\" \/>\n\t<meta name=\"twitter:data1\" content=\"admin\" \/>\n\t<meta name=\"twitter:label2\" content=\"Est. reading time\" \/>\n\t<meta name=\"twitter:data2\" content=\"2 minutes\" \/>\n<script type=\"application\/ld+json\" class=\"yoast-schema-graph\">{\"@context\":\"https:\/\/schema.org\",\"@graph\":[{\"@type\":\"Article\",\"@id\":\"https:\/\/www.prijedordanas.com\/?p=184398#article\",\"isPartOf\":{\"@id\":\"https:\/\/www.prijedordanas.com\/?p=184398\"},\"author\":{\"name\":\"admin\",\"@id\":\"https:\/\/www.prijedordanas.com\/#\/schema\/person\/4e08ccf29b506ca916ff86d46bb700e6\"},\"headline\":\"Gradona\u010delnik Javor: Za \u010detiri mjeseca asfaltirano vi\u0161e od 40 putnih pravaca &#8211; FOTO\",\"datePublished\":\"2022-04-14T14:53:38+00:00\",\"dateModified\":\"2022-04-14T14:53:38+00:00\",\"mainEntityOfPage\":{\"@id\":\"https:\/\/www.prijedordanas.com\/?p=184398\"},\"wordCount\":414,\"publisher\":{\"@id\":\"https:\/\/www.prijedordanas.com\/#organization\"},\"articleSection\":[\"Dru\u0161tvo\"],\"inLanguage\":\"en-US\"},{\"@type\":\"WebPage\",\"@id\":\"https:\/\/www.prijedordanas.com\/?p=184398\",\"url\":\"https:\/\/www.prijedordanas.com\/?p=184398\",\"name\":\"Gradona\u010delnik Javor: Za \u010detiri mjeseca asfaltirano vi\u0161e od 40 putnih pravaca - FOTO - PrijedorDanas.com - Prijedorski gradski portal\",\"isPartOf\":{\"@id\":\"https:\/\/www.prijedordanas.com\/#website\"},\"datePublished\":\"2022-04-14T14:53:38+00:00\",\"dateModified\":\"2022-04-14T14:53:38+00:00\",\"breadcrumb\":{\"@id\":\"https:\/\/www.prijedordanas.com\/?p=184398#breadcrumb\"},\"inLanguage\":\"en-US\",\"potentialAction\":[{\"@type\":\"ReadAction\",\"target\":[\"https:\/\/www.prijedordanas.com\/?p=184398\"]}]},{\"@type\":\"BreadcrumbList\",\"@id\":\"https:\/\/www.prijedordanas.com\/?p=184398#breadcrumb\",\"itemListElement\":[{\"@type\":\"ListItem\",\"position\":1,\"name\":\"Home\",\"item\":\"https:\/\/www.prijedordanas.com\/\"},{\"@type\":\"ListItem\",\"position\":2,\"name\":\"Gradona\u010delnik Javor: Za \u010detiri mjeseca asfaltirano vi\u0161e od 40 putnih pravaca &#8211; FOTO\"}]},{\"@type\":\"WebSite\",\"@id\":\"https:\/\/www.prijedordanas.com\/#website\",\"url\":\"https:\/\/www.prijedordanas.com\/\",\"name\":\"PrijedorDanas.com - Prijedorski gradski portal\",\"description\":\"Portal o doga\u0111anjima u gradu Prijedoru\",\"publisher\":{\"@id\":\"https:\/\/www.prijedordanas.com\/#organization\"},\"potentialAction\":[{\"@type\":\"SearchAction\",\"target\":{\"@type\":\"EntryPoint\",\"urlTemplate\":\"https:\/\/www.prijedordanas.com\/?s={search_term_string}\"},\"query-input\":\"required name=search_term_string\"}],\"inLanguage\":\"en-US\"},{\"@type\":\"Organization\",\"@id\":\"https:\/\/www.prijedordanas.com\/#organization\",\"name\":\"PrijedorDanas.com\",\"url\":\"https:\/\/www.prijedordanas.com\/\",\"logo\":{\"@type\":\"ImageObject\",\"inLanguage\":\"en-US\",\"@id\":\"https:\/\/www.prijedordanas.com\/#\/schema\/logo\/image\/\",\"url\":\"http:\/\/www.prijedordanas.com\/wp-content\/uploads\/2021\/12\/logopng.png\",\"contentUrl\":\"http:\/\/www.prijedordanas.com\/wp-content\/uploads\/2021\/12\/logopng.png\",\"width\":1019,\"height\":776,\"caption\":\"PrijedorDanas.com\"},\"image\":{\"@id\":\"https:\/\/www.prijedordanas.com\/#\/schema\/logo\/image\/\"},\"sameAs\":[\"https:\/\/www.facebook.com\/PrijedorDanasCom\/\"]},{\"@type\":\"Person\",\"@id\":\"https:\/\/www.prijedordanas.com\/#\/schema\/person\/4e08ccf29b506ca916ff86d46bb700e6\",\"name\":\"admin\",\"image\":{\"@type\":\"ImageObject\",\"inLanguage\":\"en-US\",\"@id\":\"https:\/\/www.prijedordanas.com\/#\/schema\/person\/image\/\",\"url\":\"https:\/\/secure.gravatar.com\/avatar\/1d3fc949d550f0b53a5f0d51e06dfd79?s=96&d=mm&r=g\",\"contentUrl\":\"https:\/\/secure.gravatar.com\/avatar\/1d3fc949d550f0b53a5f0d51e06dfd79?s=96&d=mm&r=g\",\"caption\":\"admin\"},\"url\":\"https:\/\/www.prijedordanas.com\/?author=1\"}]}<\/script>\n<!-- \/ Yoast SEO plugin. -->","yoast_head_json":{"title":"Gradona\u010delnik Javor: Za \u010detiri mjeseca asfaltirano vi\u0161e od 40 putnih pravaca - FOTO - PrijedorDanas.com - Prijedorski gradski portal","robots":{"index":"index","follow":"follow","max-snippet":"max-snippet:-1","max-image-preview":"max-image-preview:large","max-video-preview":"max-video-preview:-1"},"canonical":"https:\/\/www.prijedordanas.com\/?p=184398","og_locale":"en_US","og_type":"article","og_title":"Gradona\u010delnik Javor: Za \u010detiri mjeseca asfaltirano vi\u0161e od 40 putnih pravaca - FOTO - PrijedorDanas.com - Prijedorski gradski portal","og_description":"Gradona\u010delnik Prijedora Slobodan Javor obi\u0161ao je danas asfaltirane ulice u Aerodromskom naselju i sa mje\u0161tanima razgovarao o infrastrukturnim problemima i potrebama. &#8220;Meni kao gradona\u010delniku posebno je drago \u0161to su ovi [&hellip;]","og_url":"https:\/\/www.prijedordanas.com\/?p=184398","og_site_name":"PrijedorDanas.com - Prijedorski gradski portal","article_publisher":"https:\/\/www.facebook.com\/PrijedorDanasCom\/","article_published_time":"2022-04-14T14:53:38+00:00","og_image":[{"url":"https:\/\/www.prijedordanas.com\/wp-content\/uploads\/2022\/04\/prijedorgradorg-javor-asfaltiranje-aerodromsko-naselje-1-300x225.jpg"}],"author":"admin","twitter_card":"summary_large_image","twitter_misc":{"Written by":"admin","Est. reading time":"2 minutes"},"schema":{"@context":"https:\/\/schema.org","@graph":[{"@type":"Article","@id":"https:\/\/www.prijedordanas.com\/?p=184398#article","isPartOf":{"@id":"https:\/\/www.prijedordanas.com\/?p=184398"},"author":{"name":"admin","@id":"https:\/\/www.prijedordanas.com\/#\/schema\/person\/4e08ccf29b506ca916ff86d46bb700e6"},"headline":"Gradona\u010delnik Javor: Za \u010detiri mjeseca asfaltirano vi\u0161e od 40 putnih pravaca &#8211; FOTO","datePublished":"2022-04-14T14:53:38+00:00","dateModified":"2022-04-14T14:53:38+00:00","mainEntityOfPage":{"@id":"https:\/\/www.prijedordanas.com\/?p=184398"},"wordCount":414,"publisher":{"@id":"https:\/\/www.prijedordanas.com\/#organization"},"articleSection":["Dru\u0161tvo"],"inLanguage":"en-US"},{"@type":"WebPage","@id":"https:\/\/www.prijedordanas.com\/?p=184398","url":"https:\/\/www.prijedordanas.com\/?p=184398","name":"Gradona\u010delnik Javor: Za \u010detiri mjeseca asfaltirano vi\u0161e od 40 putnih pravaca - FOTO - PrijedorDanas.com - Prijedorski gradski portal","isPartOf":{"@id":"https:\/\/www.prijedordanas.com\/#website"},"datePublished":"2022-04-14T14:53:38+00:00","dateModified":"2022-04-14T14:53:38+00:00","breadcrumb":{"@id":"https:\/\/www.prijedordanas.com\/?p=184398#breadcrumb"},"inLanguage":"en-US","potentialAction":[{"@type":"ReadAction","target":["https:\/\/www.prijedordanas.com\/?p=184398"]}]},{"@type":"BreadcrumbList","@id":"https:\/\/www.prijedordanas.com\/?p=184398#breadcrumb","itemListElement":[{"@type":"ListItem","position":1,"name":"Home","item":"https:\/\/www.prijedordanas.com\/"},{"@type":"ListItem","position":2,"name":"Gradona\u010delnik Javor: Za \u010detiri mjeseca asfaltirano vi\u0161e od 40 putnih pravaca &#8211; FOTO"}]},{"@type":"WebSite","@id":"https:\/\/www.prijedordanas.com\/#website","url":"https:\/\/www.prijedordanas.com\/","name":"PrijedorDanas.com - Prijedorski gradski portal","description":"Portal o doga\u0111anjima u gradu Prijedoru","publisher":{"@id":"https:\/\/www.prijedordanas.com\/#organization"},"potentialAction":[{"@type":"SearchAction","target":{"@type":"EntryPoint","urlTemplate":"https:\/\/www.prijedordanas.com\/?s={search_term_string}"},"query-input":"required name=search_term_string"}],"inLanguage":"en-US"},{"@type":"Organization","@id":"https:\/\/www.prijedordanas.com\/#organization","name":"PrijedorDanas.com","url":"https:\/\/www.prijedordanas.com\/","logo":{"@type":"ImageObject","inLanguage":"en-US","@id":"https:\/\/www.prijedordanas.com\/#\/schema\/logo\/image\/","url":"http:\/\/www.prijedordanas.com\/wp-content\/uploads\/2021\/12\/logopng.png","contentUrl":"http:\/\/www.prijedordanas.com\/wp-content\/uploads\/2021\/12\/logopng.png","width":1019,"height":776,"caption":"PrijedorDanas.com"},"image":{"@id":"https:\/\/www.prijedordanas.com\/#\/schema\/logo\/image\/"},"sameAs":["https:\/\/www.facebook.com\/PrijedorDanasCom\/"]},{"@type":"Person","@id":"https:\/\/www.prijedordanas.com\/#\/schema\/person\/4e08ccf29b506ca916ff86d46bb700e6","name":"admin","image":{"@type":"ImageObject","inLanguage":"en-US","@id":"https:\/\/www.prijedordanas.com\/#\/schema\/person\/image\/","url":"https:\/\/secure.gravatar.com\/avatar\/1d3fc949d550f0b53a5f0d51e06dfd79?s=96&d=mm&r=g","contentUrl":"https:\/\/secure.gravatar.com\/avatar\/1d3fc949d550f0b53a5f0d51e06dfd79?s=96&d=mm&r=g","caption":"admin"},"url":"https:\/\/www.prijedordanas.com\/?author=1"}]}},"_links":{"self":[{"href":"https:\/\/www.prijedordanas.com\/index.php?rest_route=\/wp\/v2\/posts\/184398"}],"collection":[{"href":"https:\/\/www.prijedordanas.com\/index.php?rest_route=\/wp\/v2\/posts"}],"about":[{"href":"https:\/\/www.prijedordanas.com\/index.php?rest_route=\/wp\/v2\/types\/post"}],"author":[{"embeddable":true,"href":"https:\/\/www.prijedordanas.com\/index.php?rest_route=\/wp\/v2\/users\/1"}],"replies":[{"embeddable":true,"href":"https:\/\/www.prijedordanas.com\/index.php?rest_route=%2Fwp%2Fv2%2Fcomments&post=184398"}],"version-history":[{"count":1,"href":"https:\/\/www.prijedordanas.com\/index.php?rest_route=\/wp\/v2\/posts\/184398\/revisions"}],"predecessor-version":[{"id":184404,"href":"https:\/\/www.prijedordanas.com\/index.php?rest_route=\/wp\/v2\/posts\/184398\/revisions\/184404"}],"wp:attachment":[{"href":"https:\/\/www.prijedordanas.com\/index.php?rest_route=%2Fwp%2Fv2%2Fmedia&parent=184398"}],"wp:term":[{"taxonomy":"category","embeddable":true,"href":"https:\/\/www.prijedordanas.com\/index.php?rest_route=%2Fwp%2Fv2%2Fcategories&post=184398"},{"taxonomy":"post_tag","embeddable":true,"href":"https:\/\/www.prijedordanas.com\/index.php?rest_route=%2Fwp%2Fv2%2Ftags&post=184398"}],"curies":[{"name":"wp","href":"https:\/\/api.w.org\/{rel}","templated":true}]}}