{"id":184225,"date":"2022-04-10T21:21:38","date_gmt":"2022-04-10T19:21:38","guid":{"rendered":"https:\/\/www.prijedordanas.com\/?p=184225"},"modified":"2022-04-10T21:21:38","modified_gmt":"2022-04-10T19:21:38","slug":"narucilac-ubistva-radenka-basica-osuden-mjesec-dana-ranije-dugi-pretukao-mladica-u-prijedoru-samo-zato-sto-je-bosnjak","status":"publish","type":"post","link":"https:\/\/www.prijedordanas.com\/?p=184225","title":{"rendered":"Naru\u010dilac ubistva Radenka Ba\u0161i\u0107a osu\u0111en mjesec dana ranije: Dugi pretukao mladi\u0107a u Prijedoru samo zato \u0161to je Bo\u0161njak"},"content":{"rendered":"<p><a href=\"https:\/\/www.prijedordanas.com\/wp-content\/uploads\/2022\/03\/tuzilastvo-bih-dalibor-railic-1.jpg\"><img loading=\"lazy\" decoding=\"async\" class=\"alignleft size-medium wp-image-183455\" src=\"https:\/\/www.prijedordanas.com\/wp-content\/uploads\/2022\/03\/tuzilastvo-bih-dalibor-railic-1-300x265.jpg\" alt=\"\" width=\"300\" height=\"265\" srcset=\"https:\/\/www.prijedordanas.com\/wp-content\/uploads\/2022\/03\/tuzilastvo-bih-dalibor-railic-1-300x265.jpg 300w, https:\/\/www.prijedordanas.com\/wp-content\/uploads\/2022\/03\/tuzilastvo-bih-dalibor-railic-1.jpg 600w\" sizes=\"(max-width: 300px) 100vw, 300px\" \/><\/a>Dalibor Raili\u0107 zvani Dugi, koji je uhap\u0161en zbog sumnje da je naru\u010dio ubistvo Radenka Ba\u0161i\u0107a, na\u010delnika kriminalisti\u010dke policije PU Prijedor, samo mjesec prije atentata osu\u0111en je na \u0161est mjeseci zatvora zbog brutalne tu\u010de, saznaje Srpskainfo.<\/p>\n<p>Raili\u0107 je, zajedno sa V.V. i D.K, brutalno pretukao mladi\u0107a Almira O. samo zbog toga \u0161to je Bo\u0161njak.<\/p>\n<p>Podsjetimo, Raili\u0107 je ozna\u010den kao veoma opasna osoba, koja iza sebe ima vi\u0161e pravosna\u017enih presuda. Trenutno se nalazi u pritvoru koji mu je odredio Sud BiH zbog sumnje da je bio \u010dlan kriminalne grupe koja se bavila me\u0111unarodnim krijum\u010darenjem drogom.<\/p>\n<p>Osim toga, MUP Srpske ga sumnji\u010di da je naru\u010dio ubistvo na\u010delnika Ba\u0161i\u0107a, kojeg je 21. marta hicem iz pi\u0161tolja usmrtio Aleksandar Miljatovi\u0107. Ubica je u me\u0111uvremenu uhap\u0161en i odre\u0111en mu je jednomjese\u010dni pritvor.<\/p>\n<p>Presuda je izre\u010dena 7. februara, pa se postavlja pitanje da li bi, da je odmah upu\u0107en na izdr\u017eavanje zatvorske kazne, do\u0161lo do ubistva Ba\u0161i\u0107a.<\/p>\n<p><a href=\"https:\/\/www.prijedordanas.com\/wp-content\/uploads\/2015\/08\/masovna-tuca-prijedor-2.jpg\"><img loading=\"lazy\" decoding=\"async\" src=\"https:\/\/www.prijedordanas.com\/wp-content\/uploads\/2015\/08\/masovna-tuca-prijedor-2-169x300.jpg\" alt=\"\" width=\"169\" height=\"300\" class=\"alignleft size-medium wp-image-27515\" srcset=\"https:\/\/www.prijedordanas.com\/wp-content\/uploads\/2015\/08\/masovna-tuca-prijedor-2-169x300.jpg 169w, https:\/\/www.prijedordanas.com\/wp-content\/uploads\/2015\/08\/masovna-tuca-prijedor-2.jpg 540w\" sizes=\"(max-width: 169px) 100vw, 169px\" \/><\/a>Napad na Almira se desio 12. avgusta 2015. godine oko 3.30 ispred pekoteke \u201eKozara Pek\u201c, na raskrsnici ulica Milo\u0161a Obrenovi\u0107 i Vuka Karad\u017ei\u0107a u Prijedoru.<\/p>\n<p>\u2013 Dok je o\u0161te\u0107eni P.A. u dru\u0161tvu sa svojim prijateljima ispred navedene pekoteke objedovao, V.V. mu se obratio rije\u010dima \u201eOdakle si, jesi li ti balija?\u201c Kada je o\u0161te\u0107eni potvrdno odgovorio, iznenada mu je pri\u0161ao Raili\u0107 i bez ikakvog stvarnog povoda zatvorenom pesnicom udario ga u predjelu donje usne \u2013 navedeno je u presudi.<\/p>\n<p>Izme\u0111u njih se tada postavio o\u0161te\u0107eni O.A, sa namjerom da sprije\u010di dalji fizi\u010dki sukob.<\/p>\n<p>\u2013 Potom je optu\u017eeni V.V. pri\u0161ao o\u0161te\u0107enom O.A. iza le\u0111a te istog \u0161akom udario u predeo ispod lopatice lijevog ramena od kojeg udarca je on pao na zemlju, nakon \u010dega su ga svi optu\u017eeni udarali nogama i rukama po tijelu svjesni da mogu te\u0161ko povrijediti mladi\u0107a \u2013 poja\u0161njeno je u presudi.<\/p>\n<p>Zbog toga su svi osu\u0111eni na po \u0161est mjeseci zatvora i moraju platiti po 200 maraka sudskog pau\u0161ala.<\/p>\n<p>TE\u0160KE POVREDE<br \/>\nPrilikom brutalnog napada o\u0161te\u0107eni je zadobio veoma te\u0161ke povrede.<\/p>\n<p>\u2013 Nanijeli su mu povredu u vidu preloma \u010deone kosti s krvarenjem, nagnje\u010denje kapaka lijevog oka s krvarenjem u ve\u017enja\u010di oka, nagnje\u010denje u regiji grudi i prelom obje gornje vili\u010dne kosti s krvarenjem u vili\u010dnim sinusima \u2013 navedeno je u presudi.<\/p>\n<p><a href=\"https:\/\/srpskainfo.com\/saznajemo-narucilac-ubistva-radenka-basica-osuden-mjesec-dana-ranije-dugi-pretukao-mladica-samo-zato-sto-je-bosnjak\/\" target=\"_blank\" rel=\"noopener\">srpskainfo.com<\/a><br \/>\nFoto &#8211; Tu\u017eila\u0161tvo BiH<\/p>\n","protected":false},"excerpt":{"rendered":"<p>Dalibor Raili\u0107 zvani Dugi, koji je uhap\u0161en zbog sumnje da je naru\u010dio ubistvo Radenka Ba\u0161i\u0107a, na\u010delnika kriminalisti\u010dke policije PU Prijedor, samo mjesec prije atentata osu\u0111en je na \u0161est mjeseci zatvora [&hellip;]<\/p>\n","protected":false},"author":1,"featured_media":0,"comment_status":"closed","ping_status":"open","sticky":false,"template":"","format":"standard","meta":{"_monsterinsights_skip_tracking":false,"_monsterinsights_sitenote_active":false,"_monsterinsights_sitenote_note":"","_monsterinsights_sitenote_category":0,"footnotes":""},"categories":[5],"tags":[],"yoast_head":"<!-- This site is optimized with the Yoast SEO plugin v21.6 - https:\/\/yoast.com\/wordpress\/plugins\/seo\/ -->\n<title>Naru\u010dilac ubistva Radenka Ba\u0161i\u0107a osu\u0111en mjesec dana ranije: Dugi pretukao mladi\u0107a u Prijedoru samo zato \u0161to je Bo\u0161njak - PrijedorDanas.com - Prijedorski gradski portal<\/title>\n<meta name=\"robots\" content=\"index, follow, max-snippet:-1, max-image-preview:large, max-video-preview:-1\" \/>\n<link rel=\"canonical\" href=\"https:\/\/www.prijedordanas.com\/?p=184225\" \/>\n<meta property=\"og:locale\" content=\"en_US\" \/>\n<meta property=\"og:type\" content=\"article\" \/>\n<meta property=\"og:title\" content=\"Naru\u010dilac ubistva Radenka Ba\u0161i\u0107a osu\u0111en mjesec dana ranije: Dugi pretukao mladi\u0107a u Prijedoru samo zato \u0161to je Bo\u0161njak - PrijedorDanas.com - Prijedorski gradski portal\" \/>\n<meta property=\"og:description\" content=\"Dalibor Raili\u0107 zvani Dugi, koji je uhap\u0161en zbog sumnje da je naru\u010dio ubistvo Radenka Ba\u0161i\u0107a, na\u010delnika kriminalisti\u010dke policije PU Prijedor, samo mjesec prije atentata osu\u0111en je na \u0161est mjeseci zatvora [&hellip;]\" \/>\n<meta property=\"og:url\" content=\"https:\/\/www.prijedordanas.com\/?p=184225\" \/>\n<meta property=\"og:site_name\" content=\"PrijedorDanas.com - Prijedorski gradski portal\" \/>\n<meta property=\"article:publisher\" content=\"https:\/\/www.facebook.com\/PrijedorDanasCom\/\" \/>\n<meta property=\"article:published_time\" content=\"2022-04-10T19:21:38+00:00\" \/>\n<meta property=\"og:image\" content=\"https:\/\/www.prijedordanas.com\/wp-content\/uploads\/2022\/03\/tuzilastvo-bih-dalibor-railic-1-300x265.jpg\" \/>\n<meta name=\"author\" content=\"admin\" \/>\n<meta name=\"twitter:card\" content=\"summary_large_image\" \/>\n<meta name=\"twitter:label1\" content=\"Written by\" \/>\n\t<meta name=\"twitter:data1\" content=\"admin\" \/>\n\t<meta name=\"twitter:label2\" content=\"Est. reading time\" \/>\n\t<meta name=\"twitter:data2\" content=\"2 minutes\" \/>\n<script type=\"application\/ld+json\" class=\"yoast-schema-graph\">{\"@context\":\"https:\/\/schema.org\",\"@graph\":[{\"@type\":\"Article\",\"@id\":\"https:\/\/www.prijedordanas.com\/?p=184225#article\",\"isPartOf\":{\"@id\":\"https:\/\/www.prijedordanas.com\/?p=184225\"},\"author\":{\"name\":\"admin\",\"@id\":\"https:\/\/www.prijedordanas.com\/#\/schema\/person\/4e08ccf29b506ca916ff86d46bb700e6\"},\"headline\":\"Naru\u010dilac ubistva Radenka Ba\u0161i\u0107a osu\u0111en mjesec dana ranije: Dugi pretukao mladi\u0107a u Prijedoru samo zato \u0161to je Bo\u0161njak\",\"datePublished\":\"2022-04-10T19:21:38+00:00\",\"dateModified\":\"2022-04-10T19:21:38+00:00\",\"mainEntityOfPage\":{\"@id\":\"https:\/\/www.prijedordanas.com\/?p=184225\"},\"wordCount\":457,\"publisher\":{\"@id\":\"https:\/\/www.prijedordanas.com\/#organization\"},\"articleSection\":[\"Hronika\"],\"inLanguage\":\"en-US\"},{\"@type\":\"WebPage\",\"@id\":\"https:\/\/www.prijedordanas.com\/?p=184225\",\"url\":\"https:\/\/www.prijedordanas.com\/?p=184225\",\"name\":\"Naru\u010dilac ubistva Radenka Ba\u0161i\u0107a osu\u0111en mjesec dana ranije: Dugi pretukao mladi\u0107a u Prijedoru samo zato \u0161to je Bo\u0161njak - PrijedorDanas.com - Prijedorski gradski portal\",\"isPartOf\":{\"@id\":\"https:\/\/www.prijedordanas.com\/#website\"},\"datePublished\":\"2022-04-10T19:21:38+00:00\",\"dateModified\":\"2022-04-10T19:21:38+00:00\",\"breadcrumb\":{\"@id\":\"https:\/\/www.prijedordanas.com\/?p=184225#breadcrumb\"},\"inLanguage\":\"en-US\",\"potentialAction\":[{\"@type\":\"ReadAction\",\"target\":[\"https:\/\/www.prijedordanas.com\/?p=184225\"]}]},{\"@type\":\"BreadcrumbList\",\"@id\":\"https:\/\/www.prijedordanas.com\/?p=184225#breadcrumb\",\"itemListElement\":[{\"@type\":\"ListItem\",\"position\":1,\"name\":\"Home\",\"item\":\"https:\/\/www.prijedordanas.com\/\"},{\"@type\":\"ListItem\",\"position\":2,\"name\":\"Naru\u010dilac ubistva Radenka Ba\u0161i\u0107a osu\u0111en mjesec dana ranije: Dugi pretukao mladi\u0107a u Prijedoru samo zato \u0161to je Bo\u0161njak\"}]},{\"@type\":\"WebSite\",\"@id\":\"https:\/\/www.prijedordanas.com\/#website\",\"url\":\"https:\/\/www.prijedordanas.com\/\",\"name\":\"PrijedorDanas.com - Prijedorski gradski portal\",\"description\":\"Portal o doga\u0111anjima u gradu Prijedoru\",\"publisher\":{\"@id\":\"https:\/\/www.prijedordanas.com\/#organization\"},\"potentialAction\":[{\"@type\":\"SearchAction\",\"target\":{\"@type\":\"EntryPoint\",\"urlTemplate\":\"https:\/\/www.prijedordanas.com\/?s={search_term_string}\"},\"query-input\":\"required name=search_term_string\"}],\"inLanguage\":\"en-US\"},{\"@type\":\"Organization\",\"@id\":\"https:\/\/www.prijedordanas.com\/#organization\",\"name\":\"PrijedorDanas.com\",\"url\":\"https:\/\/www.prijedordanas.com\/\",\"logo\":{\"@type\":\"ImageObject\",\"inLanguage\":\"en-US\",\"@id\":\"https:\/\/www.prijedordanas.com\/#\/schema\/logo\/image\/\",\"url\":\"http:\/\/www.prijedordanas.com\/wp-content\/uploads\/2021\/12\/logopng.png\",\"contentUrl\":\"http:\/\/www.prijedordanas.com\/wp-content\/uploads\/2021\/12\/logopng.png\",\"width\":1019,\"height\":776,\"caption\":\"PrijedorDanas.com\"},\"image\":{\"@id\":\"https:\/\/www.prijedordanas.com\/#\/schema\/logo\/image\/\"},\"sameAs\":[\"https:\/\/www.facebook.com\/PrijedorDanasCom\/\"]},{\"@type\":\"Person\",\"@id\":\"https:\/\/www.prijedordanas.com\/#\/schema\/person\/4e08ccf29b506ca916ff86d46bb700e6\",\"name\":\"admin\",\"image\":{\"@type\":\"ImageObject\",\"inLanguage\":\"en-US\",\"@id\":\"https:\/\/www.prijedordanas.com\/#\/schema\/person\/image\/\",\"url\":\"https:\/\/secure.gravatar.com\/avatar\/1d3fc949d550f0b53a5f0d51e06dfd79?s=96&d=mm&r=g\",\"contentUrl\":\"https:\/\/secure.gravatar.com\/avatar\/1d3fc949d550f0b53a5f0d51e06dfd79?s=96&d=mm&r=g\",\"caption\":\"admin\"},\"url\":\"https:\/\/www.prijedordanas.com\/?author=1\"}]}<\/script>\n<!-- \/ Yoast SEO plugin. -->","yoast_head_json":{"title":"Naru\u010dilac ubistva Radenka Ba\u0161i\u0107a osu\u0111en mjesec dana ranije: Dugi pretukao mladi\u0107a u Prijedoru samo zato \u0161to je Bo\u0161njak - PrijedorDanas.com - Prijedorski gradski portal","robots":{"index":"index","follow":"follow","max-snippet":"max-snippet:-1","max-image-preview":"max-image-preview:large","max-video-preview":"max-video-preview:-1"},"canonical":"https:\/\/www.prijedordanas.com\/?p=184225","og_locale":"en_US","og_type":"article","og_title":"Naru\u010dilac ubistva Radenka Ba\u0161i\u0107a osu\u0111en mjesec dana ranije: Dugi pretukao mladi\u0107a u Prijedoru samo zato \u0161to je Bo\u0161njak - PrijedorDanas.com - Prijedorski gradski portal","og_description":"Dalibor Raili\u0107 zvani Dugi, koji je uhap\u0161en zbog sumnje da je naru\u010dio ubistvo Radenka Ba\u0161i\u0107a, na\u010delnika kriminalisti\u010dke policije PU Prijedor, samo mjesec prije atentata osu\u0111en je na \u0161est mjeseci zatvora [&hellip;]","og_url":"https:\/\/www.prijedordanas.com\/?p=184225","og_site_name":"PrijedorDanas.com - Prijedorski gradski portal","article_publisher":"https:\/\/www.facebook.com\/PrijedorDanasCom\/","article_published_time":"2022-04-10T19:21:38+00:00","og_image":[{"url":"https:\/\/www.prijedordanas.com\/wp-content\/uploads\/2022\/03\/tuzilastvo-bih-dalibor-railic-1-300x265.jpg"}],"author":"admin","twitter_card":"summary_large_image","twitter_misc":{"Written by":"admin","Est. reading time":"2 minutes"},"schema":{"@context":"https:\/\/schema.org","@graph":[{"@type":"Article","@id":"https:\/\/www.prijedordanas.com\/?p=184225#article","isPartOf":{"@id":"https:\/\/www.prijedordanas.com\/?p=184225"},"author":{"name":"admin","@id":"https:\/\/www.prijedordanas.com\/#\/schema\/person\/4e08ccf29b506ca916ff86d46bb700e6"},"headline":"Naru\u010dilac ubistva Radenka Ba\u0161i\u0107a osu\u0111en mjesec dana ranije: Dugi pretukao mladi\u0107a u Prijedoru samo zato \u0161to je Bo\u0161njak","datePublished":"2022-04-10T19:21:38+00:00","dateModified":"2022-04-10T19:21:38+00:00","mainEntityOfPage":{"@id":"https:\/\/www.prijedordanas.com\/?p=184225"},"wordCount":457,"publisher":{"@id":"https:\/\/www.prijedordanas.com\/#organization"},"articleSection":["Hronika"],"inLanguage":"en-US"},{"@type":"WebPage","@id":"https:\/\/www.prijedordanas.com\/?p=184225","url":"https:\/\/www.prijedordanas.com\/?p=184225","name":"Naru\u010dilac ubistva Radenka Ba\u0161i\u0107a osu\u0111en mjesec dana ranije: Dugi pretukao mladi\u0107a u Prijedoru samo zato \u0161to je Bo\u0161njak - PrijedorDanas.com - Prijedorski gradski portal","isPartOf":{"@id":"https:\/\/www.prijedordanas.com\/#website"},"datePublished":"2022-04-10T19:21:38+00:00","dateModified":"2022-04-10T19:21:38+00:00","breadcrumb":{"@id":"https:\/\/www.prijedordanas.com\/?p=184225#breadcrumb"},"inLanguage":"en-US","potentialAction":[{"@type":"ReadAction","target":["https:\/\/www.prijedordanas.com\/?p=184225"]}]},{"@type":"BreadcrumbList","@id":"https:\/\/www.prijedordanas.com\/?p=184225#breadcrumb","itemListElement":[{"@type":"ListItem","position":1,"name":"Home","item":"https:\/\/www.prijedordanas.com\/"},{"@type":"ListItem","position":2,"name":"Naru\u010dilac ubistva Radenka Ba\u0161i\u0107a osu\u0111en mjesec dana ranije: Dugi pretukao mladi\u0107a u Prijedoru samo zato \u0161to je Bo\u0161njak"}]},{"@type":"WebSite","@id":"https:\/\/www.prijedordanas.com\/#website","url":"https:\/\/www.prijedordanas.com\/","name":"PrijedorDanas.com - Prijedorski gradski portal","description":"Portal o doga\u0111anjima u gradu Prijedoru","publisher":{"@id":"https:\/\/www.prijedordanas.com\/#organization"},"potentialAction":[{"@type":"SearchAction","target":{"@type":"EntryPoint","urlTemplate":"https:\/\/www.prijedordanas.com\/?s={search_term_string}"},"query-input":"required name=search_term_string"}],"inLanguage":"en-US"},{"@type":"Organization","@id":"https:\/\/www.prijedordanas.com\/#organization","name":"PrijedorDanas.com","url":"https:\/\/www.prijedordanas.com\/","logo":{"@type":"ImageObject","inLanguage":"en-US","@id":"https:\/\/www.prijedordanas.com\/#\/schema\/logo\/image\/","url":"http:\/\/www.prijedordanas.com\/wp-content\/uploads\/2021\/12\/logopng.png","contentUrl":"http:\/\/www.prijedordanas.com\/wp-content\/uploads\/2021\/12\/logopng.png","width":1019,"height":776,"caption":"PrijedorDanas.com"},"image":{"@id":"https:\/\/www.prijedordanas.com\/#\/schema\/logo\/image\/"},"sameAs":["https:\/\/www.facebook.com\/PrijedorDanasCom\/"]},{"@type":"Person","@id":"https:\/\/www.prijedordanas.com\/#\/schema\/person\/4e08ccf29b506ca916ff86d46bb700e6","name":"admin","image":{"@type":"ImageObject","inLanguage":"en-US","@id":"https:\/\/www.prijedordanas.com\/#\/schema\/person\/image\/","url":"https:\/\/secure.gravatar.com\/avatar\/1d3fc949d550f0b53a5f0d51e06dfd79?s=96&d=mm&r=g","contentUrl":"https:\/\/secure.gravatar.com\/avatar\/1d3fc949d550f0b53a5f0d51e06dfd79?s=96&d=mm&r=g","caption":"admin"},"url":"https:\/\/www.prijedordanas.com\/?author=1"}]}},"_links":{"self":[{"href":"https:\/\/www.prijedordanas.com\/index.php?rest_route=\/wp\/v2\/posts\/184225"}],"collection":[{"href":"https:\/\/www.prijedordanas.com\/index.php?rest_route=\/wp\/v2\/posts"}],"about":[{"href":"https:\/\/www.prijedordanas.com\/index.php?rest_route=\/wp\/v2\/types\/post"}],"author":[{"embeddable":true,"href":"https:\/\/www.prijedordanas.com\/index.php?rest_route=\/wp\/v2\/users\/1"}],"replies":[{"embeddable":true,"href":"https:\/\/www.prijedordanas.com\/index.php?rest_route=%2Fwp%2Fv2%2Fcomments&post=184225"}],"version-history":[{"count":1,"href":"https:\/\/www.prijedordanas.com\/index.php?rest_route=\/wp\/v2\/posts\/184225\/revisions"}],"predecessor-version":[{"id":184226,"href":"https:\/\/www.prijedordanas.com\/index.php?rest_route=\/wp\/v2\/posts\/184225\/revisions\/184226"}],"wp:attachment":[{"href":"https:\/\/www.prijedordanas.com\/index.php?rest_route=%2Fwp%2Fv2%2Fmedia&parent=184225"}],"wp:term":[{"taxonomy":"category","embeddable":true,"href":"https:\/\/www.prijedordanas.com\/index.php?rest_route=%2Fwp%2Fv2%2Fcategories&post=184225"},{"taxonomy":"post_tag","embeddable":true,"href":"https:\/\/www.prijedordanas.com\/index.php?rest_route=%2Fwp%2Fv2%2Ftags&post=184225"}],"curies":[{"name":"wp","href":"https:\/\/api.w.org\/{rel}","templated":true}]}}