{"id":184140,"date":"2022-04-09T00:00:03","date_gmt":"2022-04-08T22:00:03","guid":{"rendered":"https:\/\/www.prijedordanas.com\/?p=184140"},"modified":"2022-04-09T00:00:03","modified_gmt":"2022-04-08T22:00:03","slug":"u-prijedorskim-vocnjacima-zanemarljive-stete-od-mraza-video","status":"publish","type":"post","link":"https:\/\/www.prijedordanas.com\/?p=184140","title":{"rendered":"U prijedorskim vo\u0107njacima zanemarljive \u0161tete od mraza &#8211; VIDEO"},"content":{"rendered":"<p><a href=\"https:\/\/www.prijedordanas.com\/wp-content\/uploads\/2022\/04\/kozarski-vocke-cvjetanje.jpg\"><img loading=\"lazy\" decoding=\"async\" src=\"https:\/\/www.prijedordanas.com\/wp-content\/uploads\/2022\/04\/kozarski-vocke-cvjetanje-300x225.jpg\" alt=\"\" width=\"300\" height=\"225\" class=\"alignleft size-medium wp-image-184141\" srcset=\"https:\/\/www.prijedordanas.com\/wp-content\/uploads\/2022\/04\/kozarski-vocke-cvjetanje-300x225.jpg 300w, https:\/\/www.prijedordanas.com\/wp-content\/uploads\/2022\/04\/kozarski-vocke-cvjetanje-640x480.jpg 640w, https:\/\/www.prijedordanas.com\/wp-content\/uploads\/2022\/04\/kozarski-vocke-cvjetanje.jpg 667w\" sizes=\"(max-width: 300px) 100vw, 300px\" \/><\/a>Mraz i niske temperature po\u010detkom aprila, upla\u0161ile su vo\u0107are da \u0107e im se ponoviti gubici u vo\u0107njacima, kao i prethodnih godina. Sre\u0107om, \u0161tete su zanemarljive, a ako se ne dese kasni prolje\u0107ni mrazevi, mo\u017ee se o\u010dekivati dobar prinos vo\u0107a. Prijedorski vo\u0107ari godinama pri\u017eeljkuju dobar rod. \u0160ljiva po kojoj je potkozarski kraj dobro poznat, gotovo da je dobila status egzoti\u010dnog vo\u0107a. Mnogo bolje lani nije pro\u0161la ni kru\u0161ka, a i prinos jabuke bio je zna\u010dajno smanjen. Snijeg i niske temperature proteklih dana, izazvali su zabrinutost proizvo\u0111a\u010da, me\u0111utim, odahnuli su nakon obilaska procvjetalih stabala.<\/p>\n<p>\u201c\u0160tete su zanemarljive. Nadamo se da \u0107e, kona\u010dno, do\u0107i ljep\u0161e vrijeme, da \u0107e otopliti i da \u0107emo prebroditi problem kasnih proljetnih mrazeva, koji nas optere\u0107uje ve\u0107 du\u017ei niz godina. To malo \u0161tete \u0161to je bilo, uglavnom je na \u0161ljivama, sre\u0107om u zanemarljivom obimu\u201d, rekao je Mladen Marijanovi\u0107, predsjednik Udru\u017eenja vo\u0107ara Prijedor.<\/p>\n<p>Predstavnici prijedorskog Resora za pru\u017eanje stru\u010dnih usluga u poljoprivredi, ovih dana su obilazili teren kako bi provjerili stanje vo\u0107nih zasada. Potvr\u0111eno je da nisu pri\u010dinjene zna\u010dajnije \u0161tete.<\/p>\n<p>\u201cDetektovali smo na biljkama odre\u0111en broj stradalih cvjetova, ali s obzirom da imamo visok rodni potencijal ove godine, ovakvo stanje ne\u0107e se odraziti na potencijalni prinos ove sezone. Stanje ovakvo kakvo jeste je dobro. Vo\u0107ari bi trebalo da nastave agrotehni\u010dke mjere po planu, bez nekih dodatnih intervencija\u201d, poru\u010dio je Mirko Joki\u0107, vi\u0161i stru\u010dni saradnik za vo\u0107arstvo.<\/p>\n<p>Ve\u0107ina vo\u0107nih kultura nalazi se u fazi cvjetanja, a to je i period intenzivne za\u0161tite vo\u0107a od bolesti i \u0161teto\u010dina. Iskusniji proizvo\u0111a\u010di apeluju na mla\u0111e kolege da \u010duvaju cvijet i p\u010dele od insekticida, jer, kako ka\u017eu, mnogo je bolji prinos i kvalitet vo\u0107a ukoliko p\u010dele i vo\u0107ari rade zajedno.<\/p>\n<p>kozarski.com<\/p>\n<p><iframe loading=\"lazy\" title=\"U PRIJEDORSKIM VO\u0106NJACIMA ZANEMARLJIVE \u0160TETE OD MRAZA\" width=\"500\" height=\"281\" src=\"https:\/\/www.youtube.com\/embed\/u9F_yikIKtE?feature=oembed\" frameborder=\"0\" allow=\"accelerometer; autoplay; clipboard-write; encrypted-media; gyroscope; picture-in-picture\" allowfullscreen><\/iframe><\/p>\n","protected":false},"excerpt":{"rendered":"<p>Mraz i niske temperature po\u010detkom aprila, upla\u0161ile su vo\u0107are da \u0107e im se ponoviti gubici u vo\u0107njacima, kao i prethodnih godina. Sre\u0107om, \u0161tete su zanemarljive, a ako se ne dese [&hellip;]<\/p>\n","protected":false},"author":1,"featured_media":0,"comment_status":"closed","ping_status":"open","sticky":false,"template":"","format":"standard","meta":{"_monsterinsights_skip_tracking":false,"_monsterinsights_sitenote_active":false,"_monsterinsights_sitenote_note":"","_monsterinsights_sitenote_category":0,"footnotes":""},"categories":[8],"tags":[],"yoast_head":"<!-- This site is optimized with the Yoast SEO plugin v21.6 - https:\/\/yoast.com\/wordpress\/plugins\/seo\/ -->\n<title>U prijedorskim vo\u0107njacima zanemarljive \u0161tete od mraza - VIDEO - PrijedorDanas.com - Prijedorski gradski portal<\/title>\n<meta name=\"robots\" content=\"index, follow, max-snippet:-1, max-image-preview:large, max-video-preview:-1\" \/>\n<link rel=\"canonical\" href=\"https:\/\/www.prijedordanas.com\/?p=184140\" \/>\n<meta property=\"og:locale\" content=\"en_US\" \/>\n<meta property=\"og:type\" content=\"article\" \/>\n<meta property=\"og:title\" content=\"U prijedorskim vo\u0107njacima zanemarljive \u0161tete od mraza - VIDEO - PrijedorDanas.com - Prijedorski gradski portal\" \/>\n<meta property=\"og:description\" content=\"Mraz i niske temperature po\u010detkom aprila, upla\u0161ile su vo\u0107are da \u0107e im se ponoviti gubici u vo\u0107njacima, kao i prethodnih godina. Sre\u0107om, \u0161tete su zanemarljive, a ako se ne dese [&hellip;]\" \/>\n<meta property=\"og:url\" content=\"https:\/\/www.prijedordanas.com\/?p=184140\" \/>\n<meta property=\"og:site_name\" content=\"PrijedorDanas.com - Prijedorski gradski portal\" \/>\n<meta property=\"article:publisher\" content=\"https:\/\/www.facebook.com\/PrijedorDanasCom\/\" \/>\n<meta property=\"article:published_time\" content=\"2022-04-08T22:00:03+00:00\" \/>\n<meta property=\"og:image\" content=\"https:\/\/www.prijedordanas.com\/wp-content\/uploads\/2022\/04\/kozarski-vocke-cvjetanje-300x225.jpg\" \/>\n<meta name=\"author\" content=\"admin\" \/>\n<meta name=\"twitter:card\" content=\"summary_large_image\" \/>\n<meta name=\"twitter:label1\" content=\"Written by\" \/>\n\t<meta name=\"twitter:data1\" content=\"admin\" \/>\n\t<meta name=\"twitter:label2\" content=\"Est. reading time\" \/>\n\t<meta name=\"twitter:data2\" content=\"2 minutes\" \/>\n<script type=\"application\/ld+json\" class=\"yoast-schema-graph\">{\"@context\":\"https:\/\/schema.org\",\"@graph\":[{\"@type\":\"Article\",\"@id\":\"https:\/\/www.prijedordanas.com\/?p=184140#article\",\"isPartOf\":{\"@id\":\"https:\/\/www.prijedordanas.com\/?p=184140\"},\"author\":{\"name\":\"admin\",\"@id\":\"https:\/\/www.prijedordanas.com\/#\/schema\/person\/4e08ccf29b506ca916ff86d46bb700e6\"},\"headline\":\"U prijedorskim vo\u0107njacima zanemarljive \u0161tete od mraza &#8211; VIDEO\",\"datePublished\":\"2022-04-08T22:00:03+00:00\",\"dateModified\":\"2022-04-08T22:00:03+00:00\",\"mainEntityOfPage\":{\"@id\":\"https:\/\/www.prijedordanas.com\/?p=184140\"},\"wordCount\":347,\"publisher\":{\"@id\":\"https:\/\/www.prijedordanas.com\/#organization\"},\"articleSection\":[\"Svakodnevno\"],\"inLanguage\":\"en-US\"},{\"@type\":\"WebPage\",\"@id\":\"https:\/\/www.prijedordanas.com\/?p=184140\",\"url\":\"https:\/\/www.prijedordanas.com\/?p=184140\",\"name\":\"U prijedorskim vo\u0107njacima zanemarljive \u0161tete od mraza - VIDEO - PrijedorDanas.com - Prijedorski gradski portal\",\"isPartOf\":{\"@id\":\"https:\/\/www.prijedordanas.com\/#website\"},\"datePublished\":\"2022-04-08T22:00:03+00:00\",\"dateModified\":\"2022-04-08T22:00:03+00:00\",\"breadcrumb\":{\"@id\":\"https:\/\/www.prijedordanas.com\/?p=184140#breadcrumb\"},\"inLanguage\":\"en-US\",\"potentialAction\":[{\"@type\":\"ReadAction\",\"target\":[\"https:\/\/www.prijedordanas.com\/?p=184140\"]}]},{\"@type\":\"BreadcrumbList\",\"@id\":\"https:\/\/www.prijedordanas.com\/?p=184140#breadcrumb\",\"itemListElement\":[{\"@type\":\"ListItem\",\"position\":1,\"name\":\"Home\",\"item\":\"https:\/\/www.prijedordanas.com\/\"},{\"@type\":\"ListItem\",\"position\":2,\"name\":\"U prijedorskim vo\u0107njacima zanemarljive \u0161tete od mraza &#8211; VIDEO\"}]},{\"@type\":\"WebSite\",\"@id\":\"https:\/\/www.prijedordanas.com\/#website\",\"url\":\"https:\/\/www.prijedordanas.com\/\",\"name\":\"PrijedorDanas.com - Prijedorski gradski portal\",\"description\":\"Portal o doga\u0111anjima u gradu Prijedoru\",\"publisher\":{\"@id\":\"https:\/\/www.prijedordanas.com\/#organization\"},\"potentialAction\":[{\"@type\":\"SearchAction\",\"target\":{\"@type\":\"EntryPoint\",\"urlTemplate\":\"https:\/\/www.prijedordanas.com\/?s={search_term_string}\"},\"query-input\":\"required name=search_term_string\"}],\"inLanguage\":\"en-US\"},{\"@type\":\"Organization\",\"@id\":\"https:\/\/www.prijedordanas.com\/#organization\",\"name\":\"PrijedorDanas.com\",\"url\":\"https:\/\/www.prijedordanas.com\/\",\"logo\":{\"@type\":\"ImageObject\",\"inLanguage\":\"en-US\",\"@id\":\"https:\/\/www.prijedordanas.com\/#\/schema\/logo\/image\/\",\"url\":\"http:\/\/www.prijedordanas.com\/wp-content\/uploads\/2021\/12\/logopng.png\",\"contentUrl\":\"http:\/\/www.prijedordanas.com\/wp-content\/uploads\/2021\/12\/logopng.png\",\"width\":1019,\"height\":776,\"caption\":\"PrijedorDanas.com\"},\"image\":{\"@id\":\"https:\/\/www.prijedordanas.com\/#\/schema\/logo\/image\/\"},\"sameAs\":[\"https:\/\/www.facebook.com\/PrijedorDanasCom\/\"]},{\"@type\":\"Person\",\"@id\":\"https:\/\/www.prijedordanas.com\/#\/schema\/person\/4e08ccf29b506ca916ff86d46bb700e6\",\"name\":\"admin\",\"image\":{\"@type\":\"ImageObject\",\"inLanguage\":\"en-US\",\"@id\":\"https:\/\/www.prijedordanas.com\/#\/schema\/person\/image\/\",\"url\":\"https:\/\/secure.gravatar.com\/avatar\/1d3fc949d550f0b53a5f0d51e06dfd79?s=96&d=mm&r=g\",\"contentUrl\":\"https:\/\/secure.gravatar.com\/avatar\/1d3fc949d550f0b53a5f0d51e06dfd79?s=96&d=mm&r=g\",\"caption\":\"admin\"},\"url\":\"https:\/\/www.prijedordanas.com\/?author=1\"}]}<\/script>\n<!-- \/ Yoast SEO plugin. -->","yoast_head_json":{"title":"U prijedorskim vo\u0107njacima zanemarljive \u0161tete od mraza - VIDEO - PrijedorDanas.com - Prijedorski gradski portal","robots":{"index":"index","follow":"follow","max-snippet":"max-snippet:-1","max-image-preview":"max-image-preview:large","max-video-preview":"max-video-preview:-1"},"canonical":"https:\/\/www.prijedordanas.com\/?p=184140","og_locale":"en_US","og_type":"article","og_title":"U prijedorskim vo\u0107njacima zanemarljive \u0161tete od mraza - VIDEO - PrijedorDanas.com - Prijedorski gradski portal","og_description":"Mraz i niske temperature po\u010detkom aprila, upla\u0161ile su vo\u0107are da \u0107e im se ponoviti gubici u vo\u0107njacima, kao i prethodnih godina. Sre\u0107om, \u0161tete su zanemarljive, a ako se ne dese [&hellip;]","og_url":"https:\/\/www.prijedordanas.com\/?p=184140","og_site_name":"PrijedorDanas.com - Prijedorski gradski portal","article_publisher":"https:\/\/www.facebook.com\/PrijedorDanasCom\/","article_published_time":"2022-04-08T22:00:03+00:00","og_image":[{"url":"https:\/\/www.prijedordanas.com\/wp-content\/uploads\/2022\/04\/kozarski-vocke-cvjetanje-300x225.jpg"}],"author":"admin","twitter_card":"summary_large_image","twitter_misc":{"Written by":"admin","Est. reading time":"2 minutes"},"schema":{"@context":"https:\/\/schema.org","@graph":[{"@type":"Article","@id":"https:\/\/www.prijedordanas.com\/?p=184140#article","isPartOf":{"@id":"https:\/\/www.prijedordanas.com\/?p=184140"},"author":{"name":"admin","@id":"https:\/\/www.prijedordanas.com\/#\/schema\/person\/4e08ccf29b506ca916ff86d46bb700e6"},"headline":"U prijedorskim vo\u0107njacima zanemarljive \u0161tete od mraza &#8211; VIDEO","datePublished":"2022-04-08T22:00:03+00:00","dateModified":"2022-04-08T22:00:03+00:00","mainEntityOfPage":{"@id":"https:\/\/www.prijedordanas.com\/?p=184140"},"wordCount":347,"publisher":{"@id":"https:\/\/www.prijedordanas.com\/#organization"},"articleSection":["Svakodnevno"],"inLanguage":"en-US"},{"@type":"WebPage","@id":"https:\/\/www.prijedordanas.com\/?p=184140","url":"https:\/\/www.prijedordanas.com\/?p=184140","name":"U prijedorskim vo\u0107njacima zanemarljive \u0161tete od mraza - VIDEO - PrijedorDanas.com - Prijedorski gradski portal","isPartOf":{"@id":"https:\/\/www.prijedordanas.com\/#website"},"datePublished":"2022-04-08T22:00:03+00:00","dateModified":"2022-04-08T22:00:03+00:00","breadcrumb":{"@id":"https:\/\/www.prijedordanas.com\/?p=184140#breadcrumb"},"inLanguage":"en-US","potentialAction":[{"@type":"ReadAction","target":["https:\/\/www.prijedordanas.com\/?p=184140"]}]},{"@type":"BreadcrumbList","@id":"https:\/\/www.prijedordanas.com\/?p=184140#breadcrumb","itemListElement":[{"@type":"ListItem","position":1,"name":"Home","item":"https:\/\/www.prijedordanas.com\/"},{"@type":"ListItem","position":2,"name":"U prijedorskim vo\u0107njacima zanemarljive \u0161tete od mraza &#8211; VIDEO"}]},{"@type":"WebSite","@id":"https:\/\/www.prijedordanas.com\/#website","url":"https:\/\/www.prijedordanas.com\/","name":"PrijedorDanas.com - Prijedorski gradski portal","description":"Portal o doga\u0111anjima u gradu Prijedoru","publisher":{"@id":"https:\/\/www.prijedordanas.com\/#organization"},"potentialAction":[{"@type":"SearchAction","target":{"@type":"EntryPoint","urlTemplate":"https:\/\/www.prijedordanas.com\/?s={search_term_string}"},"query-input":"required name=search_term_string"}],"inLanguage":"en-US"},{"@type":"Organization","@id":"https:\/\/www.prijedordanas.com\/#organization","name":"PrijedorDanas.com","url":"https:\/\/www.prijedordanas.com\/","logo":{"@type":"ImageObject","inLanguage":"en-US","@id":"https:\/\/www.prijedordanas.com\/#\/schema\/logo\/image\/","url":"http:\/\/www.prijedordanas.com\/wp-content\/uploads\/2021\/12\/logopng.png","contentUrl":"http:\/\/www.prijedordanas.com\/wp-content\/uploads\/2021\/12\/logopng.png","width":1019,"height":776,"caption":"PrijedorDanas.com"},"image":{"@id":"https:\/\/www.prijedordanas.com\/#\/schema\/logo\/image\/"},"sameAs":["https:\/\/www.facebook.com\/PrijedorDanasCom\/"]},{"@type":"Person","@id":"https:\/\/www.prijedordanas.com\/#\/schema\/person\/4e08ccf29b506ca916ff86d46bb700e6","name":"admin","image":{"@type":"ImageObject","inLanguage":"en-US","@id":"https:\/\/www.prijedordanas.com\/#\/schema\/person\/image\/","url":"https:\/\/secure.gravatar.com\/avatar\/1d3fc949d550f0b53a5f0d51e06dfd79?s=96&d=mm&r=g","contentUrl":"https:\/\/secure.gravatar.com\/avatar\/1d3fc949d550f0b53a5f0d51e06dfd79?s=96&d=mm&r=g","caption":"admin"},"url":"https:\/\/www.prijedordanas.com\/?author=1"}]}},"_links":{"self":[{"href":"https:\/\/www.prijedordanas.com\/index.php?rest_route=\/wp\/v2\/posts\/184140"}],"collection":[{"href":"https:\/\/www.prijedordanas.com\/index.php?rest_route=\/wp\/v2\/posts"}],"about":[{"href":"https:\/\/www.prijedordanas.com\/index.php?rest_route=\/wp\/v2\/types\/post"}],"author":[{"embeddable":true,"href":"https:\/\/www.prijedordanas.com\/index.php?rest_route=\/wp\/v2\/users\/1"}],"replies":[{"embeddable":true,"href":"https:\/\/www.prijedordanas.com\/index.php?rest_route=%2Fwp%2Fv2%2Fcomments&post=184140"}],"version-history":[{"count":1,"href":"https:\/\/www.prijedordanas.com\/index.php?rest_route=\/wp\/v2\/posts\/184140\/revisions"}],"predecessor-version":[{"id":184142,"href":"https:\/\/www.prijedordanas.com\/index.php?rest_route=\/wp\/v2\/posts\/184140\/revisions\/184142"}],"wp:attachment":[{"href":"https:\/\/www.prijedordanas.com\/index.php?rest_route=%2Fwp%2Fv2%2Fmedia&parent=184140"}],"wp:term":[{"taxonomy":"category","embeddable":true,"href":"https:\/\/www.prijedordanas.com\/index.php?rest_route=%2Fwp%2Fv2%2Fcategories&post=184140"},{"taxonomy":"post_tag","embeddable":true,"href":"https:\/\/www.prijedordanas.com\/index.php?rest_route=%2Fwp%2Fv2%2Ftags&post=184140"}],"curies":[{"name":"wp","href":"https:\/\/api.w.org\/{rel}","templated":true}]}}