{"id":184068,"date":"2022-04-07T15:16:28","date_gmt":"2022-04-07T13:16:28","guid":{"rendered":"https:\/\/www.prijedordanas.com\/?p=184068"},"modified":"2022-04-07T15:16:28","modified_gmt":"2022-04-07T13:16:28","slug":"muzej-kozare-veceras-otvaranje-likovne-izlozbe-i-predstavljanje-brosure-rudolf-rudi-slacala","status":"publish","type":"post","link":"https:\/\/www.prijedordanas.com\/?p=184068","title":{"rendered":"Muzej Kozare: Ve\u010deras otvaranje likovne izlo\u017ebe i predstavljanje bro\u0161ure &#8220;Rudolf Rudi Sla\u010dala&#8221;"},"content":{"rendered":"<p><a href=\"https:\/\/www.prijedordanas.com\/wp-content\/uploads\/2022\/04\/muzej-kozare-slacala-plakat.jpg\"><img loading=\"lazy\" decoding=\"async\" src=\"https:\/\/www.prijedordanas.com\/wp-content\/uploads\/2022\/04\/muzej-kozare-slacala-plakat-210x300.jpg\" alt=\"\" width=\"210\" height=\"300\" class=\"alignleft size-medium wp-image-184069\" srcset=\"https:\/\/www.prijedordanas.com\/wp-content\/uploads\/2022\/04\/muzej-kozare-slacala-plakat-210x300.jpg 210w, https:\/\/www.prijedordanas.com\/wp-content\/uploads\/2022\/04\/muzej-kozare-slacala-plakat.jpg 452w\" sizes=\"(max-width: 210px) 100vw, 210px\" \/><\/a>Izlo\u017eba radova prijedorskog umjetnika Rudolfa Rudija Sla\u010dala (1946 &#8211; 2015) \u0107e biti zvani\u010dno otvorena 7. aprila ove godine u 20 \u010dasova. <\/p>\n<p>Prire\u0111ivanje bro\u0161ure pod istim nazivom &#8220;Rudolf Rudi Sla\u010dala&#8221; pomoglo je Udru\u017eenje \u010ceha &#8220;\u010ceska beseda&#8221;.<\/p>\n<p>Izlo\u017eba \u0107e biti dostupna za posjetioce do 6. maja 2022. godine.<\/p>\n<p>Rudolf Rudi Sla\u010dala, slikar, dizajner, skulptor, likovni performer, je bio jedan od rijetkih i pravih samostalnih likovnih umjetnika za kojeg se sa sigurno\u0161\u0107u moglo re\u0107i da je u skoro svim likovnim kategorijama postizao izvanredna ostvarenja.<\/p>\n<p>Nakon okon\u010danja \u0160kole primjenjenih umjetnosti (zidne tehnike) u Sarajevu, radio je kao dizajner u Fabrici papira &#8220;Celpak&#8221;.<\/p>\n<p>Nakon brojnih nagrada za likovna rje\u0161enja amblema gradova, ustanova i preduze\u0107a \u0161irom nekada\u0161nje Jugoslavije, Rudi je izabrao put samostalnog, slobodnog umjetnika, \u0161to je ostao do kraja \u017eivota.<\/p>\n<p>Rudi je bio izvanredan mozai\u010dar, kojeg je krasila strpljivost i upornost. Tehnikom koju je doveo do savr\u0161enstva, mozaike je radio prirodnim materijalima, najvi\u0161e kamenom a me\u0111u najzna\u010dajnijim su Svetohrani\u0161te i oltarski mozaik u katedrali Sv. Bonaventure u Banja Luci i lik Sv. Josipa u oltarskom dijelu katoli\u010dke crkve Sv. Josipa u Prijedoru.<\/p>\n<p>Rudijevo umjetni\u010dko stvarala\u0161tvo u posljednjih 20 godina njegovog rada, podijeljeno je u tri ciklusa : &#8220;Veliki prasak&#8221; (Big Bang), &#8220;Skulpture u prostoru&#8221; i &#8220;Instalacija na vodi&#8221;, postavljena na rijeci Sani u Prijedoru, tokom jula 2015. godine, a \u0161to je bio vrhunac njegovog stvarala\u0161tva, ali i njegovo opro\u0161tajno djelo. Rudolf Sla\u010dala preminuo je 12. avgusta 2015. godine.<\/p>\n<p>Mnoge nagrade koje je Rudi dobio za svoje stvarala\u0161tvo, kao i bezbroj realizovanih rje\u0161enja iz oblasti primjenjenih umjetnosti, dokaz su njegovog rafiniranog i istan\u010danog ukusa i osje\u0107aja za lijepim, estetsko \u010ditljivim, profesionalno likovnim rukopisom kojim je raspolagao. Zato i ne \u010dudi \u010dinjenica, koju mnogi i ne znaju, da je Rudi jedan od najvi\u0161e nagra\u0111ivanih umjetnika iz oblasti primjenjenih umjetnosti.<\/p>\n<p>Kao \u010dlan Udru\u017eenja likovnih umjetnika Prijedor, Rudi je u\u010destvovao je i u humanitarnim izlo\u017ebama, daruju\u0107i svoje izvanredne likovne radove.<\/p>\n<p>Njegova djela ostaju kao dokument o jednom vremenu i velikom \u010dovjeku, nemirnog duha i rasko\u0161nog talenta, \u010dija se umjetnost ne zaboravlja.<\/p>\n","protected":false},"excerpt":{"rendered":"<p>Izlo\u017eba radova prijedorskog umjetnika Rudolfa Rudija Sla\u010dala (1946 &#8211; 2015) \u0107e biti zvani\u010dno otvorena 7. aprila ove godine u 20 \u010dasova. Prire\u0111ivanje bro\u0161ure pod istim nazivom &#8220;Rudolf Rudi Sla\u010dala&#8221; pomoglo [&hellip;]<\/p>\n","protected":false},"author":1,"featured_media":0,"comment_status":"closed","ping_status":"open","sticky":false,"template":"","format":"standard","meta":{"_monsterinsights_skip_tracking":false,"_monsterinsights_sitenote_active":false,"_monsterinsights_sitenote_note":"","_monsterinsights_sitenote_category":0,"footnotes":""},"categories":[6],"tags":[],"yoast_head":"<!-- This site is optimized with the Yoast SEO plugin v21.6 - https:\/\/yoast.com\/wordpress\/plugins\/seo\/ -->\n<title>Muzej Kozare: Ve\u010deras otvaranje likovne izlo\u017ebe i predstavljanje bro\u0161ure &quot;Rudolf Rudi Sla\u010dala&quot; - PrijedorDanas.com - Prijedorski gradski portal<\/title>\n<meta name=\"robots\" content=\"index, follow, max-snippet:-1, max-image-preview:large, max-video-preview:-1\" \/>\n<link rel=\"canonical\" href=\"https:\/\/www.prijedordanas.com\/?p=184068\" \/>\n<meta property=\"og:locale\" content=\"en_US\" \/>\n<meta property=\"og:type\" content=\"article\" \/>\n<meta property=\"og:title\" content=\"Muzej Kozare: Ve\u010deras otvaranje likovne izlo\u017ebe i predstavljanje bro\u0161ure &quot;Rudolf Rudi Sla\u010dala&quot; - PrijedorDanas.com - Prijedorski gradski portal\" \/>\n<meta property=\"og:description\" content=\"Izlo\u017eba radova prijedorskog umjetnika Rudolfa Rudija Sla\u010dala (1946 &#8211; 2015) \u0107e biti zvani\u010dno otvorena 7. aprila ove godine u 20 \u010dasova. Prire\u0111ivanje bro\u0161ure pod istim nazivom &#8220;Rudolf Rudi Sla\u010dala&#8221; pomoglo [&hellip;]\" \/>\n<meta property=\"og:url\" content=\"https:\/\/www.prijedordanas.com\/?p=184068\" \/>\n<meta property=\"og:site_name\" content=\"PrijedorDanas.com - Prijedorski gradski portal\" \/>\n<meta property=\"article:publisher\" content=\"https:\/\/www.facebook.com\/PrijedorDanasCom\/\" \/>\n<meta property=\"article:published_time\" content=\"2022-04-07T13:16:28+00:00\" \/>\n<meta property=\"og:image\" content=\"https:\/\/www.prijedordanas.com\/wp-content\/uploads\/2022\/04\/muzej-kozare-slacala-plakat-210x300.jpg\" \/>\n<meta name=\"author\" content=\"admin\" \/>\n<meta name=\"twitter:card\" content=\"summary_large_image\" \/>\n<meta name=\"twitter:label1\" content=\"Written by\" \/>\n\t<meta name=\"twitter:data1\" content=\"admin\" \/>\n\t<meta name=\"twitter:label2\" content=\"Est. reading time\" \/>\n\t<meta name=\"twitter:data2\" content=\"2 minutes\" \/>\n<script type=\"application\/ld+json\" class=\"yoast-schema-graph\">{\"@context\":\"https:\/\/schema.org\",\"@graph\":[{\"@type\":\"Article\",\"@id\":\"https:\/\/www.prijedordanas.com\/?p=184068#article\",\"isPartOf\":{\"@id\":\"https:\/\/www.prijedordanas.com\/?p=184068\"},\"author\":{\"name\":\"admin\",\"@id\":\"https:\/\/www.prijedordanas.com\/#\/schema\/person\/4e08ccf29b506ca916ff86d46bb700e6\"},\"headline\":\"Muzej Kozare: Ve\u010deras otvaranje likovne izlo\u017ebe i predstavljanje bro\u0161ure &#8220;Rudolf Rudi Sla\u010dala&#8221;\",\"datePublished\":\"2022-04-07T13:16:28+00:00\",\"dateModified\":\"2022-04-07T13:16:28+00:00\",\"mainEntityOfPage\":{\"@id\":\"https:\/\/www.prijedordanas.com\/?p=184068\"},\"wordCount\":375,\"publisher\":{\"@id\":\"https:\/\/www.prijedordanas.com\/#organization\"},\"articleSection\":[\"Kultura\"],\"inLanguage\":\"en-US\"},{\"@type\":\"WebPage\",\"@id\":\"https:\/\/www.prijedordanas.com\/?p=184068\",\"url\":\"https:\/\/www.prijedordanas.com\/?p=184068\",\"name\":\"Muzej Kozare: Ve\u010deras otvaranje likovne izlo\u017ebe i predstavljanje bro\u0161ure \\\"Rudolf Rudi Sla\u010dala\\\" - PrijedorDanas.com - Prijedorski gradski portal\",\"isPartOf\":{\"@id\":\"https:\/\/www.prijedordanas.com\/#website\"},\"datePublished\":\"2022-04-07T13:16:28+00:00\",\"dateModified\":\"2022-04-07T13:16:28+00:00\",\"breadcrumb\":{\"@id\":\"https:\/\/www.prijedordanas.com\/?p=184068#breadcrumb\"},\"inLanguage\":\"en-US\",\"potentialAction\":[{\"@type\":\"ReadAction\",\"target\":[\"https:\/\/www.prijedordanas.com\/?p=184068\"]}]},{\"@type\":\"BreadcrumbList\",\"@id\":\"https:\/\/www.prijedordanas.com\/?p=184068#breadcrumb\",\"itemListElement\":[{\"@type\":\"ListItem\",\"position\":1,\"name\":\"Home\",\"item\":\"https:\/\/www.prijedordanas.com\/\"},{\"@type\":\"ListItem\",\"position\":2,\"name\":\"Muzej Kozare: Ve\u010deras otvaranje likovne izlo\u017ebe i predstavljanje bro\u0161ure &#8220;Rudolf Rudi Sla\u010dala&#8221;\"}]},{\"@type\":\"WebSite\",\"@id\":\"https:\/\/www.prijedordanas.com\/#website\",\"url\":\"https:\/\/www.prijedordanas.com\/\",\"name\":\"PrijedorDanas.com - Prijedorski gradski portal\",\"description\":\"Portal o doga\u0111anjima u gradu Prijedoru\",\"publisher\":{\"@id\":\"https:\/\/www.prijedordanas.com\/#organization\"},\"potentialAction\":[{\"@type\":\"SearchAction\",\"target\":{\"@type\":\"EntryPoint\",\"urlTemplate\":\"https:\/\/www.prijedordanas.com\/?s={search_term_string}\"},\"query-input\":\"required name=search_term_string\"}],\"inLanguage\":\"en-US\"},{\"@type\":\"Organization\",\"@id\":\"https:\/\/www.prijedordanas.com\/#organization\",\"name\":\"PrijedorDanas.com\",\"url\":\"https:\/\/www.prijedordanas.com\/\",\"logo\":{\"@type\":\"ImageObject\",\"inLanguage\":\"en-US\",\"@id\":\"https:\/\/www.prijedordanas.com\/#\/schema\/logo\/image\/\",\"url\":\"http:\/\/www.prijedordanas.com\/wp-content\/uploads\/2021\/12\/logopng.png\",\"contentUrl\":\"http:\/\/www.prijedordanas.com\/wp-content\/uploads\/2021\/12\/logopng.png\",\"width\":1019,\"height\":776,\"caption\":\"PrijedorDanas.com\"},\"image\":{\"@id\":\"https:\/\/www.prijedordanas.com\/#\/schema\/logo\/image\/\"},\"sameAs\":[\"https:\/\/www.facebook.com\/PrijedorDanasCom\/\"]},{\"@type\":\"Person\",\"@id\":\"https:\/\/www.prijedordanas.com\/#\/schema\/person\/4e08ccf29b506ca916ff86d46bb700e6\",\"name\":\"admin\",\"image\":{\"@type\":\"ImageObject\",\"inLanguage\":\"en-US\",\"@id\":\"https:\/\/www.prijedordanas.com\/#\/schema\/person\/image\/\",\"url\":\"https:\/\/secure.gravatar.com\/avatar\/1d3fc949d550f0b53a5f0d51e06dfd79?s=96&d=mm&r=g\",\"contentUrl\":\"https:\/\/secure.gravatar.com\/avatar\/1d3fc949d550f0b53a5f0d51e06dfd79?s=96&d=mm&r=g\",\"caption\":\"admin\"},\"url\":\"https:\/\/www.prijedordanas.com\/?author=1\"}]}<\/script>\n<!-- \/ Yoast SEO plugin. -->","yoast_head_json":{"title":"Muzej Kozare: Ve\u010deras otvaranje likovne izlo\u017ebe i predstavljanje bro\u0161ure \"Rudolf Rudi Sla\u010dala\" - PrijedorDanas.com - Prijedorski gradski portal","robots":{"index":"index","follow":"follow","max-snippet":"max-snippet:-1","max-image-preview":"max-image-preview:large","max-video-preview":"max-video-preview:-1"},"canonical":"https:\/\/www.prijedordanas.com\/?p=184068","og_locale":"en_US","og_type":"article","og_title":"Muzej Kozare: Ve\u010deras otvaranje likovne izlo\u017ebe i predstavljanje bro\u0161ure \"Rudolf Rudi Sla\u010dala\" - PrijedorDanas.com - Prijedorski gradski portal","og_description":"Izlo\u017eba radova prijedorskog umjetnika Rudolfa Rudija Sla\u010dala (1946 &#8211; 2015) \u0107e biti zvani\u010dno otvorena 7. aprila ove godine u 20 \u010dasova. Prire\u0111ivanje bro\u0161ure pod istim nazivom &#8220;Rudolf Rudi Sla\u010dala&#8221; pomoglo [&hellip;]","og_url":"https:\/\/www.prijedordanas.com\/?p=184068","og_site_name":"PrijedorDanas.com - Prijedorski gradski portal","article_publisher":"https:\/\/www.facebook.com\/PrijedorDanasCom\/","article_published_time":"2022-04-07T13:16:28+00:00","og_image":[{"url":"https:\/\/www.prijedordanas.com\/wp-content\/uploads\/2022\/04\/muzej-kozare-slacala-plakat-210x300.jpg"}],"author":"admin","twitter_card":"summary_large_image","twitter_misc":{"Written by":"admin","Est. reading time":"2 minutes"},"schema":{"@context":"https:\/\/schema.org","@graph":[{"@type":"Article","@id":"https:\/\/www.prijedordanas.com\/?p=184068#article","isPartOf":{"@id":"https:\/\/www.prijedordanas.com\/?p=184068"},"author":{"name":"admin","@id":"https:\/\/www.prijedordanas.com\/#\/schema\/person\/4e08ccf29b506ca916ff86d46bb700e6"},"headline":"Muzej Kozare: Ve\u010deras otvaranje likovne izlo\u017ebe i predstavljanje bro\u0161ure &#8220;Rudolf Rudi Sla\u010dala&#8221;","datePublished":"2022-04-07T13:16:28+00:00","dateModified":"2022-04-07T13:16:28+00:00","mainEntityOfPage":{"@id":"https:\/\/www.prijedordanas.com\/?p=184068"},"wordCount":375,"publisher":{"@id":"https:\/\/www.prijedordanas.com\/#organization"},"articleSection":["Kultura"],"inLanguage":"en-US"},{"@type":"WebPage","@id":"https:\/\/www.prijedordanas.com\/?p=184068","url":"https:\/\/www.prijedordanas.com\/?p=184068","name":"Muzej Kozare: Ve\u010deras otvaranje likovne izlo\u017ebe i predstavljanje bro\u0161ure \"Rudolf Rudi Sla\u010dala\" - PrijedorDanas.com - Prijedorski gradski portal","isPartOf":{"@id":"https:\/\/www.prijedordanas.com\/#website"},"datePublished":"2022-04-07T13:16:28+00:00","dateModified":"2022-04-07T13:16:28+00:00","breadcrumb":{"@id":"https:\/\/www.prijedordanas.com\/?p=184068#breadcrumb"},"inLanguage":"en-US","potentialAction":[{"@type":"ReadAction","target":["https:\/\/www.prijedordanas.com\/?p=184068"]}]},{"@type":"BreadcrumbList","@id":"https:\/\/www.prijedordanas.com\/?p=184068#breadcrumb","itemListElement":[{"@type":"ListItem","position":1,"name":"Home","item":"https:\/\/www.prijedordanas.com\/"},{"@type":"ListItem","position":2,"name":"Muzej Kozare: Ve\u010deras otvaranje likovne izlo\u017ebe i predstavljanje bro\u0161ure &#8220;Rudolf Rudi Sla\u010dala&#8221;"}]},{"@type":"WebSite","@id":"https:\/\/www.prijedordanas.com\/#website","url":"https:\/\/www.prijedordanas.com\/","name":"PrijedorDanas.com - Prijedorski gradski portal","description":"Portal o doga\u0111anjima u gradu Prijedoru","publisher":{"@id":"https:\/\/www.prijedordanas.com\/#organization"},"potentialAction":[{"@type":"SearchAction","target":{"@type":"EntryPoint","urlTemplate":"https:\/\/www.prijedordanas.com\/?s={search_term_string}"},"query-input":"required name=search_term_string"}],"inLanguage":"en-US"},{"@type":"Organization","@id":"https:\/\/www.prijedordanas.com\/#organization","name":"PrijedorDanas.com","url":"https:\/\/www.prijedordanas.com\/","logo":{"@type":"ImageObject","inLanguage":"en-US","@id":"https:\/\/www.prijedordanas.com\/#\/schema\/logo\/image\/","url":"http:\/\/www.prijedordanas.com\/wp-content\/uploads\/2021\/12\/logopng.png","contentUrl":"http:\/\/www.prijedordanas.com\/wp-content\/uploads\/2021\/12\/logopng.png","width":1019,"height":776,"caption":"PrijedorDanas.com"},"image":{"@id":"https:\/\/www.prijedordanas.com\/#\/schema\/logo\/image\/"},"sameAs":["https:\/\/www.facebook.com\/PrijedorDanasCom\/"]},{"@type":"Person","@id":"https:\/\/www.prijedordanas.com\/#\/schema\/person\/4e08ccf29b506ca916ff86d46bb700e6","name":"admin","image":{"@type":"ImageObject","inLanguage":"en-US","@id":"https:\/\/www.prijedordanas.com\/#\/schema\/person\/image\/","url":"https:\/\/secure.gravatar.com\/avatar\/1d3fc949d550f0b53a5f0d51e06dfd79?s=96&d=mm&r=g","contentUrl":"https:\/\/secure.gravatar.com\/avatar\/1d3fc949d550f0b53a5f0d51e06dfd79?s=96&d=mm&r=g","caption":"admin"},"url":"https:\/\/www.prijedordanas.com\/?author=1"}]}},"_links":{"self":[{"href":"https:\/\/www.prijedordanas.com\/index.php?rest_route=\/wp\/v2\/posts\/184068"}],"collection":[{"href":"https:\/\/www.prijedordanas.com\/index.php?rest_route=\/wp\/v2\/posts"}],"about":[{"href":"https:\/\/www.prijedordanas.com\/index.php?rest_route=\/wp\/v2\/types\/post"}],"author":[{"embeddable":true,"href":"https:\/\/www.prijedordanas.com\/index.php?rest_route=\/wp\/v2\/users\/1"}],"replies":[{"embeddable":true,"href":"https:\/\/www.prijedordanas.com\/index.php?rest_route=%2Fwp%2Fv2%2Fcomments&post=184068"}],"version-history":[{"count":1,"href":"https:\/\/www.prijedordanas.com\/index.php?rest_route=\/wp\/v2\/posts\/184068\/revisions"}],"predecessor-version":[{"id":184070,"href":"https:\/\/www.prijedordanas.com\/index.php?rest_route=\/wp\/v2\/posts\/184068\/revisions\/184070"}],"wp:attachment":[{"href":"https:\/\/www.prijedordanas.com\/index.php?rest_route=%2Fwp%2Fv2%2Fmedia&parent=184068"}],"wp:term":[{"taxonomy":"category","embeddable":true,"href":"https:\/\/www.prijedordanas.com\/index.php?rest_route=%2Fwp%2Fv2%2Fcategories&post=184068"},{"taxonomy":"post_tag","embeddable":true,"href":"https:\/\/www.prijedordanas.com\/index.php?rest_route=%2Fwp%2Fv2%2Ftags&post=184068"}],"curies":[{"name":"wp","href":"https:\/\/api.w.org\/{rel}","templated":true}]}}