{"id":184053,"date":"2022-04-07T02:53:54","date_gmt":"2022-04-07T00:53:54","guid":{"rendered":"https:\/\/www.prijedordanas.com\/?p=184053"},"modified":"2022-04-07T02:53:54","modified_gmt":"2022-04-07T00:53:54","slug":"zemljiste-jedina-nada-za-farmu-padan-u-petrovom-gaju-nadomak-prijedora","status":"publish","type":"post","link":"https:\/\/www.prijedordanas.com\/?p=184053","title":{"rendered":"Zemlji\u0161te jedina nada za farmu \u201cPa\u0111an\u201d u Petrovom Gaju nadomak Prijedora"},"content":{"rendered":"<p><a href=\"https:\/\/www.prijedordanas.com\/wp-content\/uploads\/2022\/04\/farma-padjan-najavila-gasenje-u-maju-4.jpg\"><img loading=\"lazy\" decoding=\"async\" class=\"alignleft size-medium wp-image-183743\" src=\"https:\/\/www.prijedordanas.com\/wp-content\/uploads\/2022\/04\/farma-padjan-najavila-gasenje-u-maju-4-300x225.jpg\" alt=\"\" width=\"300\" height=\"225\" srcset=\"https:\/\/www.prijedordanas.com\/wp-content\/uploads\/2022\/04\/farma-padjan-najavila-gasenje-u-maju-4-300x225.jpg 300w, https:\/\/www.prijedordanas.com\/wp-content\/uploads\/2022\/04\/farma-padjan-najavila-gasenje-u-maju-4-640x480.jpg 640w, https:\/\/www.prijedordanas.com\/wp-content\/uploads\/2022\/04\/farma-padjan-najavila-gasenje-u-maju-4.jpg 667w\" sizes=\"(max-width: 300px) 100vw, 300px\" \/><\/a>Dok su se drugi igrali, odlazili na ljetovanja i zimovanja, ja sam kosio travu, spremao ma\u0161ine za sezonu i provodio dane u traktoru da bih ne\u0161to ostvario. Sada sve to visi o koncu jer smo ostali bez zemlji\u0161ta, a nismo u stanju da svakodnevno kupujemo sto\u010dnu hranu.<\/p>\n<p>Ovim rije\u010dima razgovor za \u201cGlas Srpske\u201d zapo\u010deo je Danijel Pa\u0111an (21) koji brine o farmi \u201cPa\u0111an\u201d u Petrovom Gaju nadomak Prijedora kojoj prijeti zatvaranje ako uskoro ne bude rije\u0161en problem nedostatka zemlji\u0161ta za ispa\u0161u. Ovaj vrijedni mladi\u0107 ka\u017ee da mu ova situacija te\u0161ko pada jer je u sve ulo\u017eio mnogo truda i rada.<\/p>\n<p>Sav teret surovog \u017eivota pao je na mala le\u0111a Danijela koji je sa samo 13 godina ostao bez oca, pa od tada vrijedno poma\u017ee majci Biljani.<\/p>\n<p>&#8211; Od tada vodim brigu o farmi koja mi je jedini izvor prihoda. Radim od jutra do mraka, a svaki dan ustajem u pola pet. Zbog nedostatka zemlji\u0161ta za ispa\u0161u prisiljen sam da ugasim farmu od 50 grla. Ve\u0107 sedam godina pi\u0161em molbe i zahtjeve, ali niko nije na\u0161ao rje\u0161enje &#8211; rekao je Danijel dodaju\u0107i da ga \u010dak niko ni na razgovor nije pozvao, dok uredno izmiruje sve obaveze prema dr\u017eavi i op\u0161tini. Ako ne dobije zemlju, kako ka\u017ee, u maju \u0107e morati zatvoriti farmu, a to \u0107e, nagla\u0161ava, biti veliki udarac za ovu porodicu jer vole svoj posao i posve\u0107eni su mu.<\/p>\n<p><a href=\"https:\/\/www.prijedordanas.com\/wp-content\/uploads\/2022\/04\/farma-padjan-najavila-gasenje-u-maju-1.jpg\"><img loading=\"lazy\" decoding=\"async\" class=\"alignleft size-medium wp-image-183740\" src=\"https:\/\/www.prijedordanas.com\/wp-content\/uploads\/2022\/04\/farma-padjan-najavila-gasenje-u-maju-1-300x225.jpg\" alt=\"\" width=\"300\" height=\"225\" srcset=\"https:\/\/www.prijedordanas.com\/wp-content\/uploads\/2022\/04\/farma-padjan-najavila-gasenje-u-maju-1-300x225.jpg 300w, https:\/\/www.prijedordanas.com\/wp-content\/uploads\/2022\/04\/farma-padjan-najavila-gasenje-u-maju-1-640x480.jpg 640w, https:\/\/www.prijedordanas.com\/wp-content\/uploads\/2022\/04\/farma-padjan-najavila-gasenje-u-maju-1.jpg 667w\" sizes=\"(max-width: 300px) 100vw, 300px\" \/><\/a>Ispri\u010dao je da krave dnevno daju izme\u0111u 300 i 400 litara mlijeka, a mlijeko prodaju mljekari u Grada\u010dcu po cijeni od 0,59 KM.<\/p>\n<p>&#8211; Zemlji\u0161ta nemamo dovoljno. Kupovali smo sve \u017eitarice i na totalnom smo gubitku. U\u0161te\u0111evine \u0161to smo imali potro\u0161ili smo za nabavku \u017eitarica jer sada ide sjetva &#8211; pri\u010da majka Biljana. Objasnila je da bi situaciju tek ne\u0161to malo olak\u0161alo podizanje otkupne cijene mlijeka.<\/p>\n<p>Op\u0161tinska zemlja koju su nekada Pa\u0111ani obra\u0111ivali oduzeta im je i data drugoj, ve\u0107oj farmi, pri\u010da Biljana, naglasiv\u0161i da je ona bila jedina \u017eena, pri tome samohrana majka, koja je aplicirala za zemlju u Prijedoru.<\/p>\n<p>&#8211; Obra\u0111ivali smo parcelu od 200 dunuma, oduzeta nam je i data farmi koja ima ve\u0107i broj grla. Imamo neke manje povr\u0161ine u svom vlasni\u0161tvu i pod zakupom, te 8,5 hektara od resornog ministarstva. Ukupno je to oko 17 hektara, \u0161to je nedovoljno za proizvodnju i opstanak na\u0161e farme &#8211; kazala je Biljana.<\/p>\n<p>Objasnila je da \u0107e, ako im neko ne pomogne, biti primorani da prodaju sve jer nema, kako ka\u017ee, osnova da di\u017ee kredit da bi prehranila stoku.<\/p>\n<p>Jesenas su, pri\u010da ona, posijali manje zobi i p\u0161enice, a ostatak zemlji\u0161ta sa\u010duvali su da posiju kukuruz za sila\u017eu, jer zrno i koncentrate kupuju.<\/p>\n<p>Ova samohrana majka i njen sin istakli su da su sve repromaterijale do sada uspijevali nabaviti, ali usljed velikih poskupljenja vi\u0161e nisu u mogu\u0107nosti da to finansiraju.<\/p>\n<p>&#8211; Kukuruz ko\u0161ta 0,84 KM po kilogramu, soja 1,40 KM, dok cijene zobi i je\u010dma rastu skoro svakodnevno, a goveda sedmi\u010dno tro\u0161e vi\u0161e od tonu \u017eitarica &#8211; kazali su oni i dodali da bi pa\u0161njaci bili spas za njihovu farmu.<\/p>\n<p>Radna snaga<br \/>\nBiljana i Danijel Pa\u0111an ka\u017eu da veliki problem predstavlja i radna snaga. Sve je te\u017ee, kako ka\u017eu, prona\u0107i one koji \u017eele raditi na zemlji, a dnevnice nema ispod 50 KM. Ipak, Danijel sa svojim dru\u0161tvom uspijeva zavr\u0161iti sve poslove na njivama.<\/p>\n<p>&#8211; Posebno zahvaljujem svojim drugarima koji mi \u010desto poma\u017eu na imanju &#8211; rekao je Danijel.<\/p>\n<p>Glas Srpske<\/p>\n","protected":false},"excerpt":{"rendered":"<p>Dok su se drugi igrali, odlazili na ljetovanja i zimovanja, ja sam kosio travu, spremao ma\u0161ine za sezonu i provodio dane u traktoru da bih ne\u0161to ostvario. Sada sve to [&hellip;]<\/p>\n","protected":false},"author":1,"featured_media":0,"comment_status":"closed","ping_status":"open","sticky":false,"template":"","format":"standard","meta":{"_monsterinsights_skip_tracking":false,"_monsterinsights_sitenote_active":false,"_monsterinsights_sitenote_note":"","_monsterinsights_sitenote_category":0,"footnotes":""},"categories":[8],"tags":[],"yoast_head":"<!-- This site is optimized with the Yoast SEO plugin v21.6 - https:\/\/yoast.com\/wordpress\/plugins\/seo\/ -->\n<title>Zemlji\u0161te jedina nada za farmu \u201cPa\u0111an\u201d u Petrovom Gaju nadomak Prijedora - PrijedorDanas.com - Prijedorski gradski portal<\/title>\n<meta name=\"robots\" content=\"index, follow, max-snippet:-1, max-image-preview:large, max-video-preview:-1\" \/>\n<link rel=\"canonical\" href=\"https:\/\/www.prijedordanas.com\/?p=184053\" \/>\n<meta property=\"og:locale\" content=\"en_US\" \/>\n<meta property=\"og:type\" content=\"article\" \/>\n<meta property=\"og:title\" content=\"Zemlji\u0161te jedina nada za farmu \u201cPa\u0111an\u201d u Petrovom Gaju nadomak Prijedora - PrijedorDanas.com - Prijedorski gradski portal\" \/>\n<meta property=\"og:description\" content=\"Dok su se drugi igrali, odlazili na ljetovanja i zimovanja, ja sam kosio travu, spremao ma\u0161ine za sezonu i provodio dane u traktoru da bih ne\u0161to ostvario. Sada sve to [&hellip;]\" \/>\n<meta property=\"og:url\" content=\"https:\/\/www.prijedordanas.com\/?p=184053\" \/>\n<meta property=\"og:site_name\" content=\"PrijedorDanas.com - Prijedorski gradski portal\" \/>\n<meta property=\"article:publisher\" content=\"https:\/\/www.facebook.com\/PrijedorDanasCom\/\" \/>\n<meta property=\"article:published_time\" content=\"2022-04-07T00:53:54+00:00\" \/>\n<meta property=\"og:image\" content=\"https:\/\/www.prijedordanas.com\/wp-content\/uploads\/2022\/04\/farma-padjan-najavila-gasenje-u-maju-4-300x225.jpg\" \/>\n<meta name=\"author\" content=\"admin\" \/>\n<meta name=\"twitter:card\" content=\"summary_large_image\" \/>\n<meta name=\"twitter:label1\" content=\"Written by\" \/>\n\t<meta name=\"twitter:data1\" content=\"admin\" \/>\n\t<meta name=\"twitter:label2\" content=\"Est. reading time\" \/>\n\t<meta name=\"twitter:data2\" content=\"3 minutes\" \/>\n<script type=\"application\/ld+json\" class=\"yoast-schema-graph\">{\"@context\":\"https:\/\/schema.org\",\"@graph\":[{\"@type\":\"Article\",\"@id\":\"https:\/\/www.prijedordanas.com\/?p=184053#article\",\"isPartOf\":{\"@id\":\"https:\/\/www.prijedordanas.com\/?p=184053\"},\"author\":{\"name\":\"admin\",\"@id\":\"https:\/\/www.prijedordanas.com\/#\/schema\/person\/4e08ccf29b506ca916ff86d46bb700e6\"},\"headline\":\"Zemlji\u0161te jedina nada za farmu \u201cPa\u0111an\u201d u Petrovom Gaju nadomak Prijedora\",\"datePublished\":\"2022-04-07T00:53:54+00:00\",\"dateModified\":\"2022-04-07T00:53:54+00:00\",\"mainEntityOfPage\":{\"@id\":\"https:\/\/www.prijedordanas.com\/?p=184053\"},\"wordCount\":632,\"publisher\":{\"@id\":\"https:\/\/www.prijedordanas.com\/#organization\"},\"articleSection\":[\"Svakodnevno\"],\"inLanguage\":\"en-US\"},{\"@type\":\"WebPage\",\"@id\":\"https:\/\/www.prijedordanas.com\/?p=184053\",\"url\":\"https:\/\/www.prijedordanas.com\/?p=184053\",\"name\":\"Zemlji\u0161te jedina nada za farmu \u201cPa\u0111an\u201d u Petrovom Gaju nadomak Prijedora - PrijedorDanas.com - Prijedorski gradski portal\",\"isPartOf\":{\"@id\":\"https:\/\/www.prijedordanas.com\/#website\"},\"datePublished\":\"2022-04-07T00:53:54+00:00\",\"dateModified\":\"2022-04-07T00:53:54+00:00\",\"breadcrumb\":{\"@id\":\"https:\/\/www.prijedordanas.com\/?p=184053#breadcrumb\"},\"inLanguage\":\"en-US\",\"potentialAction\":[{\"@type\":\"ReadAction\",\"target\":[\"https:\/\/www.prijedordanas.com\/?p=184053\"]}]},{\"@type\":\"BreadcrumbList\",\"@id\":\"https:\/\/www.prijedordanas.com\/?p=184053#breadcrumb\",\"itemListElement\":[{\"@type\":\"ListItem\",\"position\":1,\"name\":\"Home\",\"item\":\"https:\/\/www.prijedordanas.com\/\"},{\"@type\":\"ListItem\",\"position\":2,\"name\":\"Zemlji\u0161te jedina nada za farmu \u201cPa\u0111an\u201d u Petrovom Gaju nadomak Prijedora\"}]},{\"@type\":\"WebSite\",\"@id\":\"https:\/\/www.prijedordanas.com\/#website\",\"url\":\"https:\/\/www.prijedordanas.com\/\",\"name\":\"PrijedorDanas.com - Prijedorski gradski portal\",\"description\":\"Portal o doga\u0111anjima u gradu Prijedoru\",\"publisher\":{\"@id\":\"https:\/\/www.prijedordanas.com\/#organization\"},\"potentialAction\":[{\"@type\":\"SearchAction\",\"target\":{\"@type\":\"EntryPoint\",\"urlTemplate\":\"https:\/\/www.prijedordanas.com\/?s={search_term_string}\"},\"query-input\":\"required name=search_term_string\"}],\"inLanguage\":\"en-US\"},{\"@type\":\"Organization\",\"@id\":\"https:\/\/www.prijedordanas.com\/#organization\",\"name\":\"PrijedorDanas.com\",\"url\":\"https:\/\/www.prijedordanas.com\/\",\"logo\":{\"@type\":\"ImageObject\",\"inLanguage\":\"en-US\",\"@id\":\"https:\/\/www.prijedordanas.com\/#\/schema\/logo\/image\/\",\"url\":\"http:\/\/www.prijedordanas.com\/wp-content\/uploads\/2021\/12\/logopng.png\",\"contentUrl\":\"http:\/\/www.prijedordanas.com\/wp-content\/uploads\/2021\/12\/logopng.png\",\"width\":1019,\"height\":776,\"caption\":\"PrijedorDanas.com\"},\"image\":{\"@id\":\"https:\/\/www.prijedordanas.com\/#\/schema\/logo\/image\/\"},\"sameAs\":[\"https:\/\/www.facebook.com\/PrijedorDanasCom\/\"]},{\"@type\":\"Person\",\"@id\":\"https:\/\/www.prijedordanas.com\/#\/schema\/person\/4e08ccf29b506ca916ff86d46bb700e6\",\"name\":\"admin\",\"image\":{\"@type\":\"ImageObject\",\"inLanguage\":\"en-US\",\"@id\":\"https:\/\/www.prijedordanas.com\/#\/schema\/person\/image\/\",\"url\":\"https:\/\/secure.gravatar.com\/avatar\/1d3fc949d550f0b53a5f0d51e06dfd79?s=96&d=mm&r=g\",\"contentUrl\":\"https:\/\/secure.gravatar.com\/avatar\/1d3fc949d550f0b53a5f0d51e06dfd79?s=96&d=mm&r=g\",\"caption\":\"admin\"},\"url\":\"https:\/\/www.prijedordanas.com\/?author=1\"}]}<\/script>\n<!-- \/ Yoast SEO plugin. -->","yoast_head_json":{"title":"Zemlji\u0161te jedina nada za farmu \u201cPa\u0111an\u201d u Petrovom Gaju nadomak Prijedora - PrijedorDanas.com - Prijedorski gradski portal","robots":{"index":"index","follow":"follow","max-snippet":"max-snippet:-1","max-image-preview":"max-image-preview:large","max-video-preview":"max-video-preview:-1"},"canonical":"https:\/\/www.prijedordanas.com\/?p=184053","og_locale":"en_US","og_type":"article","og_title":"Zemlji\u0161te jedina nada za farmu \u201cPa\u0111an\u201d u Petrovom Gaju nadomak Prijedora - PrijedorDanas.com - Prijedorski gradski portal","og_description":"Dok su se drugi igrali, odlazili na ljetovanja i zimovanja, ja sam kosio travu, spremao ma\u0161ine za sezonu i provodio dane u traktoru da bih ne\u0161to ostvario. Sada sve to [&hellip;]","og_url":"https:\/\/www.prijedordanas.com\/?p=184053","og_site_name":"PrijedorDanas.com - Prijedorski gradski portal","article_publisher":"https:\/\/www.facebook.com\/PrijedorDanasCom\/","article_published_time":"2022-04-07T00:53:54+00:00","og_image":[{"url":"https:\/\/www.prijedordanas.com\/wp-content\/uploads\/2022\/04\/farma-padjan-najavila-gasenje-u-maju-4-300x225.jpg"}],"author":"admin","twitter_card":"summary_large_image","twitter_misc":{"Written by":"admin","Est. reading time":"3 minutes"},"schema":{"@context":"https:\/\/schema.org","@graph":[{"@type":"Article","@id":"https:\/\/www.prijedordanas.com\/?p=184053#article","isPartOf":{"@id":"https:\/\/www.prijedordanas.com\/?p=184053"},"author":{"name":"admin","@id":"https:\/\/www.prijedordanas.com\/#\/schema\/person\/4e08ccf29b506ca916ff86d46bb700e6"},"headline":"Zemlji\u0161te jedina nada za farmu \u201cPa\u0111an\u201d u Petrovom Gaju nadomak Prijedora","datePublished":"2022-04-07T00:53:54+00:00","dateModified":"2022-04-07T00:53:54+00:00","mainEntityOfPage":{"@id":"https:\/\/www.prijedordanas.com\/?p=184053"},"wordCount":632,"publisher":{"@id":"https:\/\/www.prijedordanas.com\/#organization"},"articleSection":["Svakodnevno"],"inLanguage":"en-US"},{"@type":"WebPage","@id":"https:\/\/www.prijedordanas.com\/?p=184053","url":"https:\/\/www.prijedordanas.com\/?p=184053","name":"Zemlji\u0161te jedina nada za farmu \u201cPa\u0111an\u201d u Petrovom Gaju nadomak Prijedora - PrijedorDanas.com - Prijedorski gradski portal","isPartOf":{"@id":"https:\/\/www.prijedordanas.com\/#website"},"datePublished":"2022-04-07T00:53:54+00:00","dateModified":"2022-04-07T00:53:54+00:00","breadcrumb":{"@id":"https:\/\/www.prijedordanas.com\/?p=184053#breadcrumb"},"inLanguage":"en-US","potentialAction":[{"@type":"ReadAction","target":["https:\/\/www.prijedordanas.com\/?p=184053"]}]},{"@type":"BreadcrumbList","@id":"https:\/\/www.prijedordanas.com\/?p=184053#breadcrumb","itemListElement":[{"@type":"ListItem","position":1,"name":"Home","item":"https:\/\/www.prijedordanas.com\/"},{"@type":"ListItem","position":2,"name":"Zemlji\u0161te jedina nada za farmu \u201cPa\u0111an\u201d u Petrovom Gaju nadomak Prijedora"}]},{"@type":"WebSite","@id":"https:\/\/www.prijedordanas.com\/#website","url":"https:\/\/www.prijedordanas.com\/","name":"PrijedorDanas.com - Prijedorski gradski portal","description":"Portal o doga\u0111anjima u gradu Prijedoru","publisher":{"@id":"https:\/\/www.prijedordanas.com\/#organization"},"potentialAction":[{"@type":"SearchAction","target":{"@type":"EntryPoint","urlTemplate":"https:\/\/www.prijedordanas.com\/?s={search_term_string}"},"query-input":"required name=search_term_string"}],"inLanguage":"en-US"},{"@type":"Organization","@id":"https:\/\/www.prijedordanas.com\/#organization","name":"PrijedorDanas.com","url":"https:\/\/www.prijedordanas.com\/","logo":{"@type":"ImageObject","inLanguage":"en-US","@id":"https:\/\/www.prijedordanas.com\/#\/schema\/logo\/image\/","url":"http:\/\/www.prijedordanas.com\/wp-content\/uploads\/2021\/12\/logopng.png","contentUrl":"http:\/\/www.prijedordanas.com\/wp-content\/uploads\/2021\/12\/logopng.png","width":1019,"height":776,"caption":"PrijedorDanas.com"},"image":{"@id":"https:\/\/www.prijedordanas.com\/#\/schema\/logo\/image\/"},"sameAs":["https:\/\/www.facebook.com\/PrijedorDanasCom\/"]},{"@type":"Person","@id":"https:\/\/www.prijedordanas.com\/#\/schema\/person\/4e08ccf29b506ca916ff86d46bb700e6","name":"admin","image":{"@type":"ImageObject","inLanguage":"en-US","@id":"https:\/\/www.prijedordanas.com\/#\/schema\/person\/image\/","url":"https:\/\/secure.gravatar.com\/avatar\/1d3fc949d550f0b53a5f0d51e06dfd79?s=96&d=mm&r=g","contentUrl":"https:\/\/secure.gravatar.com\/avatar\/1d3fc949d550f0b53a5f0d51e06dfd79?s=96&d=mm&r=g","caption":"admin"},"url":"https:\/\/www.prijedordanas.com\/?author=1"}]}},"_links":{"self":[{"href":"https:\/\/www.prijedordanas.com\/index.php?rest_route=\/wp\/v2\/posts\/184053"}],"collection":[{"href":"https:\/\/www.prijedordanas.com\/index.php?rest_route=\/wp\/v2\/posts"}],"about":[{"href":"https:\/\/www.prijedordanas.com\/index.php?rest_route=\/wp\/v2\/types\/post"}],"author":[{"embeddable":true,"href":"https:\/\/www.prijedordanas.com\/index.php?rest_route=\/wp\/v2\/users\/1"}],"replies":[{"embeddable":true,"href":"https:\/\/www.prijedordanas.com\/index.php?rest_route=%2Fwp%2Fv2%2Fcomments&post=184053"}],"version-history":[{"count":1,"href":"https:\/\/www.prijedordanas.com\/index.php?rest_route=\/wp\/v2\/posts\/184053\/revisions"}],"predecessor-version":[{"id":184054,"href":"https:\/\/www.prijedordanas.com\/index.php?rest_route=\/wp\/v2\/posts\/184053\/revisions\/184054"}],"wp:attachment":[{"href":"https:\/\/www.prijedordanas.com\/index.php?rest_route=%2Fwp%2Fv2%2Fmedia&parent=184053"}],"wp:term":[{"taxonomy":"category","embeddable":true,"href":"https:\/\/www.prijedordanas.com\/index.php?rest_route=%2Fwp%2Fv2%2Fcategories&post=184053"},{"taxonomy":"post_tag","embeddable":true,"href":"https:\/\/www.prijedordanas.com\/index.php?rest_route=%2Fwp%2Fv2%2Ftags&post=184053"}],"curies":[{"name":"wp","href":"https:\/\/api.w.org\/{rel}","templated":true}]}}