{"id":184046,"date":"2022-04-06T19:48:30","date_gmt":"2022-04-06T17:48:30","guid":{"rendered":"https:\/\/www.prijedordanas.com\/?p=184046"},"modified":"2022-04-06T19:48:30","modified_gmt":"2022-04-06T17:48:30","slug":"prijedor-kunic-greska-u-isplati-stipendija-nema-politicke-pozadine","status":"publish","type":"post","link":"https:\/\/www.prijedordanas.com\/?p=184046","title":{"rendered":"Prijedor &#8211; Kuni\u0107: Gre\u0161ka u isplati stipendija, nema politi\u010dke pozadine"},"content":{"rendered":"<p><a href=\"https:\/\/www.prijedordanas.com\/wp-content\/uploads\/2022\/04\/prijedorgradorg-kunic-stipendije-greska.jpg\"><img loading=\"lazy\" decoding=\"async\" src=\"https:\/\/www.prijedordanas.com\/wp-content\/uploads\/2022\/04\/prijedorgradorg-kunic-stipendije-greska-300x277.jpg\" alt=\"\" width=\"300\" height=\"277\" class=\"alignleft size-medium wp-image-184047\" srcset=\"https:\/\/www.prijedordanas.com\/wp-content\/uploads\/2022\/04\/prijedorgradorg-kunic-stipendije-greska-300x277.jpg 300w, https:\/\/www.prijedordanas.com\/wp-content\/uploads\/2022\/04\/prijedorgradorg-kunic-stipendije-greska.jpg 600w\" sizes=\"(max-width: 300px) 100vw, 300px\" \/><\/a>Na\u010delnica Odjeljenja za finansije grada Prijedora Maja Kuni\u0107 demantovala je danas navode koji kru\u017ee po medijima i dru\u0161tvenim mre\u017eama da su pogre\u0161no ispla\u0107ene stipendije za 92 studenta ispla\u0107ene namjerno sa ciljem kupovine glasova u vanrednim izborima za gradona\u010delnika u decembru pro\u0161le godine.<\/p>\n<p>&#8220;To nije ta\u010dno i odgovorno tvrdim da je, na \u017ealost, do\u0161lo do gre\u0161ke i da su ove stipendije gre\u0161kom ispla\u0107ene i ne postoji nikakva politi\u010dka pozadina&#8221;, rekla je Kuni\u0107eva.<\/p>\n<p>Ona je priznala da je gre\u0161ka u\u010dinjena i da je ona nastala u Odjeljenju za finansije te da je u pitanju ljudski faktor.<\/p>\n<p>&#8220;U sistem je unesen datum prestanka ugovora stipendija i kod onih koje prestaju 31.oktobra unesen je datum 31.decembar budu\u0107i da postoje ugovori koje su studenti potpisali 2019.godine i oni su kao takvi prestajali tog datuma, ta\u010dnije studenti koji su jednom dobili stipendiju primali su je do kraja \u0161kolovanja&#8221;, pojasnila je Kuni\u0107eva.<\/p>\n<p>Ona je dodala da ,od tada pa svih narednih godina, studenti svake godine apliciraju za stipendije i ugovori se ponovo potpisuju i unosi novi datum prestanka stipendiranja.<\/p>\n<p>&#8220;Slu\u017ebenik koji je to radio vi\u0161e ne radi u Gradskoj upravi i odgovorni su njegovi nadre\u0111eni i od nje, zaista, niko ne bje\u017ei&#8221;, rekla je Kuni\u0107eva.<\/p>\n<p>Ona je dodala da smatra da su studenti bili vi\u0161e revoltirani dopisom koji im je poslala Gradska uprava i u kojem su studenti obavije\u0161teni da je do\u0161lo do gre\u0161kom ispla\u0107ene stipendije i u kom su oni zamoljeni da tu stupendiju vrate na ra\u010dun grada.<\/p>\n<p>&#8220;Neki od studenata su to pogre\u0161no protuma\u010dili kao neku prijetnju i niko nije imao namjeru da na bilo koji na\u010din prijeti niti da ponizi studente. Jednostavno to je bio jedini na\u010din da i u finansijama evidentiramo tu pogre\u0161no ispla\u0107enu stipendiju&#8221;, rekla je Kuni\u0107eva.<\/p>\n<p>Ona je pojasnila da se gre\u0161ka pojavila u finansijama gdje se, zbog te gre\u0161ke, pojavilo 11.000 KM ispla\u0107emo vi\u0161e nego \u0161to je planirano sredstvima bud\u017eeta i da je to negdje moralo biti evidentirano.<\/p>\n<p>&#8220;U tom dopisu nismo ni navodili rok za vra\u0107anje te stipendije i isti\u010demo da iza ovog ne stoje nikakve lo\u0161e namjere niti prijetnje&#8221;, istakla je Kuni\u0107eva.<br \/>\nOna je dodala i da su mnogi studenti i vratili stipendije i njima se zahvalila na odgovornosti.<\/p>\n<p>&#8220;Grad Prijedor smatra da su jako bitna kategorija na\u0161i studenti \u0161to govori i sama \u010dinjenica da smo u bud\u017eetu za 2022.godinu planirali rekordnih 800.000 KM za \u0111a\u010dke i studenteske stipendije, da smo 80.000 KM planirali za jednokratne pomo\u0107i studentima,a prije nekoliko dana stipendije su potpisali i vrhunski sportisti \u0161to je prvi put da grad \u010dini&#8221;, istakla je Kuni\u0107eva.<\/p>\n<p>Ona je dodala da niko ne\u0107e biti tu\u017een, kako stoji u jednom od \u010dlanova ugovora koji su studenti potpisali, a koji je naveden u dopisu gdje se tra\u017ei povrat jedne stipendije.<\/p>\n<p>&#8220;\u017dao mi je \u0161to su neki studenti tako reagovali, a moje je li\u010dno mi\u0161ljenje da je to samo par studenata u pitanju i da mo\u017eda iza toga stoji neka politi\u010dka pozadina i da su oni iskori\u0161teni za jeftine politi\u010dke poene&#8221;, istakla je Kuni\u0107eva.<\/p>\n<p>Rije\u010d je o 11.000 KM ispla\u0107enih studentima koji vi\u0161e nisu imali pravo na stipendiranje jer im je istekao ugovor i rije\u010d je o 92 dopisa koje je Odjeljenje za finansije poslalo studentima da tu jednu stipendiju vi\u0161ka vrati.<\/p>\n<p>SRNA\/prijedorgrad.org<\/p>\n","protected":false},"excerpt":{"rendered":"<p>Na\u010delnica Odjeljenja za finansije grada Prijedora Maja Kuni\u0107 demantovala je danas navode koji kru\u017ee po medijima i dru\u0161tvenim mre\u017eama da su pogre\u0161no ispla\u0107ene stipendije za 92 studenta ispla\u0107ene namjerno sa [&hellip;]<\/p>\n","protected":false},"author":1,"featured_media":0,"comment_status":"closed","ping_status":"open","sticky":false,"template":"","format":"standard","meta":{"_monsterinsights_skip_tracking":false,"_monsterinsights_sitenote_active":false,"_monsterinsights_sitenote_note":"","_monsterinsights_sitenote_category":0,"footnotes":""},"categories":[8],"tags":[],"yoast_head":"<!-- This site is optimized with the Yoast SEO plugin v21.6 - https:\/\/yoast.com\/wordpress\/plugins\/seo\/ -->\n<title>Prijedor - Kuni\u0107: Gre\u0161ka u isplati stipendija, nema politi\u010dke pozadine - PrijedorDanas.com - Prijedorski gradski portal<\/title>\n<meta name=\"robots\" content=\"index, follow, max-snippet:-1, max-image-preview:large, max-video-preview:-1\" \/>\n<link rel=\"canonical\" href=\"https:\/\/www.prijedordanas.com\/?p=184046\" \/>\n<meta property=\"og:locale\" content=\"en_US\" \/>\n<meta property=\"og:type\" content=\"article\" \/>\n<meta property=\"og:title\" content=\"Prijedor - Kuni\u0107: Gre\u0161ka u isplati stipendija, nema politi\u010dke pozadine - PrijedorDanas.com - Prijedorski gradski portal\" \/>\n<meta property=\"og:description\" content=\"Na\u010delnica Odjeljenja za finansije grada Prijedora Maja Kuni\u0107 demantovala je danas navode koji kru\u017ee po medijima i dru\u0161tvenim mre\u017eama da su pogre\u0161no ispla\u0107ene stipendije za 92 studenta ispla\u0107ene namjerno sa [&hellip;]\" \/>\n<meta property=\"og:url\" content=\"https:\/\/www.prijedordanas.com\/?p=184046\" \/>\n<meta property=\"og:site_name\" content=\"PrijedorDanas.com - Prijedorski gradski portal\" \/>\n<meta property=\"article:publisher\" content=\"https:\/\/www.facebook.com\/PrijedorDanasCom\/\" \/>\n<meta property=\"article:published_time\" content=\"2022-04-06T17:48:30+00:00\" \/>\n<meta property=\"og:image\" content=\"https:\/\/www.prijedordanas.com\/wp-content\/uploads\/2022\/04\/prijedorgradorg-kunic-stipendije-greska-300x277.jpg\" \/>\n<meta name=\"author\" content=\"admin\" \/>\n<meta name=\"twitter:card\" content=\"summary_large_image\" \/>\n<meta name=\"twitter:label1\" content=\"Written by\" \/>\n\t<meta name=\"twitter:data1\" content=\"admin\" \/>\n\t<meta name=\"twitter:label2\" content=\"Est. reading time\" \/>\n\t<meta name=\"twitter:data2\" content=\"3 minutes\" \/>\n<script type=\"application\/ld+json\" class=\"yoast-schema-graph\">{\"@context\":\"https:\/\/schema.org\",\"@graph\":[{\"@type\":\"Article\",\"@id\":\"https:\/\/www.prijedordanas.com\/?p=184046#article\",\"isPartOf\":{\"@id\":\"https:\/\/www.prijedordanas.com\/?p=184046\"},\"author\":{\"name\":\"admin\",\"@id\":\"https:\/\/www.prijedordanas.com\/#\/schema\/person\/4e08ccf29b506ca916ff86d46bb700e6\"},\"headline\":\"Prijedor &#8211; Kuni\u0107: Gre\u0161ka u isplati stipendija, nema politi\u010dke pozadine\",\"datePublished\":\"2022-04-06T17:48:30+00:00\",\"dateModified\":\"2022-04-06T17:48:30+00:00\",\"mainEntityOfPage\":{\"@id\":\"https:\/\/www.prijedordanas.com\/?p=184046\"},\"wordCount\":607,\"publisher\":{\"@id\":\"https:\/\/www.prijedordanas.com\/#organization\"},\"articleSection\":[\"Svakodnevno\"],\"inLanguage\":\"en-US\"},{\"@type\":\"WebPage\",\"@id\":\"https:\/\/www.prijedordanas.com\/?p=184046\",\"url\":\"https:\/\/www.prijedordanas.com\/?p=184046\",\"name\":\"Prijedor - Kuni\u0107: Gre\u0161ka u isplati stipendija, nema politi\u010dke pozadine - PrijedorDanas.com - Prijedorski gradski portal\",\"isPartOf\":{\"@id\":\"https:\/\/www.prijedordanas.com\/#website\"},\"datePublished\":\"2022-04-06T17:48:30+00:00\",\"dateModified\":\"2022-04-06T17:48:30+00:00\",\"breadcrumb\":{\"@id\":\"https:\/\/www.prijedordanas.com\/?p=184046#breadcrumb\"},\"inLanguage\":\"en-US\",\"potentialAction\":[{\"@type\":\"ReadAction\",\"target\":[\"https:\/\/www.prijedordanas.com\/?p=184046\"]}]},{\"@type\":\"BreadcrumbList\",\"@id\":\"https:\/\/www.prijedordanas.com\/?p=184046#breadcrumb\",\"itemListElement\":[{\"@type\":\"ListItem\",\"position\":1,\"name\":\"Home\",\"item\":\"https:\/\/www.prijedordanas.com\/\"},{\"@type\":\"ListItem\",\"position\":2,\"name\":\"Prijedor &#8211; Kuni\u0107: Gre\u0161ka u isplati stipendija, nema politi\u010dke pozadine\"}]},{\"@type\":\"WebSite\",\"@id\":\"https:\/\/www.prijedordanas.com\/#website\",\"url\":\"https:\/\/www.prijedordanas.com\/\",\"name\":\"PrijedorDanas.com - Prijedorski gradski portal\",\"description\":\"Portal o doga\u0111anjima u gradu Prijedoru\",\"publisher\":{\"@id\":\"https:\/\/www.prijedordanas.com\/#organization\"},\"potentialAction\":[{\"@type\":\"SearchAction\",\"target\":{\"@type\":\"EntryPoint\",\"urlTemplate\":\"https:\/\/www.prijedordanas.com\/?s={search_term_string}\"},\"query-input\":\"required name=search_term_string\"}],\"inLanguage\":\"en-US\"},{\"@type\":\"Organization\",\"@id\":\"https:\/\/www.prijedordanas.com\/#organization\",\"name\":\"PrijedorDanas.com\",\"url\":\"https:\/\/www.prijedordanas.com\/\",\"logo\":{\"@type\":\"ImageObject\",\"inLanguage\":\"en-US\",\"@id\":\"https:\/\/www.prijedordanas.com\/#\/schema\/logo\/image\/\",\"url\":\"http:\/\/www.prijedordanas.com\/wp-content\/uploads\/2021\/12\/logopng.png\",\"contentUrl\":\"http:\/\/www.prijedordanas.com\/wp-content\/uploads\/2021\/12\/logopng.png\",\"width\":1019,\"height\":776,\"caption\":\"PrijedorDanas.com\"},\"image\":{\"@id\":\"https:\/\/www.prijedordanas.com\/#\/schema\/logo\/image\/\"},\"sameAs\":[\"https:\/\/www.facebook.com\/PrijedorDanasCom\/\"]},{\"@type\":\"Person\",\"@id\":\"https:\/\/www.prijedordanas.com\/#\/schema\/person\/4e08ccf29b506ca916ff86d46bb700e6\",\"name\":\"admin\",\"image\":{\"@type\":\"ImageObject\",\"inLanguage\":\"en-US\",\"@id\":\"https:\/\/www.prijedordanas.com\/#\/schema\/person\/image\/\",\"url\":\"https:\/\/secure.gravatar.com\/avatar\/1d3fc949d550f0b53a5f0d51e06dfd79?s=96&d=mm&r=g\",\"contentUrl\":\"https:\/\/secure.gravatar.com\/avatar\/1d3fc949d550f0b53a5f0d51e06dfd79?s=96&d=mm&r=g\",\"caption\":\"admin\"},\"url\":\"https:\/\/www.prijedordanas.com\/?author=1\"}]}<\/script>\n<!-- \/ Yoast SEO plugin. -->","yoast_head_json":{"title":"Prijedor - Kuni\u0107: Gre\u0161ka u isplati stipendija, nema politi\u010dke pozadine - PrijedorDanas.com - Prijedorski gradski portal","robots":{"index":"index","follow":"follow","max-snippet":"max-snippet:-1","max-image-preview":"max-image-preview:large","max-video-preview":"max-video-preview:-1"},"canonical":"https:\/\/www.prijedordanas.com\/?p=184046","og_locale":"en_US","og_type":"article","og_title":"Prijedor - Kuni\u0107: Gre\u0161ka u isplati stipendija, nema politi\u010dke pozadine - PrijedorDanas.com - Prijedorski gradski portal","og_description":"Na\u010delnica Odjeljenja za finansije grada Prijedora Maja Kuni\u0107 demantovala je danas navode koji kru\u017ee po medijima i dru\u0161tvenim mre\u017eama da su pogre\u0161no ispla\u0107ene stipendije za 92 studenta ispla\u0107ene namjerno sa [&hellip;]","og_url":"https:\/\/www.prijedordanas.com\/?p=184046","og_site_name":"PrijedorDanas.com - Prijedorski gradski portal","article_publisher":"https:\/\/www.facebook.com\/PrijedorDanasCom\/","article_published_time":"2022-04-06T17:48:30+00:00","og_image":[{"url":"https:\/\/www.prijedordanas.com\/wp-content\/uploads\/2022\/04\/prijedorgradorg-kunic-stipendije-greska-300x277.jpg"}],"author":"admin","twitter_card":"summary_large_image","twitter_misc":{"Written by":"admin","Est. reading time":"3 minutes"},"schema":{"@context":"https:\/\/schema.org","@graph":[{"@type":"Article","@id":"https:\/\/www.prijedordanas.com\/?p=184046#article","isPartOf":{"@id":"https:\/\/www.prijedordanas.com\/?p=184046"},"author":{"name":"admin","@id":"https:\/\/www.prijedordanas.com\/#\/schema\/person\/4e08ccf29b506ca916ff86d46bb700e6"},"headline":"Prijedor &#8211; Kuni\u0107: Gre\u0161ka u isplati stipendija, nema politi\u010dke pozadine","datePublished":"2022-04-06T17:48:30+00:00","dateModified":"2022-04-06T17:48:30+00:00","mainEntityOfPage":{"@id":"https:\/\/www.prijedordanas.com\/?p=184046"},"wordCount":607,"publisher":{"@id":"https:\/\/www.prijedordanas.com\/#organization"},"articleSection":["Svakodnevno"],"inLanguage":"en-US"},{"@type":"WebPage","@id":"https:\/\/www.prijedordanas.com\/?p=184046","url":"https:\/\/www.prijedordanas.com\/?p=184046","name":"Prijedor - Kuni\u0107: Gre\u0161ka u isplati stipendija, nema politi\u010dke pozadine - PrijedorDanas.com - Prijedorski gradski portal","isPartOf":{"@id":"https:\/\/www.prijedordanas.com\/#website"},"datePublished":"2022-04-06T17:48:30+00:00","dateModified":"2022-04-06T17:48:30+00:00","breadcrumb":{"@id":"https:\/\/www.prijedordanas.com\/?p=184046#breadcrumb"},"inLanguage":"en-US","potentialAction":[{"@type":"ReadAction","target":["https:\/\/www.prijedordanas.com\/?p=184046"]}]},{"@type":"BreadcrumbList","@id":"https:\/\/www.prijedordanas.com\/?p=184046#breadcrumb","itemListElement":[{"@type":"ListItem","position":1,"name":"Home","item":"https:\/\/www.prijedordanas.com\/"},{"@type":"ListItem","position":2,"name":"Prijedor &#8211; Kuni\u0107: Gre\u0161ka u isplati stipendija, nema politi\u010dke pozadine"}]},{"@type":"WebSite","@id":"https:\/\/www.prijedordanas.com\/#website","url":"https:\/\/www.prijedordanas.com\/","name":"PrijedorDanas.com - Prijedorski gradski portal","description":"Portal o doga\u0111anjima u gradu Prijedoru","publisher":{"@id":"https:\/\/www.prijedordanas.com\/#organization"},"potentialAction":[{"@type":"SearchAction","target":{"@type":"EntryPoint","urlTemplate":"https:\/\/www.prijedordanas.com\/?s={search_term_string}"},"query-input":"required name=search_term_string"}],"inLanguage":"en-US"},{"@type":"Organization","@id":"https:\/\/www.prijedordanas.com\/#organization","name":"PrijedorDanas.com","url":"https:\/\/www.prijedordanas.com\/","logo":{"@type":"ImageObject","inLanguage":"en-US","@id":"https:\/\/www.prijedordanas.com\/#\/schema\/logo\/image\/","url":"http:\/\/www.prijedordanas.com\/wp-content\/uploads\/2021\/12\/logopng.png","contentUrl":"http:\/\/www.prijedordanas.com\/wp-content\/uploads\/2021\/12\/logopng.png","width":1019,"height":776,"caption":"PrijedorDanas.com"},"image":{"@id":"https:\/\/www.prijedordanas.com\/#\/schema\/logo\/image\/"},"sameAs":["https:\/\/www.facebook.com\/PrijedorDanasCom\/"]},{"@type":"Person","@id":"https:\/\/www.prijedordanas.com\/#\/schema\/person\/4e08ccf29b506ca916ff86d46bb700e6","name":"admin","image":{"@type":"ImageObject","inLanguage":"en-US","@id":"https:\/\/www.prijedordanas.com\/#\/schema\/person\/image\/","url":"https:\/\/secure.gravatar.com\/avatar\/1d3fc949d550f0b53a5f0d51e06dfd79?s=96&d=mm&r=g","contentUrl":"https:\/\/secure.gravatar.com\/avatar\/1d3fc949d550f0b53a5f0d51e06dfd79?s=96&d=mm&r=g","caption":"admin"},"url":"https:\/\/www.prijedordanas.com\/?author=1"}]}},"_links":{"self":[{"href":"https:\/\/www.prijedordanas.com\/index.php?rest_route=\/wp\/v2\/posts\/184046"}],"collection":[{"href":"https:\/\/www.prijedordanas.com\/index.php?rest_route=\/wp\/v2\/posts"}],"about":[{"href":"https:\/\/www.prijedordanas.com\/index.php?rest_route=\/wp\/v2\/types\/post"}],"author":[{"embeddable":true,"href":"https:\/\/www.prijedordanas.com\/index.php?rest_route=\/wp\/v2\/users\/1"}],"replies":[{"embeddable":true,"href":"https:\/\/www.prijedordanas.com\/index.php?rest_route=%2Fwp%2Fv2%2Fcomments&post=184046"}],"version-history":[{"count":1,"href":"https:\/\/www.prijedordanas.com\/index.php?rest_route=\/wp\/v2\/posts\/184046\/revisions"}],"predecessor-version":[{"id":184048,"href":"https:\/\/www.prijedordanas.com\/index.php?rest_route=\/wp\/v2\/posts\/184046\/revisions\/184048"}],"wp:attachment":[{"href":"https:\/\/www.prijedordanas.com\/index.php?rest_route=%2Fwp%2Fv2%2Fmedia&parent=184046"}],"wp:term":[{"taxonomy":"category","embeddable":true,"href":"https:\/\/www.prijedordanas.com\/index.php?rest_route=%2Fwp%2Fv2%2Fcategories&post=184046"},{"taxonomy":"post_tag","embeddable":true,"href":"https:\/\/www.prijedordanas.com\/index.php?rest_route=%2Fwp%2Fv2%2Ftags&post=184046"}],"curies":[{"name":"wp","href":"https:\/\/api.w.org\/{rel}","templated":true}]}}