{"id":184041,"date":"2022-04-06T19:33:11","date_gmt":"2022-04-06T17:33:11","guid":{"rendered":"https:\/\/www.prijedordanas.com\/?p=184041"},"modified":"2022-04-06T19:33:11","modified_gmt":"2022-04-06T17:33:11","slug":"prijedor-konacno-rjesenje-za-visegodisnji-problem-mjestana-naselja-janjica-pumpa","status":"publish","type":"post","link":"https:\/\/www.prijedordanas.com\/?p=184041","title":{"rendered":"Prijedor: Kona\u010dno rje\u0161enje za vi\u0161egodi\u0161nji problem mje\u0161tana naselja Janji\u0107a pumpa"},"content":{"rendered":"<p><a href=\"https:\/\/www.prijedordanas.com\/wp-content\/uploads\/2022\/04\/prijedorgradorg-javor-naselje-janjica-pumpa-1.jpg\"><img loading=\"lazy\" decoding=\"async\" src=\"https:\/\/www.prijedordanas.com\/wp-content\/uploads\/2022\/04\/prijedorgradorg-javor-naselje-janjica-pumpa-1-300x225.jpg\" alt=\"\" width=\"300\" height=\"225\" class=\"alignleft size-medium wp-image-184042\" srcset=\"https:\/\/www.prijedordanas.com\/wp-content\/uploads\/2022\/04\/prijedorgradorg-javor-naselje-janjica-pumpa-1-300x225.jpg 300w, https:\/\/www.prijedordanas.com\/wp-content\/uploads\/2022\/04\/prijedorgradorg-javor-naselje-janjica-pumpa-1-640x480.jpg 640w, https:\/\/www.prijedordanas.com\/wp-content\/uploads\/2022\/04\/prijedorgradorg-javor-naselje-janjica-pumpa-1.jpg 667w\" sizes=\"(max-width: 300px) 100vw, 300px\" \/><\/a>Nakon dana\u0161nje posjete rukovodstva grada naselju Janji\u0107a pumpa i razgovora sa predstavnicima Organizacionog odbora za izgradnju kanalizacione mre\u017ee, dogovoreno je rje\u0161enje vi\u0161egodi\u0161njeg problema mje\u0161tana naselja. <\/p>\n<p>Naime, Grad Prijedor \u0107e isplatiti preostali iznos duga koji je pao na teret \u010dlanova Odbora u iznosu od 42.305,20 KM.<\/p>\n<p>Nemarom prethodnih gradskih vlasti, iako je kanalizacija izgra\u0111ena prije vi\u0161e godina, sav teret je pao na pet mje\u0161tana naselja. Me\u0111utim, iako je kanalizacija odavno u funkciji nije izvr\u0161en njen tehni\u010dki prijem.<\/p>\n<p>Mje\u0161tani ovog naselja \u0107e, poslije dana\u0161njeg dogovora kona\u010dno imati funkcionalnu kanalizacionu mre\u017eu te \u0107e se ista legalno po\u010deti koristiti. Poslije tehni\u010dkog prijema koji \u0107e uslijediti, bi\u0107e stvoreni uslovi da vi\u0161e stotina doma\u0107instava ovog naselja napokon legalno koriste komunalne usluge.<\/p>\n<p>prijedorgrad.org<\/p>\n<p><a href=\"https:\/\/www.prijedordanas.com\/wp-content\/uploads\/2022\/04\/prijedorgradorg-javor-naselje-janjica-pumpa-3.jpg\"><img loading=\"lazy\" decoding=\"async\" src=\"https:\/\/www.prijedordanas.com\/wp-content\/uploads\/2022\/04\/prijedorgradorg-javor-naselje-janjica-pumpa-3-300x200.jpg\" alt=\"\" width=\"300\" height=\"200\" class=\"alignleft size-medium wp-image-184043\" srcset=\"https:\/\/www.prijedordanas.com\/wp-content\/uploads\/2022\/04\/prijedorgradorg-javor-naselje-janjica-pumpa-3-300x200.jpg 300w, https:\/\/www.prijedordanas.com\/wp-content\/uploads\/2022\/04\/prijedorgradorg-javor-naselje-janjica-pumpa-3-480x320.jpg 480w, https:\/\/www.prijedordanas.com\/wp-content\/uploads\/2022\/04\/prijedorgradorg-javor-naselje-janjica-pumpa-3.jpg 600w\" sizes=\"(max-width: 300px) 100vw, 300px\" \/><\/a> <a href=\"https:\/\/www.prijedordanas.com\/wp-content\/uploads\/2022\/04\/prijedorgradorg-javor-naselje-janjica-pumpa-2.jpg\"><img loading=\"lazy\" decoding=\"async\" src=\"https:\/\/www.prijedordanas.com\/wp-content\/uploads\/2022\/04\/prijedorgradorg-javor-naselje-janjica-pumpa-2-300x200.jpg\" alt=\"\" width=\"300\" height=\"200\" class=\"alignleft size-medium wp-image-184044\" srcset=\"https:\/\/www.prijedordanas.com\/wp-content\/uploads\/2022\/04\/prijedorgradorg-javor-naselje-janjica-pumpa-2-300x200.jpg 300w, https:\/\/www.prijedordanas.com\/wp-content\/uploads\/2022\/04\/prijedorgradorg-javor-naselje-janjica-pumpa-2-480x320.jpg 480w, https:\/\/www.prijedordanas.com\/wp-content\/uploads\/2022\/04\/prijedorgradorg-javor-naselje-janjica-pumpa-2.jpg 600w\" sizes=\"(max-width: 300px) 100vw, 300px\" \/><\/a><\/p>\n","protected":false},"excerpt":{"rendered":"<p>Nakon dana\u0161nje posjete rukovodstva grada naselju Janji\u0107a pumpa i razgovora sa predstavnicima Organizacionog odbora za izgradnju kanalizacione mre\u017ee, dogovoreno je rje\u0161enje vi\u0161egodi\u0161njeg problema mje\u0161tana naselja. Naime, Grad Prijedor \u0107e isplatiti [&hellip;]<\/p>\n","protected":false},"author":1,"featured_media":0,"comment_status":"closed","ping_status":"open","sticky":false,"template":"","format":"standard","meta":{"_monsterinsights_skip_tracking":false,"_monsterinsights_sitenote_active":false,"_monsterinsights_sitenote_note":"","_monsterinsights_sitenote_category":0,"footnotes":""},"categories":[4],"tags":[],"yoast_head":"<!-- This site is optimized with the Yoast SEO plugin v21.6 - https:\/\/yoast.com\/wordpress\/plugins\/seo\/ -->\n<title>Prijedor: Kona\u010dno rje\u0161enje za vi\u0161egodi\u0161nji problem mje\u0161tana naselja Janji\u0107a pumpa - PrijedorDanas.com - Prijedorski gradski portal<\/title>\n<meta name=\"robots\" content=\"index, follow, max-snippet:-1, max-image-preview:large, max-video-preview:-1\" \/>\n<link rel=\"canonical\" href=\"https:\/\/www.prijedordanas.com\/?p=184041\" \/>\n<meta property=\"og:locale\" content=\"en_US\" \/>\n<meta property=\"og:type\" content=\"article\" \/>\n<meta property=\"og:title\" content=\"Prijedor: Kona\u010dno rje\u0161enje za vi\u0161egodi\u0161nji problem mje\u0161tana naselja Janji\u0107a pumpa - PrijedorDanas.com - Prijedorski gradski portal\" \/>\n<meta property=\"og:description\" content=\"Nakon dana\u0161nje posjete rukovodstva grada naselju Janji\u0107a pumpa i razgovora sa predstavnicima Organizacionog odbora za izgradnju kanalizacione mre\u017ee, dogovoreno je rje\u0161enje vi\u0161egodi\u0161njeg problema mje\u0161tana naselja. Naime, Grad Prijedor \u0107e isplatiti [&hellip;]\" \/>\n<meta property=\"og:url\" content=\"https:\/\/www.prijedordanas.com\/?p=184041\" \/>\n<meta property=\"og:site_name\" content=\"PrijedorDanas.com - Prijedorski gradski portal\" \/>\n<meta property=\"article:publisher\" content=\"https:\/\/www.facebook.com\/PrijedorDanasCom\/\" \/>\n<meta property=\"article:published_time\" content=\"2022-04-06T17:33:11+00:00\" \/>\n<meta property=\"og:image\" content=\"https:\/\/www.prijedordanas.com\/wp-content\/uploads\/2022\/04\/prijedorgradorg-javor-naselje-janjica-pumpa-1-300x225.jpg\" \/>\n<meta name=\"author\" content=\"admin\" \/>\n<meta name=\"twitter:card\" content=\"summary_large_image\" \/>\n<meta name=\"twitter:label1\" content=\"Written by\" \/>\n\t<meta name=\"twitter:data1\" content=\"admin\" \/>\n\t<meta name=\"twitter:label2\" content=\"Est. reading time\" \/>\n\t<meta name=\"twitter:data2\" content=\"1 minute\" \/>\n<script type=\"application\/ld+json\" class=\"yoast-schema-graph\">{\"@context\":\"https:\/\/schema.org\",\"@graph\":[{\"@type\":\"Article\",\"@id\":\"https:\/\/www.prijedordanas.com\/?p=184041#article\",\"isPartOf\":{\"@id\":\"https:\/\/www.prijedordanas.com\/?p=184041\"},\"author\":{\"name\":\"admin\",\"@id\":\"https:\/\/www.prijedordanas.com\/#\/schema\/person\/4e08ccf29b506ca916ff86d46bb700e6\"},\"headline\":\"Prijedor: Kona\u010dno rje\u0161enje za vi\u0161egodi\u0161nji problem mje\u0161tana naselja Janji\u0107a pumpa\",\"datePublished\":\"2022-04-06T17:33:11+00:00\",\"dateModified\":\"2022-04-06T17:33:11+00:00\",\"mainEntityOfPage\":{\"@id\":\"https:\/\/www.prijedordanas.com\/?p=184041\"},\"wordCount\":154,\"publisher\":{\"@id\":\"https:\/\/www.prijedordanas.com\/#organization\"},\"articleSection\":[\"Dru\u0161tvo\"],\"inLanguage\":\"en-US\"},{\"@type\":\"WebPage\",\"@id\":\"https:\/\/www.prijedordanas.com\/?p=184041\",\"url\":\"https:\/\/www.prijedordanas.com\/?p=184041\",\"name\":\"Prijedor: Kona\u010dno rje\u0161enje za vi\u0161egodi\u0161nji problem mje\u0161tana naselja Janji\u0107a pumpa - PrijedorDanas.com - Prijedorski gradski portal\",\"isPartOf\":{\"@id\":\"https:\/\/www.prijedordanas.com\/#website\"},\"datePublished\":\"2022-04-06T17:33:11+00:00\",\"dateModified\":\"2022-04-06T17:33:11+00:00\",\"breadcrumb\":{\"@id\":\"https:\/\/www.prijedordanas.com\/?p=184041#breadcrumb\"},\"inLanguage\":\"en-US\",\"potentialAction\":[{\"@type\":\"ReadAction\",\"target\":[\"https:\/\/www.prijedordanas.com\/?p=184041\"]}]},{\"@type\":\"BreadcrumbList\",\"@id\":\"https:\/\/www.prijedordanas.com\/?p=184041#breadcrumb\",\"itemListElement\":[{\"@type\":\"ListItem\",\"position\":1,\"name\":\"Home\",\"item\":\"https:\/\/www.prijedordanas.com\/\"},{\"@type\":\"ListItem\",\"position\":2,\"name\":\"Prijedor: Kona\u010dno rje\u0161enje za vi\u0161egodi\u0161nji problem mje\u0161tana naselja Janji\u0107a pumpa\"}]},{\"@type\":\"WebSite\",\"@id\":\"https:\/\/www.prijedordanas.com\/#website\",\"url\":\"https:\/\/www.prijedordanas.com\/\",\"name\":\"PrijedorDanas.com - Prijedorski gradski portal\",\"description\":\"Portal o doga\u0111anjima u gradu Prijedoru\",\"publisher\":{\"@id\":\"https:\/\/www.prijedordanas.com\/#organization\"},\"potentialAction\":[{\"@type\":\"SearchAction\",\"target\":{\"@type\":\"EntryPoint\",\"urlTemplate\":\"https:\/\/www.prijedordanas.com\/?s={search_term_string}\"},\"query-input\":\"required name=search_term_string\"}],\"inLanguage\":\"en-US\"},{\"@type\":\"Organization\",\"@id\":\"https:\/\/www.prijedordanas.com\/#organization\",\"name\":\"PrijedorDanas.com\",\"url\":\"https:\/\/www.prijedordanas.com\/\",\"logo\":{\"@type\":\"ImageObject\",\"inLanguage\":\"en-US\",\"@id\":\"https:\/\/www.prijedordanas.com\/#\/schema\/logo\/image\/\",\"url\":\"http:\/\/www.prijedordanas.com\/wp-content\/uploads\/2021\/12\/logopng.png\",\"contentUrl\":\"http:\/\/www.prijedordanas.com\/wp-content\/uploads\/2021\/12\/logopng.png\",\"width\":1019,\"height\":776,\"caption\":\"PrijedorDanas.com\"},\"image\":{\"@id\":\"https:\/\/www.prijedordanas.com\/#\/schema\/logo\/image\/\"},\"sameAs\":[\"https:\/\/www.facebook.com\/PrijedorDanasCom\/\"]},{\"@type\":\"Person\",\"@id\":\"https:\/\/www.prijedordanas.com\/#\/schema\/person\/4e08ccf29b506ca916ff86d46bb700e6\",\"name\":\"admin\",\"image\":{\"@type\":\"ImageObject\",\"inLanguage\":\"en-US\",\"@id\":\"https:\/\/www.prijedordanas.com\/#\/schema\/person\/image\/\",\"url\":\"https:\/\/secure.gravatar.com\/avatar\/1d3fc949d550f0b53a5f0d51e06dfd79?s=96&d=mm&r=g\",\"contentUrl\":\"https:\/\/secure.gravatar.com\/avatar\/1d3fc949d550f0b53a5f0d51e06dfd79?s=96&d=mm&r=g\",\"caption\":\"admin\"},\"url\":\"https:\/\/www.prijedordanas.com\/?author=1\"}]}<\/script>\n<!-- \/ Yoast SEO plugin. -->","yoast_head_json":{"title":"Prijedor: Kona\u010dno rje\u0161enje za vi\u0161egodi\u0161nji problem mje\u0161tana naselja Janji\u0107a pumpa - PrijedorDanas.com - Prijedorski gradski portal","robots":{"index":"index","follow":"follow","max-snippet":"max-snippet:-1","max-image-preview":"max-image-preview:large","max-video-preview":"max-video-preview:-1"},"canonical":"https:\/\/www.prijedordanas.com\/?p=184041","og_locale":"en_US","og_type":"article","og_title":"Prijedor: Kona\u010dno rje\u0161enje za vi\u0161egodi\u0161nji problem mje\u0161tana naselja Janji\u0107a pumpa - PrijedorDanas.com - Prijedorski gradski portal","og_description":"Nakon dana\u0161nje posjete rukovodstva grada naselju Janji\u0107a pumpa i razgovora sa predstavnicima Organizacionog odbora za izgradnju kanalizacione mre\u017ee, dogovoreno je rje\u0161enje vi\u0161egodi\u0161njeg problema mje\u0161tana naselja. Naime, Grad Prijedor \u0107e isplatiti [&hellip;]","og_url":"https:\/\/www.prijedordanas.com\/?p=184041","og_site_name":"PrijedorDanas.com - Prijedorski gradski portal","article_publisher":"https:\/\/www.facebook.com\/PrijedorDanasCom\/","article_published_time":"2022-04-06T17:33:11+00:00","og_image":[{"url":"https:\/\/www.prijedordanas.com\/wp-content\/uploads\/2022\/04\/prijedorgradorg-javor-naselje-janjica-pumpa-1-300x225.jpg"}],"author":"admin","twitter_card":"summary_large_image","twitter_misc":{"Written by":"admin","Est. reading time":"1 minute"},"schema":{"@context":"https:\/\/schema.org","@graph":[{"@type":"Article","@id":"https:\/\/www.prijedordanas.com\/?p=184041#article","isPartOf":{"@id":"https:\/\/www.prijedordanas.com\/?p=184041"},"author":{"name":"admin","@id":"https:\/\/www.prijedordanas.com\/#\/schema\/person\/4e08ccf29b506ca916ff86d46bb700e6"},"headline":"Prijedor: Kona\u010dno rje\u0161enje za vi\u0161egodi\u0161nji problem mje\u0161tana naselja Janji\u0107a pumpa","datePublished":"2022-04-06T17:33:11+00:00","dateModified":"2022-04-06T17:33:11+00:00","mainEntityOfPage":{"@id":"https:\/\/www.prijedordanas.com\/?p=184041"},"wordCount":154,"publisher":{"@id":"https:\/\/www.prijedordanas.com\/#organization"},"articleSection":["Dru\u0161tvo"],"inLanguage":"en-US"},{"@type":"WebPage","@id":"https:\/\/www.prijedordanas.com\/?p=184041","url":"https:\/\/www.prijedordanas.com\/?p=184041","name":"Prijedor: Kona\u010dno rje\u0161enje za vi\u0161egodi\u0161nji problem mje\u0161tana naselja Janji\u0107a pumpa - PrijedorDanas.com - Prijedorski gradski portal","isPartOf":{"@id":"https:\/\/www.prijedordanas.com\/#website"},"datePublished":"2022-04-06T17:33:11+00:00","dateModified":"2022-04-06T17:33:11+00:00","breadcrumb":{"@id":"https:\/\/www.prijedordanas.com\/?p=184041#breadcrumb"},"inLanguage":"en-US","potentialAction":[{"@type":"ReadAction","target":["https:\/\/www.prijedordanas.com\/?p=184041"]}]},{"@type":"BreadcrumbList","@id":"https:\/\/www.prijedordanas.com\/?p=184041#breadcrumb","itemListElement":[{"@type":"ListItem","position":1,"name":"Home","item":"https:\/\/www.prijedordanas.com\/"},{"@type":"ListItem","position":2,"name":"Prijedor: Kona\u010dno rje\u0161enje za vi\u0161egodi\u0161nji problem mje\u0161tana naselja Janji\u0107a pumpa"}]},{"@type":"WebSite","@id":"https:\/\/www.prijedordanas.com\/#website","url":"https:\/\/www.prijedordanas.com\/","name":"PrijedorDanas.com - Prijedorski gradski portal","description":"Portal o doga\u0111anjima u gradu Prijedoru","publisher":{"@id":"https:\/\/www.prijedordanas.com\/#organization"},"potentialAction":[{"@type":"SearchAction","target":{"@type":"EntryPoint","urlTemplate":"https:\/\/www.prijedordanas.com\/?s={search_term_string}"},"query-input":"required name=search_term_string"}],"inLanguage":"en-US"},{"@type":"Organization","@id":"https:\/\/www.prijedordanas.com\/#organization","name":"PrijedorDanas.com","url":"https:\/\/www.prijedordanas.com\/","logo":{"@type":"ImageObject","inLanguage":"en-US","@id":"https:\/\/www.prijedordanas.com\/#\/schema\/logo\/image\/","url":"http:\/\/www.prijedordanas.com\/wp-content\/uploads\/2021\/12\/logopng.png","contentUrl":"http:\/\/www.prijedordanas.com\/wp-content\/uploads\/2021\/12\/logopng.png","width":1019,"height":776,"caption":"PrijedorDanas.com"},"image":{"@id":"https:\/\/www.prijedordanas.com\/#\/schema\/logo\/image\/"},"sameAs":["https:\/\/www.facebook.com\/PrijedorDanasCom\/"]},{"@type":"Person","@id":"https:\/\/www.prijedordanas.com\/#\/schema\/person\/4e08ccf29b506ca916ff86d46bb700e6","name":"admin","image":{"@type":"ImageObject","inLanguage":"en-US","@id":"https:\/\/www.prijedordanas.com\/#\/schema\/person\/image\/","url":"https:\/\/secure.gravatar.com\/avatar\/1d3fc949d550f0b53a5f0d51e06dfd79?s=96&d=mm&r=g","contentUrl":"https:\/\/secure.gravatar.com\/avatar\/1d3fc949d550f0b53a5f0d51e06dfd79?s=96&d=mm&r=g","caption":"admin"},"url":"https:\/\/www.prijedordanas.com\/?author=1"}]}},"_links":{"self":[{"href":"https:\/\/www.prijedordanas.com\/index.php?rest_route=\/wp\/v2\/posts\/184041"}],"collection":[{"href":"https:\/\/www.prijedordanas.com\/index.php?rest_route=\/wp\/v2\/posts"}],"about":[{"href":"https:\/\/www.prijedordanas.com\/index.php?rest_route=\/wp\/v2\/types\/post"}],"author":[{"embeddable":true,"href":"https:\/\/www.prijedordanas.com\/index.php?rest_route=\/wp\/v2\/users\/1"}],"replies":[{"embeddable":true,"href":"https:\/\/www.prijedordanas.com\/index.php?rest_route=%2Fwp%2Fv2%2Fcomments&post=184041"}],"version-history":[{"count":1,"href":"https:\/\/www.prijedordanas.com\/index.php?rest_route=\/wp\/v2\/posts\/184041\/revisions"}],"predecessor-version":[{"id":184045,"href":"https:\/\/www.prijedordanas.com\/index.php?rest_route=\/wp\/v2\/posts\/184041\/revisions\/184045"}],"wp:attachment":[{"href":"https:\/\/www.prijedordanas.com\/index.php?rest_route=%2Fwp%2Fv2%2Fmedia&parent=184041"}],"wp:term":[{"taxonomy":"category","embeddable":true,"href":"https:\/\/www.prijedordanas.com\/index.php?rest_route=%2Fwp%2Fv2%2Fcategories&post=184041"},{"taxonomy":"post_tag","embeddable":true,"href":"https:\/\/www.prijedordanas.com\/index.php?rest_route=%2Fwp%2Fv2%2Ftags&post=184041"}],"curies":[{"name":"wp","href":"https:\/\/api.w.org\/{rel}","templated":true}]}}