{"id":183958,"date":"2022-04-05T15:28:08","date_gmt":"2022-04-05T13:28:08","guid":{"rendered":"https:\/\/www.prijedordanas.com\/?p=183958"},"modified":"2022-04-05T15:51:55","modified_gmt":"2022-04-05T13:51:55","slug":"cvijanoviceva-odlikovala-mup-ordenom-zastave-srpske-sa-zlatnim-vijencem-medaljom-zasluga-za-narod-posthumno-odlikovan-radenko-basic-video","status":"publish","type":"post","link":"https:\/\/www.prijedordanas.com\/?p=183958","title":{"rendered":"Cvijanovi\u0107eva odlikovala MUP ordenom zastave Srpske sa zlatnim vijencem: Medaljom zasluga za narod posthumno odlikovan Radenko Ba\u0161i\u0107 &#8211; VIDEO"},"content":{"rendered":"<p><a href=\"https:\/\/www.prijedordanas.com\/wp-content\/uploads\/2022\/04\/cvijanovic-orden-mup-rs.jpg\"><img loading=\"lazy\" decoding=\"async\" class=\"alignleft size-medium wp-image-183969\" src=\"https:\/\/www.prijedordanas.com\/wp-content\/uploads\/2022\/04\/cvijanovic-orden-mup-rs-300x225.jpg\" alt=\"\" width=\"300\" height=\"225\" srcset=\"https:\/\/www.prijedordanas.com\/wp-content\/uploads\/2022\/04\/cvijanovic-orden-mup-rs-300x225.jpg 300w, https:\/\/www.prijedordanas.com\/wp-content\/uploads\/2022\/04\/cvijanovic-orden-mup-rs-640x480.jpg 640w, https:\/\/www.prijedordanas.com\/wp-content\/uploads\/2022\/04\/cvijanovic-orden-mup-rs.jpg 666w\" sizes=\"(max-width: 300px) 100vw, 300px\" \/><\/a>Predsjednik Republike Srpske \u017deljka Cvijanovi\u0107 odlikovala je sino\u0107 Ministarstvo unutra\u0161njih poslova ordenom zastave Srpske sa zlatnim vijencem za naro\u010dite zasluge u razvijanju i u\u010dvr\u0161\u0107ivanju mira, saradnje i bezbjednosti, kao i za nemjerljiv doprinos u borbi za opstanak, razvoj i afirmaciju Republike Srpske.<\/p>\n<p>Odlikovanje MUP-u Srpske Cvijanovi\u0107eva je dodijelila povodom obilje\u017eavanja Dana policije i 30 godina od osnivanja Ministarstva na sve\u010danoj akademiji, koja je odr\u017eana u Banskom dvoru u Banjaluci.<\/p>\n<p>Medaljom zasluga za narod za zasluge u izgradnji i razvitku Srpske, kao i doprinos u oblasti bezbjednosti njenih gra\u0111ana i institucija posthumno je odlikovan Radenko Ba\u0161i\u0107, na\u010delnik Sektora kriminalisti\u010dke policije Policijske uprave Prijedor, koji je ubijen 21. marta ove godine.<\/p>\n<p>Medaljom zasluga za narod za zasluge ste\u010dene u borbi protiv neprijatelja kao i doprinos stvaranju, odbrani i oslobo\u0111enju Srpske posthumno je odlikovan Goran Kablar, pripadnik MUP-a Srpske.<\/p>\n<p><a href=\"https:\/\/www.prijedordanas.com\/wp-content\/uploads\/2022\/03\/muprs-radenko-basic.jpg\"><img loading=\"lazy\" decoding=\"async\" src=\"https:\/\/www.prijedordanas.com\/wp-content\/uploads\/2022\/03\/muprs-radenko-basic-240x300.jpg\" alt=\"\" width=\"240\" height=\"300\" class=\"alignleft size-medium wp-image-182909\" srcset=\"https:\/\/www.prijedordanas.com\/wp-content\/uploads\/2022\/03\/muprs-radenko-basic-240x300.jpg 240w, https:\/\/www.prijedordanas.com\/wp-content\/uploads\/2022\/03\/muprs-radenko-basic.jpg 479w\" sizes=\"(max-width: 240px) 100vw, 240px\" \/><\/a>Ministar unutra\u0161njih poslova Srpske Dragan Luka\u010d uru\u010dio je zlatni znak Policije Upravi policije i na\u010delniku Daliboru Ivani\u0107u, Upravi kriminalisti\u010dke policije i na\u010delniku Darku Kovrliji, \u017dandarmeriji i komandantu Dragoslavu Banovi\u0107u, zatim Goranu Balabanu komandantu Specijalne antiteroristi\u010dke jedinice za izuzetan rad, li\u010dno zalaganje i doprinos razvoju MUP-a u periodu od novembra 1992. godine do danas, te Draganu Ga\u0107e\u0161i prvom direktoru Policije Srpske, koji je \u010ditav radni vijek proveo u organima MUP-a Srpske.<\/p>\n<p>Luka\u010d je zlatni znak Policije uru\u010dio i Ministarstvu unutra\u0161njih poslova Srbije i resornom ministru Aleksandru Vulinu, za izuzetnu operativnu i strate\u0161ku saradnju dva ministarstva koja je rezultirala brojnim zajedni\u010dkim operativnim akcijama u borbi protiv savremenih bezbjednosnih rizika i prijetnji.<\/p>\n<p>Direktor Policije Srpske Sini\u0161a Kostre\u0161evi\u0107 uru\u010dio je srebrni znak Policije Upravi za pravne i kadrovske poslove i na\u010delniku Sr\u0111anu Obradovi\u0107u, Upravi za materijalno \u2013 finansijske i imovinske poslove i na\u010delniku Branki Savi\u0107, te Upravi za policijsku obuku i na\u010delniku Miletu \u0160ikmanu.<\/p>\n<p>Centralna sve\u010danost obilje\u017eavanja 4. aprila &#8211; Dana policije i 30 godina postojanja Ministarstva unutra\u0161njih poslova \/MUP\/ Republike Srpske odr\u017eana je danas u Centru za obuku MUP-a u Zalu\u017eanima kod Banjaluke, uz prisustvo najvi\u0161ih zvani\u010dnika Srpske.<\/p>\n<p>U okviru sve\u010danosti slu\u017een je parastos i polo\u017eeni vijenci kod Centralnog spomenika poginulim i nestalim pripadnicima MUP-a Republike Srpske u Banjaluci.<\/p>\n<p>SRNA<\/p>\n<div style=\"width: 640px;\" class=\"wp-video\"><!--[if lt IE 9]><script>document.createElement('video');<\/script><![endif]-->\n<video class=\"wp-video-shortcode\" id=\"video-183958-1\" width=\"640\" height=\"360\" preload=\"metadata\" controls=\"controls\"><source type=\"video\/mp4\" src=\"https:\/\/arh3.rtrs.tv\/arhiva\/2022\/04\/04\/tvclip052065.mp4?_=1\" \/><a href=\"https:\/\/arh3.rtrs.tv\/arhiva\/2022\/04\/04\/tvclip052065.mp4\">https:\/\/arh3.rtrs.tv\/arhiva\/2022\/04\/04\/tvclip052065.mp4<\/a><\/video><\/div>\n","protected":false},"excerpt":{"rendered":"<p>Predsjednik Republike Srpske \u017deljka Cvijanovi\u0107 odlikovala je sino\u0107 Ministarstvo unutra\u0161njih poslova ordenom zastave Srpske sa zlatnim vijencem za naro\u010dite zasluge u razvijanju i u\u010dvr\u0161\u0107ivanju mira, saradnje i bezbjednosti, kao i [&hellip;]<\/p>\n","protected":false},"author":1,"featured_media":0,"comment_status":"closed","ping_status":"open","sticky":false,"template":"","format":"standard","meta":{"_monsterinsights_skip_tracking":false,"_monsterinsights_sitenote_active":false,"_monsterinsights_sitenote_note":"","_monsterinsights_sitenote_category":0,"footnotes":""},"categories":[4],"tags":[],"yoast_head":"<!-- This site is optimized with the Yoast SEO plugin v21.6 - https:\/\/yoast.com\/wordpress\/plugins\/seo\/ -->\n<title>Cvijanovi\u0107eva odlikovala MUP ordenom zastave Srpske sa zlatnim vijencem: Medaljom zasluga za narod posthumno odlikovan Radenko Ba\u0161i\u0107 - VIDEO - PrijedorDanas.com - Prijedorski gradski portal<\/title>\n<meta name=\"robots\" content=\"index, follow, max-snippet:-1, max-image-preview:large, max-video-preview:-1\" \/>\n<link rel=\"canonical\" href=\"https:\/\/www.prijedordanas.com\/?p=183958\" \/>\n<meta property=\"og:locale\" content=\"en_US\" \/>\n<meta property=\"og:type\" content=\"article\" \/>\n<meta property=\"og:title\" content=\"Cvijanovi\u0107eva odlikovala MUP ordenom zastave Srpske sa zlatnim vijencem: Medaljom zasluga za narod posthumno odlikovan Radenko Ba\u0161i\u0107 - VIDEO - PrijedorDanas.com - Prijedorski gradski portal\" \/>\n<meta property=\"og:description\" content=\"Predsjednik Republike Srpske \u017deljka Cvijanovi\u0107 odlikovala je sino\u0107 Ministarstvo unutra\u0161njih poslova ordenom zastave Srpske sa zlatnim vijencem za naro\u010dite zasluge u razvijanju i u\u010dvr\u0161\u0107ivanju mira, saradnje i bezbjednosti, kao i [&hellip;]\" \/>\n<meta property=\"og:url\" content=\"https:\/\/www.prijedordanas.com\/?p=183958\" \/>\n<meta property=\"og:site_name\" content=\"PrijedorDanas.com - Prijedorski gradski portal\" \/>\n<meta property=\"article:publisher\" content=\"https:\/\/www.facebook.com\/PrijedorDanasCom\/\" \/>\n<meta property=\"article:published_time\" content=\"2022-04-05T13:28:08+00:00\" \/>\n<meta property=\"article:modified_time\" content=\"2022-04-05T13:51:55+00:00\" \/>\n<meta property=\"og:image\" content=\"https:\/\/www.prijedordanas.com\/wp-content\/uploads\/2022\/04\/cvijanovic-orden-mup-rs-300x225.jpg\" \/>\n<meta name=\"author\" content=\"admin\" \/>\n<meta name=\"twitter:card\" content=\"summary_large_image\" \/>\n<meta name=\"twitter:label1\" content=\"Written by\" \/>\n\t<meta name=\"twitter:data1\" content=\"admin\" \/>\n\t<meta name=\"twitter:label2\" content=\"Est. reading time\" \/>\n\t<meta name=\"twitter:data2\" content=\"2 minutes\" \/>\n<script type=\"application\/ld+json\" class=\"yoast-schema-graph\">{\"@context\":\"https:\/\/schema.org\",\"@graph\":[{\"@type\":\"Article\",\"@id\":\"https:\/\/www.prijedordanas.com\/?p=183958#article\",\"isPartOf\":{\"@id\":\"https:\/\/www.prijedordanas.com\/?p=183958\"},\"author\":{\"name\":\"admin\",\"@id\":\"https:\/\/www.prijedordanas.com\/#\/schema\/person\/4e08ccf29b506ca916ff86d46bb700e6\"},\"headline\":\"Cvijanovi\u0107eva odlikovala MUP ordenom zastave Srpske sa zlatnim vijencem: Medaljom zasluga za narod posthumno odlikovan Radenko Ba\u0161i\u0107 &#8211; VIDEO\",\"datePublished\":\"2022-04-05T13:28:08+00:00\",\"dateModified\":\"2022-04-05T13:51:55+00:00\",\"mainEntityOfPage\":{\"@id\":\"https:\/\/www.prijedordanas.com\/?p=183958\"},\"wordCount\":412,\"publisher\":{\"@id\":\"https:\/\/www.prijedordanas.com\/#organization\"},\"articleSection\":[\"Dru\u0161tvo\"],\"inLanguage\":\"en-US\"},{\"@type\":\"WebPage\",\"@id\":\"https:\/\/www.prijedordanas.com\/?p=183958\",\"url\":\"https:\/\/www.prijedordanas.com\/?p=183958\",\"name\":\"Cvijanovi\u0107eva odlikovala MUP ordenom zastave Srpske sa zlatnim vijencem: Medaljom zasluga za narod posthumno odlikovan Radenko Ba\u0161i\u0107 - VIDEO - PrijedorDanas.com - Prijedorski gradski portal\",\"isPartOf\":{\"@id\":\"https:\/\/www.prijedordanas.com\/#website\"},\"datePublished\":\"2022-04-05T13:28:08+00:00\",\"dateModified\":\"2022-04-05T13:51:55+00:00\",\"breadcrumb\":{\"@id\":\"https:\/\/www.prijedordanas.com\/?p=183958#breadcrumb\"},\"inLanguage\":\"en-US\",\"potentialAction\":[{\"@type\":\"ReadAction\",\"target\":[\"https:\/\/www.prijedordanas.com\/?p=183958\"]}]},{\"@type\":\"BreadcrumbList\",\"@id\":\"https:\/\/www.prijedordanas.com\/?p=183958#breadcrumb\",\"itemListElement\":[{\"@type\":\"ListItem\",\"position\":1,\"name\":\"Home\",\"item\":\"https:\/\/www.prijedordanas.com\/\"},{\"@type\":\"ListItem\",\"position\":2,\"name\":\"Cvijanovi\u0107eva odlikovala MUP ordenom zastave Srpske sa zlatnim vijencem: Medaljom zasluga za narod posthumno odlikovan Radenko Ba\u0161i\u0107 &#8211; VIDEO\"}]},{\"@type\":\"WebSite\",\"@id\":\"https:\/\/www.prijedordanas.com\/#website\",\"url\":\"https:\/\/www.prijedordanas.com\/\",\"name\":\"PrijedorDanas.com - Prijedorski gradski portal\",\"description\":\"Portal o doga\u0111anjima u gradu Prijedoru\",\"publisher\":{\"@id\":\"https:\/\/www.prijedordanas.com\/#organization\"},\"potentialAction\":[{\"@type\":\"SearchAction\",\"target\":{\"@type\":\"EntryPoint\",\"urlTemplate\":\"https:\/\/www.prijedordanas.com\/?s={search_term_string}\"},\"query-input\":\"required name=search_term_string\"}],\"inLanguage\":\"en-US\"},{\"@type\":\"Organization\",\"@id\":\"https:\/\/www.prijedordanas.com\/#organization\",\"name\":\"PrijedorDanas.com\",\"url\":\"https:\/\/www.prijedordanas.com\/\",\"logo\":{\"@type\":\"ImageObject\",\"inLanguage\":\"en-US\",\"@id\":\"https:\/\/www.prijedordanas.com\/#\/schema\/logo\/image\/\",\"url\":\"http:\/\/www.prijedordanas.com\/wp-content\/uploads\/2021\/12\/logopng.png\",\"contentUrl\":\"http:\/\/www.prijedordanas.com\/wp-content\/uploads\/2021\/12\/logopng.png\",\"width\":1019,\"height\":776,\"caption\":\"PrijedorDanas.com\"},\"image\":{\"@id\":\"https:\/\/www.prijedordanas.com\/#\/schema\/logo\/image\/\"},\"sameAs\":[\"https:\/\/www.facebook.com\/PrijedorDanasCom\/\"]},{\"@type\":\"Person\",\"@id\":\"https:\/\/www.prijedordanas.com\/#\/schema\/person\/4e08ccf29b506ca916ff86d46bb700e6\",\"name\":\"admin\",\"image\":{\"@type\":\"ImageObject\",\"inLanguage\":\"en-US\",\"@id\":\"https:\/\/www.prijedordanas.com\/#\/schema\/person\/image\/\",\"url\":\"https:\/\/secure.gravatar.com\/avatar\/1d3fc949d550f0b53a5f0d51e06dfd79?s=96&d=mm&r=g\",\"contentUrl\":\"https:\/\/secure.gravatar.com\/avatar\/1d3fc949d550f0b53a5f0d51e06dfd79?s=96&d=mm&r=g\",\"caption\":\"admin\"},\"url\":\"https:\/\/www.prijedordanas.com\/?author=1\"}]}<\/script>\n<!-- \/ Yoast SEO plugin. -->","yoast_head_json":{"title":"Cvijanovi\u0107eva odlikovala MUP ordenom zastave Srpske sa zlatnim vijencem: Medaljom zasluga za narod posthumno odlikovan Radenko Ba\u0161i\u0107 - VIDEO - PrijedorDanas.com - Prijedorski gradski portal","robots":{"index":"index","follow":"follow","max-snippet":"max-snippet:-1","max-image-preview":"max-image-preview:large","max-video-preview":"max-video-preview:-1"},"canonical":"https:\/\/www.prijedordanas.com\/?p=183958","og_locale":"en_US","og_type":"article","og_title":"Cvijanovi\u0107eva odlikovala MUP ordenom zastave Srpske sa zlatnim vijencem: Medaljom zasluga za narod posthumno odlikovan Radenko Ba\u0161i\u0107 - VIDEO - PrijedorDanas.com - Prijedorski gradski portal","og_description":"Predsjednik Republike Srpske \u017deljka Cvijanovi\u0107 odlikovala je sino\u0107 Ministarstvo unutra\u0161njih poslova ordenom zastave Srpske sa zlatnim vijencem za naro\u010dite zasluge u razvijanju i u\u010dvr\u0161\u0107ivanju mira, saradnje i bezbjednosti, kao i [&hellip;]","og_url":"https:\/\/www.prijedordanas.com\/?p=183958","og_site_name":"PrijedorDanas.com - Prijedorski gradski portal","article_publisher":"https:\/\/www.facebook.com\/PrijedorDanasCom\/","article_published_time":"2022-04-05T13:28:08+00:00","article_modified_time":"2022-04-05T13:51:55+00:00","og_image":[{"url":"https:\/\/www.prijedordanas.com\/wp-content\/uploads\/2022\/04\/cvijanovic-orden-mup-rs-300x225.jpg"}],"author":"admin","twitter_card":"summary_large_image","twitter_misc":{"Written by":"admin","Est. reading time":"2 minutes"},"schema":{"@context":"https:\/\/schema.org","@graph":[{"@type":"Article","@id":"https:\/\/www.prijedordanas.com\/?p=183958#article","isPartOf":{"@id":"https:\/\/www.prijedordanas.com\/?p=183958"},"author":{"name":"admin","@id":"https:\/\/www.prijedordanas.com\/#\/schema\/person\/4e08ccf29b506ca916ff86d46bb700e6"},"headline":"Cvijanovi\u0107eva odlikovala MUP ordenom zastave Srpske sa zlatnim vijencem: Medaljom zasluga za narod posthumno odlikovan Radenko Ba\u0161i\u0107 &#8211; VIDEO","datePublished":"2022-04-05T13:28:08+00:00","dateModified":"2022-04-05T13:51:55+00:00","mainEntityOfPage":{"@id":"https:\/\/www.prijedordanas.com\/?p=183958"},"wordCount":412,"publisher":{"@id":"https:\/\/www.prijedordanas.com\/#organization"},"articleSection":["Dru\u0161tvo"],"inLanguage":"en-US"},{"@type":"WebPage","@id":"https:\/\/www.prijedordanas.com\/?p=183958","url":"https:\/\/www.prijedordanas.com\/?p=183958","name":"Cvijanovi\u0107eva odlikovala MUP ordenom zastave Srpske sa zlatnim vijencem: Medaljom zasluga za narod posthumno odlikovan Radenko Ba\u0161i\u0107 - VIDEO - PrijedorDanas.com - Prijedorski gradski portal","isPartOf":{"@id":"https:\/\/www.prijedordanas.com\/#website"},"datePublished":"2022-04-05T13:28:08+00:00","dateModified":"2022-04-05T13:51:55+00:00","breadcrumb":{"@id":"https:\/\/www.prijedordanas.com\/?p=183958#breadcrumb"},"inLanguage":"en-US","potentialAction":[{"@type":"ReadAction","target":["https:\/\/www.prijedordanas.com\/?p=183958"]}]},{"@type":"BreadcrumbList","@id":"https:\/\/www.prijedordanas.com\/?p=183958#breadcrumb","itemListElement":[{"@type":"ListItem","position":1,"name":"Home","item":"https:\/\/www.prijedordanas.com\/"},{"@type":"ListItem","position":2,"name":"Cvijanovi\u0107eva odlikovala MUP ordenom zastave Srpske sa zlatnim vijencem: Medaljom zasluga za narod posthumno odlikovan Radenko Ba\u0161i\u0107 &#8211; VIDEO"}]},{"@type":"WebSite","@id":"https:\/\/www.prijedordanas.com\/#website","url":"https:\/\/www.prijedordanas.com\/","name":"PrijedorDanas.com - Prijedorski gradski portal","description":"Portal o doga\u0111anjima u gradu Prijedoru","publisher":{"@id":"https:\/\/www.prijedordanas.com\/#organization"},"potentialAction":[{"@type":"SearchAction","target":{"@type":"EntryPoint","urlTemplate":"https:\/\/www.prijedordanas.com\/?s={search_term_string}"},"query-input":"required name=search_term_string"}],"inLanguage":"en-US"},{"@type":"Organization","@id":"https:\/\/www.prijedordanas.com\/#organization","name":"PrijedorDanas.com","url":"https:\/\/www.prijedordanas.com\/","logo":{"@type":"ImageObject","inLanguage":"en-US","@id":"https:\/\/www.prijedordanas.com\/#\/schema\/logo\/image\/","url":"http:\/\/www.prijedordanas.com\/wp-content\/uploads\/2021\/12\/logopng.png","contentUrl":"http:\/\/www.prijedordanas.com\/wp-content\/uploads\/2021\/12\/logopng.png","width":1019,"height":776,"caption":"PrijedorDanas.com"},"image":{"@id":"https:\/\/www.prijedordanas.com\/#\/schema\/logo\/image\/"},"sameAs":["https:\/\/www.facebook.com\/PrijedorDanasCom\/"]},{"@type":"Person","@id":"https:\/\/www.prijedordanas.com\/#\/schema\/person\/4e08ccf29b506ca916ff86d46bb700e6","name":"admin","image":{"@type":"ImageObject","inLanguage":"en-US","@id":"https:\/\/www.prijedordanas.com\/#\/schema\/person\/image\/","url":"https:\/\/secure.gravatar.com\/avatar\/1d3fc949d550f0b53a5f0d51e06dfd79?s=96&d=mm&r=g","contentUrl":"https:\/\/secure.gravatar.com\/avatar\/1d3fc949d550f0b53a5f0d51e06dfd79?s=96&d=mm&r=g","caption":"admin"},"url":"https:\/\/www.prijedordanas.com\/?author=1"}]}},"_links":{"self":[{"href":"https:\/\/www.prijedordanas.com\/index.php?rest_route=\/wp\/v2\/posts\/183958"}],"collection":[{"href":"https:\/\/www.prijedordanas.com\/index.php?rest_route=\/wp\/v2\/posts"}],"about":[{"href":"https:\/\/www.prijedordanas.com\/index.php?rest_route=\/wp\/v2\/types\/post"}],"author":[{"embeddable":true,"href":"https:\/\/www.prijedordanas.com\/index.php?rest_route=\/wp\/v2\/users\/1"}],"replies":[{"embeddable":true,"href":"https:\/\/www.prijedordanas.com\/index.php?rest_route=%2Fwp%2Fv2%2Fcomments&post=183958"}],"version-history":[{"count":4,"href":"https:\/\/www.prijedordanas.com\/index.php?rest_route=\/wp\/v2\/posts\/183958\/revisions"}],"predecessor-version":[{"id":183971,"href":"https:\/\/www.prijedordanas.com\/index.php?rest_route=\/wp\/v2\/posts\/183958\/revisions\/183971"}],"wp:attachment":[{"href":"https:\/\/www.prijedordanas.com\/index.php?rest_route=%2Fwp%2Fv2%2Fmedia&parent=183958"}],"wp:term":[{"taxonomy":"category","embeddable":true,"href":"https:\/\/www.prijedordanas.com\/index.php?rest_route=%2Fwp%2Fv2%2Fcategories&post=183958"},{"taxonomy":"post_tag","embeddable":true,"href":"https:\/\/www.prijedordanas.com\/index.php?rest_route=%2Fwp%2Fv2%2Ftags&post=183958"}],"curies":[{"name":"wp","href":"https:\/\/api.w.org\/{rel}","templated":true}]}}