{"id":183567,"date":"2022-03-30T09:01:04","date_gmt":"2022-03-30T07:01:04","guid":{"rendered":"https:\/\/www.prijedordanas.com\/?p=183567"},"modified":"2022-03-30T09:01:04","modified_gmt":"2022-03-30T07:01:04","slug":"sudenje-rade-macura-prenosenje-leseva-u-korpi-bagera","status":"publish","type":"post","link":"https:\/\/www.prijedordanas.com\/?p=183567","title":{"rendered":"Su\u0111enje Rade Macura: Preno\u0161enje le\u0161eva u korpi bagera"},"content":{"rendered":"<p><a href=\"https:\/\/www.prijedordanas.com\/wp-content\/uploads\/2021\/11\/sudjenje-rade-macura.jpg\"><img loading=\"lazy\" decoding=\"async\" src=\"https:\/\/www.prijedordanas.com\/wp-content\/uploads\/2021\/11\/sudjenje-rade-macura-300x225.jpg\" alt=\"\" width=\"300\" height=\"225\" class=\"alignleft size-medium wp-image-177059\" srcset=\"https:\/\/www.prijedordanas.com\/wp-content\/uploads\/2021\/11\/sudjenje-rade-macura-300x225.jpg 300w, https:\/\/www.prijedordanas.com\/wp-content\/uploads\/2021\/11\/sudjenje-rade-macura-640x480.jpg 640w, https:\/\/www.prijedordanas.com\/wp-content\/uploads\/2021\/11\/sudjenje-rade-macura.jpg 667w\" sizes=\"(max-width: 300px) 100vw, 300px\" \/><\/a>Na su\u0111enju Radetu Macuri, optu\u017eenom za zlo\u010dine po\u010dinjene u selu Turjak kod Gradi\u0161ke, svjedok je ispri\u010dao kako je neposredno nakon predaje ljudi \u010duo pucnjeve i vidio bager kako prevozi le\u0161eve.<\/p>\n<p>\u0110ura\u0111 Ra\u010di\u0107 je izjavio kako je 1992. godine u Turjaku, gdje je radio u \u0161koli, dr\u017eao seoske stra\u017ee. Ispri\u010dao je kako je jedne ve\u010deri, dok je stra\u017eario kod crkve, \u010duo rafal u \u0161umi. Kada su do\u0161li na to mjesto, vidjeli su da je ranjen Mirko Samard\u017eija, kojeg su unijeli u ladu i odvezli u bolnicu. Naredno jutro, kazao je, do\u0161li su na \u201cisto mjesto, legli u kanal i zauzeli polo\u017eaj\u201d.<\/p>\n<p>Na pitanje tu\u017eiteljice \u0110urkovi\u0107 za\u0161to su to uradili, rekao je da su pretpostavljali da se u \u0161umi nalaze ljudi. Nakon njih, kako je izjavio, tu je do\u0161lo pet-\u0161est uniformisanih vojnika. Pucnjevi u \u0161umi su, prema njegovim rije\u010dima, odjekivali nekih sat vremena, a od jednog vojnika je \u010duo da je ranjen drugi vojnik, koji je preba\u010den u bolnicu.<\/p>\n<p>\u201cPrimijetili smo siluete ljudi pod hrastovima. Vojska je primijetila da se radi o ljudima koji bje\u017ee. Nare\u0111eno im je da iza\u0111u na livadu. Oni su krenuli jedan iza drugog. Vojska je tra\u017eila da idu jedan kraj drugog i da si\u0111u na put. Me\u0111u njima je bilo pet mu\u0161karaca i dvije \u017eene\u201d, prisjetio se Ra\u010di\u0107, rekav\u0161i da im je nakon toga nare\u0111eno da legnu na put i ra\u0161ire ruke i noge.<\/p>\n<p>Prema njegovim rije\u010dima, niko od tih ljudi nije imao oru\u017eje, a jedna \u017eena je imala futrolu od automatskog pi\u0161tolja na opasa\u010du. Za jednu \u017eenu je kazao da je bila hendikepirana.<\/p>\n<p>Ispri\u010dao je kako je u me\u0111uvremenu do\u0161ao Vasilije Borkovi\u0107, s kojim je dr\u017eao seoske stra\u017ee i koji je nosio automatsku pu\u0161ku. Prema njegovim rije\u010dima, Vaso je naslonio jednoj \u017eeni na dlan automatsku pu\u0161ku i ispalio metak, nakon \u010dega je jedan od vojnika rekao: \u201cVodite tu budalu odavde.\u201d Potom su, kako je izjavio Ra\u010di\u0107, oti\u0161li do ku\u0107e \u0160ukala u selu, gdje ih je \u017eena ponudila kafom i rakijom.<\/p>\n<p>\u201cNakon deset minuta za\u010duo se rafal iz pravca gdje su se predali. \u010cuo sam dva rafala, za tre\u0107i nisam siguran. Zapazio sam potom jedan bager koji je eksploatisao \u0161ljunak koji je oti\u0161ao na to mjesto. Kada se vra\u0107ao odozgo, u korpi je nosio le\u0161eve, koji su kasnije ekshumirani\u201d, kazao je Ra\u010di\u0107.<\/p>\n<p>Dodao je kako se kasnije po kafanama pri\u010dalo da su izvr\u0161ene egzekucije, a da je \u201ctom jedinicom komandovao Rade Macura\u201d.<\/p>\n<p>Na pitanje Miodraga Stojanovi\u0107a, branioca Radeta Macure, da li on zna da je njegov klijent komandovao tom jedinicom, Ra\u010di\u0107 je rekao da je to \u010duo, ne zna ta\u010dno od koga.<\/p>\n<p>\u201cTo ne mora biti ta\u010dno\u201d, kazao je Ra\u010di\u0107, dodav\u0161i kako ne zna ni koje su jedinice tog dana bile u Turjaku.<\/p>\n<p>Radeta Macuru optu\u017enica tereti da je, kao komandir Prve \u010dete Drugog bataljona Prve gradi\u0161ke brigade, za vrijeme provo\u0111enja vojne akcije pretresa terena u mjestu Turjak \u2013 gdje se nalazila grupa civila bo\u0161nja\u010dke nacionalnosti iz mjesta Kozarac u op\u0107ini Prijedor, koja se, bje\u017ee\u0107i pred ratnim sukobima, poku\u0161avala prebaciti do granice s Hrvatskom na rijeci Savi \u2013 bio prisutan tokom ubistava deset civila, me\u0111u kojima su bile i tri \u017eene.<\/p>\n<p>Drugi svjedok Drago Makivi\u0107 je ispri\u010dao kako je 1991. godine mobiliziran u jedinicu, protivdiverzantski vod, kojom je komandovao Zoran \u0160obota. Izjavio je kako je njegova jedinica djelovala kao podr\u0161ka civilnoj i vojnoj policiji u slu\u010daju pretresa mjesta i osiguranja.<\/p>\n<p>On je izjavio kako je tog dana u Turjak iz Gradi\u0161ke kombijem dovezao nekoliko vojnika, koji su raspore\u0111eni po punktovima. Njegov vod je imao uniforme, amblem \u0161korpije i zvali su se \u201c\u0160korpioni\u201d. Na pitanje tu\u017eiteljice da li su ti vojnici u\u010destvovali u incidentu, rekao je da ne zna, te da je nakon toga do\u0161ao po njih. Prema njegovim rije\u010dima, u Turjaku je bilo dosta vojske. Kazao je i da poznaje Macuru i da ga tog dana nije vidio u Turjaku.<\/p>\n<p>Su\u0111enje \u0107e biti nastavljeno 19. aprila.<\/p>\n<p><a href=\"https:\/\/detektor.ba\/2022\/03\/29\/rade-macura-prenosenje-leseva-u-korpi-bagera\/\" rel=\"noopener\" target=\"_blank\">detektor.ba<\/a><\/p>\n","protected":false},"excerpt":{"rendered":"<p>Na su\u0111enju Radetu Macuri, optu\u017eenom za zlo\u010dine po\u010dinjene u selu Turjak kod Gradi\u0161ke, svjedok je ispri\u010dao kako je neposredno nakon predaje ljudi \u010duo pucnjeve i vidio bager kako prevozi le\u0161eve. [&hellip;]<\/p>\n","protected":false},"author":1,"featured_media":0,"comment_status":"closed","ping_status":"open","sticky":false,"template":"","format":"standard","meta":{"_monsterinsights_skip_tracking":false,"_monsterinsights_sitenote_active":false,"_monsterinsights_sitenote_note":"","_monsterinsights_sitenote_category":0,"footnotes":""},"categories":[5],"tags":[],"yoast_head":"<!-- This site is optimized with the Yoast SEO plugin v21.6 - https:\/\/yoast.com\/wordpress\/plugins\/seo\/ -->\n<title>Su\u0111enje Rade Macura: Preno\u0161enje le\u0161eva u korpi bagera - PrijedorDanas.com - Prijedorski gradski portal<\/title>\n<meta name=\"robots\" content=\"index, follow, max-snippet:-1, max-image-preview:large, max-video-preview:-1\" \/>\n<link rel=\"canonical\" href=\"https:\/\/www.prijedordanas.com\/?p=183567\" \/>\n<meta property=\"og:locale\" content=\"en_US\" \/>\n<meta property=\"og:type\" content=\"article\" \/>\n<meta property=\"og:title\" content=\"Su\u0111enje Rade Macura: Preno\u0161enje le\u0161eva u korpi bagera - PrijedorDanas.com - Prijedorski gradski portal\" \/>\n<meta property=\"og:description\" content=\"Na su\u0111enju Radetu Macuri, optu\u017eenom za zlo\u010dine po\u010dinjene u selu Turjak kod Gradi\u0161ke, svjedok je ispri\u010dao kako je neposredno nakon predaje ljudi \u010duo pucnjeve i vidio bager kako prevozi le\u0161eve. [&hellip;]\" \/>\n<meta property=\"og:url\" content=\"https:\/\/www.prijedordanas.com\/?p=183567\" \/>\n<meta property=\"og:site_name\" content=\"PrijedorDanas.com - Prijedorski gradski portal\" \/>\n<meta property=\"article:publisher\" content=\"https:\/\/www.facebook.com\/PrijedorDanasCom\/\" \/>\n<meta property=\"article:published_time\" content=\"2022-03-30T07:01:04+00:00\" \/>\n<meta property=\"og:image\" content=\"https:\/\/www.prijedordanas.com\/wp-content\/uploads\/2021\/11\/sudjenje-rade-macura-300x225.jpg\" \/>\n<meta name=\"author\" content=\"admin\" \/>\n<meta name=\"twitter:card\" content=\"summary_large_image\" \/>\n<meta name=\"twitter:label1\" content=\"Written by\" \/>\n\t<meta name=\"twitter:data1\" content=\"admin\" \/>\n\t<meta name=\"twitter:label2\" content=\"Est. reading time\" \/>\n\t<meta name=\"twitter:data2\" content=\"4 minutes\" \/>\n<script type=\"application\/ld+json\" class=\"yoast-schema-graph\">{\"@context\":\"https:\/\/schema.org\",\"@graph\":[{\"@type\":\"Article\",\"@id\":\"https:\/\/www.prijedordanas.com\/?p=183567#article\",\"isPartOf\":{\"@id\":\"https:\/\/www.prijedordanas.com\/?p=183567\"},\"author\":{\"name\":\"admin\",\"@id\":\"https:\/\/www.prijedordanas.com\/#\/schema\/person\/4e08ccf29b506ca916ff86d46bb700e6\"},\"headline\":\"Su\u0111enje Rade Macura: Preno\u0161enje le\u0161eva u korpi bagera\",\"datePublished\":\"2022-03-30T07:01:04+00:00\",\"dateModified\":\"2022-03-30T07:01:04+00:00\",\"mainEntityOfPage\":{\"@id\":\"https:\/\/www.prijedordanas.com\/?p=183567\"},\"wordCount\":730,\"publisher\":{\"@id\":\"https:\/\/www.prijedordanas.com\/#organization\"},\"articleSection\":[\"Hronika\"],\"inLanguage\":\"en-US\"},{\"@type\":\"WebPage\",\"@id\":\"https:\/\/www.prijedordanas.com\/?p=183567\",\"url\":\"https:\/\/www.prijedordanas.com\/?p=183567\",\"name\":\"Su\u0111enje Rade Macura: Preno\u0161enje le\u0161eva u korpi bagera - PrijedorDanas.com - Prijedorski gradski portal\",\"isPartOf\":{\"@id\":\"https:\/\/www.prijedordanas.com\/#website\"},\"datePublished\":\"2022-03-30T07:01:04+00:00\",\"dateModified\":\"2022-03-30T07:01:04+00:00\",\"breadcrumb\":{\"@id\":\"https:\/\/www.prijedordanas.com\/?p=183567#breadcrumb\"},\"inLanguage\":\"en-US\",\"potentialAction\":[{\"@type\":\"ReadAction\",\"target\":[\"https:\/\/www.prijedordanas.com\/?p=183567\"]}]},{\"@type\":\"BreadcrumbList\",\"@id\":\"https:\/\/www.prijedordanas.com\/?p=183567#breadcrumb\",\"itemListElement\":[{\"@type\":\"ListItem\",\"position\":1,\"name\":\"Home\",\"item\":\"https:\/\/www.prijedordanas.com\/\"},{\"@type\":\"ListItem\",\"position\":2,\"name\":\"Su\u0111enje Rade Macura: Preno\u0161enje le\u0161eva u korpi bagera\"}]},{\"@type\":\"WebSite\",\"@id\":\"https:\/\/www.prijedordanas.com\/#website\",\"url\":\"https:\/\/www.prijedordanas.com\/\",\"name\":\"PrijedorDanas.com - Prijedorski gradski portal\",\"description\":\"Portal o doga\u0111anjima u gradu Prijedoru\",\"publisher\":{\"@id\":\"https:\/\/www.prijedordanas.com\/#organization\"},\"potentialAction\":[{\"@type\":\"SearchAction\",\"target\":{\"@type\":\"EntryPoint\",\"urlTemplate\":\"https:\/\/www.prijedordanas.com\/?s={search_term_string}\"},\"query-input\":\"required name=search_term_string\"}],\"inLanguage\":\"en-US\"},{\"@type\":\"Organization\",\"@id\":\"https:\/\/www.prijedordanas.com\/#organization\",\"name\":\"PrijedorDanas.com\",\"url\":\"https:\/\/www.prijedordanas.com\/\",\"logo\":{\"@type\":\"ImageObject\",\"inLanguage\":\"en-US\",\"@id\":\"https:\/\/www.prijedordanas.com\/#\/schema\/logo\/image\/\",\"url\":\"http:\/\/www.prijedordanas.com\/wp-content\/uploads\/2021\/12\/logopng.png\",\"contentUrl\":\"http:\/\/www.prijedordanas.com\/wp-content\/uploads\/2021\/12\/logopng.png\",\"width\":1019,\"height\":776,\"caption\":\"PrijedorDanas.com\"},\"image\":{\"@id\":\"https:\/\/www.prijedordanas.com\/#\/schema\/logo\/image\/\"},\"sameAs\":[\"https:\/\/www.facebook.com\/PrijedorDanasCom\/\"]},{\"@type\":\"Person\",\"@id\":\"https:\/\/www.prijedordanas.com\/#\/schema\/person\/4e08ccf29b506ca916ff86d46bb700e6\",\"name\":\"admin\",\"image\":{\"@type\":\"ImageObject\",\"inLanguage\":\"en-US\",\"@id\":\"https:\/\/www.prijedordanas.com\/#\/schema\/person\/image\/\",\"url\":\"https:\/\/secure.gravatar.com\/avatar\/1d3fc949d550f0b53a5f0d51e06dfd79?s=96&d=mm&r=g\",\"contentUrl\":\"https:\/\/secure.gravatar.com\/avatar\/1d3fc949d550f0b53a5f0d51e06dfd79?s=96&d=mm&r=g\",\"caption\":\"admin\"},\"url\":\"https:\/\/www.prijedordanas.com\/?author=1\"}]}<\/script>\n<!-- \/ Yoast SEO plugin. -->","yoast_head_json":{"title":"Su\u0111enje Rade Macura: Preno\u0161enje le\u0161eva u korpi bagera - PrijedorDanas.com - Prijedorski gradski portal","robots":{"index":"index","follow":"follow","max-snippet":"max-snippet:-1","max-image-preview":"max-image-preview:large","max-video-preview":"max-video-preview:-1"},"canonical":"https:\/\/www.prijedordanas.com\/?p=183567","og_locale":"en_US","og_type":"article","og_title":"Su\u0111enje Rade Macura: Preno\u0161enje le\u0161eva u korpi bagera - PrijedorDanas.com - Prijedorski gradski portal","og_description":"Na su\u0111enju Radetu Macuri, optu\u017eenom za zlo\u010dine po\u010dinjene u selu Turjak kod Gradi\u0161ke, svjedok je ispri\u010dao kako je neposredno nakon predaje ljudi \u010duo pucnjeve i vidio bager kako prevozi le\u0161eve. [&hellip;]","og_url":"https:\/\/www.prijedordanas.com\/?p=183567","og_site_name":"PrijedorDanas.com - Prijedorski gradski portal","article_publisher":"https:\/\/www.facebook.com\/PrijedorDanasCom\/","article_published_time":"2022-03-30T07:01:04+00:00","og_image":[{"url":"https:\/\/www.prijedordanas.com\/wp-content\/uploads\/2021\/11\/sudjenje-rade-macura-300x225.jpg"}],"author":"admin","twitter_card":"summary_large_image","twitter_misc":{"Written by":"admin","Est. reading time":"4 minutes"},"schema":{"@context":"https:\/\/schema.org","@graph":[{"@type":"Article","@id":"https:\/\/www.prijedordanas.com\/?p=183567#article","isPartOf":{"@id":"https:\/\/www.prijedordanas.com\/?p=183567"},"author":{"name":"admin","@id":"https:\/\/www.prijedordanas.com\/#\/schema\/person\/4e08ccf29b506ca916ff86d46bb700e6"},"headline":"Su\u0111enje Rade Macura: Preno\u0161enje le\u0161eva u korpi bagera","datePublished":"2022-03-30T07:01:04+00:00","dateModified":"2022-03-30T07:01:04+00:00","mainEntityOfPage":{"@id":"https:\/\/www.prijedordanas.com\/?p=183567"},"wordCount":730,"publisher":{"@id":"https:\/\/www.prijedordanas.com\/#organization"},"articleSection":["Hronika"],"inLanguage":"en-US"},{"@type":"WebPage","@id":"https:\/\/www.prijedordanas.com\/?p=183567","url":"https:\/\/www.prijedordanas.com\/?p=183567","name":"Su\u0111enje Rade Macura: Preno\u0161enje le\u0161eva u korpi bagera - PrijedorDanas.com - Prijedorski gradski portal","isPartOf":{"@id":"https:\/\/www.prijedordanas.com\/#website"},"datePublished":"2022-03-30T07:01:04+00:00","dateModified":"2022-03-30T07:01:04+00:00","breadcrumb":{"@id":"https:\/\/www.prijedordanas.com\/?p=183567#breadcrumb"},"inLanguage":"en-US","potentialAction":[{"@type":"ReadAction","target":["https:\/\/www.prijedordanas.com\/?p=183567"]}]},{"@type":"BreadcrumbList","@id":"https:\/\/www.prijedordanas.com\/?p=183567#breadcrumb","itemListElement":[{"@type":"ListItem","position":1,"name":"Home","item":"https:\/\/www.prijedordanas.com\/"},{"@type":"ListItem","position":2,"name":"Su\u0111enje Rade Macura: Preno\u0161enje le\u0161eva u korpi bagera"}]},{"@type":"WebSite","@id":"https:\/\/www.prijedordanas.com\/#website","url":"https:\/\/www.prijedordanas.com\/","name":"PrijedorDanas.com - Prijedorski gradski portal","description":"Portal o doga\u0111anjima u gradu Prijedoru","publisher":{"@id":"https:\/\/www.prijedordanas.com\/#organization"},"potentialAction":[{"@type":"SearchAction","target":{"@type":"EntryPoint","urlTemplate":"https:\/\/www.prijedordanas.com\/?s={search_term_string}"},"query-input":"required name=search_term_string"}],"inLanguage":"en-US"},{"@type":"Organization","@id":"https:\/\/www.prijedordanas.com\/#organization","name":"PrijedorDanas.com","url":"https:\/\/www.prijedordanas.com\/","logo":{"@type":"ImageObject","inLanguage":"en-US","@id":"https:\/\/www.prijedordanas.com\/#\/schema\/logo\/image\/","url":"http:\/\/www.prijedordanas.com\/wp-content\/uploads\/2021\/12\/logopng.png","contentUrl":"http:\/\/www.prijedordanas.com\/wp-content\/uploads\/2021\/12\/logopng.png","width":1019,"height":776,"caption":"PrijedorDanas.com"},"image":{"@id":"https:\/\/www.prijedordanas.com\/#\/schema\/logo\/image\/"},"sameAs":["https:\/\/www.facebook.com\/PrijedorDanasCom\/"]},{"@type":"Person","@id":"https:\/\/www.prijedordanas.com\/#\/schema\/person\/4e08ccf29b506ca916ff86d46bb700e6","name":"admin","image":{"@type":"ImageObject","inLanguage":"en-US","@id":"https:\/\/www.prijedordanas.com\/#\/schema\/person\/image\/","url":"https:\/\/secure.gravatar.com\/avatar\/1d3fc949d550f0b53a5f0d51e06dfd79?s=96&d=mm&r=g","contentUrl":"https:\/\/secure.gravatar.com\/avatar\/1d3fc949d550f0b53a5f0d51e06dfd79?s=96&d=mm&r=g","caption":"admin"},"url":"https:\/\/www.prijedordanas.com\/?author=1"}]}},"_links":{"self":[{"href":"https:\/\/www.prijedordanas.com\/index.php?rest_route=\/wp\/v2\/posts\/183567"}],"collection":[{"href":"https:\/\/www.prijedordanas.com\/index.php?rest_route=\/wp\/v2\/posts"}],"about":[{"href":"https:\/\/www.prijedordanas.com\/index.php?rest_route=\/wp\/v2\/types\/post"}],"author":[{"embeddable":true,"href":"https:\/\/www.prijedordanas.com\/index.php?rest_route=\/wp\/v2\/users\/1"}],"replies":[{"embeddable":true,"href":"https:\/\/www.prijedordanas.com\/index.php?rest_route=%2Fwp%2Fv2%2Fcomments&post=183567"}],"version-history":[{"count":1,"href":"https:\/\/www.prijedordanas.com\/index.php?rest_route=\/wp\/v2\/posts\/183567\/revisions"}],"predecessor-version":[{"id":183568,"href":"https:\/\/www.prijedordanas.com\/index.php?rest_route=\/wp\/v2\/posts\/183567\/revisions\/183568"}],"wp:attachment":[{"href":"https:\/\/www.prijedordanas.com\/index.php?rest_route=%2Fwp%2Fv2%2Fmedia&parent=183567"}],"wp:term":[{"taxonomy":"category","embeddable":true,"href":"https:\/\/www.prijedordanas.com\/index.php?rest_route=%2Fwp%2Fv2%2Fcategories&post=183567"},{"taxonomy":"post_tag","embeddable":true,"href":"https:\/\/www.prijedordanas.com\/index.php?rest_route=%2Fwp%2Fv2%2Ftags&post=183567"}],"curies":[{"name":"wp","href":"https:\/\/api.w.org\/{rel}","templated":true}]}}