{"id":183452,"date":"2022-03-28T17:00:03","date_gmt":"2022-03-28T15:00:03","guid":{"rendered":"https:\/\/www.prijedordanas.com\/?p=183452"},"modified":"2022-03-28T18:34:08","modified_gmt":"2022-03-28T16:34:08","slug":"oglasilo-se-tuzilastvo-bih-saradnja-sa-europolom-pomogla-u-rasvjetljavanju-ubistva-basica-foto","status":"publish","type":"post","link":"https:\/\/www.prijedordanas.com\/?p=183452","title":{"rendered":"Oglasilo se Tu\u017eila\u0161tvo BiH: Saradnja sa Europolom pomogla u rasvjetljavanju ubistva Ba\u0161i\u0107a &#8211; FOTO"},"content":{"rendered":"<p><a href=\"https:\/\/www.prijedordanas.com\/wp-content\/uploads\/2022\/03\/tuzilastvo-bih-dalibor-railic-1.jpg\"><img loading=\"lazy\" decoding=\"async\" class=\"alignleft size-medium wp-image-183455\" src=\"https:\/\/www.prijedordanas.com\/wp-content\/uploads\/2022\/03\/tuzilastvo-bih-dalibor-railic-1-300x265.jpg\" alt=\"\" width=\"300\" height=\"265\" srcset=\"https:\/\/www.prijedordanas.com\/wp-content\/uploads\/2022\/03\/tuzilastvo-bih-dalibor-railic-1-300x265.jpg 300w, https:\/\/www.prijedordanas.com\/wp-content\/uploads\/2022\/03\/tuzilastvo-bih-dalibor-railic-1.jpg 600w\" sizes=\"(max-width: 300px) 100vw, 300px\" \/><\/a>U okviru provedenih aktivnosti i saradnjom sa Europolom, zajedni\u010dki se do\u0161lo i do informacija koje mogu pomo\u0107i u rasvjetljavanju te\u0161kog ubistva na\u010delnika kriminalisti\u010dke policije Prijedor Radenka Ba\u0161i\u0107a, saop\u0161teno je iz Tu\u017eila\u0161tva BiH.<\/p>\n<p>Oni su dodali da su u stalnoj komunikaciji sa institucijom Europola u Den Hagu, kao i tu\u017eila\u010dkim i policijskim institucijama u Republici Srpskoj, te Agencijom za istrage i za\u0161titu BiH, kao i policijskim strukturama u FBiH i kantonima, kako bi se dogovorile aktivnosti na otkrivanju, dokumentovanju i krivi\u010dnom gonjenju osoba osumnji\u010denih za te\u0161ka krivi\u010dna djela, koja ugro\u017eavaju vladavinu prava i bezbjednost gra\u0111ana Bosne i Hercegovine.<\/p>\n<p>\u2013 Cilj aktivnosti je da sve institucije, zajedni\u010dki i koordinisanim djelovanjem, svako u okviru svojih nadle\u017enosti, daju maksimalan doprinos rasvjetljavanju te\u0161kih krivi\u010dnih djela, koja ozbiljno naru\u0161avaju bezbjednosnu situaciju u Bosni i Hercegovini i regionu Zapadnog Balkana \u2013 rekao je portparol Tu\u017eila\u0161tva BiH Boris Grube\u0161i\u0107.<\/p>\n<p>On je dodao da je komunikacija sa EUROPOL koja je ostvarena u proteklim mjesecima, omogu\u0107ila privo\u0111enje vi\u0161e opse\u017enih operacija u borbi protiv organizovanog i prekograni\u010dnog kriminala, koje su pozdravljene u strukturama Europol i EU.<\/p>\n<p><a href=\"https:\/\/srpskainfo.com\/oglasilo-se-tuzilastvo-bih-saradnja-sa-europolom-pomogla-u-rasvjetljavanju-ubistva-basica-foto\/\" target=\"_blank\" rel=\"noopener\">srpskainfo.com<\/a><\/p>\n<p><a href=\"https:\/\/www.prijedordanas.com\/wp-content\/uploads\/2022\/03\/tuzilastvo-bih-aleksandar-miljatovic-1.jpg\"><img loading=\"lazy\" decoding=\"async\" class=\"alignleft size-medium wp-image-183466\" src=\"https:\/\/www.prijedordanas.com\/wp-content\/uploads\/2022\/03\/tuzilastvo-bih-aleksandar-miljatovic-1-300x225.jpg\" alt=\"\" width=\"300\" height=\"225\" srcset=\"https:\/\/www.prijedordanas.com\/wp-content\/uploads\/2022\/03\/tuzilastvo-bih-aleksandar-miljatovic-1-300x225.jpg 300w, https:\/\/www.prijedordanas.com\/wp-content\/uploads\/2022\/03\/tuzilastvo-bih-aleksandar-miljatovic-1-640x480.jpg 640w, https:\/\/www.prijedordanas.com\/wp-content\/uploads\/2022\/03\/tuzilastvo-bih-aleksandar-miljatovic-1.jpg 667w\" sizes=\"(max-width: 300px) 100vw, 300px\" \/><\/a> <a href=\"https:\/\/www.prijedordanas.com\/wp-content\/uploads\/2022\/03\/tuzilastvo-bih-dalibor-railic-2.jpg\"><img loading=\"lazy\" decoding=\"async\" class=\"alignleft size-medium wp-image-183456\" src=\"https:\/\/www.prijedordanas.com\/wp-content\/uploads\/2022\/03\/tuzilastvo-bih-dalibor-railic-2-300x251.jpg\" alt=\"\" width=\"300\" height=\"251\" srcset=\"https:\/\/www.prijedordanas.com\/wp-content\/uploads\/2022\/03\/tuzilastvo-bih-dalibor-railic-2-300x251.jpg 300w, https:\/\/www.prijedordanas.com\/wp-content\/uploads\/2022\/03\/tuzilastvo-bih-dalibor-railic-2.jpg 598w\" sizes=\"(max-width: 300px) 100vw, 300px\" \/><\/a><\/p>\n","protected":false},"excerpt":{"rendered":"<p>U okviru provedenih aktivnosti i saradnjom sa Europolom, zajedni\u010dki se do\u0161lo i do informacija koje mogu pomo\u0107i u rasvjetljavanju te\u0161kog ubistva na\u010delnika kriminalisti\u010dke policije Prijedor Radenka Ba\u0161i\u0107a, saop\u0161teno je iz [&hellip;]<\/p>\n","protected":false},"author":1,"featured_media":0,"comment_status":"closed","ping_status":"open","sticky":false,"template":"","format":"standard","meta":{"_monsterinsights_skip_tracking":false,"_monsterinsights_sitenote_active":false,"_monsterinsights_sitenote_note":"","_monsterinsights_sitenote_category":0,"footnotes":""},"categories":[5],"tags":[],"yoast_head":"<!-- This site is optimized with the Yoast SEO plugin v21.6 - https:\/\/yoast.com\/wordpress\/plugins\/seo\/ -->\n<title>Oglasilo se Tu\u017eila\u0161tvo BiH: Saradnja sa Europolom pomogla u rasvjetljavanju ubistva Ba\u0161i\u0107a - FOTO - PrijedorDanas.com - Prijedorski gradski portal<\/title>\n<meta name=\"robots\" content=\"index, follow, max-snippet:-1, max-image-preview:large, max-video-preview:-1\" \/>\n<link rel=\"canonical\" href=\"https:\/\/www.prijedordanas.com\/?p=183452\" \/>\n<meta property=\"og:locale\" content=\"en_US\" \/>\n<meta property=\"og:type\" content=\"article\" \/>\n<meta property=\"og:title\" content=\"Oglasilo se Tu\u017eila\u0161tvo BiH: Saradnja sa Europolom pomogla u rasvjetljavanju ubistva Ba\u0161i\u0107a - FOTO - PrijedorDanas.com - Prijedorski gradski portal\" \/>\n<meta property=\"og:description\" content=\"U okviru provedenih aktivnosti i saradnjom sa Europolom, zajedni\u010dki se do\u0161lo i do informacija koje mogu pomo\u0107i u rasvjetljavanju te\u0161kog ubistva na\u010delnika kriminalisti\u010dke policije Prijedor Radenka Ba\u0161i\u0107a, saop\u0161teno je iz [&hellip;]\" \/>\n<meta property=\"og:url\" content=\"https:\/\/www.prijedordanas.com\/?p=183452\" \/>\n<meta property=\"og:site_name\" content=\"PrijedorDanas.com - Prijedorski gradski portal\" \/>\n<meta property=\"article:publisher\" content=\"https:\/\/www.facebook.com\/PrijedorDanasCom\/\" \/>\n<meta property=\"article:published_time\" content=\"2022-03-28T15:00:03+00:00\" \/>\n<meta property=\"article:modified_time\" content=\"2022-03-28T16:34:08+00:00\" \/>\n<meta property=\"og:image\" content=\"https:\/\/www.prijedordanas.com\/wp-content\/uploads\/2022\/03\/tuzilastvo-bih-dalibor-railic-1-300x265.jpg\" \/>\n<meta name=\"author\" content=\"admin\" \/>\n<meta name=\"twitter:card\" content=\"summary_large_image\" \/>\n<meta name=\"twitter:label1\" content=\"Written by\" \/>\n\t<meta name=\"twitter:data1\" content=\"admin\" \/>\n\t<meta name=\"twitter:label2\" content=\"Est. reading time\" \/>\n\t<meta name=\"twitter:data2\" content=\"1 minute\" \/>\n<script type=\"application\/ld+json\" class=\"yoast-schema-graph\">{\"@context\":\"https:\/\/schema.org\",\"@graph\":[{\"@type\":\"Article\",\"@id\":\"https:\/\/www.prijedordanas.com\/?p=183452#article\",\"isPartOf\":{\"@id\":\"https:\/\/www.prijedordanas.com\/?p=183452\"},\"author\":{\"name\":\"admin\",\"@id\":\"https:\/\/www.prijedordanas.com\/#\/schema\/person\/4e08ccf29b506ca916ff86d46bb700e6\"},\"headline\":\"Oglasilo se Tu\u017eila\u0161tvo BiH: Saradnja sa Europolom pomogla u rasvjetljavanju ubistva Ba\u0161i\u0107a &#8211; FOTO\",\"datePublished\":\"2022-03-28T15:00:03+00:00\",\"dateModified\":\"2022-03-28T16:34:08+00:00\",\"mainEntityOfPage\":{\"@id\":\"https:\/\/www.prijedordanas.com\/?p=183452\"},\"wordCount\":226,\"publisher\":{\"@id\":\"https:\/\/www.prijedordanas.com\/#organization\"},\"articleSection\":[\"Hronika\"],\"inLanguage\":\"en-US\"},{\"@type\":\"WebPage\",\"@id\":\"https:\/\/www.prijedordanas.com\/?p=183452\",\"url\":\"https:\/\/www.prijedordanas.com\/?p=183452\",\"name\":\"Oglasilo se Tu\u017eila\u0161tvo BiH: Saradnja sa Europolom pomogla u rasvjetljavanju ubistva Ba\u0161i\u0107a - FOTO - PrijedorDanas.com - Prijedorski gradski portal\",\"isPartOf\":{\"@id\":\"https:\/\/www.prijedordanas.com\/#website\"},\"datePublished\":\"2022-03-28T15:00:03+00:00\",\"dateModified\":\"2022-03-28T16:34:08+00:00\",\"breadcrumb\":{\"@id\":\"https:\/\/www.prijedordanas.com\/?p=183452#breadcrumb\"},\"inLanguage\":\"en-US\",\"potentialAction\":[{\"@type\":\"ReadAction\",\"target\":[\"https:\/\/www.prijedordanas.com\/?p=183452\"]}]},{\"@type\":\"BreadcrumbList\",\"@id\":\"https:\/\/www.prijedordanas.com\/?p=183452#breadcrumb\",\"itemListElement\":[{\"@type\":\"ListItem\",\"position\":1,\"name\":\"Home\",\"item\":\"https:\/\/www.prijedordanas.com\/\"},{\"@type\":\"ListItem\",\"position\":2,\"name\":\"Oglasilo se Tu\u017eila\u0161tvo BiH: Saradnja sa Europolom pomogla u rasvjetljavanju ubistva Ba\u0161i\u0107a &#8211; FOTO\"}]},{\"@type\":\"WebSite\",\"@id\":\"https:\/\/www.prijedordanas.com\/#website\",\"url\":\"https:\/\/www.prijedordanas.com\/\",\"name\":\"PrijedorDanas.com - Prijedorski gradski portal\",\"description\":\"Portal o doga\u0111anjima u gradu Prijedoru\",\"publisher\":{\"@id\":\"https:\/\/www.prijedordanas.com\/#organization\"},\"potentialAction\":[{\"@type\":\"SearchAction\",\"target\":{\"@type\":\"EntryPoint\",\"urlTemplate\":\"https:\/\/www.prijedordanas.com\/?s={search_term_string}\"},\"query-input\":\"required name=search_term_string\"}],\"inLanguage\":\"en-US\"},{\"@type\":\"Organization\",\"@id\":\"https:\/\/www.prijedordanas.com\/#organization\",\"name\":\"PrijedorDanas.com\",\"url\":\"https:\/\/www.prijedordanas.com\/\",\"logo\":{\"@type\":\"ImageObject\",\"inLanguage\":\"en-US\",\"@id\":\"https:\/\/www.prijedordanas.com\/#\/schema\/logo\/image\/\",\"url\":\"http:\/\/www.prijedordanas.com\/wp-content\/uploads\/2021\/12\/logopng.png\",\"contentUrl\":\"http:\/\/www.prijedordanas.com\/wp-content\/uploads\/2021\/12\/logopng.png\",\"width\":1019,\"height\":776,\"caption\":\"PrijedorDanas.com\"},\"image\":{\"@id\":\"https:\/\/www.prijedordanas.com\/#\/schema\/logo\/image\/\"},\"sameAs\":[\"https:\/\/www.facebook.com\/PrijedorDanasCom\/\"]},{\"@type\":\"Person\",\"@id\":\"https:\/\/www.prijedordanas.com\/#\/schema\/person\/4e08ccf29b506ca916ff86d46bb700e6\",\"name\":\"admin\",\"image\":{\"@type\":\"ImageObject\",\"inLanguage\":\"en-US\",\"@id\":\"https:\/\/www.prijedordanas.com\/#\/schema\/person\/image\/\",\"url\":\"https:\/\/secure.gravatar.com\/avatar\/1d3fc949d550f0b53a5f0d51e06dfd79?s=96&d=mm&r=g\",\"contentUrl\":\"https:\/\/secure.gravatar.com\/avatar\/1d3fc949d550f0b53a5f0d51e06dfd79?s=96&d=mm&r=g\",\"caption\":\"admin\"},\"url\":\"https:\/\/www.prijedordanas.com\/?author=1\"}]}<\/script>\n<!-- \/ Yoast SEO plugin. -->","yoast_head_json":{"title":"Oglasilo se Tu\u017eila\u0161tvo BiH: Saradnja sa Europolom pomogla u rasvjetljavanju ubistva Ba\u0161i\u0107a - FOTO - PrijedorDanas.com - Prijedorski gradski portal","robots":{"index":"index","follow":"follow","max-snippet":"max-snippet:-1","max-image-preview":"max-image-preview:large","max-video-preview":"max-video-preview:-1"},"canonical":"https:\/\/www.prijedordanas.com\/?p=183452","og_locale":"en_US","og_type":"article","og_title":"Oglasilo se Tu\u017eila\u0161tvo BiH: Saradnja sa Europolom pomogla u rasvjetljavanju ubistva Ba\u0161i\u0107a - FOTO - PrijedorDanas.com - Prijedorski gradski portal","og_description":"U okviru provedenih aktivnosti i saradnjom sa Europolom, zajedni\u010dki se do\u0161lo i do informacija koje mogu pomo\u0107i u rasvjetljavanju te\u0161kog ubistva na\u010delnika kriminalisti\u010dke policije Prijedor Radenka Ba\u0161i\u0107a, saop\u0161teno je iz [&hellip;]","og_url":"https:\/\/www.prijedordanas.com\/?p=183452","og_site_name":"PrijedorDanas.com - Prijedorski gradski portal","article_publisher":"https:\/\/www.facebook.com\/PrijedorDanasCom\/","article_published_time":"2022-03-28T15:00:03+00:00","article_modified_time":"2022-03-28T16:34:08+00:00","og_image":[{"url":"https:\/\/www.prijedordanas.com\/wp-content\/uploads\/2022\/03\/tuzilastvo-bih-dalibor-railic-1-300x265.jpg"}],"author":"admin","twitter_card":"summary_large_image","twitter_misc":{"Written by":"admin","Est. reading time":"1 minute"},"schema":{"@context":"https:\/\/schema.org","@graph":[{"@type":"Article","@id":"https:\/\/www.prijedordanas.com\/?p=183452#article","isPartOf":{"@id":"https:\/\/www.prijedordanas.com\/?p=183452"},"author":{"name":"admin","@id":"https:\/\/www.prijedordanas.com\/#\/schema\/person\/4e08ccf29b506ca916ff86d46bb700e6"},"headline":"Oglasilo se Tu\u017eila\u0161tvo BiH: Saradnja sa Europolom pomogla u rasvjetljavanju ubistva Ba\u0161i\u0107a &#8211; FOTO","datePublished":"2022-03-28T15:00:03+00:00","dateModified":"2022-03-28T16:34:08+00:00","mainEntityOfPage":{"@id":"https:\/\/www.prijedordanas.com\/?p=183452"},"wordCount":226,"publisher":{"@id":"https:\/\/www.prijedordanas.com\/#organization"},"articleSection":["Hronika"],"inLanguage":"en-US"},{"@type":"WebPage","@id":"https:\/\/www.prijedordanas.com\/?p=183452","url":"https:\/\/www.prijedordanas.com\/?p=183452","name":"Oglasilo se Tu\u017eila\u0161tvo BiH: Saradnja sa Europolom pomogla u rasvjetljavanju ubistva Ba\u0161i\u0107a - FOTO - PrijedorDanas.com - Prijedorski gradski portal","isPartOf":{"@id":"https:\/\/www.prijedordanas.com\/#website"},"datePublished":"2022-03-28T15:00:03+00:00","dateModified":"2022-03-28T16:34:08+00:00","breadcrumb":{"@id":"https:\/\/www.prijedordanas.com\/?p=183452#breadcrumb"},"inLanguage":"en-US","potentialAction":[{"@type":"ReadAction","target":["https:\/\/www.prijedordanas.com\/?p=183452"]}]},{"@type":"BreadcrumbList","@id":"https:\/\/www.prijedordanas.com\/?p=183452#breadcrumb","itemListElement":[{"@type":"ListItem","position":1,"name":"Home","item":"https:\/\/www.prijedordanas.com\/"},{"@type":"ListItem","position":2,"name":"Oglasilo se Tu\u017eila\u0161tvo BiH: Saradnja sa Europolom pomogla u rasvjetljavanju ubistva Ba\u0161i\u0107a &#8211; FOTO"}]},{"@type":"WebSite","@id":"https:\/\/www.prijedordanas.com\/#website","url":"https:\/\/www.prijedordanas.com\/","name":"PrijedorDanas.com - Prijedorski gradski portal","description":"Portal o doga\u0111anjima u gradu Prijedoru","publisher":{"@id":"https:\/\/www.prijedordanas.com\/#organization"},"potentialAction":[{"@type":"SearchAction","target":{"@type":"EntryPoint","urlTemplate":"https:\/\/www.prijedordanas.com\/?s={search_term_string}"},"query-input":"required name=search_term_string"}],"inLanguage":"en-US"},{"@type":"Organization","@id":"https:\/\/www.prijedordanas.com\/#organization","name":"PrijedorDanas.com","url":"https:\/\/www.prijedordanas.com\/","logo":{"@type":"ImageObject","inLanguage":"en-US","@id":"https:\/\/www.prijedordanas.com\/#\/schema\/logo\/image\/","url":"http:\/\/www.prijedordanas.com\/wp-content\/uploads\/2021\/12\/logopng.png","contentUrl":"http:\/\/www.prijedordanas.com\/wp-content\/uploads\/2021\/12\/logopng.png","width":1019,"height":776,"caption":"PrijedorDanas.com"},"image":{"@id":"https:\/\/www.prijedordanas.com\/#\/schema\/logo\/image\/"},"sameAs":["https:\/\/www.facebook.com\/PrijedorDanasCom\/"]},{"@type":"Person","@id":"https:\/\/www.prijedordanas.com\/#\/schema\/person\/4e08ccf29b506ca916ff86d46bb700e6","name":"admin","image":{"@type":"ImageObject","inLanguage":"en-US","@id":"https:\/\/www.prijedordanas.com\/#\/schema\/person\/image\/","url":"https:\/\/secure.gravatar.com\/avatar\/1d3fc949d550f0b53a5f0d51e06dfd79?s=96&d=mm&r=g","contentUrl":"https:\/\/secure.gravatar.com\/avatar\/1d3fc949d550f0b53a5f0d51e06dfd79?s=96&d=mm&r=g","caption":"admin"},"url":"https:\/\/www.prijedordanas.com\/?author=1"}]}},"_links":{"self":[{"href":"https:\/\/www.prijedordanas.com\/index.php?rest_route=\/wp\/v2\/posts\/183452"}],"collection":[{"href":"https:\/\/www.prijedordanas.com\/index.php?rest_route=\/wp\/v2\/posts"}],"about":[{"href":"https:\/\/www.prijedordanas.com\/index.php?rest_route=\/wp\/v2\/types\/post"}],"author":[{"embeddable":true,"href":"https:\/\/www.prijedordanas.com\/index.php?rest_route=\/wp\/v2\/users\/1"}],"replies":[{"embeddable":true,"href":"https:\/\/www.prijedordanas.com\/index.php?rest_route=%2Fwp%2Fv2%2Fcomments&post=183452"}],"version-history":[{"count":2,"href":"https:\/\/www.prijedordanas.com\/index.php?rest_route=\/wp\/v2\/posts\/183452\/revisions"}],"predecessor-version":[{"id":183467,"href":"https:\/\/www.prijedordanas.com\/index.php?rest_route=\/wp\/v2\/posts\/183452\/revisions\/183467"}],"wp:attachment":[{"href":"https:\/\/www.prijedordanas.com\/index.php?rest_route=%2Fwp%2Fv2%2Fmedia&parent=183452"}],"wp:term":[{"taxonomy":"category","embeddable":true,"href":"https:\/\/www.prijedordanas.com\/index.php?rest_route=%2Fwp%2Fv2%2Fcategories&post=183452"},{"taxonomy":"post_tag","embeddable":true,"href":"https:\/\/www.prijedordanas.com\/index.php?rest_route=%2Fwp%2Fv2%2Ftags&post=183452"}],"curies":[{"name":"wp","href":"https:\/\/api.w.org\/{rel}","templated":true}]}}