{"id":183407,"date":"2022-03-27T20:09:06","date_gmt":"2022-03-27T18:09:06","guid":{"rendered":"https:\/\/www.prijedordanas.com\/?p=183407"},"modified":"2022-03-27T20:12:20","modified_gmt":"2022-03-27T18:12:20","slug":"nezavisne-saznaju-miljatovic-priznao-da-je-ubio-basica","status":"publish","type":"post","link":"https:\/\/www.prijedordanas.com\/?p=183407","title":{"rendered":"&#8220;Nezavisne&#8221; saznaju: Miljatovi\u0107 priznao da je ubio Ba\u0161i\u0107a"},"content":{"rendered":"<p><a href=\"https:\/\/www.prijedordanas.com\/wp-content\/uploads\/2022\/03\/nezavisne-miljatovic-priznao-ubistvo-basica.jpg\"><img loading=\"lazy\" decoding=\"async\" src=\"https:\/\/www.prijedordanas.com\/wp-content\/uploads\/2022\/03\/nezavisne-miljatovic-priznao-ubistvo-basica-300x225.jpg\" alt=\"\" width=\"300\" height=\"225\" class=\"alignleft size-medium wp-image-183408\" srcset=\"https:\/\/www.prijedordanas.com\/wp-content\/uploads\/2022\/03\/nezavisne-miljatovic-priznao-ubistvo-basica-300x225.jpg 300w, https:\/\/www.prijedordanas.com\/wp-content\/uploads\/2022\/03\/nezavisne-miljatovic-priznao-ubistvo-basica-640x480.jpg 640w, https:\/\/www.prijedordanas.com\/wp-content\/uploads\/2022\/03\/nezavisne-miljatovic-priznao-ubistvo-basica.jpg 667w\" sizes=\"(max-width: 300px) 100vw, 300px\" \/><\/a>Aleksandar Miljatovi\u0107, robija\u0161 na uslovnom otpustu, koji je uhap\u0161en zbog sumnje da je ubio na\u010delnika Kriminalisti\u010dke policije u Prijedoru Radenka Ba\u0161i\u0107a, priznao je taj zlo\u010din tokom ispitivanja u policiji, saznaju &#8220;Nezavisne&#8221;.<\/p>\n<p>&#8220;Jedini motiv je to \u0161to je Ba\u0161i\u0107 radio svoj posao. Smetao je kriminalcima. Miljatovi\u0107 je sve priznao. Zanimljivo je da vjerovatno nije ni pretpostavio da mu je policija za petama i nije se ni krio. Policija je imala odre\u0111ena saznanja, sklapala mozaik i potom ga uhapsila u velikoj policijskoj akciji izvedenoj u no\u0107i izme\u0111u subote i nedjelje na podru\u010dju Banjaluke&#8221;, isti\u010du izvori &#8220;Nezavisnih novina&#8221;.<\/p>\n<p><strong><a href=\"https:\/\/www.prijedordanas.com\/?p=183402\" rel=\"noopener\" target=\"_blank\">Ko je Aleksandar Miljatovi\u0107, osumnji\u010deni za ubistvo Radenka Ba\u0161i\u0107a?<\/a><\/strong><\/p>\n<p>Ina\u010de, osim Miljatovi\u0107a, kojeg terete da je ubica, kao organizator odnosno naru\u010dilac ozna\u010den je Dalibor Raili\u0107 zvani Dugi, koji je odlukom Suda BiH ve\u0107 pritvoren.<\/p>\n<p>U nastavku istrage policija je u subotu nave\u010de bila na nogama u Banjaluci te uhapsila i na kriminalisti\u010dku obradu privela 20 osoba, nakon \u010dega je Miljatovi\u0107 ozna\u010den kao osumnji\u010deni egzekutor te je, kako postoje tvrdnje, pao na poligrafu.<\/p>\n<p><strong><a href=\"https:\/\/www.prijedordanas.com\/?p=183389\" rel=\"noopener\" target=\"_blank\">Novi detalji oko ubistva Ba\u0161i\u0107a: Miljatovi\u0107 u vrijeme zlo\u010dina bio na zatvorskom dopustu<\/a><\/strong><\/p>\n<p>Miljatovi\u0107 je, kako podsje\u0107aju na\u0161i izvori, zbog monstruoznog ubistva Sa\u0161e Ili\u0107a \u0160panca (31), a koje se dogodilo 30. avgusta 2007. godine na parkingu ispred Klini\u010dkog centra u Banjaluci, osu\u0111en na 16 i po godina zatvora te je sve do zime 2020. robijao me\u0111u zidinama Kazneno-popravnog zavoda Banjaluka na Tunjicama.<\/p>\n<p>&#8220;Iza re\u0161etaka je bio oko 13 godina i ostale su mu jo\u0161 blizu dvije godine da odle\u017ei, po\u0161to je, odlukom suda, amnestiran na ne\u0161to vi\u0161e od godinu dana. Me\u0111utim, po prijedlogu KPZ-a Banjaluka, a uz zeleno svjetlo Komisije za uslovni otpust, on se na\u0161ao na slobodi krajem decembra 2020. godine&#8221;, tvrde izvori &#8220;Nezavisnih&#8221;. Kako dodaju na\u0161i izvori, po izlasku iz zatvora, Miljatovi\u0107 je svakih 15 dana morao da se javlja u policijsku stanicu u mjestu gdje je nastanjen, ali nema potvrde o tome da li je tu svoju obavezu izvr\u0161avao.<\/p>\n<p><strong><a href=\"https:\/\/www.prijedordanas.com\/?p=183381\" rel=\"noopener\" target=\"_blank\">Naru\u010dilac u pritvoru, uhap\u0161en ubica: U Banjaluci privedeno vi\u0161e od 20 osoba zbog ubistva Ba\u0161i\u0107a<\/a><\/strong><\/p>\n<p>Iz MUP-a Srpske su saop\u0161tili da su, na podru\u010dju Policijske uprave Banjaluka, pripadnici Uprave za organizovani i te\u0161ki kriminalitet, u okviru istrage zapo\u010dete 21. marta, prekju\u010de i ju\u010de uhapsili i izvr\u0161ili kriminalisti\u010dku obradu nad 20 osoba s ciljem otkrivanja, rasvjetljavanja i dokazivanja organizatora, sau\u010desnika i ubice. &#8220;Tokom ovih aktivnosti, pripadnici Uprave za organizovani i te\u0161ki kriminalitet su, pored prethodno osumnji\u010denog organizatora i naru\u010dioca, kojem je na prijedlog Tu\u017eila\u0161tva BiH Sud BiH odredio pritvor 24. marta, identifikovali neposrednog izvr\u0161ioca i sau\u010desnike u te\u0161kom ubistvu. Nad njima je u toku kriminalisti\u010dka obrada&#8221;, rekli su iz MUP-a.<\/p>\n<p><strong><a href=\"https:\/\/www.prijedordanas.com\/?p=183369\" rel=\"noopener\" target=\"_blank\">U Banjaluci uhap\u0161en osumnji\u010deni za ubistvo Ba\u0161i\u0107a: U toku kriminalisti\u010dka obrada privedenih<\/a><\/strong><\/p>\n<p>Miljatovi\u0107 je, dakle, 2008. godine u banjalu\u010dkom Okru\u017eniom sudu osu\u0111en na 16 i po godina robije zbog ubistva Ili\u0107a. Zajedno s njim zbog ubistva je na 15 godina zatvora osu\u0111ena njegova tada\u0161nja djevojka Jelena Tegel, a njih su svojevremeno zvali &#8211; banjalu\u010dki Boni i Klajd. <\/p>\n<p>Raili\u0107, zvani Dugi, koji je ozna\u010den kao naru\u010dilac ovog zlo\u010dina, podsjetimo, iza brave je od 24. marta. On je priveden 22. marta, te nakon 24 sata predat Okru\u017enom javnom tu\u017eila\u0161tvu Prijedor, koje ga je pustilo na slobodu, da bi ga, \u010dim je iza\u0161ao vani, ponovo uhapsila policija, te ga predala Tu\u017eila\u0161tvu BiH, po \u010dijem prijedlogu ga je pritvorio Sud BiH. On je, tako\u0111e, ranije osu\u0111ivan, a postoje nezvani\u010dne tvrdnje da se dovodi u vezu s narko-grupom Du\u0161ana Lovrenovi\u0107a, koji je uhap\u0161en u okviru akcije &#8220;Storid\u017e 2&#8221;.<\/p>\n<p><strong><a href=\"https:\/\/www.prijedordanas.com\/?p=183376\" rel=\"noopener\" target=\"_blank\">Pao na poligrafu: Uhap\u0161eni za ubistvo Ba\u0161i\u0107a sa djevojkom ranije ubio \u010dovjeka u Banjaluci<\/a><\/strong><\/p>\n<p>Ba\u0161i\u0107 je, dok je i\u0161ao na posao, ubijen u dana\u0161nji dan u prijedorskom naselju Pe\u0107ani. Obdukcija je pokazala da je usmr\u0107en jednim hicem u potiljak, usljed \u010dega mu je razoren mozak, te je odmah nastupila smrt. <\/p>\n<p>Milorad Dodik, srpski \u010dlan Predsjedni\u0161tva BiH, \u010destitao je policiji Republike Srpske na \u010delu sa Sini\u0161om Kostre\u0161evi\u0107em na efikasnoj akciji koja je rezultirala hap\u0161enjem osumnji\u010denih za ovaj zlo\u010din.<\/p>\n<p><strong><a href=\"https:\/\/www.prijedordanas.com\/?p=183353\" rel=\"noopener\" target=\"_blank\">Kostre\u0161evi\u0107 potvrdio za ATV: Uhap\u0161en ubica Radenka Ba\u0161i\u0107a<\/a><\/strong><\/p>\n<p>&#8220;Informisan sam da je rije\u010d o licima za koja je policija Republike Srpske odmah posumnjala da su po\u010dinioci, jer su brzo do\u0161li do sumnje ko je i nalogodavac i \u0161ta je motiv&#8221;, rekao je Dodik.<\/p>\n<p>Dodik je istakao da je ova akcija dokaz da u Republici Srpskoj ne\u0107e vladati bezakonje, da niko nije iznad dr\u017eave i da \u0107e svako ko po\u010dini ovakvo ili bilo koje krivi\u010dno djelo odgovarati.<\/p>\n<p><strong><a href=\"https:\/\/www.prijedordanas.com\/?p=182877\" rel=\"noopener\" target=\"_blank\">Ubijen na\u010delnik krim policije: U toku potraga za ubicom u Prijedoru \u2013 FOTO<\/a><\/strong><\/p>\n<p>&#8220;Porodici ubijenog policajca niko ne mo\u017ee nadoknaditi gubitak, ali on bi svakako bio stra\u0161niji da ubice nisu otkrivene i uhap\u0161ene&#8221;, rekao je ju\u010de Dodik, koji je u subotu izjavio da \u0107e u potrazi za osumnji\u010denima biti prevrnuto sve i u Prijedoru i cijeloj Srpskoj, te dodao da borba po\u010dinje to ve\u010de, \u0161to se i dogodilo.<\/p>\n<p><a href=\"https:\/\/www.nezavisne.com\/novosti\/hronika\/Nezavisne-saznaju-Miljatovic-priznao-da-je-ubio-Basica\/711133\" rel=\"noopener\" target=\"_blank\">nezavisne.com<\/a><\/p>\n","protected":false},"excerpt":{"rendered":"<p>Aleksandar Miljatovi\u0107, robija\u0161 na uslovnom otpustu, koji je uhap\u0161en zbog sumnje da je ubio na\u010delnika Kriminalisti\u010dke policije u Prijedoru Radenka Ba\u0161i\u0107a, priznao je taj zlo\u010din tokom ispitivanja u policiji, saznaju [&hellip;]<\/p>\n","protected":false},"author":1,"featured_media":0,"comment_status":"closed","ping_status":"open","sticky":false,"template":"","format":"standard","meta":{"_monsterinsights_skip_tracking":false,"_monsterinsights_sitenote_active":false,"_monsterinsights_sitenote_note":"","_monsterinsights_sitenote_category":0,"footnotes":""},"categories":[5],"tags":[],"yoast_head":"<!-- This site is optimized with the Yoast SEO plugin v21.6 - https:\/\/yoast.com\/wordpress\/plugins\/seo\/ -->\n<title>&quot;Nezavisne&quot; saznaju: Miljatovi\u0107 priznao da je ubio Ba\u0161i\u0107a - PrijedorDanas.com - Prijedorski gradski portal<\/title>\n<meta name=\"robots\" content=\"index, follow, max-snippet:-1, max-image-preview:large, max-video-preview:-1\" \/>\n<link rel=\"canonical\" href=\"https:\/\/www.prijedordanas.com\/?p=183407\" \/>\n<meta property=\"og:locale\" content=\"en_US\" \/>\n<meta property=\"og:type\" content=\"article\" \/>\n<meta property=\"og:title\" content=\"&quot;Nezavisne&quot; saznaju: Miljatovi\u0107 priznao da je ubio Ba\u0161i\u0107a - PrijedorDanas.com - Prijedorski gradski portal\" \/>\n<meta property=\"og:description\" content=\"Aleksandar Miljatovi\u0107, robija\u0161 na uslovnom otpustu, koji je uhap\u0161en zbog sumnje da je ubio na\u010delnika Kriminalisti\u010dke policije u Prijedoru Radenka Ba\u0161i\u0107a, priznao je taj zlo\u010din tokom ispitivanja u policiji, saznaju [&hellip;]\" \/>\n<meta property=\"og:url\" content=\"https:\/\/www.prijedordanas.com\/?p=183407\" \/>\n<meta property=\"og:site_name\" content=\"PrijedorDanas.com - Prijedorski gradski portal\" \/>\n<meta property=\"article:publisher\" content=\"https:\/\/www.facebook.com\/PrijedorDanasCom\/\" \/>\n<meta property=\"article:published_time\" content=\"2022-03-27T18:09:06+00:00\" \/>\n<meta property=\"article:modified_time\" content=\"2022-03-27T18:12:20+00:00\" \/>\n<meta property=\"og:image\" content=\"https:\/\/www.prijedordanas.com\/wp-content\/uploads\/2022\/03\/nezavisne-miljatovic-priznao-ubistvo-basica-300x225.jpg\" \/>\n<meta name=\"author\" content=\"admin\" \/>\n<meta name=\"twitter:card\" content=\"summary_large_image\" \/>\n<meta name=\"twitter:label1\" content=\"Written by\" \/>\n\t<meta name=\"twitter:data1\" content=\"admin\" \/>\n\t<meta name=\"twitter:label2\" content=\"Est. reading time\" \/>\n\t<meta name=\"twitter:data2\" content=\"4 minutes\" \/>\n<script type=\"application\/ld+json\" class=\"yoast-schema-graph\">{\"@context\":\"https:\/\/schema.org\",\"@graph\":[{\"@type\":\"Article\",\"@id\":\"https:\/\/www.prijedordanas.com\/?p=183407#article\",\"isPartOf\":{\"@id\":\"https:\/\/www.prijedordanas.com\/?p=183407\"},\"author\":{\"name\":\"admin\",\"@id\":\"https:\/\/www.prijedordanas.com\/#\/schema\/person\/4e08ccf29b506ca916ff86d46bb700e6\"},\"headline\":\"&#8220;Nezavisne&#8221; saznaju: Miljatovi\u0107 priznao da je ubio Ba\u0161i\u0107a\",\"datePublished\":\"2022-03-27T18:09:06+00:00\",\"dateModified\":\"2022-03-27T18:12:20+00:00\",\"mainEntityOfPage\":{\"@id\":\"https:\/\/www.prijedordanas.com\/?p=183407\"},\"wordCount\":908,\"publisher\":{\"@id\":\"https:\/\/www.prijedordanas.com\/#organization\"},\"articleSection\":[\"Hronika\"],\"inLanguage\":\"en-US\"},{\"@type\":\"WebPage\",\"@id\":\"https:\/\/www.prijedordanas.com\/?p=183407\",\"url\":\"https:\/\/www.prijedordanas.com\/?p=183407\",\"name\":\"\\\"Nezavisne\\\" saznaju: Miljatovi\u0107 priznao da je ubio Ba\u0161i\u0107a - PrijedorDanas.com - Prijedorski gradski portal\",\"isPartOf\":{\"@id\":\"https:\/\/www.prijedordanas.com\/#website\"},\"datePublished\":\"2022-03-27T18:09:06+00:00\",\"dateModified\":\"2022-03-27T18:12:20+00:00\",\"breadcrumb\":{\"@id\":\"https:\/\/www.prijedordanas.com\/?p=183407#breadcrumb\"},\"inLanguage\":\"en-US\",\"potentialAction\":[{\"@type\":\"ReadAction\",\"target\":[\"https:\/\/www.prijedordanas.com\/?p=183407\"]}]},{\"@type\":\"BreadcrumbList\",\"@id\":\"https:\/\/www.prijedordanas.com\/?p=183407#breadcrumb\",\"itemListElement\":[{\"@type\":\"ListItem\",\"position\":1,\"name\":\"Home\",\"item\":\"https:\/\/www.prijedordanas.com\/\"},{\"@type\":\"ListItem\",\"position\":2,\"name\":\"&#8220;Nezavisne&#8221; saznaju: Miljatovi\u0107 priznao da je ubio Ba\u0161i\u0107a\"}]},{\"@type\":\"WebSite\",\"@id\":\"https:\/\/www.prijedordanas.com\/#website\",\"url\":\"https:\/\/www.prijedordanas.com\/\",\"name\":\"PrijedorDanas.com - Prijedorski gradski portal\",\"description\":\"Portal o doga\u0111anjima u gradu Prijedoru\",\"publisher\":{\"@id\":\"https:\/\/www.prijedordanas.com\/#organization\"},\"potentialAction\":[{\"@type\":\"SearchAction\",\"target\":{\"@type\":\"EntryPoint\",\"urlTemplate\":\"https:\/\/www.prijedordanas.com\/?s={search_term_string}\"},\"query-input\":\"required name=search_term_string\"}],\"inLanguage\":\"en-US\"},{\"@type\":\"Organization\",\"@id\":\"https:\/\/www.prijedordanas.com\/#organization\",\"name\":\"PrijedorDanas.com\",\"url\":\"https:\/\/www.prijedordanas.com\/\",\"logo\":{\"@type\":\"ImageObject\",\"inLanguage\":\"en-US\",\"@id\":\"https:\/\/www.prijedordanas.com\/#\/schema\/logo\/image\/\",\"url\":\"http:\/\/www.prijedordanas.com\/wp-content\/uploads\/2021\/12\/logopng.png\",\"contentUrl\":\"http:\/\/www.prijedordanas.com\/wp-content\/uploads\/2021\/12\/logopng.png\",\"width\":1019,\"height\":776,\"caption\":\"PrijedorDanas.com\"},\"image\":{\"@id\":\"https:\/\/www.prijedordanas.com\/#\/schema\/logo\/image\/\"},\"sameAs\":[\"https:\/\/www.facebook.com\/PrijedorDanasCom\/\"]},{\"@type\":\"Person\",\"@id\":\"https:\/\/www.prijedordanas.com\/#\/schema\/person\/4e08ccf29b506ca916ff86d46bb700e6\",\"name\":\"admin\",\"image\":{\"@type\":\"ImageObject\",\"inLanguage\":\"en-US\",\"@id\":\"https:\/\/www.prijedordanas.com\/#\/schema\/person\/image\/\",\"url\":\"https:\/\/secure.gravatar.com\/avatar\/1d3fc949d550f0b53a5f0d51e06dfd79?s=96&d=mm&r=g\",\"contentUrl\":\"https:\/\/secure.gravatar.com\/avatar\/1d3fc949d550f0b53a5f0d51e06dfd79?s=96&d=mm&r=g\",\"caption\":\"admin\"},\"url\":\"https:\/\/www.prijedordanas.com\/?author=1\"}]}<\/script>\n<!-- \/ Yoast SEO plugin. -->","yoast_head_json":{"title":"\"Nezavisne\" saznaju: Miljatovi\u0107 priznao da je ubio Ba\u0161i\u0107a - PrijedorDanas.com - Prijedorski gradski portal","robots":{"index":"index","follow":"follow","max-snippet":"max-snippet:-1","max-image-preview":"max-image-preview:large","max-video-preview":"max-video-preview:-1"},"canonical":"https:\/\/www.prijedordanas.com\/?p=183407","og_locale":"en_US","og_type":"article","og_title":"\"Nezavisne\" saznaju: Miljatovi\u0107 priznao da je ubio Ba\u0161i\u0107a - PrijedorDanas.com - Prijedorski gradski portal","og_description":"Aleksandar Miljatovi\u0107, robija\u0161 na uslovnom otpustu, koji je uhap\u0161en zbog sumnje da je ubio na\u010delnika Kriminalisti\u010dke policije u Prijedoru Radenka Ba\u0161i\u0107a, priznao je taj zlo\u010din tokom ispitivanja u policiji, saznaju [&hellip;]","og_url":"https:\/\/www.prijedordanas.com\/?p=183407","og_site_name":"PrijedorDanas.com - Prijedorski gradski portal","article_publisher":"https:\/\/www.facebook.com\/PrijedorDanasCom\/","article_published_time":"2022-03-27T18:09:06+00:00","article_modified_time":"2022-03-27T18:12:20+00:00","og_image":[{"url":"https:\/\/www.prijedordanas.com\/wp-content\/uploads\/2022\/03\/nezavisne-miljatovic-priznao-ubistvo-basica-300x225.jpg"}],"author":"admin","twitter_card":"summary_large_image","twitter_misc":{"Written by":"admin","Est. reading time":"4 minutes"},"schema":{"@context":"https:\/\/schema.org","@graph":[{"@type":"Article","@id":"https:\/\/www.prijedordanas.com\/?p=183407#article","isPartOf":{"@id":"https:\/\/www.prijedordanas.com\/?p=183407"},"author":{"name":"admin","@id":"https:\/\/www.prijedordanas.com\/#\/schema\/person\/4e08ccf29b506ca916ff86d46bb700e6"},"headline":"&#8220;Nezavisne&#8221; saznaju: Miljatovi\u0107 priznao da je ubio Ba\u0161i\u0107a","datePublished":"2022-03-27T18:09:06+00:00","dateModified":"2022-03-27T18:12:20+00:00","mainEntityOfPage":{"@id":"https:\/\/www.prijedordanas.com\/?p=183407"},"wordCount":908,"publisher":{"@id":"https:\/\/www.prijedordanas.com\/#organization"},"articleSection":["Hronika"],"inLanguage":"en-US"},{"@type":"WebPage","@id":"https:\/\/www.prijedordanas.com\/?p=183407","url":"https:\/\/www.prijedordanas.com\/?p=183407","name":"\"Nezavisne\" saznaju: Miljatovi\u0107 priznao da je ubio Ba\u0161i\u0107a - PrijedorDanas.com - Prijedorski gradski portal","isPartOf":{"@id":"https:\/\/www.prijedordanas.com\/#website"},"datePublished":"2022-03-27T18:09:06+00:00","dateModified":"2022-03-27T18:12:20+00:00","breadcrumb":{"@id":"https:\/\/www.prijedordanas.com\/?p=183407#breadcrumb"},"inLanguage":"en-US","potentialAction":[{"@type":"ReadAction","target":["https:\/\/www.prijedordanas.com\/?p=183407"]}]},{"@type":"BreadcrumbList","@id":"https:\/\/www.prijedordanas.com\/?p=183407#breadcrumb","itemListElement":[{"@type":"ListItem","position":1,"name":"Home","item":"https:\/\/www.prijedordanas.com\/"},{"@type":"ListItem","position":2,"name":"&#8220;Nezavisne&#8221; saznaju: Miljatovi\u0107 priznao da je ubio Ba\u0161i\u0107a"}]},{"@type":"WebSite","@id":"https:\/\/www.prijedordanas.com\/#website","url":"https:\/\/www.prijedordanas.com\/","name":"PrijedorDanas.com - Prijedorski gradski portal","description":"Portal o doga\u0111anjima u gradu Prijedoru","publisher":{"@id":"https:\/\/www.prijedordanas.com\/#organization"},"potentialAction":[{"@type":"SearchAction","target":{"@type":"EntryPoint","urlTemplate":"https:\/\/www.prijedordanas.com\/?s={search_term_string}"},"query-input":"required name=search_term_string"}],"inLanguage":"en-US"},{"@type":"Organization","@id":"https:\/\/www.prijedordanas.com\/#organization","name":"PrijedorDanas.com","url":"https:\/\/www.prijedordanas.com\/","logo":{"@type":"ImageObject","inLanguage":"en-US","@id":"https:\/\/www.prijedordanas.com\/#\/schema\/logo\/image\/","url":"http:\/\/www.prijedordanas.com\/wp-content\/uploads\/2021\/12\/logopng.png","contentUrl":"http:\/\/www.prijedordanas.com\/wp-content\/uploads\/2021\/12\/logopng.png","width":1019,"height":776,"caption":"PrijedorDanas.com"},"image":{"@id":"https:\/\/www.prijedordanas.com\/#\/schema\/logo\/image\/"},"sameAs":["https:\/\/www.facebook.com\/PrijedorDanasCom\/"]},{"@type":"Person","@id":"https:\/\/www.prijedordanas.com\/#\/schema\/person\/4e08ccf29b506ca916ff86d46bb700e6","name":"admin","image":{"@type":"ImageObject","inLanguage":"en-US","@id":"https:\/\/www.prijedordanas.com\/#\/schema\/person\/image\/","url":"https:\/\/secure.gravatar.com\/avatar\/1d3fc949d550f0b53a5f0d51e06dfd79?s=96&d=mm&r=g","contentUrl":"https:\/\/secure.gravatar.com\/avatar\/1d3fc949d550f0b53a5f0d51e06dfd79?s=96&d=mm&r=g","caption":"admin"},"url":"https:\/\/www.prijedordanas.com\/?author=1"}]}},"_links":{"self":[{"href":"https:\/\/www.prijedordanas.com\/index.php?rest_route=\/wp\/v2\/posts\/183407"}],"collection":[{"href":"https:\/\/www.prijedordanas.com\/index.php?rest_route=\/wp\/v2\/posts"}],"about":[{"href":"https:\/\/www.prijedordanas.com\/index.php?rest_route=\/wp\/v2\/types\/post"}],"author":[{"embeddable":true,"href":"https:\/\/www.prijedordanas.com\/index.php?rest_route=\/wp\/v2\/users\/1"}],"replies":[{"embeddable":true,"href":"https:\/\/www.prijedordanas.com\/index.php?rest_route=%2Fwp%2Fv2%2Fcomments&post=183407"}],"version-history":[{"count":3,"href":"https:\/\/www.prijedordanas.com\/index.php?rest_route=\/wp\/v2\/posts\/183407\/revisions"}],"predecessor-version":[{"id":183411,"href":"https:\/\/www.prijedordanas.com\/index.php?rest_route=\/wp\/v2\/posts\/183407\/revisions\/183411"}],"wp:attachment":[{"href":"https:\/\/www.prijedordanas.com\/index.php?rest_route=%2Fwp%2Fv2%2Fmedia&parent=183407"}],"wp:term":[{"taxonomy":"category","embeddable":true,"href":"https:\/\/www.prijedordanas.com\/index.php?rest_route=%2Fwp%2Fv2%2Fcategories&post=183407"},{"taxonomy":"post_tag","embeddable":true,"href":"https:\/\/www.prijedordanas.com\/index.php?rest_route=%2Fwp%2Fv2%2Ftags&post=183407"}],"curies":[{"name":"wp","href":"https:\/\/api.w.org\/{rel}","templated":true}]}}