{"id":183284,"date":"2022-03-25T17:35:03","date_gmt":"2022-03-25T16:35:03","guid":{"rendered":"https:\/\/www.prijedordanas.com\/?p=183284"},"modified":"2022-03-25T17:50:42","modified_gmt":"2022-03-25T16:50:42","slug":"hoce-li-se-razici-tamni-oblaci-nad-fudbalskim-prijedorom-skupstina-kluba-ponovo-odgodena","status":"publish","type":"post","link":"https:\/\/www.prijedordanas.com\/?p=183284","title":{"rendered":"Ho\u0107e li se razi\u0107i tamni oblaci nad fudbalskim Prijedorom? Skup\u0161tina kluba ponovo odgo\u0111ena"},"content":{"rendered":"<p><a href=\"https:\/\/www.prijedordanas.com\/wp-content\/uploads\/2016\/05\/rudar-prijedor-grb.jpg\"><img loading=\"lazy\" decoding=\"async\" src=\"https:\/\/www.prijedordanas.com\/wp-content\/uploads\/2016\/05\/rudar-prijedor-grb-294x300.jpg\" alt=\"\" width=\"294\" height=\"300\" class=\"alignleft size-medium wp-image-51416\" srcset=\"https:\/\/www.prijedordanas.com\/wp-content\/uploads\/2016\/05\/rudar-prijedor-grb-294x300.jpg 294w, https:\/\/www.prijedordanas.com\/wp-content\/uploads\/2016\/05\/rudar-prijedor-grb-50x50.jpg 50w, https:\/\/www.prijedordanas.com\/wp-content\/uploads\/2016\/05\/rudar-prijedor-grb.jpg 588w\" sizes=\"(max-width: 294px) 100vw, 294px\" \/><\/a>Nakon poraza u 23. kolu Premijer lige na gostovanju kod Tuzla Cityja fudbaleri Rudara su dobili &#8220;slobodno&#8221; i tek ju\u010de su se vratili redovnim trena\u017enim procesima.<\/p>\n<p>Deset kola prije kraja premijerliga\u0161ke sezone jasno je da \u0107e se novajlija u dru\u0161tvu najboljih bosanskohercegova\u010dkih klubova do samog kraja boriti za goli \u017eivot.<\/p>\n<p>Ekipa iz Prijedora je trenutno na 11. mjestu koje vodi u ni\u017ei rang sa tri boda manje od desetoplasiranog Posu\u0161ja koje je prvo iznad opasne zone. &#8220;Rudarima&#8221; u prilog ne ide ni finansijska situacija u klubu koja je alarmantna, a prije duela sa Radnikom u 22. kolu fudbaleri iz Prijedora su nedolascima na trening iskazali svoje nezadovoljstvo.<\/p>\n<p>No, petnaestak dana nakon toga situacija nije ni\u0161ta bolja, ali fudbaleri Rudara vjeruju da bi u Prijedoru mogli puhati neki novi vjetrovi s obzirom da je za petak zakazana Skup\u0161tina na kojoj bi moglo do\u0107i i do odre\u0111enih promjena u samom rukovodstvu kluba.<\/p>\n<p>Tamni su se oblaci nadvili nad fudbalskim Prijedorom, a ukoliko se po pitanju te\u0161ke finansijske situacije ne\u0161to ne rije\u0161i u \u0161to kra\u0107em roku, male su \u0161anse da \u0107e Rudar i u narednoj sezoni igrati u elitnom rangu.<\/p>\n<p>Na kraju dodajmo da Rudar u 24. kolu u Prijedoru do\u010dekuje Borac, dok sedam dana kasnije gostuje na Ko\u0161evu, a zatim do\u010dekuje \u017deljezni\u010dar pa ide na noge \u0160irokom Brijegu. Te\u017eak raspored s obzirom da su sve to protivnici koji se bore za izlazak na evropsku scenu.<\/p>\n<p><a href=\"https:\/\/sportsport.ba\/fudbal\/rudar-prijedor-finansijski-problemi\/421531\" rel=\"noopener\" target=\"_blank\">sportsport.ba<\/a><\/p>\n<p>Kako saznajemo, skup\u0161tina Rudar-Prijedora prvobitno je zakazana za ponedjeljak, 21. mart.<\/p>\n<p>Tog dana je odgo\u0111ena za petak, 25. mart.<\/p>\n<p>Kako saznejemo, do\u0161lo je do nove odgode.<\/p>\n<p>Novi, nadajmo se pravi termin odr\u017eavanja je srijeda, 30. mart 2022. godine.<\/p>\n","protected":false},"excerpt":{"rendered":"<p>Nakon poraza u 23. kolu Premijer lige na gostovanju kod Tuzla Cityja fudbaleri Rudara su dobili &#8220;slobodno&#8221; i tek ju\u010de su se vratili redovnim trena\u017enim procesima. Deset kola prije kraja [&hellip;]<\/p>\n","protected":false},"author":1,"featured_media":0,"comment_status":"closed","ping_status":"open","sticky":false,"template":"","format":"standard","meta":{"_monsterinsights_skip_tracking":false,"_monsterinsights_sitenote_active":false,"_monsterinsights_sitenote_note":"","_monsterinsights_sitenote_category":0,"footnotes":""},"categories":[7],"tags":[],"yoast_head":"<!-- This site is optimized with the Yoast SEO plugin v21.6 - https:\/\/yoast.com\/wordpress\/plugins\/seo\/ -->\n<title>Ho\u0107e li se razi\u0107i tamni oblaci nad fudbalskim Prijedorom? Skup\u0161tina kluba ponovo odgo\u0111ena - PrijedorDanas.com - Prijedorski gradski portal<\/title>\n<meta name=\"robots\" content=\"index, follow, max-snippet:-1, max-image-preview:large, max-video-preview:-1\" \/>\n<link rel=\"canonical\" href=\"https:\/\/www.prijedordanas.com\/?p=183284\" \/>\n<meta property=\"og:locale\" content=\"en_US\" \/>\n<meta property=\"og:type\" content=\"article\" \/>\n<meta property=\"og:title\" content=\"Ho\u0107e li se razi\u0107i tamni oblaci nad fudbalskim Prijedorom? Skup\u0161tina kluba ponovo odgo\u0111ena - PrijedorDanas.com - Prijedorski gradski portal\" \/>\n<meta property=\"og:description\" content=\"Nakon poraza u 23. kolu Premijer lige na gostovanju kod Tuzla Cityja fudbaleri Rudara su dobili &#8220;slobodno&#8221; i tek ju\u010de su se vratili redovnim trena\u017enim procesima. Deset kola prije kraja [&hellip;]\" \/>\n<meta property=\"og:url\" content=\"https:\/\/www.prijedordanas.com\/?p=183284\" \/>\n<meta property=\"og:site_name\" content=\"PrijedorDanas.com - Prijedorski gradski portal\" \/>\n<meta property=\"article:publisher\" content=\"https:\/\/www.facebook.com\/PrijedorDanasCom\/\" \/>\n<meta property=\"article:published_time\" content=\"2022-03-25T16:35:03+00:00\" \/>\n<meta property=\"article:modified_time\" content=\"2022-03-25T16:50:42+00:00\" \/>\n<meta property=\"og:image\" content=\"https:\/\/www.prijedordanas.com\/wp-content\/uploads\/2016\/05\/rudar-prijedor-grb-294x300.jpg\" \/>\n<meta name=\"author\" content=\"admin\" \/>\n<meta name=\"twitter:card\" content=\"summary_large_image\" \/>\n<meta name=\"twitter:label1\" content=\"Written by\" \/>\n\t<meta name=\"twitter:data1\" content=\"admin\" \/>\n\t<meta name=\"twitter:label2\" content=\"Est. reading time\" \/>\n\t<meta name=\"twitter:data2\" content=\"1 minute\" \/>\n<script type=\"application\/ld+json\" class=\"yoast-schema-graph\">{\"@context\":\"https:\/\/schema.org\",\"@graph\":[{\"@type\":\"Article\",\"@id\":\"https:\/\/www.prijedordanas.com\/?p=183284#article\",\"isPartOf\":{\"@id\":\"https:\/\/www.prijedordanas.com\/?p=183284\"},\"author\":{\"name\":\"admin\",\"@id\":\"https:\/\/www.prijedordanas.com\/#\/schema\/person\/4e08ccf29b506ca916ff86d46bb700e6\"},\"headline\":\"Ho\u0107e li se razi\u0107i tamni oblaci nad fudbalskim Prijedorom? Skup\u0161tina kluba ponovo odgo\u0111ena\",\"datePublished\":\"2022-03-25T16:35:03+00:00\",\"dateModified\":\"2022-03-25T16:50:42+00:00\",\"mainEntityOfPage\":{\"@id\":\"https:\/\/www.prijedordanas.com\/?p=183284\"},\"wordCount\":306,\"publisher\":{\"@id\":\"https:\/\/www.prijedordanas.com\/#organization\"},\"articleSection\":[\"Sport\"],\"inLanguage\":\"en-US\"},{\"@type\":\"WebPage\",\"@id\":\"https:\/\/www.prijedordanas.com\/?p=183284\",\"url\":\"https:\/\/www.prijedordanas.com\/?p=183284\",\"name\":\"Ho\u0107e li se razi\u0107i tamni oblaci nad fudbalskim Prijedorom? Skup\u0161tina kluba ponovo odgo\u0111ena - PrijedorDanas.com - Prijedorski gradski portal\",\"isPartOf\":{\"@id\":\"https:\/\/www.prijedordanas.com\/#website\"},\"datePublished\":\"2022-03-25T16:35:03+00:00\",\"dateModified\":\"2022-03-25T16:50:42+00:00\",\"breadcrumb\":{\"@id\":\"https:\/\/www.prijedordanas.com\/?p=183284#breadcrumb\"},\"inLanguage\":\"en-US\",\"potentialAction\":[{\"@type\":\"ReadAction\",\"target\":[\"https:\/\/www.prijedordanas.com\/?p=183284\"]}]},{\"@type\":\"BreadcrumbList\",\"@id\":\"https:\/\/www.prijedordanas.com\/?p=183284#breadcrumb\",\"itemListElement\":[{\"@type\":\"ListItem\",\"position\":1,\"name\":\"Home\",\"item\":\"https:\/\/www.prijedordanas.com\/\"},{\"@type\":\"ListItem\",\"position\":2,\"name\":\"Ho\u0107e li se razi\u0107i tamni oblaci nad fudbalskim Prijedorom? Skup\u0161tina kluba ponovo odgo\u0111ena\"}]},{\"@type\":\"WebSite\",\"@id\":\"https:\/\/www.prijedordanas.com\/#website\",\"url\":\"https:\/\/www.prijedordanas.com\/\",\"name\":\"PrijedorDanas.com - Prijedorski gradski portal\",\"description\":\"Portal o doga\u0111anjima u gradu Prijedoru\",\"publisher\":{\"@id\":\"https:\/\/www.prijedordanas.com\/#organization\"},\"potentialAction\":[{\"@type\":\"SearchAction\",\"target\":{\"@type\":\"EntryPoint\",\"urlTemplate\":\"https:\/\/www.prijedordanas.com\/?s={search_term_string}\"},\"query-input\":\"required name=search_term_string\"}],\"inLanguage\":\"en-US\"},{\"@type\":\"Organization\",\"@id\":\"https:\/\/www.prijedordanas.com\/#organization\",\"name\":\"PrijedorDanas.com\",\"url\":\"https:\/\/www.prijedordanas.com\/\",\"logo\":{\"@type\":\"ImageObject\",\"inLanguage\":\"en-US\",\"@id\":\"https:\/\/www.prijedordanas.com\/#\/schema\/logo\/image\/\",\"url\":\"http:\/\/www.prijedordanas.com\/wp-content\/uploads\/2021\/12\/logopng.png\",\"contentUrl\":\"http:\/\/www.prijedordanas.com\/wp-content\/uploads\/2021\/12\/logopng.png\",\"width\":1019,\"height\":776,\"caption\":\"PrijedorDanas.com\"},\"image\":{\"@id\":\"https:\/\/www.prijedordanas.com\/#\/schema\/logo\/image\/\"},\"sameAs\":[\"https:\/\/www.facebook.com\/PrijedorDanasCom\/\"]},{\"@type\":\"Person\",\"@id\":\"https:\/\/www.prijedordanas.com\/#\/schema\/person\/4e08ccf29b506ca916ff86d46bb700e6\",\"name\":\"admin\",\"image\":{\"@type\":\"ImageObject\",\"inLanguage\":\"en-US\",\"@id\":\"https:\/\/www.prijedordanas.com\/#\/schema\/person\/image\/\",\"url\":\"https:\/\/secure.gravatar.com\/avatar\/1d3fc949d550f0b53a5f0d51e06dfd79?s=96&d=mm&r=g\",\"contentUrl\":\"https:\/\/secure.gravatar.com\/avatar\/1d3fc949d550f0b53a5f0d51e06dfd79?s=96&d=mm&r=g\",\"caption\":\"admin\"},\"url\":\"https:\/\/www.prijedordanas.com\/?author=1\"}]}<\/script>\n<!-- \/ Yoast SEO plugin. -->","yoast_head_json":{"title":"Ho\u0107e li se razi\u0107i tamni oblaci nad fudbalskim Prijedorom? Skup\u0161tina kluba ponovo odgo\u0111ena - PrijedorDanas.com - Prijedorski gradski portal","robots":{"index":"index","follow":"follow","max-snippet":"max-snippet:-1","max-image-preview":"max-image-preview:large","max-video-preview":"max-video-preview:-1"},"canonical":"https:\/\/www.prijedordanas.com\/?p=183284","og_locale":"en_US","og_type":"article","og_title":"Ho\u0107e li se razi\u0107i tamni oblaci nad fudbalskim Prijedorom? Skup\u0161tina kluba ponovo odgo\u0111ena - PrijedorDanas.com - Prijedorski gradski portal","og_description":"Nakon poraza u 23. kolu Premijer lige na gostovanju kod Tuzla Cityja fudbaleri Rudara su dobili &#8220;slobodno&#8221; i tek ju\u010de su se vratili redovnim trena\u017enim procesima. Deset kola prije kraja [&hellip;]","og_url":"https:\/\/www.prijedordanas.com\/?p=183284","og_site_name":"PrijedorDanas.com - Prijedorski gradski portal","article_publisher":"https:\/\/www.facebook.com\/PrijedorDanasCom\/","article_published_time":"2022-03-25T16:35:03+00:00","article_modified_time":"2022-03-25T16:50:42+00:00","og_image":[{"url":"https:\/\/www.prijedordanas.com\/wp-content\/uploads\/2016\/05\/rudar-prijedor-grb-294x300.jpg"}],"author":"admin","twitter_card":"summary_large_image","twitter_misc":{"Written by":"admin","Est. reading time":"1 minute"},"schema":{"@context":"https:\/\/schema.org","@graph":[{"@type":"Article","@id":"https:\/\/www.prijedordanas.com\/?p=183284#article","isPartOf":{"@id":"https:\/\/www.prijedordanas.com\/?p=183284"},"author":{"name":"admin","@id":"https:\/\/www.prijedordanas.com\/#\/schema\/person\/4e08ccf29b506ca916ff86d46bb700e6"},"headline":"Ho\u0107e li se razi\u0107i tamni oblaci nad fudbalskim Prijedorom? Skup\u0161tina kluba ponovo odgo\u0111ena","datePublished":"2022-03-25T16:35:03+00:00","dateModified":"2022-03-25T16:50:42+00:00","mainEntityOfPage":{"@id":"https:\/\/www.prijedordanas.com\/?p=183284"},"wordCount":306,"publisher":{"@id":"https:\/\/www.prijedordanas.com\/#organization"},"articleSection":["Sport"],"inLanguage":"en-US"},{"@type":"WebPage","@id":"https:\/\/www.prijedordanas.com\/?p=183284","url":"https:\/\/www.prijedordanas.com\/?p=183284","name":"Ho\u0107e li se razi\u0107i tamni oblaci nad fudbalskim Prijedorom? Skup\u0161tina kluba ponovo odgo\u0111ena - PrijedorDanas.com - Prijedorski gradski portal","isPartOf":{"@id":"https:\/\/www.prijedordanas.com\/#website"},"datePublished":"2022-03-25T16:35:03+00:00","dateModified":"2022-03-25T16:50:42+00:00","breadcrumb":{"@id":"https:\/\/www.prijedordanas.com\/?p=183284#breadcrumb"},"inLanguage":"en-US","potentialAction":[{"@type":"ReadAction","target":["https:\/\/www.prijedordanas.com\/?p=183284"]}]},{"@type":"BreadcrumbList","@id":"https:\/\/www.prijedordanas.com\/?p=183284#breadcrumb","itemListElement":[{"@type":"ListItem","position":1,"name":"Home","item":"https:\/\/www.prijedordanas.com\/"},{"@type":"ListItem","position":2,"name":"Ho\u0107e li se razi\u0107i tamni oblaci nad fudbalskim Prijedorom? Skup\u0161tina kluba ponovo odgo\u0111ena"}]},{"@type":"WebSite","@id":"https:\/\/www.prijedordanas.com\/#website","url":"https:\/\/www.prijedordanas.com\/","name":"PrijedorDanas.com - Prijedorski gradski portal","description":"Portal o doga\u0111anjima u gradu Prijedoru","publisher":{"@id":"https:\/\/www.prijedordanas.com\/#organization"},"potentialAction":[{"@type":"SearchAction","target":{"@type":"EntryPoint","urlTemplate":"https:\/\/www.prijedordanas.com\/?s={search_term_string}"},"query-input":"required name=search_term_string"}],"inLanguage":"en-US"},{"@type":"Organization","@id":"https:\/\/www.prijedordanas.com\/#organization","name":"PrijedorDanas.com","url":"https:\/\/www.prijedordanas.com\/","logo":{"@type":"ImageObject","inLanguage":"en-US","@id":"https:\/\/www.prijedordanas.com\/#\/schema\/logo\/image\/","url":"http:\/\/www.prijedordanas.com\/wp-content\/uploads\/2021\/12\/logopng.png","contentUrl":"http:\/\/www.prijedordanas.com\/wp-content\/uploads\/2021\/12\/logopng.png","width":1019,"height":776,"caption":"PrijedorDanas.com"},"image":{"@id":"https:\/\/www.prijedordanas.com\/#\/schema\/logo\/image\/"},"sameAs":["https:\/\/www.facebook.com\/PrijedorDanasCom\/"]},{"@type":"Person","@id":"https:\/\/www.prijedordanas.com\/#\/schema\/person\/4e08ccf29b506ca916ff86d46bb700e6","name":"admin","image":{"@type":"ImageObject","inLanguage":"en-US","@id":"https:\/\/www.prijedordanas.com\/#\/schema\/person\/image\/","url":"https:\/\/secure.gravatar.com\/avatar\/1d3fc949d550f0b53a5f0d51e06dfd79?s=96&d=mm&r=g","contentUrl":"https:\/\/secure.gravatar.com\/avatar\/1d3fc949d550f0b53a5f0d51e06dfd79?s=96&d=mm&r=g","caption":"admin"},"url":"https:\/\/www.prijedordanas.com\/?author=1"}]}},"_links":{"self":[{"href":"https:\/\/www.prijedordanas.com\/index.php?rest_route=\/wp\/v2\/posts\/183284"}],"collection":[{"href":"https:\/\/www.prijedordanas.com\/index.php?rest_route=\/wp\/v2\/posts"}],"about":[{"href":"https:\/\/www.prijedordanas.com\/index.php?rest_route=\/wp\/v2\/types\/post"}],"author":[{"embeddable":true,"href":"https:\/\/www.prijedordanas.com\/index.php?rest_route=\/wp\/v2\/users\/1"}],"replies":[{"embeddable":true,"href":"https:\/\/www.prijedordanas.com\/index.php?rest_route=%2Fwp%2Fv2%2Fcomments&post=183284"}],"version-history":[{"count":3,"href":"https:\/\/www.prijedordanas.com\/index.php?rest_route=\/wp\/v2\/posts\/183284\/revisions"}],"predecessor-version":[{"id":183288,"href":"https:\/\/www.prijedordanas.com\/index.php?rest_route=\/wp\/v2\/posts\/183284\/revisions\/183288"}],"wp:attachment":[{"href":"https:\/\/www.prijedordanas.com\/index.php?rest_route=%2Fwp%2Fv2%2Fmedia&parent=183284"}],"wp:term":[{"taxonomy":"category","embeddable":true,"href":"https:\/\/www.prijedordanas.com\/index.php?rest_route=%2Fwp%2Fv2%2Fcategories&post=183284"},{"taxonomy":"post_tag","embeddable":true,"href":"https:\/\/www.prijedordanas.com\/index.php?rest_route=%2Fwp%2Fv2%2Ftags&post=183284"}],"curies":[{"name":"wp","href":"https:\/\/api.w.org\/{rel}","templated":true}]}}