{"id":183169,"date":"2022-03-23T22:11:53","date_gmt":"2022-03-23T21:11:53","guid":{"rendered":"https:\/\/www.prijedordanas.com\/?p=183169"},"modified":"2022-03-23T22:11:53","modified_gmt":"2022-03-23T21:11:53","slug":"atv-ekskluzivno-otkriva-evo-ko-je-osoba-sa-fotorobota-foto","status":"publish","type":"post","link":"https:\/\/www.prijedordanas.com\/?p=183169","title":{"rendered":"ATV ekskluzivno otkriva: Evo ko je osoba sa fotorobota &#8211; FOTO"},"content":{"rendered":"<p><a href=\"https:\/\/www.prijedordanas.com\/wp-content\/uploads\/2022\/03\/atvbl-osumnjiceni-za-ubistvo-basica.jpg\"><img loading=\"lazy\" decoding=\"async\" class=\"alignleft size-medium wp-image-183157\" src=\"https:\/\/www.prijedordanas.com\/wp-content\/uploads\/2022\/03\/atvbl-osumnjiceni-za-ubistvo-basica-300x225.jpg\" alt=\"\" width=\"300\" height=\"225\" srcset=\"https:\/\/www.prijedordanas.com\/wp-content\/uploads\/2022\/03\/atvbl-osumnjiceni-za-ubistvo-basica-300x225.jpg 300w, https:\/\/www.prijedordanas.com\/wp-content\/uploads\/2022\/03\/atvbl-osumnjiceni-za-ubistvo-basica-640x480.jpg 640w, https:\/\/www.prijedordanas.com\/wp-content\/uploads\/2022\/03\/atvbl-osumnjiceni-za-ubistvo-basica.jpg 667w\" sizes=\"(max-width: 300px) 100vw, 300px\" \/><\/a>Policija je utvrdila da fotorobot osobe za kojom se traga zbog ubistva na\u010delnika prijedorske krim-policije Radenka Ba\u0161i\u0107a odgovara Adelu Kaba\u0161u i radi na dokazivanju njegove umije\u0161anosti u ubistvo, ekskluzivno saznaje ATV.<\/p>\n<p>Za Kaba\u0161em je u januaru raspisana crvena Interpolova potjernica.<\/p>\n<p>Interpol traga za Kaba\u0161em zbog ubistva Mehmeda Rami\u0107a zvanog Me\u0161a u sarajevskom naselju Pofali\u0107i.<\/p>\n<p>Policijski slu\u017ebenici MUP-a Republike Srpske no\u0107as su na \u0161irem podru\u010dju Srpske u okviru istrage krivi\u010dnog djela Te\u0161ko ubistvo izvr\u0161ili pretrese i priveli ve\u0107i broj lica za koje postoji sumnja da bi se mogli dovesti u vezu sa ubistvom policijskog slu\u017ebenika Radenka Ba\u0161i\u0107a.<\/p>\n<p><a href=\"https:\/\/www.prijedordanas.com\/wp-content\/uploads\/2022\/03\/interpol-adel-kabas.jpg\"><img loading=\"lazy\" decoding=\"async\" src=\"https:\/\/www.prijedordanas.com\/wp-content\/uploads\/2022\/03\/interpol-adel-kabas-300x225.jpg\" alt=\"\" width=\"300\" height=\"225\" class=\"alignleft size-medium wp-image-183170\" srcset=\"https:\/\/www.prijedordanas.com\/wp-content\/uploads\/2022\/03\/interpol-adel-kabas-300x225.jpg 300w, https:\/\/www.prijedordanas.com\/wp-content\/uploads\/2022\/03\/interpol-adel-kabas-640x480.jpg 640w, https:\/\/www.prijedordanas.com\/wp-content\/uploads\/2022\/03\/interpol-adel-kabas.jpg 667w\" sizes=\"(max-width: 300px) 100vw, 300px\" \/><\/a>Sve aktivnosti se odvijaju pod nadzorom nadle\u017enih tu\u017eila\u0161tava, a u cilju pronalaska izvr\u0161ioca krivi\u010dnog djela.<\/p>\n<p>Istraga se nastavlja.<\/p>\n<p>Ministarstvo moli gra\u0111ana da ukoliko su primijetili lice sa fotografije u ranijem periodu ili ga sad negdje primijete odmah pozovu 122 ili se obrate najbli\u017eem policijskom slu\u017ebeniku, ili policijskoj stanici.<\/p>\n<p>atvbl.rs<\/p>\n","protected":false},"excerpt":{"rendered":"<p>Policija je utvrdila da fotorobot osobe za kojom se traga zbog ubistva na\u010delnika prijedorske krim-policije Radenka Ba\u0161i\u0107a odgovara Adelu Kaba\u0161u i radi na dokazivanju njegove umije\u0161anosti u ubistvo, ekskluzivno saznaje [&hellip;]<\/p>\n","protected":false},"author":1,"featured_media":0,"comment_status":"closed","ping_status":"open","sticky":false,"template":"","format":"standard","meta":{"_monsterinsights_skip_tracking":false,"_monsterinsights_sitenote_active":false,"_monsterinsights_sitenote_note":"","_monsterinsights_sitenote_category":0,"footnotes":""},"categories":[5],"tags":[],"yoast_head":"<!-- This site is optimized with the Yoast SEO plugin v21.6 - https:\/\/yoast.com\/wordpress\/plugins\/seo\/ -->\n<title>ATV ekskluzivno otkriva: Evo ko je osoba sa fotorobota - FOTO - PrijedorDanas.com - Prijedorski gradski portal<\/title>\n<meta name=\"robots\" content=\"index, follow, max-snippet:-1, max-image-preview:large, max-video-preview:-1\" \/>\n<link rel=\"canonical\" href=\"https:\/\/www.prijedordanas.com\/?p=183169\" \/>\n<meta property=\"og:locale\" content=\"en_US\" \/>\n<meta property=\"og:type\" content=\"article\" \/>\n<meta property=\"og:title\" content=\"ATV ekskluzivno otkriva: Evo ko je osoba sa fotorobota - FOTO - PrijedorDanas.com - Prijedorski gradski portal\" \/>\n<meta property=\"og:description\" content=\"Policija je utvrdila da fotorobot osobe za kojom se traga zbog ubistva na\u010delnika prijedorske krim-policije Radenka Ba\u0161i\u0107a odgovara Adelu Kaba\u0161u i radi na dokazivanju njegove umije\u0161anosti u ubistvo, ekskluzivno saznaje [&hellip;]\" \/>\n<meta property=\"og:url\" content=\"https:\/\/www.prijedordanas.com\/?p=183169\" \/>\n<meta property=\"og:site_name\" content=\"PrijedorDanas.com - Prijedorski gradski portal\" \/>\n<meta property=\"article:publisher\" content=\"https:\/\/www.facebook.com\/PrijedorDanasCom\/\" \/>\n<meta property=\"article:published_time\" content=\"2022-03-23T21:11:53+00:00\" \/>\n<meta property=\"og:image\" content=\"https:\/\/www.prijedordanas.com\/wp-content\/uploads\/2022\/03\/atvbl-osumnjiceni-za-ubistvo-basica-300x225.jpg\" \/>\n<meta name=\"author\" content=\"admin\" \/>\n<meta name=\"twitter:card\" content=\"summary_large_image\" \/>\n<meta name=\"twitter:label1\" content=\"Written by\" \/>\n\t<meta name=\"twitter:data1\" content=\"admin\" \/>\n\t<meta name=\"twitter:label2\" content=\"Est. reading time\" \/>\n\t<meta name=\"twitter:data2\" content=\"1 minute\" \/>\n<script type=\"application\/ld+json\" class=\"yoast-schema-graph\">{\"@context\":\"https:\/\/schema.org\",\"@graph\":[{\"@type\":\"Article\",\"@id\":\"https:\/\/www.prijedordanas.com\/?p=183169#article\",\"isPartOf\":{\"@id\":\"https:\/\/www.prijedordanas.com\/?p=183169\"},\"author\":{\"name\":\"admin\",\"@id\":\"https:\/\/www.prijedordanas.com\/#\/schema\/person\/4e08ccf29b506ca916ff86d46bb700e6\"},\"headline\":\"ATV ekskluzivno otkriva: Evo ko je osoba sa fotorobota &#8211; FOTO\",\"datePublished\":\"2022-03-23T21:11:53+00:00\",\"dateModified\":\"2022-03-23T21:11:53+00:00\",\"mainEntityOfPage\":{\"@id\":\"https:\/\/www.prijedordanas.com\/?p=183169\"},\"wordCount\":184,\"publisher\":{\"@id\":\"https:\/\/www.prijedordanas.com\/#organization\"},\"articleSection\":[\"Hronika\"],\"inLanguage\":\"en-US\"},{\"@type\":\"WebPage\",\"@id\":\"https:\/\/www.prijedordanas.com\/?p=183169\",\"url\":\"https:\/\/www.prijedordanas.com\/?p=183169\",\"name\":\"ATV ekskluzivno otkriva: Evo ko je osoba sa fotorobota - FOTO - PrijedorDanas.com - Prijedorski gradski portal\",\"isPartOf\":{\"@id\":\"https:\/\/www.prijedordanas.com\/#website\"},\"datePublished\":\"2022-03-23T21:11:53+00:00\",\"dateModified\":\"2022-03-23T21:11:53+00:00\",\"breadcrumb\":{\"@id\":\"https:\/\/www.prijedordanas.com\/?p=183169#breadcrumb\"},\"inLanguage\":\"en-US\",\"potentialAction\":[{\"@type\":\"ReadAction\",\"target\":[\"https:\/\/www.prijedordanas.com\/?p=183169\"]}]},{\"@type\":\"BreadcrumbList\",\"@id\":\"https:\/\/www.prijedordanas.com\/?p=183169#breadcrumb\",\"itemListElement\":[{\"@type\":\"ListItem\",\"position\":1,\"name\":\"Home\",\"item\":\"https:\/\/www.prijedordanas.com\/\"},{\"@type\":\"ListItem\",\"position\":2,\"name\":\"ATV ekskluzivno otkriva: Evo ko je osoba sa fotorobota &#8211; FOTO\"}]},{\"@type\":\"WebSite\",\"@id\":\"https:\/\/www.prijedordanas.com\/#website\",\"url\":\"https:\/\/www.prijedordanas.com\/\",\"name\":\"PrijedorDanas.com - Prijedorski gradski portal\",\"description\":\"Portal o doga\u0111anjima u gradu Prijedoru\",\"publisher\":{\"@id\":\"https:\/\/www.prijedordanas.com\/#organization\"},\"potentialAction\":[{\"@type\":\"SearchAction\",\"target\":{\"@type\":\"EntryPoint\",\"urlTemplate\":\"https:\/\/www.prijedordanas.com\/?s={search_term_string}\"},\"query-input\":\"required name=search_term_string\"}],\"inLanguage\":\"en-US\"},{\"@type\":\"Organization\",\"@id\":\"https:\/\/www.prijedordanas.com\/#organization\",\"name\":\"PrijedorDanas.com\",\"url\":\"https:\/\/www.prijedordanas.com\/\",\"logo\":{\"@type\":\"ImageObject\",\"inLanguage\":\"en-US\",\"@id\":\"https:\/\/www.prijedordanas.com\/#\/schema\/logo\/image\/\",\"url\":\"http:\/\/www.prijedordanas.com\/wp-content\/uploads\/2021\/12\/logopng.png\",\"contentUrl\":\"http:\/\/www.prijedordanas.com\/wp-content\/uploads\/2021\/12\/logopng.png\",\"width\":1019,\"height\":776,\"caption\":\"PrijedorDanas.com\"},\"image\":{\"@id\":\"https:\/\/www.prijedordanas.com\/#\/schema\/logo\/image\/\"},\"sameAs\":[\"https:\/\/www.facebook.com\/PrijedorDanasCom\/\"]},{\"@type\":\"Person\",\"@id\":\"https:\/\/www.prijedordanas.com\/#\/schema\/person\/4e08ccf29b506ca916ff86d46bb700e6\",\"name\":\"admin\",\"image\":{\"@type\":\"ImageObject\",\"inLanguage\":\"en-US\",\"@id\":\"https:\/\/www.prijedordanas.com\/#\/schema\/person\/image\/\",\"url\":\"https:\/\/secure.gravatar.com\/avatar\/1d3fc949d550f0b53a5f0d51e06dfd79?s=96&d=mm&r=g\",\"contentUrl\":\"https:\/\/secure.gravatar.com\/avatar\/1d3fc949d550f0b53a5f0d51e06dfd79?s=96&d=mm&r=g\",\"caption\":\"admin\"},\"url\":\"https:\/\/www.prijedordanas.com\/?author=1\"}]}<\/script>\n<!-- \/ Yoast SEO plugin. -->","yoast_head_json":{"title":"ATV ekskluzivno otkriva: Evo ko je osoba sa fotorobota - FOTO - PrijedorDanas.com - Prijedorski gradski portal","robots":{"index":"index","follow":"follow","max-snippet":"max-snippet:-1","max-image-preview":"max-image-preview:large","max-video-preview":"max-video-preview:-1"},"canonical":"https:\/\/www.prijedordanas.com\/?p=183169","og_locale":"en_US","og_type":"article","og_title":"ATV ekskluzivno otkriva: Evo ko je osoba sa fotorobota - FOTO - PrijedorDanas.com - Prijedorski gradski portal","og_description":"Policija je utvrdila da fotorobot osobe za kojom se traga zbog ubistva na\u010delnika prijedorske krim-policije Radenka Ba\u0161i\u0107a odgovara Adelu Kaba\u0161u i radi na dokazivanju njegove umije\u0161anosti u ubistvo, ekskluzivno saznaje [&hellip;]","og_url":"https:\/\/www.prijedordanas.com\/?p=183169","og_site_name":"PrijedorDanas.com - Prijedorski gradski portal","article_publisher":"https:\/\/www.facebook.com\/PrijedorDanasCom\/","article_published_time":"2022-03-23T21:11:53+00:00","og_image":[{"url":"https:\/\/www.prijedordanas.com\/wp-content\/uploads\/2022\/03\/atvbl-osumnjiceni-za-ubistvo-basica-300x225.jpg"}],"author":"admin","twitter_card":"summary_large_image","twitter_misc":{"Written by":"admin","Est. reading time":"1 minute"},"schema":{"@context":"https:\/\/schema.org","@graph":[{"@type":"Article","@id":"https:\/\/www.prijedordanas.com\/?p=183169#article","isPartOf":{"@id":"https:\/\/www.prijedordanas.com\/?p=183169"},"author":{"name":"admin","@id":"https:\/\/www.prijedordanas.com\/#\/schema\/person\/4e08ccf29b506ca916ff86d46bb700e6"},"headline":"ATV ekskluzivno otkriva: Evo ko je osoba sa fotorobota &#8211; FOTO","datePublished":"2022-03-23T21:11:53+00:00","dateModified":"2022-03-23T21:11:53+00:00","mainEntityOfPage":{"@id":"https:\/\/www.prijedordanas.com\/?p=183169"},"wordCount":184,"publisher":{"@id":"https:\/\/www.prijedordanas.com\/#organization"},"articleSection":["Hronika"],"inLanguage":"en-US"},{"@type":"WebPage","@id":"https:\/\/www.prijedordanas.com\/?p=183169","url":"https:\/\/www.prijedordanas.com\/?p=183169","name":"ATV ekskluzivno otkriva: Evo ko je osoba sa fotorobota - FOTO - PrijedorDanas.com - Prijedorski gradski portal","isPartOf":{"@id":"https:\/\/www.prijedordanas.com\/#website"},"datePublished":"2022-03-23T21:11:53+00:00","dateModified":"2022-03-23T21:11:53+00:00","breadcrumb":{"@id":"https:\/\/www.prijedordanas.com\/?p=183169#breadcrumb"},"inLanguage":"en-US","potentialAction":[{"@type":"ReadAction","target":["https:\/\/www.prijedordanas.com\/?p=183169"]}]},{"@type":"BreadcrumbList","@id":"https:\/\/www.prijedordanas.com\/?p=183169#breadcrumb","itemListElement":[{"@type":"ListItem","position":1,"name":"Home","item":"https:\/\/www.prijedordanas.com\/"},{"@type":"ListItem","position":2,"name":"ATV ekskluzivno otkriva: Evo ko je osoba sa fotorobota &#8211; FOTO"}]},{"@type":"WebSite","@id":"https:\/\/www.prijedordanas.com\/#website","url":"https:\/\/www.prijedordanas.com\/","name":"PrijedorDanas.com - Prijedorski gradski portal","description":"Portal o doga\u0111anjima u gradu Prijedoru","publisher":{"@id":"https:\/\/www.prijedordanas.com\/#organization"},"potentialAction":[{"@type":"SearchAction","target":{"@type":"EntryPoint","urlTemplate":"https:\/\/www.prijedordanas.com\/?s={search_term_string}"},"query-input":"required name=search_term_string"}],"inLanguage":"en-US"},{"@type":"Organization","@id":"https:\/\/www.prijedordanas.com\/#organization","name":"PrijedorDanas.com","url":"https:\/\/www.prijedordanas.com\/","logo":{"@type":"ImageObject","inLanguage":"en-US","@id":"https:\/\/www.prijedordanas.com\/#\/schema\/logo\/image\/","url":"http:\/\/www.prijedordanas.com\/wp-content\/uploads\/2021\/12\/logopng.png","contentUrl":"http:\/\/www.prijedordanas.com\/wp-content\/uploads\/2021\/12\/logopng.png","width":1019,"height":776,"caption":"PrijedorDanas.com"},"image":{"@id":"https:\/\/www.prijedordanas.com\/#\/schema\/logo\/image\/"},"sameAs":["https:\/\/www.facebook.com\/PrijedorDanasCom\/"]},{"@type":"Person","@id":"https:\/\/www.prijedordanas.com\/#\/schema\/person\/4e08ccf29b506ca916ff86d46bb700e6","name":"admin","image":{"@type":"ImageObject","inLanguage":"en-US","@id":"https:\/\/www.prijedordanas.com\/#\/schema\/person\/image\/","url":"https:\/\/secure.gravatar.com\/avatar\/1d3fc949d550f0b53a5f0d51e06dfd79?s=96&d=mm&r=g","contentUrl":"https:\/\/secure.gravatar.com\/avatar\/1d3fc949d550f0b53a5f0d51e06dfd79?s=96&d=mm&r=g","caption":"admin"},"url":"https:\/\/www.prijedordanas.com\/?author=1"}]}},"_links":{"self":[{"href":"https:\/\/www.prijedordanas.com\/index.php?rest_route=\/wp\/v2\/posts\/183169"}],"collection":[{"href":"https:\/\/www.prijedordanas.com\/index.php?rest_route=\/wp\/v2\/posts"}],"about":[{"href":"https:\/\/www.prijedordanas.com\/index.php?rest_route=\/wp\/v2\/types\/post"}],"author":[{"embeddable":true,"href":"https:\/\/www.prijedordanas.com\/index.php?rest_route=\/wp\/v2\/users\/1"}],"replies":[{"embeddable":true,"href":"https:\/\/www.prijedordanas.com\/index.php?rest_route=%2Fwp%2Fv2%2Fcomments&post=183169"}],"version-history":[{"count":1,"href":"https:\/\/www.prijedordanas.com\/index.php?rest_route=\/wp\/v2\/posts\/183169\/revisions"}],"predecessor-version":[{"id":183171,"href":"https:\/\/www.prijedordanas.com\/index.php?rest_route=\/wp\/v2\/posts\/183169\/revisions\/183171"}],"wp:attachment":[{"href":"https:\/\/www.prijedordanas.com\/index.php?rest_route=%2Fwp%2Fv2%2Fmedia&parent=183169"}],"wp:term":[{"taxonomy":"category","embeddable":true,"href":"https:\/\/www.prijedordanas.com\/index.php?rest_route=%2Fwp%2Fv2%2Fcategories&post=183169"},{"taxonomy":"post_tag","embeddable":true,"href":"https:\/\/www.prijedordanas.com\/index.php?rest_route=%2Fwp%2Fv2%2Ftags&post=183169"}],"curies":[{"name":"wp","href":"https:\/\/api.w.org\/{rel}","templated":true}]}}