{"id":183031,"date":"2022-03-22T21:36:31","date_gmt":"2022-03-22T20:36:31","guid":{"rendered":"https:\/\/www.prijedordanas.com\/?p=183031"},"modified":"2022-03-22T22:06:26","modified_gmt":"2022-03-22T21:06:26","slug":"i-fbi-istrazuje-ubistvo-basica","status":"publish","type":"post","link":"https:\/\/www.prijedordanas.com\/?p=183031","title":{"rendered":"I FBI istra\u017euje ubistvo Ba\u0161i\u0107a"},"content":{"rendered":"<p><a href=\"https:\/\/www.prijedordanas.com\/wp-content\/uploads\/2022\/03\/nezavisne-ubistvo-basic.jpg\"><img loading=\"lazy\" decoding=\"async\" src=\"https:\/\/www.prijedordanas.com\/wp-content\/uploads\/2022\/03\/nezavisne-ubistvo-basic-300x225.jpg\" alt=\"\" width=\"300\" height=\"225\" class=\"alignleft size-medium wp-image-183032\" srcset=\"https:\/\/www.prijedordanas.com\/wp-content\/uploads\/2022\/03\/nezavisne-ubistvo-basic-300x225.jpg 300w, https:\/\/www.prijedordanas.com\/wp-content\/uploads\/2022\/03\/nezavisne-ubistvo-basic-640x480.jpg 640w, https:\/\/www.prijedordanas.com\/wp-content\/uploads\/2022\/03\/nezavisne-ubistvo-basic.jpg 667w\" sizes=\"(max-width: 300px) 100vw, 300px\" \/><\/a>Vi\u0161e osoba u BiH je pod obradom policije i tu\u017eila\u0161tava u vezi s ubistvom Radenka Ba\u0161i\u0107a, na\u010delnika Sektora kriminalisti\u010dke policije PU Prijedor, a sumnja se da je ubistvo povezano s poslom koji je obavljao.<\/p>\n<p>Zbog ovog zlo\u010dina je, kako je potvr\u0111eno iz PU Prijedor, uspostavljena saradnja sa svim policijskim agencijama u BiH i regionu, kao i sa Interpolom, Evropolom, FBI-jem i drugim.<\/p>\n<p><strong><a href=\"https:\/\/www.prijedordanas.com\/?p=182877\" rel=\"noopener\" target=\"_blank\">Ubijen na\u010delnik krim policije: U toku potraga za ubicom u Prijedoru \u2013 FOTO<\/a><\/strong><\/p>\n<p>Ba\u0161i\u0107 je ubijen u ponedjeljak u Prijedoru, dok je pje\u0161ice i\u0161ao na posao u mjestu Pe\u0107ani, kada ga je ubica iz neposredne blizine pogodio u glavu, nakon \u010dega je pobjegao. Ubica ga je \u010dekao kod obli\u017enjeg mosti\u0107a i pretpostavlja se da je znao \u017ertvine navike, jer je svako jutro u isto vrijeme pje\u0161ice i\u0161ao do posla.<\/p>\n<p>Obdukcija je pokazala da je Ba\u0161i\u0107 usmr\u0107en jednim hicem u potiljak, usljed \u010dega mu je razoren mozak, te je odmah nastupila smrt.<\/p>\n<p><strong><a href=\"https:\/\/www.prijedordanas.com\/?p=183019\" rel=\"noopener\" target=\"_blank\">Zavr\u0161ena obdukcija tijela ubijenog Radenka Ba\u0161i\u0107a<\/a><\/strong><\/p>\n<p>Prema prvim informacijama, najvjerovatnije se radi o hicu ispaljenom iz pi\u0161tolja kalibra 7,65 milimetara.<\/p>\n<p>Sretoja Vujanovi\u0107, na\u010delnik Policijske uprave Prijedor, izjavio je na konferenciji za medije u Prijedoru da je veliki broj lica u Prijedoru, Banjaluci i \u0161irom BiH pod obradom u vezi s ubistvom Ba\u0161i\u0107a.<\/p>\n<p><strong><a href=\"https:\/\/www.prijedordanas.com\/?p=182993\" rel=\"noopener\" target=\"_blank\">\u201cJedini motiv je njegov posao\u201d: Na\u010delnik policije u Prijedoru o brutalnom ubistvu Radenka Ba\u0161i\u0107a \u2013 FOTO\/VIDEO<\/a><\/strong><\/p>\n<p>&#8220;Drugog motiva osim posla ne vjerujem da je bilo&#8221;, rekao je Vujanovi\u0107, odgovaraju\u0107i na pitanje o mogu\u0107em motivu ubistva. On je naveo da su na terenu policijske snage \u017dandarmerije, Specijalne antiteroristi\u010dke jedinice i redovne policijske snage, koje zajedno s radnicima Krim-policije rade na osnovnom zadatku identifikaciji i pronalasku izvr\u0161ioca. Vujanovi\u0107 je pozvao medije da daju svoj doprinos da gra\u0111ani shvate \u0161ta policija radi na terenu, da se strpe, sara\u0111uju i da podijele s policijskim slu\u017ebenicima eventualna saznanja. &#8220;Molim gra\u0111ane za strpljenje dok traju poja\u010dane mjere i kontrole na podru\u010dju grada Prijedora i \u0161ire&#8221;, dodao je Vujanovi\u0107.<\/p>\n<p><strong><a href=\"https:\/\/www.prijedordanas.com\/?p=183025\" rel=\"noopener\" target=\"_blank\">Novi detalji u istrazi te\u0161kog ubistva na\u010delnika krim policije u Prijedoru: Prikupljeni dokazi upu\u0107uju na profesionalnu likvidaciju Ba\u0161i\u0107a<\/a><\/strong><\/p>\n<p>On je ponovio da policijski slu\u017ebenici PU Prijedor i Uprave za te\u0161ki i organizovani kriminalitet MUP-a Republike Srpske preduzimaju mjere i radnje radi identifikacije i pronalaska izvr\u0161ioca te\u0161kog ubistva i da se sve mjere i radnje preduzimaju pod nadzorom Okru\u017enog javnog tu\u017eila\u0161tva Prijedor i Republi\u010dkog javnog tu\u017eila\u0161tva.<\/p>\n<p><strong><a href=\"https:\/\/www.prijedordanas.com\/?p=183017\" rel=\"noopener\" target=\"_blank\">Dan nakon ubistva na\u010delnika Ba\u0161i\u0107a: Policija i dalje na mjestu likvidacije, gra\u0111ani u \u0161oku, zastave spu\u0161tene na pola koplja \u2013 FOTO<\/a><\/strong><\/p>\n<p>Ba\u0161i\u0107 je ubijen godinu prije odlaska u penziju, a iza njega su ostali supruga i dvojica maloljetnih sinova.<\/p>\n<p>Gra\u0111ani i kolege opisuju ga kao \u010destitog gra\u0111anina, policajca i velikog profesionalca.<\/p>\n<p><strong><a href=\"https:\/\/www.prijedordanas.com\/?p=182975\" rel=\"noopener\" target=\"_blank\">\u201cPreduzimaju se sve mjere da se na\u0111e po\u010dinilac\u201d: Istragu ubistva Radenka Ba\u0161i\u0107a preuzelo Republi\u010dko tu\u017eila\u0161tvo<\/a><\/strong><\/p>\n<p>Zlo\u010din je opisan kao napad na dr\u017eavu, a iz Policije Srpske poru\u010duju da \u0107e biti prevrnut svaki kamen, ali ovaj zlo\u010din ne\u0107e ostati nerije\u0161en.<\/p>\n<p>Ina\u010de, ovaj slu\u010daj je okvalifikovan kao te\u0161ko ubistvo, a istragom rukovodi Republi\u010dko javno tu\u017eila\u0161tvo.<\/p>\n<p><strong><a href=\"https:\/\/www.prijedordanas.com\/?p=182962\" rel=\"noopener\" target=\"_blank\">\u201cNapad na policiju je napad na dr\u017eavu\u201d: Vi\u0161e osoba privedeno zbog ubistva policijskog na\u010delnika Radenka Ba\u0161i\u0107a<\/a><\/strong><\/p>\n<p>Komemoracija Ba\u0161i\u0107u je sutra u podne u Pozori\u0161tu Prijedor, a sahrana \u0107e biti obavljena u 14 \u010dasova na Gradskom groblju u Prijedoru. Odlukom Vlade Republike Srpske, zbog ovog tragi\u010dnog doga\u0111aja u Srpskoj \u0107e sutra biti dan \u017ealosti. Naime, Vlada RS je na telefonskoj sjednici donijela zaklju\u010dak prema kojem \u0107e na institucijama Republike Srpske biti istaknute zastave na pola koplja, bi\u0107e otkazane manifestacije kulture i prilago\u0111ene sportske manifestacije datom trenutku.<\/p>\n<p>Zbog ovog zlo\u010dina u Prijedoru je otkazana i sjednica Skup\u0161tine grada.<\/p>\n<p><strong><a href=\"https:\/\/www.prijedordanas.com\/?p=182953\" rel=\"noopener\" target=\"_blank\">Ubistvo u Prijedoru te\u017eak udar i napad na Republiku Srpsku \u2013 FOTO\/VIDEO<\/a><\/strong><\/p>\n<p><a href=\"https:\/\/www.nezavisne.com\/novosti\/hronika\/I-FBI-istrazuje-ubistvo-Basica\/710374\" rel=\"noopener\" target=\"_blank\">nezavisne.com<\/a><\/p>\n","protected":false},"excerpt":{"rendered":"<p>Vi\u0161e osoba u BiH je pod obradom policije i tu\u017eila\u0161tava u vezi s ubistvom Radenka Ba\u0161i\u0107a, na\u010delnika Sektora kriminalisti\u010dke policije PU Prijedor, a sumnja se da je ubistvo povezano s [&hellip;]<\/p>\n","protected":false},"author":1,"featured_media":0,"comment_status":"closed","ping_status":"open","sticky":false,"template":"","format":"standard","meta":{"_monsterinsights_skip_tracking":false,"_monsterinsights_sitenote_active":false,"_monsterinsights_sitenote_note":"","_monsterinsights_sitenote_category":0,"footnotes":""},"categories":[5],"tags":[],"yoast_head":"<!-- This site is optimized with the Yoast SEO plugin v21.6 - https:\/\/yoast.com\/wordpress\/plugins\/seo\/ -->\n<title>I FBI istra\u017euje ubistvo Ba\u0161i\u0107a - PrijedorDanas.com - Prijedorski gradski portal<\/title>\n<meta name=\"robots\" content=\"index, follow, max-snippet:-1, max-image-preview:large, max-video-preview:-1\" \/>\n<link rel=\"canonical\" href=\"https:\/\/www.prijedordanas.com\/?p=183031\" \/>\n<meta property=\"og:locale\" content=\"en_US\" \/>\n<meta property=\"og:type\" content=\"article\" \/>\n<meta property=\"og:title\" content=\"I FBI istra\u017euje ubistvo Ba\u0161i\u0107a - PrijedorDanas.com - Prijedorski gradski portal\" \/>\n<meta property=\"og:description\" content=\"Vi\u0161e osoba u BiH je pod obradom policije i tu\u017eila\u0161tava u vezi s ubistvom Radenka Ba\u0161i\u0107a, na\u010delnika Sektora kriminalisti\u010dke policije PU Prijedor, a sumnja se da je ubistvo povezano s [&hellip;]\" \/>\n<meta property=\"og:url\" content=\"https:\/\/www.prijedordanas.com\/?p=183031\" \/>\n<meta property=\"og:site_name\" content=\"PrijedorDanas.com - Prijedorski gradski portal\" \/>\n<meta property=\"article:publisher\" content=\"https:\/\/www.facebook.com\/PrijedorDanasCom\/\" \/>\n<meta property=\"article:published_time\" content=\"2022-03-22T20:36:31+00:00\" \/>\n<meta property=\"article:modified_time\" content=\"2022-03-22T21:06:26+00:00\" \/>\n<meta property=\"og:image\" content=\"https:\/\/www.prijedordanas.com\/wp-content\/uploads\/2022\/03\/nezavisne-ubistvo-basic-300x225.jpg\" \/>\n<meta name=\"author\" content=\"admin\" \/>\n<meta name=\"twitter:card\" content=\"summary_large_image\" \/>\n<meta name=\"twitter:label1\" content=\"Written by\" \/>\n\t<meta name=\"twitter:data1\" content=\"admin\" \/>\n\t<meta name=\"twitter:label2\" content=\"Est. reading time\" \/>\n\t<meta name=\"twitter:data2\" content=\"3 minutes\" \/>\n<script type=\"application\/ld+json\" class=\"yoast-schema-graph\">{\"@context\":\"https:\/\/schema.org\",\"@graph\":[{\"@type\":\"Article\",\"@id\":\"https:\/\/www.prijedordanas.com\/?p=183031#article\",\"isPartOf\":{\"@id\":\"https:\/\/www.prijedordanas.com\/?p=183031\"},\"author\":{\"name\":\"admin\",\"@id\":\"https:\/\/www.prijedordanas.com\/#\/schema\/person\/4e08ccf29b506ca916ff86d46bb700e6\"},\"headline\":\"I FBI istra\u017euje ubistvo Ba\u0161i\u0107a\",\"datePublished\":\"2022-03-22T20:36:31+00:00\",\"dateModified\":\"2022-03-22T21:06:26+00:00\",\"mainEntityOfPage\":{\"@id\":\"https:\/\/www.prijedordanas.com\/?p=183031\"},\"wordCount\":698,\"publisher\":{\"@id\":\"https:\/\/www.prijedordanas.com\/#organization\"},\"articleSection\":[\"Hronika\"],\"inLanguage\":\"en-US\"},{\"@type\":\"WebPage\",\"@id\":\"https:\/\/www.prijedordanas.com\/?p=183031\",\"url\":\"https:\/\/www.prijedordanas.com\/?p=183031\",\"name\":\"I FBI istra\u017euje ubistvo Ba\u0161i\u0107a - PrijedorDanas.com - Prijedorski gradski portal\",\"isPartOf\":{\"@id\":\"https:\/\/www.prijedordanas.com\/#website\"},\"datePublished\":\"2022-03-22T20:36:31+00:00\",\"dateModified\":\"2022-03-22T21:06:26+00:00\",\"breadcrumb\":{\"@id\":\"https:\/\/www.prijedordanas.com\/?p=183031#breadcrumb\"},\"inLanguage\":\"en-US\",\"potentialAction\":[{\"@type\":\"ReadAction\",\"target\":[\"https:\/\/www.prijedordanas.com\/?p=183031\"]}]},{\"@type\":\"BreadcrumbList\",\"@id\":\"https:\/\/www.prijedordanas.com\/?p=183031#breadcrumb\",\"itemListElement\":[{\"@type\":\"ListItem\",\"position\":1,\"name\":\"Home\",\"item\":\"https:\/\/www.prijedordanas.com\/\"},{\"@type\":\"ListItem\",\"position\":2,\"name\":\"I FBI istra\u017euje ubistvo Ba\u0161i\u0107a\"}]},{\"@type\":\"WebSite\",\"@id\":\"https:\/\/www.prijedordanas.com\/#website\",\"url\":\"https:\/\/www.prijedordanas.com\/\",\"name\":\"PrijedorDanas.com - Prijedorski gradski portal\",\"description\":\"Portal o doga\u0111anjima u gradu Prijedoru\",\"publisher\":{\"@id\":\"https:\/\/www.prijedordanas.com\/#organization\"},\"potentialAction\":[{\"@type\":\"SearchAction\",\"target\":{\"@type\":\"EntryPoint\",\"urlTemplate\":\"https:\/\/www.prijedordanas.com\/?s={search_term_string}\"},\"query-input\":\"required name=search_term_string\"}],\"inLanguage\":\"en-US\"},{\"@type\":\"Organization\",\"@id\":\"https:\/\/www.prijedordanas.com\/#organization\",\"name\":\"PrijedorDanas.com\",\"url\":\"https:\/\/www.prijedordanas.com\/\",\"logo\":{\"@type\":\"ImageObject\",\"inLanguage\":\"en-US\",\"@id\":\"https:\/\/www.prijedordanas.com\/#\/schema\/logo\/image\/\",\"url\":\"http:\/\/www.prijedordanas.com\/wp-content\/uploads\/2021\/12\/logopng.png\",\"contentUrl\":\"http:\/\/www.prijedordanas.com\/wp-content\/uploads\/2021\/12\/logopng.png\",\"width\":1019,\"height\":776,\"caption\":\"PrijedorDanas.com\"},\"image\":{\"@id\":\"https:\/\/www.prijedordanas.com\/#\/schema\/logo\/image\/\"},\"sameAs\":[\"https:\/\/www.facebook.com\/PrijedorDanasCom\/\"]},{\"@type\":\"Person\",\"@id\":\"https:\/\/www.prijedordanas.com\/#\/schema\/person\/4e08ccf29b506ca916ff86d46bb700e6\",\"name\":\"admin\",\"image\":{\"@type\":\"ImageObject\",\"inLanguage\":\"en-US\",\"@id\":\"https:\/\/www.prijedordanas.com\/#\/schema\/person\/image\/\",\"url\":\"https:\/\/secure.gravatar.com\/avatar\/1d3fc949d550f0b53a5f0d51e06dfd79?s=96&d=mm&r=g\",\"contentUrl\":\"https:\/\/secure.gravatar.com\/avatar\/1d3fc949d550f0b53a5f0d51e06dfd79?s=96&d=mm&r=g\",\"caption\":\"admin\"},\"url\":\"https:\/\/www.prijedordanas.com\/?author=1\"}]}<\/script>\n<!-- \/ Yoast SEO plugin. -->","yoast_head_json":{"title":"I FBI istra\u017euje ubistvo Ba\u0161i\u0107a - PrijedorDanas.com - Prijedorski gradski portal","robots":{"index":"index","follow":"follow","max-snippet":"max-snippet:-1","max-image-preview":"max-image-preview:large","max-video-preview":"max-video-preview:-1"},"canonical":"https:\/\/www.prijedordanas.com\/?p=183031","og_locale":"en_US","og_type":"article","og_title":"I FBI istra\u017euje ubistvo Ba\u0161i\u0107a - PrijedorDanas.com - Prijedorski gradski portal","og_description":"Vi\u0161e osoba u BiH je pod obradom policije i tu\u017eila\u0161tava u vezi s ubistvom Radenka Ba\u0161i\u0107a, na\u010delnika Sektora kriminalisti\u010dke policije PU Prijedor, a sumnja se da je ubistvo povezano s [&hellip;]","og_url":"https:\/\/www.prijedordanas.com\/?p=183031","og_site_name":"PrijedorDanas.com - Prijedorski gradski portal","article_publisher":"https:\/\/www.facebook.com\/PrijedorDanasCom\/","article_published_time":"2022-03-22T20:36:31+00:00","article_modified_time":"2022-03-22T21:06:26+00:00","og_image":[{"url":"https:\/\/www.prijedordanas.com\/wp-content\/uploads\/2022\/03\/nezavisne-ubistvo-basic-300x225.jpg"}],"author":"admin","twitter_card":"summary_large_image","twitter_misc":{"Written by":"admin","Est. reading time":"3 minutes"},"schema":{"@context":"https:\/\/schema.org","@graph":[{"@type":"Article","@id":"https:\/\/www.prijedordanas.com\/?p=183031#article","isPartOf":{"@id":"https:\/\/www.prijedordanas.com\/?p=183031"},"author":{"name":"admin","@id":"https:\/\/www.prijedordanas.com\/#\/schema\/person\/4e08ccf29b506ca916ff86d46bb700e6"},"headline":"I FBI istra\u017euje ubistvo Ba\u0161i\u0107a","datePublished":"2022-03-22T20:36:31+00:00","dateModified":"2022-03-22T21:06:26+00:00","mainEntityOfPage":{"@id":"https:\/\/www.prijedordanas.com\/?p=183031"},"wordCount":698,"publisher":{"@id":"https:\/\/www.prijedordanas.com\/#organization"},"articleSection":["Hronika"],"inLanguage":"en-US"},{"@type":"WebPage","@id":"https:\/\/www.prijedordanas.com\/?p=183031","url":"https:\/\/www.prijedordanas.com\/?p=183031","name":"I FBI istra\u017euje ubistvo Ba\u0161i\u0107a - PrijedorDanas.com - Prijedorski gradski portal","isPartOf":{"@id":"https:\/\/www.prijedordanas.com\/#website"},"datePublished":"2022-03-22T20:36:31+00:00","dateModified":"2022-03-22T21:06:26+00:00","breadcrumb":{"@id":"https:\/\/www.prijedordanas.com\/?p=183031#breadcrumb"},"inLanguage":"en-US","potentialAction":[{"@type":"ReadAction","target":["https:\/\/www.prijedordanas.com\/?p=183031"]}]},{"@type":"BreadcrumbList","@id":"https:\/\/www.prijedordanas.com\/?p=183031#breadcrumb","itemListElement":[{"@type":"ListItem","position":1,"name":"Home","item":"https:\/\/www.prijedordanas.com\/"},{"@type":"ListItem","position":2,"name":"I FBI istra\u017euje ubistvo Ba\u0161i\u0107a"}]},{"@type":"WebSite","@id":"https:\/\/www.prijedordanas.com\/#website","url":"https:\/\/www.prijedordanas.com\/","name":"PrijedorDanas.com - Prijedorski gradski portal","description":"Portal o doga\u0111anjima u gradu Prijedoru","publisher":{"@id":"https:\/\/www.prijedordanas.com\/#organization"},"potentialAction":[{"@type":"SearchAction","target":{"@type":"EntryPoint","urlTemplate":"https:\/\/www.prijedordanas.com\/?s={search_term_string}"},"query-input":"required name=search_term_string"}],"inLanguage":"en-US"},{"@type":"Organization","@id":"https:\/\/www.prijedordanas.com\/#organization","name":"PrijedorDanas.com","url":"https:\/\/www.prijedordanas.com\/","logo":{"@type":"ImageObject","inLanguage":"en-US","@id":"https:\/\/www.prijedordanas.com\/#\/schema\/logo\/image\/","url":"http:\/\/www.prijedordanas.com\/wp-content\/uploads\/2021\/12\/logopng.png","contentUrl":"http:\/\/www.prijedordanas.com\/wp-content\/uploads\/2021\/12\/logopng.png","width":1019,"height":776,"caption":"PrijedorDanas.com"},"image":{"@id":"https:\/\/www.prijedordanas.com\/#\/schema\/logo\/image\/"},"sameAs":["https:\/\/www.facebook.com\/PrijedorDanasCom\/"]},{"@type":"Person","@id":"https:\/\/www.prijedordanas.com\/#\/schema\/person\/4e08ccf29b506ca916ff86d46bb700e6","name":"admin","image":{"@type":"ImageObject","inLanguage":"en-US","@id":"https:\/\/www.prijedordanas.com\/#\/schema\/person\/image\/","url":"https:\/\/secure.gravatar.com\/avatar\/1d3fc949d550f0b53a5f0d51e06dfd79?s=96&d=mm&r=g","contentUrl":"https:\/\/secure.gravatar.com\/avatar\/1d3fc949d550f0b53a5f0d51e06dfd79?s=96&d=mm&r=g","caption":"admin"},"url":"https:\/\/www.prijedordanas.com\/?author=1"}]}},"_links":{"self":[{"href":"https:\/\/www.prijedordanas.com\/index.php?rest_route=\/wp\/v2\/posts\/183031"}],"collection":[{"href":"https:\/\/www.prijedordanas.com\/index.php?rest_route=\/wp\/v2\/posts"}],"about":[{"href":"https:\/\/www.prijedordanas.com\/index.php?rest_route=\/wp\/v2\/types\/post"}],"author":[{"embeddable":true,"href":"https:\/\/www.prijedordanas.com\/index.php?rest_route=\/wp\/v2\/users\/1"}],"replies":[{"embeddable":true,"href":"https:\/\/www.prijedordanas.com\/index.php?rest_route=%2Fwp%2Fv2%2Fcomments&post=183031"}],"version-history":[{"count":4,"href":"https:\/\/www.prijedordanas.com\/index.php?rest_route=\/wp\/v2\/posts\/183031\/revisions"}],"predecessor-version":[{"id":183038,"href":"https:\/\/www.prijedordanas.com\/index.php?rest_route=\/wp\/v2\/posts\/183031\/revisions\/183038"}],"wp:attachment":[{"href":"https:\/\/www.prijedordanas.com\/index.php?rest_route=%2Fwp%2Fv2%2Fmedia&parent=183031"}],"wp:term":[{"taxonomy":"category","embeddable":true,"href":"https:\/\/www.prijedordanas.com\/index.php?rest_route=%2Fwp%2Fv2%2Fcategories&post=183031"},{"taxonomy":"post_tag","embeddable":true,"href":"https:\/\/www.prijedordanas.com\/index.php?rest_route=%2Fwp%2Fv2%2Ftags&post=183031"}],"curies":[{"name":"wp","href":"https:\/\/api.w.org\/{rel}","templated":true}]}}