{"id":182953,"date":"2022-03-21T22:34:49","date_gmt":"2022-03-21T21:34:49","guid":{"rendered":"https:\/\/www.prijedordanas.com\/?p=182953"},"modified":"2022-03-21T22:40:48","modified_gmt":"2022-03-21T21:40:48","slug":"ubistvo-u-prijedoru-tezak-udar-i-napad-na-republiku-srpsku-foto-video","status":"publish","type":"post","link":"https:\/\/www.prijedordanas.com\/?p=182953","title":{"rendered":"Ubistvo u Prijedoru te\u017eak udar i napad na Republiku Srpsku &#8211; FOTO\/VIDEO"},"content":{"rendered":"<p><a href=\"https:\/\/www.prijedordanas.com\/wp-content\/uploads\/2022\/03\/ubistvo-pecani-12.jpg\"><img loading=\"lazy\" decoding=\"async\" class=\"alignleft size-medium wp-image-182954\" src=\"https:\/\/www.prijedordanas.com\/wp-content\/uploads\/2022\/03\/ubistvo-pecani-12-300x225.jpg\" alt=\"\" width=\"300\" height=\"225\" srcset=\"https:\/\/www.prijedordanas.com\/wp-content\/uploads\/2022\/03\/ubistvo-pecani-12-300x225.jpg 300w, https:\/\/www.prijedordanas.com\/wp-content\/uploads\/2022\/03\/ubistvo-pecani-12-640x480.jpg 640w, https:\/\/www.prijedordanas.com\/wp-content\/uploads\/2022\/03\/ubistvo-pecani-12.jpg 667w\" sizes=\"(max-width: 300px) 100vw, 300px\" \/><\/a>U Prijedoru je ubijen Radenko Ba\u0161i\u0107, na\u010delnik Sektora kriminalisti\u010dke policije u ovom gradu.<\/p>\n<p>U potragu za ubicom anga\u017eovana je i Specijalna antiteroristi\u010dka jedinica i \u017dandarmerija.<\/p>\n<p><strong><a href=\"https:\/\/www.prijedordanas.com\/?p=182877\" target=\"_blank\" rel=\"noopener\">Ubijen na\u010delnik krim policije: U toku potraga za ubicom u Prijedoru \u2013 FOTO<\/a><\/strong><\/p>\n<p>Priveden je i saslu\u0161an ve\u0107i broj lica.<\/p>\n<p>Na\u010delnik Sektora kriminalisti\u010dke policije u Prijedoru Radenko Ba\u0161i\u0107 ubijen je jutros oko sedam \u010dasova, u naselju Pe\u0107ani.<\/p>\n<p>Ubica ga je \u010dekao ispred zgrade u kojoj je \u017eivio.<\/p>\n<p><a href=\"https:\/\/www.prijedordanas.com\/wp-content\/uploads\/2022\/03\/ubistvo-pecani-4.jpg\"><img loading=\"lazy\" decoding=\"async\" class=\"alignleft size-medium wp-image-182866\" src=\"https:\/\/www.prijedordanas.com\/wp-content\/uploads\/2022\/03\/ubistvo-pecani-4-300x225.jpg\" alt=\"\" width=\"300\" height=\"225\" srcset=\"https:\/\/www.prijedordanas.com\/wp-content\/uploads\/2022\/03\/ubistvo-pecani-4-300x225.jpg 300w, https:\/\/www.prijedordanas.com\/wp-content\/uploads\/2022\/03\/ubistvo-pecani-4-640x480.jpg 640w, https:\/\/www.prijedordanas.com\/wp-content\/uploads\/2022\/03\/ubistvo-pecani-4.jpg 667w\" sizes=\"(max-width: 300px) 100vw, 300px\" \/><\/a>Medicinski radnici smrt su ustanovili na mjestu tragedije.<\/p>\n<p>Vi\u0161e\u010dasovnom uvi\u0111aju prisustvovao je i direktor Zavoda za sudsku medicinu \u017deljko Karan.<\/p>\n<p><strong><a href=\"https:\/\/www.prijedordanas.com\/?p=182887\" target=\"_blank\" rel=\"noopener\">Ubica mu pri\u0161ao s le\u0111a: Detalji ubistva na\u010delnika krim-policije u Prijedoru \u2013 FOTO\/VIDEO<\/a><\/strong><\/p>\n<p>Na ulicama Prijedora danas veliki broj policaja.<\/p>\n<p>Kontrolisana su vozila i legitimisani pje\u0161aci.<\/p>\n<p>Osim policije Srpske, alarmirane su sve druge bezbjednosne agencije u BiH, ali i regionu.<\/p>\n<p><a href=\"https:\/\/www.prijedordanas.com\/wp-content\/uploads\/2022\/03\/kostresevic-pres-ubistvo-policajca-3.jpg\"><img loading=\"lazy\" decoding=\"async\" class=\"alignleft size-medium wp-image-182921\" src=\"https:\/\/www.prijedordanas.com\/wp-content\/uploads\/2022\/03\/kostresevic-pres-ubistvo-policajca-3-300x225.jpg\" alt=\"\" width=\"300\" height=\"225\" srcset=\"https:\/\/www.prijedordanas.com\/wp-content\/uploads\/2022\/03\/kostresevic-pres-ubistvo-policajca-3-300x225.jpg 300w, https:\/\/www.prijedordanas.com\/wp-content\/uploads\/2022\/03\/kostresevic-pres-ubistvo-policajca-3-640x480.jpg 640w, https:\/\/www.prijedordanas.com\/wp-content\/uploads\/2022\/03\/kostresevic-pres-ubistvo-policajca-3.jpg 667w\" sizes=\"(max-width: 300px) 100vw, 300px\" \/><\/a>Direktor policije Sini\u0161a Kostre\u0161evi\u0107 rekao da \u0107e prevrnuti svaki kamen dok ne bude prona\u0111en ubica.<\/p>\n<p>&#8211; Ovo je te\u017eak udar na MUP Srpske, rekao bih i dr\u017eavu. \u0408er napad na policiju je napad na dr\u017eavu. Veliki broj osoba je priveden i ovdje i u Banjaluci i u \u0161iroj regiji. Ne\u0107emo stati dok god ovaj slu\u010daj ne rije\u0161imo &#8211; istakao je Kostre\u0161evi\u0107.<\/p>\n<p><strong><a href=\"https:\/\/www.prijedordanas.com\/?p=182918\" rel=\"noopener\" target=\"_blank\">Prijedor \u2013 Kostre\u0161evi\u0107: Prevrnu\u0107emo svaki kamen da rije\u0161imo ovo ubistvo, priveden veliki broj lica \u2013 FOTO\/VIDEO<\/a><\/strong><\/p>\n<p>Ministar unutra\u0161njih poslova Dragan Luka\u010d, koji je u slu\u017ebenoj posjeti Izraelu, osudio je brutalno ubistvo policijskog slu\u017ebenika Radenka Ba\u0161i\u0107a.<\/p>\n<p>Naglasio je da je ubistvo policajca napad na cijelu policiju.<\/p>\n<p><a href=\"https:\/\/www.prijedordanas.com\/wp-content\/uploads\/2022\/03\/ubistvo-pecani-9.jpg\"><img loading=\"lazy\" decoding=\"async\" class=\"alignleft size-medium wp-image-182956\" src=\"https:\/\/www.prijedordanas.com\/wp-content\/uploads\/2022\/03\/ubistvo-pecani-9-300x225.jpg\" alt=\"\" width=\"300\" height=\"225\" srcset=\"https:\/\/www.prijedordanas.com\/wp-content\/uploads\/2022\/03\/ubistvo-pecani-9-300x225.jpg 300w, https:\/\/www.prijedordanas.com\/wp-content\/uploads\/2022\/03\/ubistvo-pecani-9-640x480.jpg 640w, https:\/\/www.prijedordanas.com\/wp-content\/uploads\/2022\/03\/ubistvo-pecani-9.jpg 667w\" sizes=\"(max-width: 300px) 100vw, 300px\" \/><\/a>&#8211; Ovaj napad je napad na cijelu policiju Republike Srpske i u\u010dini\u0107emo sve da izvr\u0161ilac ovog krivi\u010dnog djela bude prona\u0111en. Anga\u017eovani su svi raspolo\u017eivi resursi MUP-a, od Specijalne antiteroristi\u010dke jedinice i \u0408edinice \u017dandarmerije do redovnih snaga, a sve u cilju pronalaska izvr\u0161ioca ovog brutalnog \u010dina &#8211; naglasio je Luka\u010d.<\/p>\n<p>Iz MUP-a poru\u010duju da su ubistvom Radenka Ba\u0161i\u0107a izgubili velikog \u010dovjeka i profesionalca.<\/p>\n<p><strong><a href=\"https:\/\/www.prijedordanas.com\/?p=182901\" target=\"_blank\" rel=\"noopener\">Forenzi\u010dari jo\u0161 na mjestu brutalne likvidacije u Prijedoru: Gra\u0111ani u nevjerici, iza ubijenog Ba\u0161i\u0107a ostala dva maloljetna sina<\/a><\/strong><\/p>\n<p>Zato sistem za\u0161tite policajaca u Srpskoj mora biti na najvi\u0161em nivou.<\/p>\n<p>Srpski \u010dlan Predsjedni\u0161tva BiH Milorad Dodik ka\u017ee da \u0107e biti izra\u0111ena nova pravila za za\u0161titu policajaca, kako bi se pobolj\u0161ala njihova bezbjednost.<\/p>\n<p>&#8211; Finalizovali smo prijedlog u pogledu za\u0161tite policajaca i u veoma brzom roku \u0107emo i\u0107i u izmjenu propisa kako bismo osigurali i oja\u010dali poziciju policajaca u Srpskoj. Predvidjeli smo rigorozne mjere vezano za akcije, kao \u0161to je ova kad neko pri\u0111e i puca policajcu u glavu. Ovo se vi\u0161e ne smije desiti. Nema policajca u Srpskoj koji je spreman da preko ovog pre\u0111e &#8211; isti\u010de Dodik.<\/p>\n<p><a href=\"https:\/\/www.prijedordanas.com\/wp-content\/uploads\/2022\/03\/muprs-basic-radenko.jpg\"><img loading=\"lazy\" decoding=\"async\" class=\"alignleft size-medium wp-image-182955\" src=\"https:\/\/www.prijedordanas.com\/wp-content\/uploads\/2022\/03\/muprs-basic-radenko-240x300.jpg\" alt=\"\" width=\"240\" height=\"300\" srcset=\"https:\/\/www.prijedordanas.com\/wp-content\/uploads\/2022\/03\/muprs-basic-radenko-240x300.jpg 240w, https:\/\/www.prijedordanas.com\/wp-content\/uploads\/2022\/03\/muprs-basic-radenko.jpg 479w\" sizes=\"(max-width: 240px) 100vw, 240px\" \/><\/a><br \/>\nRadenko Ba\u0161i\u0107 ro\u0111en je 1970. godine, bio je o\u017eenjen i otac dvoje maloljetne djece.<\/p>\n<p>U policijskoj slu\u017ebi bio je 29 godina.<\/p>\n<p>Bio je ratni-vojni invalid i borac prve kategorije.<\/p>\n<p>Du\u017enost na\u010delnika prijedorskog Sektora kriminalisti\u010dke policije preuzeo je u oktobru 2020. godine.<\/p>\n<p>U Prijedoru je sutra Dan \u017ealosti, a u cijeloj Republici Srpskoj u srijedu, na dan sahrane.<\/p>\n<p>RTRS<\/p>\n<p><iframe loading=\"lazy\" title=\"Ubistvo u Prijedoru te\u017eak udar i napad na Republiku Srpsku\" width=\"500\" height=\"281\" src=\"https:\/\/www.youtube.com\/embed\/Bsp8lBrLg9c?feature=oembed\" frameborder=\"0\" allow=\"accelerometer; autoplay; clipboard-write; encrypted-media; gyroscope; picture-in-picture\" allowfullscreen><\/iframe><\/p>\n","protected":false},"excerpt":{"rendered":"<p>U Prijedoru je ubijen Radenko Ba\u0161i\u0107, na\u010delnik Sektora kriminalisti\u010dke policije u ovom gradu. U potragu za ubicom anga\u017eovana je i Specijalna antiteroristi\u010dka jedinica i \u017dandarmerija. Ubijen na\u010delnik krim policije: U [&hellip;]<\/p>\n","protected":false},"author":1,"featured_media":0,"comment_status":"closed","ping_status":"open","sticky":false,"template":"","format":"standard","meta":{"_monsterinsights_skip_tracking":false,"_monsterinsights_sitenote_active":false,"_monsterinsights_sitenote_note":"","_monsterinsights_sitenote_category":0,"footnotes":""},"categories":[4],"tags":[],"yoast_head":"<!-- This site is optimized with the Yoast SEO plugin v21.6 - https:\/\/yoast.com\/wordpress\/plugins\/seo\/ -->\n<title>Ubistvo u Prijedoru te\u017eak udar i napad na Republiku Srpsku - FOTO\/VIDEO - PrijedorDanas.com - Prijedorski gradski portal<\/title>\n<meta name=\"robots\" content=\"index, follow, max-snippet:-1, max-image-preview:large, max-video-preview:-1\" \/>\n<link rel=\"canonical\" href=\"https:\/\/www.prijedordanas.com\/?p=182953\" \/>\n<meta property=\"og:locale\" content=\"en_US\" \/>\n<meta property=\"og:type\" content=\"article\" \/>\n<meta property=\"og:title\" content=\"Ubistvo u Prijedoru te\u017eak udar i napad na Republiku Srpsku - FOTO\/VIDEO - PrijedorDanas.com - Prijedorski gradski portal\" \/>\n<meta property=\"og:description\" content=\"U Prijedoru je ubijen Radenko Ba\u0161i\u0107, na\u010delnik Sektora kriminalisti\u010dke policije u ovom gradu. U potragu za ubicom anga\u017eovana je i Specijalna antiteroristi\u010dka jedinica i \u017dandarmerija. Ubijen na\u010delnik krim policije: U [&hellip;]\" \/>\n<meta property=\"og:url\" content=\"https:\/\/www.prijedordanas.com\/?p=182953\" \/>\n<meta property=\"og:site_name\" content=\"PrijedorDanas.com - Prijedorski gradski portal\" \/>\n<meta property=\"article:publisher\" content=\"https:\/\/www.facebook.com\/PrijedorDanasCom\/\" \/>\n<meta property=\"article:published_time\" content=\"2022-03-21T21:34:49+00:00\" \/>\n<meta property=\"article:modified_time\" content=\"2022-03-21T21:40:48+00:00\" \/>\n<meta property=\"og:image\" content=\"https:\/\/www.prijedordanas.com\/wp-content\/uploads\/2022\/03\/ubistvo-pecani-12-300x225.jpg\" \/>\n<meta name=\"author\" content=\"admin\" \/>\n<meta name=\"twitter:card\" content=\"summary_large_image\" \/>\n<meta name=\"twitter:label1\" content=\"Written by\" \/>\n\t<meta name=\"twitter:data1\" content=\"admin\" \/>\n\t<meta name=\"twitter:label2\" content=\"Est. reading time\" \/>\n\t<meta name=\"twitter:data2\" content=\"3 minutes\" \/>\n<script type=\"application\/ld+json\" class=\"yoast-schema-graph\">{\"@context\":\"https:\/\/schema.org\",\"@graph\":[{\"@type\":\"Article\",\"@id\":\"https:\/\/www.prijedordanas.com\/?p=182953#article\",\"isPartOf\":{\"@id\":\"https:\/\/www.prijedordanas.com\/?p=182953\"},\"author\":{\"name\":\"admin\",\"@id\":\"https:\/\/www.prijedordanas.com\/#\/schema\/person\/4e08ccf29b506ca916ff86d46bb700e6\"},\"headline\":\"Ubistvo u Prijedoru te\u017eak udar i napad na Republiku Srpsku &#8211; FOTO\/VIDEO\",\"datePublished\":\"2022-03-21T21:34:49+00:00\",\"dateModified\":\"2022-03-21T21:40:48+00:00\",\"mainEntityOfPage\":{\"@id\":\"https:\/\/www.prijedordanas.com\/?p=182953\"},\"wordCount\":564,\"publisher\":{\"@id\":\"https:\/\/www.prijedordanas.com\/#organization\"},\"articleSection\":[\"Dru\u0161tvo\"],\"inLanguage\":\"en-US\"},{\"@type\":\"WebPage\",\"@id\":\"https:\/\/www.prijedordanas.com\/?p=182953\",\"url\":\"https:\/\/www.prijedordanas.com\/?p=182953\",\"name\":\"Ubistvo u Prijedoru te\u017eak udar i napad na Republiku Srpsku - FOTO\/VIDEO - PrijedorDanas.com - Prijedorski gradski portal\",\"isPartOf\":{\"@id\":\"https:\/\/www.prijedordanas.com\/#website\"},\"datePublished\":\"2022-03-21T21:34:49+00:00\",\"dateModified\":\"2022-03-21T21:40:48+00:00\",\"breadcrumb\":{\"@id\":\"https:\/\/www.prijedordanas.com\/?p=182953#breadcrumb\"},\"inLanguage\":\"en-US\",\"potentialAction\":[{\"@type\":\"ReadAction\",\"target\":[\"https:\/\/www.prijedordanas.com\/?p=182953\"]}]},{\"@type\":\"BreadcrumbList\",\"@id\":\"https:\/\/www.prijedordanas.com\/?p=182953#breadcrumb\",\"itemListElement\":[{\"@type\":\"ListItem\",\"position\":1,\"name\":\"Home\",\"item\":\"https:\/\/www.prijedordanas.com\/\"},{\"@type\":\"ListItem\",\"position\":2,\"name\":\"Ubistvo u Prijedoru te\u017eak udar i napad na Republiku Srpsku &#8211; FOTO\/VIDEO\"}]},{\"@type\":\"WebSite\",\"@id\":\"https:\/\/www.prijedordanas.com\/#website\",\"url\":\"https:\/\/www.prijedordanas.com\/\",\"name\":\"PrijedorDanas.com - Prijedorski gradski portal\",\"description\":\"Portal o doga\u0111anjima u gradu Prijedoru\",\"publisher\":{\"@id\":\"https:\/\/www.prijedordanas.com\/#organization\"},\"potentialAction\":[{\"@type\":\"SearchAction\",\"target\":{\"@type\":\"EntryPoint\",\"urlTemplate\":\"https:\/\/www.prijedordanas.com\/?s={search_term_string}\"},\"query-input\":\"required name=search_term_string\"}],\"inLanguage\":\"en-US\"},{\"@type\":\"Organization\",\"@id\":\"https:\/\/www.prijedordanas.com\/#organization\",\"name\":\"PrijedorDanas.com\",\"url\":\"https:\/\/www.prijedordanas.com\/\",\"logo\":{\"@type\":\"ImageObject\",\"inLanguage\":\"en-US\",\"@id\":\"https:\/\/www.prijedordanas.com\/#\/schema\/logo\/image\/\",\"url\":\"http:\/\/www.prijedordanas.com\/wp-content\/uploads\/2021\/12\/logopng.png\",\"contentUrl\":\"http:\/\/www.prijedordanas.com\/wp-content\/uploads\/2021\/12\/logopng.png\",\"width\":1019,\"height\":776,\"caption\":\"PrijedorDanas.com\"},\"image\":{\"@id\":\"https:\/\/www.prijedordanas.com\/#\/schema\/logo\/image\/\"},\"sameAs\":[\"https:\/\/www.facebook.com\/PrijedorDanasCom\/\"]},{\"@type\":\"Person\",\"@id\":\"https:\/\/www.prijedordanas.com\/#\/schema\/person\/4e08ccf29b506ca916ff86d46bb700e6\",\"name\":\"admin\",\"image\":{\"@type\":\"ImageObject\",\"inLanguage\":\"en-US\",\"@id\":\"https:\/\/www.prijedordanas.com\/#\/schema\/person\/image\/\",\"url\":\"https:\/\/secure.gravatar.com\/avatar\/1d3fc949d550f0b53a5f0d51e06dfd79?s=96&d=mm&r=g\",\"contentUrl\":\"https:\/\/secure.gravatar.com\/avatar\/1d3fc949d550f0b53a5f0d51e06dfd79?s=96&d=mm&r=g\",\"caption\":\"admin\"},\"url\":\"https:\/\/www.prijedordanas.com\/?author=1\"}]}<\/script>\n<!-- \/ Yoast SEO plugin. -->","yoast_head_json":{"title":"Ubistvo u Prijedoru te\u017eak udar i napad na Republiku Srpsku - FOTO\/VIDEO - PrijedorDanas.com - Prijedorski gradski portal","robots":{"index":"index","follow":"follow","max-snippet":"max-snippet:-1","max-image-preview":"max-image-preview:large","max-video-preview":"max-video-preview:-1"},"canonical":"https:\/\/www.prijedordanas.com\/?p=182953","og_locale":"en_US","og_type":"article","og_title":"Ubistvo u Prijedoru te\u017eak udar i napad na Republiku Srpsku - FOTO\/VIDEO - PrijedorDanas.com - Prijedorski gradski portal","og_description":"U Prijedoru je ubijen Radenko Ba\u0161i\u0107, na\u010delnik Sektora kriminalisti\u010dke policije u ovom gradu. U potragu za ubicom anga\u017eovana je i Specijalna antiteroristi\u010dka jedinica i \u017dandarmerija. Ubijen na\u010delnik krim policije: U [&hellip;]","og_url":"https:\/\/www.prijedordanas.com\/?p=182953","og_site_name":"PrijedorDanas.com - Prijedorski gradski portal","article_publisher":"https:\/\/www.facebook.com\/PrijedorDanasCom\/","article_published_time":"2022-03-21T21:34:49+00:00","article_modified_time":"2022-03-21T21:40:48+00:00","og_image":[{"url":"https:\/\/www.prijedordanas.com\/wp-content\/uploads\/2022\/03\/ubistvo-pecani-12-300x225.jpg"}],"author":"admin","twitter_card":"summary_large_image","twitter_misc":{"Written by":"admin","Est. reading time":"3 minutes"},"schema":{"@context":"https:\/\/schema.org","@graph":[{"@type":"Article","@id":"https:\/\/www.prijedordanas.com\/?p=182953#article","isPartOf":{"@id":"https:\/\/www.prijedordanas.com\/?p=182953"},"author":{"name":"admin","@id":"https:\/\/www.prijedordanas.com\/#\/schema\/person\/4e08ccf29b506ca916ff86d46bb700e6"},"headline":"Ubistvo u Prijedoru te\u017eak udar i napad na Republiku Srpsku &#8211; FOTO\/VIDEO","datePublished":"2022-03-21T21:34:49+00:00","dateModified":"2022-03-21T21:40:48+00:00","mainEntityOfPage":{"@id":"https:\/\/www.prijedordanas.com\/?p=182953"},"wordCount":564,"publisher":{"@id":"https:\/\/www.prijedordanas.com\/#organization"},"articleSection":["Dru\u0161tvo"],"inLanguage":"en-US"},{"@type":"WebPage","@id":"https:\/\/www.prijedordanas.com\/?p=182953","url":"https:\/\/www.prijedordanas.com\/?p=182953","name":"Ubistvo u Prijedoru te\u017eak udar i napad na Republiku Srpsku - FOTO\/VIDEO - PrijedorDanas.com - Prijedorski gradski portal","isPartOf":{"@id":"https:\/\/www.prijedordanas.com\/#website"},"datePublished":"2022-03-21T21:34:49+00:00","dateModified":"2022-03-21T21:40:48+00:00","breadcrumb":{"@id":"https:\/\/www.prijedordanas.com\/?p=182953#breadcrumb"},"inLanguage":"en-US","potentialAction":[{"@type":"ReadAction","target":["https:\/\/www.prijedordanas.com\/?p=182953"]}]},{"@type":"BreadcrumbList","@id":"https:\/\/www.prijedordanas.com\/?p=182953#breadcrumb","itemListElement":[{"@type":"ListItem","position":1,"name":"Home","item":"https:\/\/www.prijedordanas.com\/"},{"@type":"ListItem","position":2,"name":"Ubistvo u Prijedoru te\u017eak udar i napad na Republiku Srpsku &#8211; FOTO\/VIDEO"}]},{"@type":"WebSite","@id":"https:\/\/www.prijedordanas.com\/#website","url":"https:\/\/www.prijedordanas.com\/","name":"PrijedorDanas.com - Prijedorski gradski portal","description":"Portal o doga\u0111anjima u gradu Prijedoru","publisher":{"@id":"https:\/\/www.prijedordanas.com\/#organization"},"potentialAction":[{"@type":"SearchAction","target":{"@type":"EntryPoint","urlTemplate":"https:\/\/www.prijedordanas.com\/?s={search_term_string}"},"query-input":"required name=search_term_string"}],"inLanguage":"en-US"},{"@type":"Organization","@id":"https:\/\/www.prijedordanas.com\/#organization","name":"PrijedorDanas.com","url":"https:\/\/www.prijedordanas.com\/","logo":{"@type":"ImageObject","inLanguage":"en-US","@id":"https:\/\/www.prijedordanas.com\/#\/schema\/logo\/image\/","url":"http:\/\/www.prijedordanas.com\/wp-content\/uploads\/2021\/12\/logopng.png","contentUrl":"http:\/\/www.prijedordanas.com\/wp-content\/uploads\/2021\/12\/logopng.png","width":1019,"height":776,"caption":"PrijedorDanas.com"},"image":{"@id":"https:\/\/www.prijedordanas.com\/#\/schema\/logo\/image\/"},"sameAs":["https:\/\/www.facebook.com\/PrijedorDanasCom\/"]},{"@type":"Person","@id":"https:\/\/www.prijedordanas.com\/#\/schema\/person\/4e08ccf29b506ca916ff86d46bb700e6","name":"admin","image":{"@type":"ImageObject","inLanguage":"en-US","@id":"https:\/\/www.prijedordanas.com\/#\/schema\/person\/image\/","url":"https:\/\/secure.gravatar.com\/avatar\/1d3fc949d550f0b53a5f0d51e06dfd79?s=96&d=mm&r=g","contentUrl":"https:\/\/secure.gravatar.com\/avatar\/1d3fc949d550f0b53a5f0d51e06dfd79?s=96&d=mm&r=g","caption":"admin"},"url":"https:\/\/www.prijedordanas.com\/?author=1"}]}},"_links":{"self":[{"href":"https:\/\/www.prijedordanas.com\/index.php?rest_route=\/wp\/v2\/posts\/182953"}],"collection":[{"href":"https:\/\/www.prijedordanas.com\/index.php?rest_route=\/wp\/v2\/posts"}],"about":[{"href":"https:\/\/www.prijedordanas.com\/index.php?rest_route=\/wp\/v2\/types\/post"}],"author":[{"embeddable":true,"href":"https:\/\/www.prijedordanas.com\/index.php?rest_route=\/wp\/v2\/users\/1"}],"replies":[{"embeddable":true,"href":"https:\/\/www.prijedordanas.com\/index.php?rest_route=%2Fwp%2Fv2%2Fcomments&post=182953"}],"version-history":[{"count":3,"href":"https:\/\/www.prijedordanas.com\/index.php?rest_route=\/wp\/v2\/posts\/182953\/revisions"}],"predecessor-version":[{"id":182960,"href":"https:\/\/www.prijedordanas.com\/index.php?rest_route=\/wp\/v2\/posts\/182953\/revisions\/182960"}],"wp:attachment":[{"href":"https:\/\/www.prijedordanas.com\/index.php?rest_route=%2Fwp%2Fv2%2Fmedia&parent=182953"}],"wp:term":[{"taxonomy":"category","embeddable":true,"href":"https:\/\/www.prijedordanas.com\/index.php?rest_route=%2Fwp%2Fv2%2Fcategories&post=182953"},{"taxonomy":"post_tag","embeddable":true,"href":"https:\/\/www.prijedordanas.com\/index.php?rest_route=%2Fwp%2Fv2%2Ftags&post=182953"}],"curies":[{"name":"wp","href":"https:\/\/api.w.org\/{rel}","templated":true}]}}