{"id":182341,"date":"2022-03-08T10:02:11","date_gmt":"2022-03-08T09:02:11","guid":{"rendered":"https:\/\/www.prijedordanas.com\/?p=182341"},"modified":"2022-03-08T10:02:11","modified_gmt":"2022-03-08T09:02:11","slug":"sudenje-culibrk-zeljko-mejakic-ispricao-kako-je-iz-omarske-odvedena-grupa-pritvorenika","status":"publish","type":"post","link":"https:\/\/www.prijedordanas.com\/?p=182341","title":{"rendered":"Su\u0111enje \u0106ulibrk: \u017deljko Mejaki\u0107 ispri\u010dao kako je iz \u201cOmarske\u201d odvedena grupa pritvorenika"},"content":{"rendered":"<p><a href=\"https:\/\/www.prijedordanas.com\/wp-content\/uploads\/2017\/10\/sud-bih-10.jpg\"><img loading=\"lazy\" decoding=\"async\" src=\"https:\/\/www.prijedordanas.com\/wp-content\/uploads\/2017\/10\/sud-bih-10-300x225.jpg\" alt=\"\" width=\"300\" height=\"225\" class=\"alignleft size-medium wp-image-91013\" srcset=\"https:\/\/www.prijedordanas.com\/wp-content\/uploads\/2017\/10\/sud-bih-10-300x225.jpg 300w, https:\/\/www.prijedordanas.com\/wp-content\/uploads\/2017\/10\/sud-bih-10-100x75.jpg 100w, https:\/\/www.prijedordanas.com\/wp-content\/uploads\/2017\/10\/sud-bih-10-640x480.jpg 640w, https:\/\/www.prijedordanas.com\/wp-content\/uploads\/2017\/10\/sud-bih-10.jpg 667w\" sizes=\"(max-width: 300px) 100vw, 300px\" \/><\/a>Na su\u0111enju za zlo\u010dine po\u010dinjene kod Bosanske Krupe, nekada\u0161nji \u0161ef u prijedorskom logoru \u201cOmarska\u201d \u017deljko Mejaki\u0107 je ispri\u010dao kako je u ljeto 1992. odvedena grupa zato\u010denika, za koje je kasnije saznao da su pobijeni.<\/p>\n<p>Mejaki\u0107 je kazao da je bio komandir Stanice milicije u Omarskoj i da su obezbje\u0111ivali logor. On se prisjetio kako ga je jedne no\u0107i krajem jula vezista pozvao da do\u0111e, jer imaju grupu za razmjenu. Mejaki\u0107 je rekao da je zatekao Radovana Voki\u0107a, koji je bio pratilac i \u010dovjek od povjerenja Sime Drlja\u010de, tada\u0161njeg \u0161efa prijedorske policije.<\/p>\n<p>\u201cJa pri\u0161ao, ka\u017ee: \u2018Evo ima\u0161 spisak. Ovo je Simo poslao\u2019\u201d, prisjetio se svjedok, dodav\u0161i da je pisalo: \u201cSpisak lica za razmjenu\u201d, a da je u potpisu bio Drlja\u010da.<\/p>\n<p>Prema njegovim rije\u010dima, pet do sedam uniformisanih i naoru\u017eanih lica ve\u0107 je prozivalo pritvorenike, koji su ulazili u autobus. Naveo je da su tu no\u0107 odvedena 44 lica, me\u0111u kojima su bile dvije \u017eene.<\/p>\n<p>Svjedok je rekao da je autobus bio manjih dimenzija, da je imao biha\u0107ke tablice i da je na njemu pisalo \u201cVojvoda \u0160e\u0161elj\u201d.<\/p>\n<p>Naveo je da su zatra\u017eili pratnju dok ne napuste podru\u010dje Prijedora i da je on odredio dvojicu policajaca.<\/p>\n<p>Mejaki\u0107 je izjavio da je u Ha\u0161kom tribunalu saznao da su pobijeni ljudi koji su te no\u0107i odvedeni.<\/p>\n<p>\u201cJa sam, na\u017ealost, saznao nakon moje predaje Ha\u0161kom tribunalu, dati su mi materijali, da su ekshumirani \u2013 Dubovik, jama Lisac\u201d, kazao je Mejaki\u0107.<\/p>\n<p>Predmet protiv Mejaki\u0107a ustupljen je Sudu BiH, koji ga je za zlo\u010dine po\u010dinjene u \u201cOmarskoj\u201d proglasio krivim, u svojstvu nadre\u0111enog \u0161efa stra\u017earske slu\u017ebe u tom logoru, i osudio ga na 21 godinu zatvora. Kako je rekao, pu\u0161ten je na uslovnu slobodu.<\/p>\n<p>On je svjedo\u010dio na su\u0111enju Du\u0161anu \u0106ulibrku, optu\u017eenom da je, u svojstvu pripadnika rezervnog sastava policije Stanice javne bezbjednosti (SJB) Bosanska Krupa, u julu 1992. u\u010destvovao u odvo\u0111enju, a potom i ubistvima 44 zato\u010denika iz logora \u201cOmarska\u201d po\u010dinjenim na lokalitetu Donji Dubovik. On se tereti i za ubistva sedam civila bo\u0161nja\u010dke nacionalnosti koji su se iz pravca Prijedora kretali prema Biha\u0107u.<\/p>\n<p>Na pitanja Odbrane, Mejaki\u0107 je detaljnije opisao jedno od uniformisanih lica za koje mu se \u010dinilo da je vo\u0111a grupe, a koje je imalo vi\u0161e od 30 godina.<\/p>\n<p>Svjedok Stanko Krivaja kazao je da je kao rezervni policajac bio na obezbje\u0111enju u \u201cOmarskoj\u201d i da je jedne no\u0107i iza 23 sata vidio kako pritvorenici ulaze u autobus. On je rekao da je bio malo dalje, te da mu se \u010dini da autobus nije imao tablice.<\/p>\n<p>Milorad je kazao da je bio na liniji na podru\u010dju Donjeg Dubovika kada su iza le\u0111a za\u010duli pucnjavu. On je naveo da je Mile Krneta oti\u0161ao da vidi \u0161ta se de\u0161ava i da im je, kad se vratio, rekao da su neki dovezeni autobusom i pobijeni kod jame Lisac.<\/p>\n<p>Nakon nekoliko dana, kako je ispri\u010dao, brat mu je kazao da ga je poslao Mile Kotur, koji je bio u policiji, te da treba da upregne konje i pokupi mrtve. Popovi\u0107 je rekao da je oti\u0161ao do Jovine poljane, gdje je bilo poredano sedam tijela, a gdje je bio prisutan i Kotur. Kazao je da je odvezao tijela do jame Lisac.<\/p>\n<p>Sa \u0106ulibrkom je bio optu\u017een i Milorad Kotur, ali je predmet protiv njega razdvojen.<\/p>\n<p>Nastavak su\u0111enja je zakazan za 14. mart.<\/p>\n<p><a href=\"https:\/\/detektor.ba\/2022\/03\/07\/culibrk-zeljko-mejakic-ispricao-kako-je-iz-omarske-odvedena-grupa-pritvorenika\/\" rel=\"noopener\" target=\"_blank\">detektor.ba<\/a><\/p>\n","protected":false},"excerpt":{"rendered":"<p>Na su\u0111enju za zlo\u010dine po\u010dinjene kod Bosanske Krupe, nekada\u0161nji \u0161ef u prijedorskom logoru \u201cOmarska\u201d \u017deljko Mejaki\u0107 je ispri\u010dao kako je u ljeto 1992. odvedena grupa zato\u010denika, za koje je kasnije [&hellip;]<\/p>\n","protected":false},"author":1,"featured_media":0,"comment_status":"closed","ping_status":"open","sticky":false,"template":"","format":"standard","meta":{"_monsterinsights_skip_tracking":false,"_monsterinsights_sitenote_active":false,"_monsterinsights_sitenote_note":"","_monsterinsights_sitenote_category":0,"footnotes":""},"categories":[5],"tags":[],"yoast_head":"<!-- This site is optimized with the Yoast SEO plugin v21.6 - https:\/\/yoast.com\/wordpress\/plugins\/seo\/ -->\n<title>Su\u0111enje \u0106ulibrk: \u017deljko Mejaki\u0107 ispri\u010dao kako je iz \u201cOmarske\u201d odvedena grupa pritvorenika - PrijedorDanas.com - Prijedorski gradski portal<\/title>\n<meta name=\"robots\" content=\"index, follow, max-snippet:-1, max-image-preview:large, max-video-preview:-1\" \/>\n<link rel=\"canonical\" href=\"https:\/\/www.prijedordanas.com\/?p=182341\" \/>\n<meta property=\"og:locale\" content=\"en_US\" \/>\n<meta property=\"og:type\" content=\"article\" \/>\n<meta property=\"og:title\" content=\"Su\u0111enje \u0106ulibrk: \u017deljko Mejaki\u0107 ispri\u010dao kako je iz \u201cOmarske\u201d odvedena grupa pritvorenika - PrijedorDanas.com - Prijedorski gradski portal\" \/>\n<meta property=\"og:description\" content=\"Na su\u0111enju za zlo\u010dine po\u010dinjene kod Bosanske Krupe, nekada\u0161nji \u0161ef u prijedorskom logoru \u201cOmarska\u201d \u017deljko Mejaki\u0107 je ispri\u010dao kako je u ljeto 1992. odvedena grupa zato\u010denika, za koje je kasnije [&hellip;]\" \/>\n<meta property=\"og:url\" content=\"https:\/\/www.prijedordanas.com\/?p=182341\" \/>\n<meta property=\"og:site_name\" content=\"PrijedorDanas.com - Prijedorski gradski portal\" \/>\n<meta property=\"article:publisher\" content=\"https:\/\/www.facebook.com\/PrijedorDanasCom\/\" \/>\n<meta property=\"article:published_time\" content=\"2022-03-08T09:02:11+00:00\" \/>\n<meta property=\"og:image\" content=\"https:\/\/www.prijedordanas.com\/wp-content\/uploads\/2017\/10\/sud-bih-10-300x225.jpg\" \/>\n<meta name=\"author\" content=\"admin\" \/>\n<meta name=\"twitter:card\" content=\"summary_large_image\" \/>\n<meta name=\"twitter:label1\" content=\"Written by\" \/>\n\t<meta name=\"twitter:data1\" content=\"admin\" \/>\n\t<meta name=\"twitter:label2\" content=\"Est. reading time\" \/>\n\t<meta name=\"twitter:data2\" content=\"3 minutes\" \/>\n<script type=\"application\/ld+json\" class=\"yoast-schema-graph\">{\"@context\":\"https:\/\/schema.org\",\"@graph\":[{\"@type\":\"Article\",\"@id\":\"https:\/\/www.prijedordanas.com\/?p=182341#article\",\"isPartOf\":{\"@id\":\"https:\/\/www.prijedordanas.com\/?p=182341\"},\"author\":{\"name\":\"admin\",\"@id\":\"https:\/\/www.prijedordanas.com\/#\/schema\/person\/4e08ccf29b506ca916ff86d46bb700e6\"},\"headline\":\"Su\u0111enje \u0106ulibrk: \u017deljko Mejaki\u0107 ispri\u010dao kako je iz \u201cOmarske\u201d odvedena grupa pritvorenika\",\"datePublished\":\"2022-03-08T09:02:11+00:00\",\"dateModified\":\"2022-03-08T09:02:11+00:00\",\"mainEntityOfPage\":{\"@id\":\"https:\/\/www.prijedordanas.com\/?p=182341\"},\"wordCount\":607,\"publisher\":{\"@id\":\"https:\/\/www.prijedordanas.com\/#organization\"},\"articleSection\":[\"Hronika\"],\"inLanguage\":\"en-US\"},{\"@type\":\"WebPage\",\"@id\":\"https:\/\/www.prijedordanas.com\/?p=182341\",\"url\":\"https:\/\/www.prijedordanas.com\/?p=182341\",\"name\":\"Su\u0111enje \u0106ulibrk: \u017deljko Mejaki\u0107 ispri\u010dao kako je iz \u201cOmarske\u201d odvedena grupa pritvorenika - PrijedorDanas.com - Prijedorski gradski portal\",\"isPartOf\":{\"@id\":\"https:\/\/www.prijedordanas.com\/#website\"},\"datePublished\":\"2022-03-08T09:02:11+00:00\",\"dateModified\":\"2022-03-08T09:02:11+00:00\",\"breadcrumb\":{\"@id\":\"https:\/\/www.prijedordanas.com\/?p=182341#breadcrumb\"},\"inLanguage\":\"en-US\",\"potentialAction\":[{\"@type\":\"ReadAction\",\"target\":[\"https:\/\/www.prijedordanas.com\/?p=182341\"]}]},{\"@type\":\"BreadcrumbList\",\"@id\":\"https:\/\/www.prijedordanas.com\/?p=182341#breadcrumb\",\"itemListElement\":[{\"@type\":\"ListItem\",\"position\":1,\"name\":\"Home\",\"item\":\"https:\/\/www.prijedordanas.com\/\"},{\"@type\":\"ListItem\",\"position\":2,\"name\":\"Su\u0111enje \u0106ulibrk: \u017deljko Mejaki\u0107 ispri\u010dao kako je iz \u201cOmarske\u201d odvedena grupa pritvorenika\"}]},{\"@type\":\"WebSite\",\"@id\":\"https:\/\/www.prijedordanas.com\/#website\",\"url\":\"https:\/\/www.prijedordanas.com\/\",\"name\":\"PrijedorDanas.com - Prijedorski gradski portal\",\"description\":\"Portal o doga\u0111anjima u gradu Prijedoru\",\"publisher\":{\"@id\":\"https:\/\/www.prijedordanas.com\/#organization\"},\"potentialAction\":[{\"@type\":\"SearchAction\",\"target\":{\"@type\":\"EntryPoint\",\"urlTemplate\":\"https:\/\/www.prijedordanas.com\/?s={search_term_string}\"},\"query-input\":\"required name=search_term_string\"}],\"inLanguage\":\"en-US\"},{\"@type\":\"Organization\",\"@id\":\"https:\/\/www.prijedordanas.com\/#organization\",\"name\":\"PrijedorDanas.com\",\"url\":\"https:\/\/www.prijedordanas.com\/\",\"logo\":{\"@type\":\"ImageObject\",\"inLanguage\":\"en-US\",\"@id\":\"https:\/\/www.prijedordanas.com\/#\/schema\/logo\/image\/\",\"url\":\"http:\/\/www.prijedordanas.com\/wp-content\/uploads\/2021\/12\/logopng.png\",\"contentUrl\":\"http:\/\/www.prijedordanas.com\/wp-content\/uploads\/2021\/12\/logopng.png\",\"width\":1019,\"height\":776,\"caption\":\"PrijedorDanas.com\"},\"image\":{\"@id\":\"https:\/\/www.prijedordanas.com\/#\/schema\/logo\/image\/\"},\"sameAs\":[\"https:\/\/www.facebook.com\/PrijedorDanasCom\/\"]},{\"@type\":\"Person\",\"@id\":\"https:\/\/www.prijedordanas.com\/#\/schema\/person\/4e08ccf29b506ca916ff86d46bb700e6\",\"name\":\"admin\",\"image\":{\"@type\":\"ImageObject\",\"inLanguage\":\"en-US\",\"@id\":\"https:\/\/www.prijedordanas.com\/#\/schema\/person\/image\/\",\"url\":\"https:\/\/secure.gravatar.com\/avatar\/1d3fc949d550f0b53a5f0d51e06dfd79?s=96&d=mm&r=g\",\"contentUrl\":\"https:\/\/secure.gravatar.com\/avatar\/1d3fc949d550f0b53a5f0d51e06dfd79?s=96&d=mm&r=g\",\"caption\":\"admin\"},\"url\":\"https:\/\/www.prijedordanas.com\/?author=1\"}]}<\/script>\n<!-- \/ Yoast SEO plugin. -->","yoast_head_json":{"title":"Su\u0111enje \u0106ulibrk: \u017deljko Mejaki\u0107 ispri\u010dao kako je iz \u201cOmarske\u201d odvedena grupa pritvorenika - PrijedorDanas.com - Prijedorski gradski portal","robots":{"index":"index","follow":"follow","max-snippet":"max-snippet:-1","max-image-preview":"max-image-preview:large","max-video-preview":"max-video-preview:-1"},"canonical":"https:\/\/www.prijedordanas.com\/?p=182341","og_locale":"en_US","og_type":"article","og_title":"Su\u0111enje \u0106ulibrk: \u017deljko Mejaki\u0107 ispri\u010dao kako je iz \u201cOmarske\u201d odvedena grupa pritvorenika - PrijedorDanas.com - Prijedorski gradski portal","og_description":"Na su\u0111enju za zlo\u010dine po\u010dinjene kod Bosanske Krupe, nekada\u0161nji \u0161ef u prijedorskom logoru \u201cOmarska\u201d \u017deljko Mejaki\u0107 je ispri\u010dao kako je u ljeto 1992. odvedena grupa zato\u010denika, za koje je kasnije [&hellip;]","og_url":"https:\/\/www.prijedordanas.com\/?p=182341","og_site_name":"PrijedorDanas.com - Prijedorski gradski portal","article_publisher":"https:\/\/www.facebook.com\/PrijedorDanasCom\/","article_published_time":"2022-03-08T09:02:11+00:00","og_image":[{"url":"https:\/\/www.prijedordanas.com\/wp-content\/uploads\/2017\/10\/sud-bih-10-300x225.jpg"}],"author":"admin","twitter_card":"summary_large_image","twitter_misc":{"Written by":"admin","Est. reading time":"3 minutes"},"schema":{"@context":"https:\/\/schema.org","@graph":[{"@type":"Article","@id":"https:\/\/www.prijedordanas.com\/?p=182341#article","isPartOf":{"@id":"https:\/\/www.prijedordanas.com\/?p=182341"},"author":{"name":"admin","@id":"https:\/\/www.prijedordanas.com\/#\/schema\/person\/4e08ccf29b506ca916ff86d46bb700e6"},"headline":"Su\u0111enje \u0106ulibrk: \u017deljko Mejaki\u0107 ispri\u010dao kako je iz \u201cOmarske\u201d odvedena grupa pritvorenika","datePublished":"2022-03-08T09:02:11+00:00","dateModified":"2022-03-08T09:02:11+00:00","mainEntityOfPage":{"@id":"https:\/\/www.prijedordanas.com\/?p=182341"},"wordCount":607,"publisher":{"@id":"https:\/\/www.prijedordanas.com\/#organization"},"articleSection":["Hronika"],"inLanguage":"en-US"},{"@type":"WebPage","@id":"https:\/\/www.prijedordanas.com\/?p=182341","url":"https:\/\/www.prijedordanas.com\/?p=182341","name":"Su\u0111enje \u0106ulibrk: \u017deljko Mejaki\u0107 ispri\u010dao kako je iz \u201cOmarske\u201d odvedena grupa pritvorenika - PrijedorDanas.com - Prijedorski gradski portal","isPartOf":{"@id":"https:\/\/www.prijedordanas.com\/#website"},"datePublished":"2022-03-08T09:02:11+00:00","dateModified":"2022-03-08T09:02:11+00:00","breadcrumb":{"@id":"https:\/\/www.prijedordanas.com\/?p=182341#breadcrumb"},"inLanguage":"en-US","potentialAction":[{"@type":"ReadAction","target":["https:\/\/www.prijedordanas.com\/?p=182341"]}]},{"@type":"BreadcrumbList","@id":"https:\/\/www.prijedordanas.com\/?p=182341#breadcrumb","itemListElement":[{"@type":"ListItem","position":1,"name":"Home","item":"https:\/\/www.prijedordanas.com\/"},{"@type":"ListItem","position":2,"name":"Su\u0111enje \u0106ulibrk: \u017deljko Mejaki\u0107 ispri\u010dao kako je iz \u201cOmarske\u201d odvedena grupa pritvorenika"}]},{"@type":"WebSite","@id":"https:\/\/www.prijedordanas.com\/#website","url":"https:\/\/www.prijedordanas.com\/","name":"PrijedorDanas.com - Prijedorski gradski portal","description":"Portal o doga\u0111anjima u gradu Prijedoru","publisher":{"@id":"https:\/\/www.prijedordanas.com\/#organization"},"potentialAction":[{"@type":"SearchAction","target":{"@type":"EntryPoint","urlTemplate":"https:\/\/www.prijedordanas.com\/?s={search_term_string}"},"query-input":"required name=search_term_string"}],"inLanguage":"en-US"},{"@type":"Organization","@id":"https:\/\/www.prijedordanas.com\/#organization","name":"PrijedorDanas.com","url":"https:\/\/www.prijedordanas.com\/","logo":{"@type":"ImageObject","inLanguage":"en-US","@id":"https:\/\/www.prijedordanas.com\/#\/schema\/logo\/image\/","url":"http:\/\/www.prijedordanas.com\/wp-content\/uploads\/2021\/12\/logopng.png","contentUrl":"http:\/\/www.prijedordanas.com\/wp-content\/uploads\/2021\/12\/logopng.png","width":1019,"height":776,"caption":"PrijedorDanas.com"},"image":{"@id":"https:\/\/www.prijedordanas.com\/#\/schema\/logo\/image\/"},"sameAs":["https:\/\/www.facebook.com\/PrijedorDanasCom\/"]},{"@type":"Person","@id":"https:\/\/www.prijedordanas.com\/#\/schema\/person\/4e08ccf29b506ca916ff86d46bb700e6","name":"admin","image":{"@type":"ImageObject","inLanguage":"en-US","@id":"https:\/\/www.prijedordanas.com\/#\/schema\/person\/image\/","url":"https:\/\/secure.gravatar.com\/avatar\/1d3fc949d550f0b53a5f0d51e06dfd79?s=96&d=mm&r=g","contentUrl":"https:\/\/secure.gravatar.com\/avatar\/1d3fc949d550f0b53a5f0d51e06dfd79?s=96&d=mm&r=g","caption":"admin"},"url":"https:\/\/www.prijedordanas.com\/?author=1"}]}},"_links":{"self":[{"href":"https:\/\/www.prijedordanas.com\/index.php?rest_route=\/wp\/v2\/posts\/182341"}],"collection":[{"href":"https:\/\/www.prijedordanas.com\/index.php?rest_route=\/wp\/v2\/posts"}],"about":[{"href":"https:\/\/www.prijedordanas.com\/index.php?rest_route=\/wp\/v2\/types\/post"}],"author":[{"embeddable":true,"href":"https:\/\/www.prijedordanas.com\/index.php?rest_route=\/wp\/v2\/users\/1"}],"replies":[{"embeddable":true,"href":"https:\/\/www.prijedordanas.com\/index.php?rest_route=%2Fwp%2Fv2%2Fcomments&post=182341"}],"version-history":[{"count":1,"href":"https:\/\/www.prijedordanas.com\/index.php?rest_route=\/wp\/v2\/posts\/182341\/revisions"}],"predecessor-version":[{"id":182342,"href":"https:\/\/www.prijedordanas.com\/index.php?rest_route=\/wp\/v2\/posts\/182341\/revisions\/182342"}],"wp:attachment":[{"href":"https:\/\/www.prijedordanas.com\/index.php?rest_route=%2Fwp%2Fv2%2Fmedia&parent=182341"}],"wp:term":[{"taxonomy":"category","embeddable":true,"href":"https:\/\/www.prijedordanas.com\/index.php?rest_route=%2Fwp%2Fv2%2Fcategories&post=182341"},{"taxonomy":"post_tag","embeddable":true,"href":"https:\/\/www.prijedordanas.com\/index.php?rest_route=%2Fwp%2Fv2%2Ftags&post=182341"}],"curies":[{"name":"wp","href":"https:\/\/api.w.org\/{rel}","templated":true}]}}