{"id":182190,"date":"2022-03-05T12:11:04","date_gmt":"2022-03-05T11:11:04","guid":{"rendered":"https:\/\/www.prijedordanas.com\/?p=182190"},"modified":"2022-03-05T12:11:04","modified_gmt":"2022-03-05T11:11:04","slug":"dodik-u-prijedoru-podrska-republickih-vlasti-za-infrastrukturne-projekte-video","status":"publish","type":"post","link":"https:\/\/www.prijedordanas.com\/?p=182190","title":{"rendered":"Dodik u Prijedoru: Podr\u0161ka republi\u010dkih vlasti za infrastrukturne projekte &#8211; VIDEO"},"content":{"rendered":"<p><a href=\"https:\/\/www.prijedordanas.com\/wp-content\/uploads\/2022\/03\/sastanak-javor-dodik-3.jpg\"><img loading=\"lazy\" decoding=\"async\" class=\"alignleft size-medium wp-image-182179\" src=\"https:\/\/www.prijedordanas.com\/wp-content\/uploads\/2022\/03\/sastanak-javor-dodik-3-300x225.jpg\" alt=\"\" width=\"300\" height=\"225\" srcset=\"https:\/\/www.prijedordanas.com\/wp-content\/uploads\/2022\/03\/sastanak-javor-dodik-3-300x225.jpg 300w, https:\/\/www.prijedordanas.com\/wp-content\/uploads\/2022\/03\/sastanak-javor-dodik-3-640x480.jpg 640w, https:\/\/www.prijedordanas.com\/wp-content\/uploads\/2022\/03\/sastanak-javor-dodik-3.jpg 667w\" sizes=\"(max-width: 300px) 100vw, 300px\" \/><\/a>Srpski \u010dlan Predsjedni\u0161tva BiH Milorad Dodik u radnoj posjeti Prijedoru. Nastavlja se podr\u0161ka republi\u010dkih vlasti za infrastrukturne projekte &#8211; prioritet gradnja auto puta i rekonstrukcija bolnice.<\/p>\n<p>Dodik je posjetio i jedno od najve\u0107ih prijedorskih naselje, \u010cirkin Polje, koje nakon 20 godina uz finansijsku podr\u0161ku Vlade dobija modernu saobra\u0107ajnicu.<\/p>\n<p>Aerodromska ulica duga 1.100 metara, jedna je od najfrekventnijih i sa 150 doma\u0107instava jedna od najnaseljenijih ulica u prijedorskom naselju \u010cirkin polje. Njeno asfaltiranje za mje\u0161tane je od velikog zna\u010daja.<\/p>\n<p>&#8211; Napokon sada je asfaltirana, na veliko zadovoljsvo ova tri naselja, ovdje imamo tri izbjegli\u010dka naselja &#8211; rekao je mje\u0161tatnin Mladen Vu\u010dkovac.<\/p>\n<p><a href=\"https:\/\/www.prijedordanas.com\/wp-content\/uploads\/2022\/03\/prijedorgradorg-dodik-javor-1.jpg\"><img loading=\"lazy\" decoding=\"async\" class=\"alignleft size-medium wp-image-182191\" src=\"https:\/\/www.prijedordanas.com\/wp-content\/uploads\/2022\/03\/prijedorgradorg-dodik-javor-1-300x225.jpg\" alt=\"\" width=\"300\" height=\"225\" srcset=\"https:\/\/www.prijedordanas.com\/wp-content\/uploads\/2022\/03\/prijedorgradorg-dodik-javor-1-300x225.jpg 300w, https:\/\/www.prijedordanas.com\/wp-content\/uploads\/2022\/03\/prijedorgradorg-dodik-javor-1-640x480.jpg 640w, https:\/\/www.prijedordanas.com\/wp-content\/uploads\/2022\/03\/prijedorgradorg-dodik-javor-1.jpg 667w\" sizes=\"(max-width: 300px) 100vw, 300px\" \/><\/a>Ovo je samo jedna od prijedorskih ulica koja je rekonstruisana u proteklom periodu. Dogovorena je i realizacija brojnih kapitalnih projekata .Prioriteti su rekonstrukcija prijedorske bolnice, \u010dija cijena u ovom momentu 80 miliona evra, ali i izgradnja vrti\u0107a.<\/p>\n<p>&#8211; Svi znamo da je problem u na\u0161em gradu da veliki broj djece ostane neupisan, predsjednik je to uva\u017eio i odlu\u010dili smo zajedno uz podr\u0161ku predsjednice Srpske i Vlade da ovaj projekat zapo\u010dnemo u narednih mjesec-dva &#8211; rekao je gradona\u010delnik Prijedora Slobodan \u0408avor.<\/p>\n<p>U ovoj godini bi\u0107e zavr\u0161ena rekonstrukcija magistralnog puta Prijedor-Banjaluka, a u planu je i rekonstrukcija puta od Prijedora do Novog Grada. Tra\u017ei se rje\u0161enje i za izgradnju brze ceste od Prijedora ka Kozarskoj Dubici .Prioritet regulacija korita rijeke Milo\u0161evice.<\/p>\n<p><a href=\"https:\/\/www.prijedordanas.com\/wp-content\/uploads\/2022\/03\/prijedorgradorg-dodik-javor-2.jpg\"><img loading=\"lazy\" decoding=\"async\" src=\"https:\/\/www.prijedordanas.com\/wp-content\/uploads\/2022\/03\/prijedorgradorg-dodik-javor-2-300x225.jpg\" alt=\"\" width=\"300\" height=\"225\" class=\"alignleft size-medium wp-image-182192\" srcset=\"https:\/\/www.prijedordanas.com\/wp-content\/uploads\/2022\/03\/prijedorgradorg-dodik-javor-2-300x225.jpg 300w, https:\/\/www.prijedordanas.com\/wp-content\/uploads\/2022\/03\/prijedorgradorg-dodik-javor-2-640x480.jpg 640w, https:\/\/www.prijedordanas.com\/wp-content\/uploads\/2022\/03\/prijedorgradorg-dodik-javor-2.jpg 667w\" sizes=\"(max-width: 300px) 100vw, 300px\" \/><\/a>&#8211; Upravo o tome smo razgovarali. Vjerujemo da \u0107e u narednih sedam dana biti raspisan tender i da \u0107e se u narednih 40 do 50 dana do\u0107i do izvo\u0111a\u010da radova. To ko\u0161ta ukupno 15 miliona maraka. Rije\u0161ili smo danas pitanje finansiranja za dovr\u0161etak dvorane u Omarskoj i to pitanje \u0107e u narednih mjesec dana biti gotovo operativno &#8211; istakao je srpski \u010dlan Predsjedni\u0161tva BiH Milorad Dodik.<\/p>\n<p>\u017deljezni\u010dka pruga ka Ljubiji, koja je preduslov za eksploataciju rude, rekonstruisa\u0107e se bude li za to komercijalne opravdanosti.<\/p>\n<p>Razgovarano je i o pitanju statusa Ribnjaka Sani\u010dani. Dogovoreno je i da sjednica Vlade u aprilu bude odr\u017eana u Prijedoru.<\/p>\n<p>RTRS<\/p>\n<p><iframe loading=\"lazy\" title=\"Dodik u Prijedoru: Podr\u0161ka republi\u010dkih vlasti za infrastrukturne projekte\" width=\"500\" height=\"281\" src=\"https:\/\/www.youtube.com\/embed\/sr-hkaKDAAE?feature=oembed\" frameborder=\"0\" allow=\"accelerometer; autoplay; clipboard-write; encrypted-media; gyroscope; picture-in-picture\" allowfullscreen><\/iframe><\/p>\n","protected":false},"excerpt":{"rendered":"<p>Srpski \u010dlan Predsjedni\u0161tva BiH Milorad Dodik u radnoj posjeti Prijedoru. Nastavlja se podr\u0161ka republi\u010dkih vlasti za infrastrukturne projekte &#8211; prioritet gradnja auto puta i rekonstrukcija bolnice. Dodik je posjetio i [&hellip;]<\/p>\n","protected":false},"author":1,"featured_media":0,"comment_status":"closed","ping_status":"open","sticky":false,"template":"","format":"standard","meta":{"_monsterinsights_skip_tracking":false,"_monsterinsights_sitenote_active":false,"_monsterinsights_sitenote_note":"","_monsterinsights_sitenote_category":0,"footnotes":""},"categories":[4],"tags":[],"yoast_head":"<!-- This site is optimized with the Yoast SEO plugin v21.6 - https:\/\/yoast.com\/wordpress\/plugins\/seo\/ -->\n<title>Dodik u Prijedoru: Podr\u0161ka republi\u010dkih vlasti za infrastrukturne projekte - VIDEO - PrijedorDanas.com - Prijedorski gradski portal<\/title>\n<meta name=\"robots\" content=\"index, follow, max-snippet:-1, max-image-preview:large, max-video-preview:-1\" \/>\n<link rel=\"canonical\" href=\"https:\/\/www.prijedordanas.com\/?p=182190\" \/>\n<meta property=\"og:locale\" content=\"en_US\" \/>\n<meta property=\"og:type\" content=\"article\" \/>\n<meta property=\"og:title\" content=\"Dodik u Prijedoru: Podr\u0161ka republi\u010dkih vlasti za infrastrukturne projekte - VIDEO - PrijedorDanas.com - Prijedorski gradski portal\" \/>\n<meta property=\"og:description\" content=\"Srpski \u010dlan Predsjedni\u0161tva BiH Milorad Dodik u radnoj posjeti Prijedoru. Nastavlja se podr\u0161ka republi\u010dkih vlasti za infrastrukturne projekte &#8211; prioritet gradnja auto puta i rekonstrukcija bolnice. Dodik je posjetio i [&hellip;]\" \/>\n<meta property=\"og:url\" content=\"https:\/\/www.prijedordanas.com\/?p=182190\" \/>\n<meta property=\"og:site_name\" content=\"PrijedorDanas.com - Prijedorski gradski portal\" \/>\n<meta property=\"article:publisher\" content=\"https:\/\/www.facebook.com\/PrijedorDanasCom\/\" \/>\n<meta property=\"article:published_time\" content=\"2022-03-05T11:11:04+00:00\" \/>\n<meta property=\"og:image\" content=\"https:\/\/www.prijedordanas.com\/wp-content\/uploads\/2022\/03\/sastanak-javor-dodik-3-300x225.jpg\" \/>\n<meta name=\"author\" content=\"admin\" \/>\n<meta name=\"twitter:card\" content=\"summary_large_image\" \/>\n<meta name=\"twitter:label1\" content=\"Written by\" \/>\n\t<meta name=\"twitter:data1\" content=\"admin\" \/>\n\t<meta name=\"twitter:label2\" content=\"Est. reading time\" \/>\n\t<meta name=\"twitter:data2\" content=\"2 minutes\" \/>\n<script type=\"application\/ld+json\" class=\"yoast-schema-graph\">{\"@context\":\"https:\/\/schema.org\",\"@graph\":[{\"@type\":\"Article\",\"@id\":\"https:\/\/www.prijedordanas.com\/?p=182190#article\",\"isPartOf\":{\"@id\":\"https:\/\/www.prijedordanas.com\/?p=182190\"},\"author\":{\"name\":\"admin\",\"@id\":\"https:\/\/www.prijedordanas.com\/#\/schema\/person\/4e08ccf29b506ca916ff86d46bb700e6\"},\"headline\":\"Dodik u Prijedoru: Podr\u0161ka republi\u010dkih vlasti za infrastrukturne projekte &#8211; VIDEO\",\"datePublished\":\"2022-03-05T11:11:04+00:00\",\"dateModified\":\"2022-03-05T11:11:04+00:00\",\"mainEntityOfPage\":{\"@id\":\"https:\/\/www.prijedordanas.com\/?p=182190\"},\"wordCount\":369,\"publisher\":{\"@id\":\"https:\/\/www.prijedordanas.com\/#organization\"},\"articleSection\":[\"Dru\u0161tvo\"],\"inLanguage\":\"en-US\"},{\"@type\":\"WebPage\",\"@id\":\"https:\/\/www.prijedordanas.com\/?p=182190\",\"url\":\"https:\/\/www.prijedordanas.com\/?p=182190\",\"name\":\"Dodik u Prijedoru: Podr\u0161ka republi\u010dkih vlasti za infrastrukturne projekte - VIDEO - PrijedorDanas.com - Prijedorski gradski portal\",\"isPartOf\":{\"@id\":\"https:\/\/www.prijedordanas.com\/#website\"},\"datePublished\":\"2022-03-05T11:11:04+00:00\",\"dateModified\":\"2022-03-05T11:11:04+00:00\",\"breadcrumb\":{\"@id\":\"https:\/\/www.prijedordanas.com\/?p=182190#breadcrumb\"},\"inLanguage\":\"en-US\",\"potentialAction\":[{\"@type\":\"ReadAction\",\"target\":[\"https:\/\/www.prijedordanas.com\/?p=182190\"]}]},{\"@type\":\"BreadcrumbList\",\"@id\":\"https:\/\/www.prijedordanas.com\/?p=182190#breadcrumb\",\"itemListElement\":[{\"@type\":\"ListItem\",\"position\":1,\"name\":\"Home\",\"item\":\"https:\/\/www.prijedordanas.com\/\"},{\"@type\":\"ListItem\",\"position\":2,\"name\":\"Dodik u Prijedoru: Podr\u0161ka republi\u010dkih vlasti za infrastrukturne projekte &#8211; VIDEO\"}]},{\"@type\":\"WebSite\",\"@id\":\"https:\/\/www.prijedordanas.com\/#website\",\"url\":\"https:\/\/www.prijedordanas.com\/\",\"name\":\"PrijedorDanas.com - Prijedorski gradski portal\",\"description\":\"Portal o doga\u0111anjima u gradu Prijedoru\",\"publisher\":{\"@id\":\"https:\/\/www.prijedordanas.com\/#organization\"},\"potentialAction\":[{\"@type\":\"SearchAction\",\"target\":{\"@type\":\"EntryPoint\",\"urlTemplate\":\"https:\/\/www.prijedordanas.com\/?s={search_term_string}\"},\"query-input\":\"required name=search_term_string\"}],\"inLanguage\":\"en-US\"},{\"@type\":\"Organization\",\"@id\":\"https:\/\/www.prijedordanas.com\/#organization\",\"name\":\"PrijedorDanas.com\",\"url\":\"https:\/\/www.prijedordanas.com\/\",\"logo\":{\"@type\":\"ImageObject\",\"inLanguage\":\"en-US\",\"@id\":\"https:\/\/www.prijedordanas.com\/#\/schema\/logo\/image\/\",\"url\":\"http:\/\/www.prijedordanas.com\/wp-content\/uploads\/2021\/12\/logopng.png\",\"contentUrl\":\"http:\/\/www.prijedordanas.com\/wp-content\/uploads\/2021\/12\/logopng.png\",\"width\":1019,\"height\":776,\"caption\":\"PrijedorDanas.com\"},\"image\":{\"@id\":\"https:\/\/www.prijedordanas.com\/#\/schema\/logo\/image\/\"},\"sameAs\":[\"https:\/\/www.facebook.com\/PrijedorDanasCom\/\"]},{\"@type\":\"Person\",\"@id\":\"https:\/\/www.prijedordanas.com\/#\/schema\/person\/4e08ccf29b506ca916ff86d46bb700e6\",\"name\":\"admin\",\"image\":{\"@type\":\"ImageObject\",\"inLanguage\":\"en-US\",\"@id\":\"https:\/\/www.prijedordanas.com\/#\/schema\/person\/image\/\",\"url\":\"https:\/\/secure.gravatar.com\/avatar\/1d3fc949d550f0b53a5f0d51e06dfd79?s=96&d=mm&r=g\",\"contentUrl\":\"https:\/\/secure.gravatar.com\/avatar\/1d3fc949d550f0b53a5f0d51e06dfd79?s=96&d=mm&r=g\",\"caption\":\"admin\"},\"url\":\"https:\/\/www.prijedordanas.com\/?author=1\"}]}<\/script>\n<!-- \/ Yoast SEO plugin. -->","yoast_head_json":{"title":"Dodik u Prijedoru: Podr\u0161ka republi\u010dkih vlasti za infrastrukturne projekte - VIDEO - PrijedorDanas.com - Prijedorski gradski portal","robots":{"index":"index","follow":"follow","max-snippet":"max-snippet:-1","max-image-preview":"max-image-preview:large","max-video-preview":"max-video-preview:-1"},"canonical":"https:\/\/www.prijedordanas.com\/?p=182190","og_locale":"en_US","og_type":"article","og_title":"Dodik u Prijedoru: Podr\u0161ka republi\u010dkih vlasti za infrastrukturne projekte - VIDEO - PrijedorDanas.com - Prijedorski gradski portal","og_description":"Srpski \u010dlan Predsjedni\u0161tva BiH Milorad Dodik u radnoj posjeti Prijedoru. Nastavlja se podr\u0161ka republi\u010dkih vlasti za infrastrukturne projekte &#8211; prioritet gradnja auto puta i rekonstrukcija bolnice. Dodik je posjetio i [&hellip;]","og_url":"https:\/\/www.prijedordanas.com\/?p=182190","og_site_name":"PrijedorDanas.com - Prijedorski gradski portal","article_publisher":"https:\/\/www.facebook.com\/PrijedorDanasCom\/","article_published_time":"2022-03-05T11:11:04+00:00","og_image":[{"url":"https:\/\/www.prijedordanas.com\/wp-content\/uploads\/2022\/03\/sastanak-javor-dodik-3-300x225.jpg"}],"author":"admin","twitter_card":"summary_large_image","twitter_misc":{"Written by":"admin","Est. reading time":"2 minutes"},"schema":{"@context":"https:\/\/schema.org","@graph":[{"@type":"Article","@id":"https:\/\/www.prijedordanas.com\/?p=182190#article","isPartOf":{"@id":"https:\/\/www.prijedordanas.com\/?p=182190"},"author":{"name":"admin","@id":"https:\/\/www.prijedordanas.com\/#\/schema\/person\/4e08ccf29b506ca916ff86d46bb700e6"},"headline":"Dodik u Prijedoru: Podr\u0161ka republi\u010dkih vlasti za infrastrukturne projekte &#8211; VIDEO","datePublished":"2022-03-05T11:11:04+00:00","dateModified":"2022-03-05T11:11:04+00:00","mainEntityOfPage":{"@id":"https:\/\/www.prijedordanas.com\/?p=182190"},"wordCount":369,"publisher":{"@id":"https:\/\/www.prijedordanas.com\/#organization"},"articleSection":["Dru\u0161tvo"],"inLanguage":"en-US"},{"@type":"WebPage","@id":"https:\/\/www.prijedordanas.com\/?p=182190","url":"https:\/\/www.prijedordanas.com\/?p=182190","name":"Dodik u Prijedoru: Podr\u0161ka republi\u010dkih vlasti za infrastrukturne projekte - VIDEO - PrijedorDanas.com - Prijedorski gradski portal","isPartOf":{"@id":"https:\/\/www.prijedordanas.com\/#website"},"datePublished":"2022-03-05T11:11:04+00:00","dateModified":"2022-03-05T11:11:04+00:00","breadcrumb":{"@id":"https:\/\/www.prijedordanas.com\/?p=182190#breadcrumb"},"inLanguage":"en-US","potentialAction":[{"@type":"ReadAction","target":["https:\/\/www.prijedordanas.com\/?p=182190"]}]},{"@type":"BreadcrumbList","@id":"https:\/\/www.prijedordanas.com\/?p=182190#breadcrumb","itemListElement":[{"@type":"ListItem","position":1,"name":"Home","item":"https:\/\/www.prijedordanas.com\/"},{"@type":"ListItem","position":2,"name":"Dodik u Prijedoru: Podr\u0161ka republi\u010dkih vlasti za infrastrukturne projekte &#8211; VIDEO"}]},{"@type":"WebSite","@id":"https:\/\/www.prijedordanas.com\/#website","url":"https:\/\/www.prijedordanas.com\/","name":"PrijedorDanas.com - Prijedorski gradski portal","description":"Portal o doga\u0111anjima u gradu Prijedoru","publisher":{"@id":"https:\/\/www.prijedordanas.com\/#organization"},"potentialAction":[{"@type":"SearchAction","target":{"@type":"EntryPoint","urlTemplate":"https:\/\/www.prijedordanas.com\/?s={search_term_string}"},"query-input":"required name=search_term_string"}],"inLanguage":"en-US"},{"@type":"Organization","@id":"https:\/\/www.prijedordanas.com\/#organization","name":"PrijedorDanas.com","url":"https:\/\/www.prijedordanas.com\/","logo":{"@type":"ImageObject","inLanguage":"en-US","@id":"https:\/\/www.prijedordanas.com\/#\/schema\/logo\/image\/","url":"http:\/\/www.prijedordanas.com\/wp-content\/uploads\/2021\/12\/logopng.png","contentUrl":"http:\/\/www.prijedordanas.com\/wp-content\/uploads\/2021\/12\/logopng.png","width":1019,"height":776,"caption":"PrijedorDanas.com"},"image":{"@id":"https:\/\/www.prijedordanas.com\/#\/schema\/logo\/image\/"},"sameAs":["https:\/\/www.facebook.com\/PrijedorDanasCom\/"]},{"@type":"Person","@id":"https:\/\/www.prijedordanas.com\/#\/schema\/person\/4e08ccf29b506ca916ff86d46bb700e6","name":"admin","image":{"@type":"ImageObject","inLanguage":"en-US","@id":"https:\/\/www.prijedordanas.com\/#\/schema\/person\/image\/","url":"https:\/\/secure.gravatar.com\/avatar\/1d3fc949d550f0b53a5f0d51e06dfd79?s=96&d=mm&r=g","contentUrl":"https:\/\/secure.gravatar.com\/avatar\/1d3fc949d550f0b53a5f0d51e06dfd79?s=96&d=mm&r=g","caption":"admin"},"url":"https:\/\/www.prijedordanas.com\/?author=1"}]}},"_links":{"self":[{"href":"https:\/\/www.prijedordanas.com\/index.php?rest_route=\/wp\/v2\/posts\/182190"}],"collection":[{"href":"https:\/\/www.prijedordanas.com\/index.php?rest_route=\/wp\/v2\/posts"}],"about":[{"href":"https:\/\/www.prijedordanas.com\/index.php?rest_route=\/wp\/v2\/types\/post"}],"author":[{"embeddable":true,"href":"https:\/\/www.prijedordanas.com\/index.php?rest_route=\/wp\/v2\/users\/1"}],"replies":[{"embeddable":true,"href":"https:\/\/www.prijedordanas.com\/index.php?rest_route=%2Fwp%2Fv2%2Fcomments&post=182190"}],"version-history":[{"count":1,"href":"https:\/\/www.prijedordanas.com\/index.php?rest_route=\/wp\/v2\/posts\/182190\/revisions"}],"predecessor-version":[{"id":182193,"href":"https:\/\/www.prijedordanas.com\/index.php?rest_route=\/wp\/v2\/posts\/182190\/revisions\/182193"}],"wp:attachment":[{"href":"https:\/\/www.prijedordanas.com\/index.php?rest_route=%2Fwp%2Fv2%2Fmedia&parent=182190"}],"wp:term":[{"taxonomy":"category","embeddable":true,"href":"https:\/\/www.prijedordanas.com\/index.php?rest_route=%2Fwp%2Fv2%2Fcategories&post=182190"},{"taxonomy":"post_tag","embeddable":true,"href":"https:\/\/www.prijedordanas.com\/index.php?rest_route=%2Fwp%2Fv2%2Ftags&post=182190"}],"curies":[{"name":"wp","href":"https:\/\/api.w.org\/{rel}","templated":true}]}}