{"id":182182,"date":"2022-03-04T23:34:37","date_gmt":"2022-03-04T22:34:37","guid":{"rendered":"https:\/\/www.prijedordanas.com\/?p=182182"},"modified":"2022-03-05T00:39:57","modified_gmt":"2022-03-04T23:39:57","slug":"prijedorski-vocari-osigurali-plantaze-video","status":"publish","type":"post","link":"https:\/\/www.prijedordanas.com\/?p=182182","title":{"rendered":"Prijedorski vo\u0107ari osigurali planta\u017ee &#8211; VIDEO"},"content":{"rendered":"<p><a href=\"https:\/\/www.prijedordanas.com\/wp-content\/uploads\/2022\/03\/kozarski-vocari-osigurali-plantaze.jpg\"><img loading=\"lazy\" decoding=\"async\" src=\"https:\/\/www.prijedordanas.com\/wp-content\/uploads\/2022\/03\/kozarski-vocari-osigurali-plantaze-300x225.jpg\" alt=\"\" width=\"300\" height=\"225\" class=\"alignleft size-medium wp-image-182183\" srcset=\"https:\/\/www.prijedordanas.com\/wp-content\/uploads\/2022\/03\/kozarski-vocari-osigurali-plantaze-300x225.jpg 300w, https:\/\/www.prijedordanas.com\/wp-content\/uploads\/2022\/03\/kozarski-vocari-osigurali-plantaze-640x480.jpg 640w, https:\/\/www.prijedordanas.com\/wp-content\/uploads\/2022\/03\/kozarski-vocari-osigurali-plantaze.jpg 675w\" sizes=\"(max-width: 300px) 100vw, 300px\" \/><\/a>Kasni prolje\u0107ni mrazevi natjerali su vo\u0107are da tra\u017ee rje\u0161enje kako da ubla\u017ee posljedice i nadoknade bar dio prouzrokovane \u0161tete. Tako je dvanaest prijedorskih vo\u0107ara preko \u201eDunav osiguranja\u201c osiguralo svoje planta\u017ee. Radivoj Vujkovi\u0107 ka\u017ee da mu je velika briga \u201epala s le\u0111a\u201c i da \u0107e preko osiguranja i podsticaja iz gradskog bud\u017eeta i Ministarstva poljoprivrede uspje\u0161nije zavr\u0161iti poslovnu godinu.<\/p>\n<p>Pored optimizma, vo\u0107ar Mladen Marjanovi\u0107 je i ne\u0161to oprezniji.<\/p>\n<p>\u201eI dalje imamo strah, uvijek \u0107emo imati strah. Ovo je slamka za koju se mi hvatamo.  Mi smo osigurali plod, ne rod. To zna\u010di da osiguravamo onaj vo\u0107ni plod tek kad se on stvori. Zna\u010di, ukoliko u cvjetanju bude mraza, osiguranje ne\u0107e pokriti \u0161tetu\u201c, ka\u017ee Marjanovi\u0107.<\/p>\n<p>Direktor  Filijale \u201eDunav osiguranja\u201c Prijedor Aleksandar Topi\u0107 ka\u017ee da ova kompanija ima bogato iskustvo u osiguranju poljoprivrednih proizvo\u0111a\u010da i njihove proizvodnje. On nagla\u0161ava da se pove\u0107ava broj  poljoprivrednih proizvo\u0111a\u010da koji su zainteresovani za saradnju, me\u0111u kojima su i vo\u0107ari i dodaje da \u0107e sve ugovorene obaveze biti  realizovane.<\/p>\n<p>Da osigura vo\u0107njake odlu\u010dilo je dvanaest prijedorskih vo\u0107ara. Iz gradskog bud\u017eeta bi\u0107e obezbije\u0111eno 30 posto za upla\u0107ene premije, a Ministarstvo poljoprivrede pokriva\u0107e 50 posto. Vo\u0107ari se nadaju da \u0107e to biti i realizovano, \u0161to je i bio jedan od motivacionih faktora da osiguraju planta\u017ee. <\/p>\n<p>kozarski.com<\/p>\n<p><iframe loading=\"lazy\" title=\"VO\u0106ARI OSIGURALI PLANTA\u017dE\" width=\"500\" height=\"281\" src=\"https:\/\/www.youtube.com\/embed\/C1JqYOrISn8?feature=oembed\" frameborder=\"0\" allow=\"accelerometer; autoplay; clipboard-write; encrypted-media; gyroscope; picture-in-picture\" allowfullscreen><\/iframe><\/p>\n","protected":false},"excerpt":{"rendered":"<p>Kasni prolje\u0107ni mrazevi natjerali su vo\u0107are da tra\u017ee rje\u0161enje kako da ubla\u017ee posljedice i nadoknade bar dio prouzrokovane \u0161tete. Tako je dvanaest prijedorskih vo\u0107ara preko \u201eDunav osiguranja\u201c osiguralo svoje planta\u017ee. [&hellip;]<\/p>\n","protected":false},"author":1,"featured_media":0,"comment_status":"closed","ping_status":"open","sticky":false,"template":"","format":"standard","meta":{"_monsterinsights_skip_tracking":false,"_monsterinsights_sitenote_active":false,"_monsterinsights_sitenote_note":"","_monsterinsights_sitenote_category":0,"footnotes":""},"categories":[8],"tags":[],"yoast_head":"<!-- This site is optimized with the Yoast SEO plugin v21.6 - https:\/\/yoast.com\/wordpress\/plugins\/seo\/ -->\n<title>Prijedorski vo\u0107ari osigurali planta\u017ee - VIDEO - PrijedorDanas.com - Prijedorski gradski portal<\/title>\n<meta name=\"robots\" content=\"index, follow, max-snippet:-1, max-image-preview:large, max-video-preview:-1\" \/>\n<link rel=\"canonical\" href=\"https:\/\/www.prijedordanas.com\/?p=182182\" \/>\n<meta property=\"og:locale\" content=\"en_US\" \/>\n<meta property=\"og:type\" content=\"article\" \/>\n<meta property=\"og:title\" content=\"Prijedorski vo\u0107ari osigurali planta\u017ee - VIDEO - PrijedorDanas.com - Prijedorski gradski portal\" \/>\n<meta property=\"og:description\" content=\"Kasni prolje\u0107ni mrazevi natjerali su vo\u0107are da tra\u017ee rje\u0161enje kako da ubla\u017ee posljedice i nadoknade bar dio prouzrokovane \u0161tete. Tako je dvanaest prijedorskih vo\u0107ara preko \u201eDunav osiguranja\u201c osiguralo svoje planta\u017ee. [&hellip;]\" \/>\n<meta property=\"og:url\" content=\"https:\/\/www.prijedordanas.com\/?p=182182\" \/>\n<meta property=\"og:site_name\" content=\"PrijedorDanas.com - Prijedorski gradski portal\" \/>\n<meta property=\"article:publisher\" content=\"https:\/\/www.facebook.com\/PrijedorDanasCom\/\" \/>\n<meta property=\"article:published_time\" content=\"2022-03-04T22:34:37+00:00\" \/>\n<meta property=\"article:modified_time\" content=\"2022-03-04T23:39:57+00:00\" \/>\n<meta property=\"og:image\" content=\"https:\/\/www.prijedordanas.com\/wp-content\/uploads\/2022\/03\/kozarski-vocari-osigurali-plantaze-300x225.jpg\" \/>\n<meta name=\"author\" content=\"admin\" \/>\n<meta name=\"twitter:card\" content=\"summary_large_image\" \/>\n<meta name=\"twitter:label1\" content=\"Written by\" \/>\n\t<meta name=\"twitter:data1\" content=\"admin\" \/>\n\t<meta name=\"twitter:label2\" content=\"Est. reading time\" \/>\n\t<meta name=\"twitter:data2\" content=\"1 minute\" \/>\n<script type=\"application\/ld+json\" class=\"yoast-schema-graph\">{\"@context\":\"https:\/\/schema.org\",\"@graph\":[{\"@type\":\"Article\",\"@id\":\"https:\/\/www.prijedordanas.com\/?p=182182#article\",\"isPartOf\":{\"@id\":\"https:\/\/www.prijedordanas.com\/?p=182182\"},\"author\":{\"name\":\"admin\",\"@id\":\"https:\/\/www.prijedordanas.com\/#\/schema\/person\/4e08ccf29b506ca916ff86d46bb700e6\"},\"headline\":\"Prijedorski vo\u0107ari osigurali planta\u017ee &#8211; VIDEO\",\"datePublished\":\"2022-03-04T22:34:37+00:00\",\"dateModified\":\"2022-03-04T23:39:57+00:00\",\"mainEntityOfPage\":{\"@id\":\"https:\/\/www.prijedordanas.com\/?p=182182\"},\"wordCount\":256,\"publisher\":{\"@id\":\"https:\/\/www.prijedordanas.com\/#organization\"},\"articleSection\":[\"Svakodnevno\"],\"inLanguage\":\"en-US\"},{\"@type\":\"WebPage\",\"@id\":\"https:\/\/www.prijedordanas.com\/?p=182182\",\"url\":\"https:\/\/www.prijedordanas.com\/?p=182182\",\"name\":\"Prijedorski vo\u0107ari osigurali planta\u017ee - VIDEO - PrijedorDanas.com - Prijedorski gradski portal\",\"isPartOf\":{\"@id\":\"https:\/\/www.prijedordanas.com\/#website\"},\"datePublished\":\"2022-03-04T22:34:37+00:00\",\"dateModified\":\"2022-03-04T23:39:57+00:00\",\"breadcrumb\":{\"@id\":\"https:\/\/www.prijedordanas.com\/?p=182182#breadcrumb\"},\"inLanguage\":\"en-US\",\"potentialAction\":[{\"@type\":\"ReadAction\",\"target\":[\"https:\/\/www.prijedordanas.com\/?p=182182\"]}]},{\"@type\":\"BreadcrumbList\",\"@id\":\"https:\/\/www.prijedordanas.com\/?p=182182#breadcrumb\",\"itemListElement\":[{\"@type\":\"ListItem\",\"position\":1,\"name\":\"Home\",\"item\":\"https:\/\/www.prijedordanas.com\/\"},{\"@type\":\"ListItem\",\"position\":2,\"name\":\"Prijedorski vo\u0107ari osigurali planta\u017ee &#8211; VIDEO\"}]},{\"@type\":\"WebSite\",\"@id\":\"https:\/\/www.prijedordanas.com\/#website\",\"url\":\"https:\/\/www.prijedordanas.com\/\",\"name\":\"PrijedorDanas.com - Prijedorski gradski portal\",\"description\":\"Portal o doga\u0111anjima u gradu Prijedoru\",\"publisher\":{\"@id\":\"https:\/\/www.prijedordanas.com\/#organization\"},\"potentialAction\":[{\"@type\":\"SearchAction\",\"target\":{\"@type\":\"EntryPoint\",\"urlTemplate\":\"https:\/\/www.prijedordanas.com\/?s={search_term_string}\"},\"query-input\":\"required name=search_term_string\"}],\"inLanguage\":\"en-US\"},{\"@type\":\"Organization\",\"@id\":\"https:\/\/www.prijedordanas.com\/#organization\",\"name\":\"PrijedorDanas.com\",\"url\":\"https:\/\/www.prijedordanas.com\/\",\"logo\":{\"@type\":\"ImageObject\",\"inLanguage\":\"en-US\",\"@id\":\"https:\/\/www.prijedordanas.com\/#\/schema\/logo\/image\/\",\"url\":\"http:\/\/www.prijedordanas.com\/wp-content\/uploads\/2021\/12\/logopng.png\",\"contentUrl\":\"http:\/\/www.prijedordanas.com\/wp-content\/uploads\/2021\/12\/logopng.png\",\"width\":1019,\"height\":776,\"caption\":\"PrijedorDanas.com\"},\"image\":{\"@id\":\"https:\/\/www.prijedordanas.com\/#\/schema\/logo\/image\/\"},\"sameAs\":[\"https:\/\/www.facebook.com\/PrijedorDanasCom\/\"]},{\"@type\":\"Person\",\"@id\":\"https:\/\/www.prijedordanas.com\/#\/schema\/person\/4e08ccf29b506ca916ff86d46bb700e6\",\"name\":\"admin\",\"image\":{\"@type\":\"ImageObject\",\"inLanguage\":\"en-US\",\"@id\":\"https:\/\/www.prijedordanas.com\/#\/schema\/person\/image\/\",\"url\":\"https:\/\/secure.gravatar.com\/avatar\/1d3fc949d550f0b53a5f0d51e06dfd79?s=96&d=mm&r=g\",\"contentUrl\":\"https:\/\/secure.gravatar.com\/avatar\/1d3fc949d550f0b53a5f0d51e06dfd79?s=96&d=mm&r=g\",\"caption\":\"admin\"},\"url\":\"https:\/\/www.prijedordanas.com\/?author=1\"}]}<\/script>\n<!-- \/ Yoast SEO plugin. -->","yoast_head_json":{"title":"Prijedorski vo\u0107ari osigurali planta\u017ee - VIDEO - PrijedorDanas.com - Prijedorski gradski portal","robots":{"index":"index","follow":"follow","max-snippet":"max-snippet:-1","max-image-preview":"max-image-preview:large","max-video-preview":"max-video-preview:-1"},"canonical":"https:\/\/www.prijedordanas.com\/?p=182182","og_locale":"en_US","og_type":"article","og_title":"Prijedorski vo\u0107ari osigurali planta\u017ee - VIDEO - PrijedorDanas.com - Prijedorski gradski portal","og_description":"Kasni prolje\u0107ni mrazevi natjerali su vo\u0107are da tra\u017ee rje\u0161enje kako da ubla\u017ee posljedice i nadoknade bar dio prouzrokovane \u0161tete. Tako je dvanaest prijedorskih vo\u0107ara preko \u201eDunav osiguranja\u201c osiguralo svoje planta\u017ee. [&hellip;]","og_url":"https:\/\/www.prijedordanas.com\/?p=182182","og_site_name":"PrijedorDanas.com - Prijedorski gradski portal","article_publisher":"https:\/\/www.facebook.com\/PrijedorDanasCom\/","article_published_time":"2022-03-04T22:34:37+00:00","article_modified_time":"2022-03-04T23:39:57+00:00","og_image":[{"url":"https:\/\/www.prijedordanas.com\/wp-content\/uploads\/2022\/03\/kozarski-vocari-osigurali-plantaze-300x225.jpg"}],"author":"admin","twitter_card":"summary_large_image","twitter_misc":{"Written by":"admin","Est. reading time":"1 minute"},"schema":{"@context":"https:\/\/schema.org","@graph":[{"@type":"Article","@id":"https:\/\/www.prijedordanas.com\/?p=182182#article","isPartOf":{"@id":"https:\/\/www.prijedordanas.com\/?p=182182"},"author":{"name":"admin","@id":"https:\/\/www.prijedordanas.com\/#\/schema\/person\/4e08ccf29b506ca916ff86d46bb700e6"},"headline":"Prijedorski vo\u0107ari osigurali planta\u017ee &#8211; VIDEO","datePublished":"2022-03-04T22:34:37+00:00","dateModified":"2022-03-04T23:39:57+00:00","mainEntityOfPage":{"@id":"https:\/\/www.prijedordanas.com\/?p=182182"},"wordCount":256,"publisher":{"@id":"https:\/\/www.prijedordanas.com\/#organization"},"articleSection":["Svakodnevno"],"inLanguage":"en-US"},{"@type":"WebPage","@id":"https:\/\/www.prijedordanas.com\/?p=182182","url":"https:\/\/www.prijedordanas.com\/?p=182182","name":"Prijedorski vo\u0107ari osigurali planta\u017ee - VIDEO - PrijedorDanas.com - Prijedorski gradski portal","isPartOf":{"@id":"https:\/\/www.prijedordanas.com\/#website"},"datePublished":"2022-03-04T22:34:37+00:00","dateModified":"2022-03-04T23:39:57+00:00","breadcrumb":{"@id":"https:\/\/www.prijedordanas.com\/?p=182182#breadcrumb"},"inLanguage":"en-US","potentialAction":[{"@type":"ReadAction","target":["https:\/\/www.prijedordanas.com\/?p=182182"]}]},{"@type":"BreadcrumbList","@id":"https:\/\/www.prijedordanas.com\/?p=182182#breadcrumb","itemListElement":[{"@type":"ListItem","position":1,"name":"Home","item":"https:\/\/www.prijedordanas.com\/"},{"@type":"ListItem","position":2,"name":"Prijedorski vo\u0107ari osigurali planta\u017ee &#8211; VIDEO"}]},{"@type":"WebSite","@id":"https:\/\/www.prijedordanas.com\/#website","url":"https:\/\/www.prijedordanas.com\/","name":"PrijedorDanas.com - Prijedorski gradski portal","description":"Portal o doga\u0111anjima u gradu Prijedoru","publisher":{"@id":"https:\/\/www.prijedordanas.com\/#organization"},"potentialAction":[{"@type":"SearchAction","target":{"@type":"EntryPoint","urlTemplate":"https:\/\/www.prijedordanas.com\/?s={search_term_string}"},"query-input":"required name=search_term_string"}],"inLanguage":"en-US"},{"@type":"Organization","@id":"https:\/\/www.prijedordanas.com\/#organization","name":"PrijedorDanas.com","url":"https:\/\/www.prijedordanas.com\/","logo":{"@type":"ImageObject","inLanguage":"en-US","@id":"https:\/\/www.prijedordanas.com\/#\/schema\/logo\/image\/","url":"http:\/\/www.prijedordanas.com\/wp-content\/uploads\/2021\/12\/logopng.png","contentUrl":"http:\/\/www.prijedordanas.com\/wp-content\/uploads\/2021\/12\/logopng.png","width":1019,"height":776,"caption":"PrijedorDanas.com"},"image":{"@id":"https:\/\/www.prijedordanas.com\/#\/schema\/logo\/image\/"},"sameAs":["https:\/\/www.facebook.com\/PrijedorDanasCom\/"]},{"@type":"Person","@id":"https:\/\/www.prijedordanas.com\/#\/schema\/person\/4e08ccf29b506ca916ff86d46bb700e6","name":"admin","image":{"@type":"ImageObject","inLanguage":"en-US","@id":"https:\/\/www.prijedordanas.com\/#\/schema\/person\/image\/","url":"https:\/\/secure.gravatar.com\/avatar\/1d3fc949d550f0b53a5f0d51e06dfd79?s=96&d=mm&r=g","contentUrl":"https:\/\/secure.gravatar.com\/avatar\/1d3fc949d550f0b53a5f0d51e06dfd79?s=96&d=mm&r=g","caption":"admin"},"url":"https:\/\/www.prijedordanas.com\/?author=1"}]}},"_links":{"self":[{"href":"https:\/\/www.prijedordanas.com\/index.php?rest_route=\/wp\/v2\/posts\/182182"}],"collection":[{"href":"https:\/\/www.prijedordanas.com\/index.php?rest_route=\/wp\/v2\/posts"}],"about":[{"href":"https:\/\/www.prijedordanas.com\/index.php?rest_route=\/wp\/v2\/types\/post"}],"author":[{"embeddable":true,"href":"https:\/\/www.prijedordanas.com\/index.php?rest_route=\/wp\/v2\/users\/1"}],"replies":[{"embeddable":true,"href":"https:\/\/www.prijedordanas.com\/index.php?rest_route=%2Fwp%2Fv2%2Fcomments&post=182182"}],"version-history":[{"count":1,"href":"https:\/\/www.prijedordanas.com\/index.php?rest_route=\/wp\/v2\/posts\/182182\/revisions"}],"predecessor-version":[{"id":182184,"href":"https:\/\/www.prijedordanas.com\/index.php?rest_route=\/wp\/v2\/posts\/182182\/revisions\/182184"}],"wp:attachment":[{"href":"https:\/\/www.prijedordanas.com\/index.php?rest_route=%2Fwp%2Fv2%2Fmedia&parent=182182"}],"wp:term":[{"taxonomy":"category","embeddable":true,"href":"https:\/\/www.prijedordanas.com\/index.php?rest_route=%2Fwp%2Fv2%2Fcategories&post=182182"},{"taxonomy":"post_tag","embeddable":true,"href":"https:\/\/www.prijedordanas.com\/index.php?rest_route=%2Fwp%2Fv2%2Ftags&post=182182"}],"curies":[{"name":"wp","href":"https:\/\/api.w.org\/{rel}","templated":true}]}}