{"id":182149,"date":"2022-03-04T22:29:50","date_gmt":"2022-03-04T21:29:50","guid":{"rendered":"https:\/\/www.prijedordanas.com\/?p=182149"},"modified":"2022-03-04T22:29:50","modified_gmt":"2022-03-04T21:29:50","slug":"dodik-prijedor-zauzima-centralno-mjesto-u-razvojnim-planovima-republike-srpske","status":"publish","type":"post","link":"https:\/\/www.prijedordanas.com\/?p=182149","title":{"rendered":"Dodik: Prijedor zauzima centralno mjesto u razvojnim planovima Republike Srpske"},"content":{"rendered":"<p><a href=\"https:\/\/www.prijedordanas.com\/wp-content\/uploads\/2022\/03\/dodik-prijedor-aerodromska-ulica-3.jpg\"><img loading=\"lazy\" decoding=\"async\" src=\"https:\/\/www.prijedordanas.com\/wp-content\/uploads\/2022\/03\/dodik-prijedor-aerodromska-ulica-3-300x225.jpg\" alt=\"\" width=\"300\" height=\"225\" class=\"alignleft size-medium wp-image-182153\" srcset=\"https:\/\/www.prijedordanas.com\/wp-content\/uploads\/2022\/03\/dodik-prijedor-aerodromska-ulica-3-300x225.jpg 300w, https:\/\/www.prijedordanas.com\/wp-content\/uploads\/2022\/03\/dodik-prijedor-aerodromska-ulica-3-640x480.jpg 640w, https:\/\/www.prijedordanas.com\/wp-content\/uploads\/2022\/03\/dodik-prijedor-aerodromska-ulica-3.jpg 667w\" sizes=\"(max-width: 300px) 100vw, 300px\" \/><\/a>Srpski \u010dlan Predsjedni\u0161tva BiH Milorad Dodik izjavio je danas da Prijedor u razvojnim planovima Republike Srpske zauzima jedno od centralnih mjesta i da je zadovoljan \u0161to je Vlada Srpske zajedno sa Gradskom upravom obezbijedila sredstva za nekoliko va\u017enih infrastrukturnih projekata.<\/p>\n<p>Dodik je najavio nastavak saradnje sa Gradskom upravom u Prijedoru, kome je izgradnja auto-puta prema Banjaluci i Novom Gradu omogu\u0107iti lak\u0161u komunikaciju sa sjedi\u0161tem Republike Srpske, regionom i svijetom.<\/p>\n<p>Srpski \u010dlan Predsjedni\u0161tva BiH je nakon obilaska radova na asfaltiranju Aerodromske ulice u prijedorskom naselju \u010cirkin Polje rekao da mu je drago \u0161to je ljudima u ovom kraju ve\u0107 na po\u010detku gra\u0111evinske sezone podarena jedna ovakva radost.<\/p>\n<p>&#8220;Ovo je fin i pitom kraj. LJudi to sigurno zaslu\u017euju&#8221;, rekao je Dodik novinarima.<\/p>\n<p>On je naveo da je namjera da se u Prijedoru rekonstrui\u0161e bolnica s ciljem da se dobije jedan od najsavremenijih bolni\u010dkih objekta.<\/p>\n<p>&#8220;Time bi zavr\u0161ili potpunu rekonstrukciju bolni\u010dkog sektora u Republici Srpskoj, pored onog \u0161to treba da se uradi u drugoj fazi Univerzitetskog klini\u010dkog centra Republike Srpske. Ostaje nam da razvijamo razne specijalnosti u okviru zdravstvenog sektora&#8221;, rekao je Dodik.<\/p>\n<p>On je podsjetio da je za ure\u0111enje korita rijeke Milo\u0161evice, koja je gotovo stogodi\u0161nji problem kad je u pitanju rizik od poplava, Vlada obezbijedila 14 miliona maraka putem &#8220;Voda Republike Srpske&#8221;.<\/p>\n<p>&#8220;Razvojem infrastrukture i ja\u010danjem javnih usluga mo\u017eemo da obezbijedimo novi interes za zapo\u0161ljavanja, \u0161to je krajnji cilj svega \u0161to \u010dinimo&#8221;, dodao je Dodik.<\/p>\n<p>Gradona\u010delnik Prijedora Slobodan Javor rekao je da su u toku radovi na asfaltiranju 1.100 metara u Aerodromskoj ulici koja je jedna od najve\u0107ih u jednom od najve\u0107ih naselja u ovom gradu.<\/p>\n<p>&#8220;Sramota je da su ljudi ovdje \u010dekali asfalt du\u017ee od 20 godina. Ovdje ima vi\u0161e od 150 doma\u0107instava i veliki broj djece \u0161kolskog uzrasta&#8221;, istakao je Javor.<\/p>\n<p>On je naveo da je Gradska uprava nastavila intenzivno raditi i nakon izbora, od kojih je pro\u0161lo tri mjeseca, da je iskoristila svaki dan i da se nije sjedilo skr\u0161tenih ruku nego se radilo na rje\u0161avanju infrastruktrunih problema.<\/p>\n<p>&#8220;Zahvaljuju\u0107i Vladi Republike Srpske, koja je odobrila tri miliona maraka za putnu i komunalnu infrastrukturu, mi smo realizovali otprilike 41 putni pravac od izbora do danas i nastavljamo rje\u0161avati mnoge infrastrukturne probleme na\u0161ih gra\u0111ana i u narednom periodu&#8221;, poru\u010dio je Javor.<\/p>\n<p>Dodik \u0107e u radnoj posjeti Prijedoru odr\u017eati sastanak u Gradskoj upravi, a potom prisustvovati sve\u010danoj akademiji povodom 70 godina Aero-kluba &#8220;Prijedor&#8221;.<\/p>\n<p>U posjeti Prijedoru su i ministri finansija i saobra\u0107aja i veza Zora Vidovi\u0107 i Nedeljko \u0106ori\u0107, te vr\u0161ilac du\u017enosti direktora &#8220;Puteva Republike Srpske&#8221; Davor Kostre\u0161evi\u0107. <\/p>\n<p>SRNA<\/p>\n","protected":false},"excerpt":{"rendered":"<p>Srpski \u010dlan Predsjedni\u0161tva BiH Milorad Dodik izjavio je danas da Prijedor u razvojnim planovima Republike Srpske zauzima jedno od centralnih mjesta i da je zadovoljan \u0161to je Vlada Srpske zajedno [&hellip;]<\/p>\n","protected":false},"author":1,"featured_media":0,"comment_status":"closed","ping_status":"open","sticky":false,"template":"","format":"standard","meta":{"_monsterinsights_skip_tracking":false,"_monsterinsights_sitenote_active":false,"_monsterinsights_sitenote_note":"","_monsterinsights_sitenote_category":0,"footnotes":""},"categories":[4],"tags":[],"yoast_head":"<!-- This site is optimized with the Yoast SEO plugin v21.6 - https:\/\/yoast.com\/wordpress\/plugins\/seo\/ -->\n<title>Dodik: Prijedor zauzima centralno mjesto u razvojnim planovima Republike Srpske - PrijedorDanas.com - Prijedorski gradski portal<\/title>\n<meta name=\"robots\" content=\"index, follow, max-snippet:-1, max-image-preview:large, max-video-preview:-1\" \/>\n<link rel=\"canonical\" href=\"https:\/\/www.prijedordanas.com\/?p=182149\" \/>\n<meta property=\"og:locale\" content=\"en_US\" \/>\n<meta property=\"og:type\" content=\"article\" \/>\n<meta property=\"og:title\" content=\"Dodik: Prijedor zauzima centralno mjesto u razvojnim planovima Republike Srpske - PrijedorDanas.com - Prijedorski gradski portal\" \/>\n<meta property=\"og:description\" content=\"Srpski \u010dlan Predsjedni\u0161tva BiH Milorad Dodik izjavio je danas da Prijedor u razvojnim planovima Republike Srpske zauzima jedno od centralnih mjesta i da je zadovoljan \u0161to je Vlada Srpske zajedno [&hellip;]\" \/>\n<meta property=\"og:url\" content=\"https:\/\/www.prijedordanas.com\/?p=182149\" \/>\n<meta property=\"og:site_name\" content=\"PrijedorDanas.com - Prijedorski gradski portal\" \/>\n<meta property=\"article:publisher\" content=\"https:\/\/www.facebook.com\/PrijedorDanasCom\/\" \/>\n<meta property=\"article:published_time\" content=\"2022-03-04T21:29:50+00:00\" \/>\n<meta property=\"og:image\" content=\"https:\/\/www.prijedordanas.com\/wp-content\/uploads\/2022\/03\/dodik-prijedor-aerodromska-ulica-3-300x225.jpg\" \/>\n<meta name=\"author\" content=\"admin\" \/>\n<meta name=\"twitter:card\" content=\"summary_large_image\" \/>\n<meta name=\"twitter:label1\" content=\"Written by\" \/>\n\t<meta name=\"twitter:data1\" content=\"admin\" \/>\n\t<meta name=\"twitter:label2\" content=\"Est. reading time\" \/>\n\t<meta name=\"twitter:data2\" content=\"2 minutes\" \/>\n<script type=\"application\/ld+json\" class=\"yoast-schema-graph\">{\"@context\":\"https:\/\/schema.org\",\"@graph\":[{\"@type\":\"Article\",\"@id\":\"https:\/\/www.prijedordanas.com\/?p=182149#article\",\"isPartOf\":{\"@id\":\"https:\/\/www.prijedordanas.com\/?p=182149\"},\"author\":{\"name\":\"admin\",\"@id\":\"https:\/\/www.prijedordanas.com\/#\/schema\/person\/4e08ccf29b506ca916ff86d46bb700e6\"},\"headline\":\"Dodik: Prijedor zauzima centralno mjesto u razvojnim planovima Republike Srpske\",\"datePublished\":\"2022-03-04T21:29:50+00:00\",\"dateModified\":\"2022-03-04T21:29:50+00:00\",\"mainEntityOfPage\":{\"@id\":\"https:\/\/www.prijedordanas.com\/?p=182149\"},\"wordCount\":462,\"publisher\":{\"@id\":\"https:\/\/www.prijedordanas.com\/#organization\"},\"articleSection\":[\"Dru\u0161tvo\"],\"inLanguage\":\"en-US\"},{\"@type\":\"WebPage\",\"@id\":\"https:\/\/www.prijedordanas.com\/?p=182149\",\"url\":\"https:\/\/www.prijedordanas.com\/?p=182149\",\"name\":\"Dodik: Prijedor zauzima centralno mjesto u razvojnim planovima Republike Srpske - PrijedorDanas.com - Prijedorski gradski portal\",\"isPartOf\":{\"@id\":\"https:\/\/www.prijedordanas.com\/#website\"},\"datePublished\":\"2022-03-04T21:29:50+00:00\",\"dateModified\":\"2022-03-04T21:29:50+00:00\",\"breadcrumb\":{\"@id\":\"https:\/\/www.prijedordanas.com\/?p=182149#breadcrumb\"},\"inLanguage\":\"en-US\",\"potentialAction\":[{\"@type\":\"ReadAction\",\"target\":[\"https:\/\/www.prijedordanas.com\/?p=182149\"]}]},{\"@type\":\"BreadcrumbList\",\"@id\":\"https:\/\/www.prijedordanas.com\/?p=182149#breadcrumb\",\"itemListElement\":[{\"@type\":\"ListItem\",\"position\":1,\"name\":\"Home\",\"item\":\"https:\/\/www.prijedordanas.com\/\"},{\"@type\":\"ListItem\",\"position\":2,\"name\":\"Dodik: Prijedor zauzima centralno mjesto u razvojnim planovima Republike Srpske\"}]},{\"@type\":\"WebSite\",\"@id\":\"https:\/\/www.prijedordanas.com\/#website\",\"url\":\"https:\/\/www.prijedordanas.com\/\",\"name\":\"PrijedorDanas.com - Prijedorski gradski portal\",\"description\":\"Portal o doga\u0111anjima u gradu Prijedoru\",\"publisher\":{\"@id\":\"https:\/\/www.prijedordanas.com\/#organization\"},\"potentialAction\":[{\"@type\":\"SearchAction\",\"target\":{\"@type\":\"EntryPoint\",\"urlTemplate\":\"https:\/\/www.prijedordanas.com\/?s={search_term_string}\"},\"query-input\":\"required name=search_term_string\"}],\"inLanguage\":\"en-US\"},{\"@type\":\"Organization\",\"@id\":\"https:\/\/www.prijedordanas.com\/#organization\",\"name\":\"PrijedorDanas.com\",\"url\":\"https:\/\/www.prijedordanas.com\/\",\"logo\":{\"@type\":\"ImageObject\",\"inLanguage\":\"en-US\",\"@id\":\"https:\/\/www.prijedordanas.com\/#\/schema\/logo\/image\/\",\"url\":\"http:\/\/www.prijedordanas.com\/wp-content\/uploads\/2021\/12\/logopng.png\",\"contentUrl\":\"http:\/\/www.prijedordanas.com\/wp-content\/uploads\/2021\/12\/logopng.png\",\"width\":1019,\"height\":776,\"caption\":\"PrijedorDanas.com\"},\"image\":{\"@id\":\"https:\/\/www.prijedordanas.com\/#\/schema\/logo\/image\/\"},\"sameAs\":[\"https:\/\/www.facebook.com\/PrijedorDanasCom\/\"]},{\"@type\":\"Person\",\"@id\":\"https:\/\/www.prijedordanas.com\/#\/schema\/person\/4e08ccf29b506ca916ff86d46bb700e6\",\"name\":\"admin\",\"image\":{\"@type\":\"ImageObject\",\"inLanguage\":\"en-US\",\"@id\":\"https:\/\/www.prijedordanas.com\/#\/schema\/person\/image\/\",\"url\":\"https:\/\/secure.gravatar.com\/avatar\/1d3fc949d550f0b53a5f0d51e06dfd79?s=96&d=mm&r=g\",\"contentUrl\":\"https:\/\/secure.gravatar.com\/avatar\/1d3fc949d550f0b53a5f0d51e06dfd79?s=96&d=mm&r=g\",\"caption\":\"admin\"},\"url\":\"https:\/\/www.prijedordanas.com\/?author=1\"}]}<\/script>\n<!-- \/ Yoast SEO plugin. -->","yoast_head_json":{"title":"Dodik: Prijedor zauzima centralno mjesto u razvojnim planovima Republike Srpske - PrijedorDanas.com - Prijedorski gradski portal","robots":{"index":"index","follow":"follow","max-snippet":"max-snippet:-1","max-image-preview":"max-image-preview:large","max-video-preview":"max-video-preview:-1"},"canonical":"https:\/\/www.prijedordanas.com\/?p=182149","og_locale":"en_US","og_type":"article","og_title":"Dodik: Prijedor zauzima centralno mjesto u razvojnim planovima Republike Srpske - PrijedorDanas.com - Prijedorski gradski portal","og_description":"Srpski \u010dlan Predsjedni\u0161tva BiH Milorad Dodik izjavio je danas da Prijedor u razvojnim planovima Republike Srpske zauzima jedno od centralnih mjesta i da je zadovoljan \u0161to je Vlada Srpske zajedno [&hellip;]","og_url":"https:\/\/www.prijedordanas.com\/?p=182149","og_site_name":"PrijedorDanas.com - Prijedorski gradski portal","article_publisher":"https:\/\/www.facebook.com\/PrijedorDanasCom\/","article_published_time":"2022-03-04T21:29:50+00:00","og_image":[{"url":"https:\/\/www.prijedordanas.com\/wp-content\/uploads\/2022\/03\/dodik-prijedor-aerodromska-ulica-3-300x225.jpg"}],"author":"admin","twitter_card":"summary_large_image","twitter_misc":{"Written by":"admin","Est. reading time":"2 minutes"},"schema":{"@context":"https:\/\/schema.org","@graph":[{"@type":"Article","@id":"https:\/\/www.prijedordanas.com\/?p=182149#article","isPartOf":{"@id":"https:\/\/www.prijedordanas.com\/?p=182149"},"author":{"name":"admin","@id":"https:\/\/www.prijedordanas.com\/#\/schema\/person\/4e08ccf29b506ca916ff86d46bb700e6"},"headline":"Dodik: Prijedor zauzima centralno mjesto u razvojnim planovima Republike Srpske","datePublished":"2022-03-04T21:29:50+00:00","dateModified":"2022-03-04T21:29:50+00:00","mainEntityOfPage":{"@id":"https:\/\/www.prijedordanas.com\/?p=182149"},"wordCount":462,"publisher":{"@id":"https:\/\/www.prijedordanas.com\/#organization"},"articleSection":["Dru\u0161tvo"],"inLanguage":"en-US"},{"@type":"WebPage","@id":"https:\/\/www.prijedordanas.com\/?p=182149","url":"https:\/\/www.prijedordanas.com\/?p=182149","name":"Dodik: Prijedor zauzima centralno mjesto u razvojnim planovima Republike Srpske - PrijedorDanas.com - Prijedorski gradski portal","isPartOf":{"@id":"https:\/\/www.prijedordanas.com\/#website"},"datePublished":"2022-03-04T21:29:50+00:00","dateModified":"2022-03-04T21:29:50+00:00","breadcrumb":{"@id":"https:\/\/www.prijedordanas.com\/?p=182149#breadcrumb"},"inLanguage":"en-US","potentialAction":[{"@type":"ReadAction","target":["https:\/\/www.prijedordanas.com\/?p=182149"]}]},{"@type":"BreadcrumbList","@id":"https:\/\/www.prijedordanas.com\/?p=182149#breadcrumb","itemListElement":[{"@type":"ListItem","position":1,"name":"Home","item":"https:\/\/www.prijedordanas.com\/"},{"@type":"ListItem","position":2,"name":"Dodik: Prijedor zauzima centralno mjesto u razvojnim planovima Republike Srpske"}]},{"@type":"WebSite","@id":"https:\/\/www.prijedordanas.com\/#website","url":"https:\/\/www.prijedordanas.com\/","name":"PrijedorDanas.com - Prijedorski gradski portal","description":"Portal o doga\u0111anjima u gradu Prijedoru","publisher":{"@id":"https:\/\/www.prijedordanas.com\/#organization"},"potentialAction":[{"@type":"SearchAction","target":{"@type":"EntryPoint","urlTemplate":"https:\/\/www.prijedordanas.com\/?s={search_term_string}"},"query-input":"required name=search_term_string"}],"inLanguage":"en-US"},{"@type":"Organization","@id":"https:\/\/www.prijedordanas.com\/#organization","name":"PrijedorDanas.com","url":"https:\/\/www.prijedordanas.com\/","logo":{"@type":"ImageObject","inLanguage":"en-US","@id":"https:\/\/www.prijedordanas.com\/#\/schema\/logo\/image\/","url":"http:\/\/www.prijedordanas.com\/wp-content\/uploads\/2021\/12\/logopng.png","contentUrl":"http:\/\/www.prijedordanas.com\/wp-content\/uploads\/2021\/12\/logopng.png","width":1019,"height":776,"caption":"PrijedorDanas.com"},"image":{"@id":"https:\/\/www.prijedordanas.com\/#\/schema\/logo\/image\/"},"sameAs":["https:\/\/www.facebook.com\/PrijedorDanasCom\/"]},{"@type":"Person","@id":"https:\/\/www.prijedordanas.com\/#\/schema\/person\/4e08ccf29b506ca916ff86d46bb700e6","name":"admin","image":{"@type":"ImageObject","inLanguage":"en-US","@id":"https:\/\/www.prijedordanas.com\/#\/schema\/person\/image\/","url":"https:\/\/secure.gravatar.com\/avatar\/1d3fc949d550f0b53a5f0d51e06dfd79?s=96&d=mm&r=g","contentUrl":"https:\/\/secure.gravatar.com\/avatar\/1d3fc949d550f0b53a5f0d51e06dfd79?s=96&d=mm&r=g","caption":"admin"},"url":"https:\/\/www.prijedordanas.com\/?author=1"}]}},"_links":{"self":[{"href":"https:\/\/www.prijedordanas.com\/index.php?rest_route=\/wp\/v2\/posts\/182149"}],"collection":[{"href":"https:\/\/www.prijedordanas.com\/index.php?rest_route=\/wp\/v2\/posts"}],"about":[{"href":"https:\/\/www.prijedordanas.com\/index.php?rest_route=\/wp\/v2\/types\/post"}],"author":[{"embeddable":true,"href":"https:\/\/www.prijedordanas.com\/index.php?rest_route=\/wp\/v2\/users\/1"}],"replies":[{"embeddable":true,"href":"https:\/\/www.prijedordanas.com\/index.php?rest_route=%2Fwp%2Fv2%2Fcomments&post=182149"}],"version-history":[{"count":2,"href":"https:\/\/www.prijedordanas.com\/index.php?rest_route=\/wp\/v2\/posts\/182149\/revisions"}],"predecessor-version":[{"id":182162,"href":"https:\/\/www.prijedordanas.com\/index.php?rest_route=\/wp\/v2\/posts\/182149\/revisions\/182162"}],"wp:attachment":[{"href":"https:\/\/www.prijedordanas.com\/index.php?rest_route=%2Fwp%2Fv2%2Fmedia&parent=182149"}],"wp:term":[{"taxonomy":"category","embeddable":true,"href":"https:\/\/www.prijedordanas.com\/index.php?rest_route=%2Fwp%2Fv2%2Fcategories&post=182149"},{"taxonomy":"post_tag","embeddable":true,"href":"https:\/\/www.prijedordanas.com\/index.php?rest_route=%2Fwp%2Fv2%2Ftags&post=182149"}],"curies":[{"name":"wp","href":"https:\/\/api.w.org\/{rel}","templated":true}]}}