{"id":182077,"date":"2022-03-03T08:02:34","date_gmt":"2022-03-03T07:02:34","guid":{"rendered":"https:\/\/www.prijedordanas.com\/?p=182077"},"modified":"2022-03-03T08:02:34","modified_gmt":"2022-03-03T07:02:34","slug":"prijedor-u-pripremnom-programu-246-djece-video","status":"publish","type":"post","link":"https:\/\/www.prijedordanas.com\/?p=182077","title":{"rendered":"Prijedor: U pripremnom programu 246 djece &#8211; VIDEO"},"content":{"rendered":"<p><a href=\"https:\/\/www.prijedordanas.com\/wp-content\/uploads\/2022\/03\/kozarski-priredba-dobrodoslice-pripremni-program.jpg\"><img loading=\"lazy\" decoding=\"async\" src=\"https:\/\/www.prijedordanas.com\/wp-content\/uploads\/2022\/03\/kozarski-priredba-dobrodoslice-pripremni-program-300x225.jpg\" alt=\"\" width=\"300\" height=\"225\" class=\"alignleft size-medium wp-image-182078\" srcset=\"https:\/\/www.prijedordanas.com\/wp-content\/uploads\/2022\/03\/kozarski-priredba-dobrodoslice-pripremni-program-300x225.jpg 300w, https:\/\/www.prijedordanas.com\/wp-content\/uploads\/2022\/03\/kozarski-priredba-dobrodoslice-pripremni-program-640x480.jpg 640w, https:\/\/www.prijedordanas.com\/wp-content\/uploads\/2022\/03\/kozarski-priredba-dobrodoslice-pripremni-program.jpg 667w\" sizes=\"(max-width: 300px) 100vw, 300px\" \/><\/a>U Republici Srpskoj po\u010deo je tromjese\u010dni program pripreme djece pred polazak u \u0161kolu, koji u Prijedoru poha\u0111a 246 djece. Program je namijenjen djeci koja u ovoj godini polaze u prvi razred, a do sada nisu bila obuhva\u0107ena nekim vidom pred\u0161kolskog vaspitanja i obrazovanja.<\/p>\n<p>Prvo razdvajanje od roditelja i dolazak u nepoznatu sredinu, ve\u0107ini mali\u0161ana te\u0161ko pada. Zato su se u Podru\u010dnom odjeljenju Osnovne \u0161kole \u201cDesanka Maksimovi\u0107\u201d u Donjim Garevcima potrudili da, priredbom i slatki\u0161ima, po\u017eele dobrodo\u0161licu svojim mla\u0111im drugarima, koji na jesen kre\u0107u u prvi razred. Prvog dana programa pripreme pred polazak u \u0161kolu, djeca su do\u0161la u pratnji roditelja, a me\u0111u njima je bila iVesna \u0160evo, majka male Jovane.<\/p>\n<p>\u201cTreba da se u\u010di, vrijeme je, a dobro je da se djeca navikavaju na \u0161kolu, vr\u0161njake i u\u010diteljicu\u201d, rekla je \u0160evo.<\/p>\n<p>Program je besplatan, jer Vlada RS snosi sve tro\u0161kove, kao i pla\u0107anje vaspita\u010da i u\u010ditelja koji rade s djecom. Sa mali\u0161anima u Donjim Garevcima, naredna tri mjeseca radi\u0107e Bojana Su\u010devi\u0107.<\/p>\n<p>\u201cPripremni program mnogo zna\u010di, kako roditeljima tako i mali\u0161anima, jer \u0107e na ovaj na\u010din mo\u0107i da unaprijede svoje komunikacijske vje\u0161tine, zajedno sa ostalim drugarima. Mo\u0107i \u0107e da stvore odre\u0111ene radne navike koje su potrebne u ovom periodu\u201d, rekla je u\u010diteljica Bojana Su\u010devi\u0107.<\/p>\n<p>Priprema djece pred polazak u \u0161kolu realizuje se u periodu od 1. marta do 31. maja, u trajanju od tri sata dnevno, a prijedorska \u0161kola \u201cDesanka Maksimovi\u0107\u201d redovno u\u010destvuje u ovom programu resornog ministarstva.<\/p>\n<p>\u201cOve godine, program smo organizovali za budu\u0107e prva\u010di\u0107e u Podru\u010dnom odjeljenju Donji Garevci. Uklju\u010deno je 12 u\u010denika koji \u0107e u \u0161koli provoditi  vrijeme onako kako je to predvi\u0111eno\u201d, rekao je Zdravko Budimir, direktor O\u0160 \u201cDesanka Maksimovi\u0107\u201d Prijedor.<\/p>\n<p>U Dje\u010dijem vrti\u0107u \u201cRadost\u201d pripremnim programom obuhva\u0107eno je 62 djece. Prednosti su brojne.<\/p>\n<p>\u201cCilj pripremnog programa je da uklju\u010di djecu koja dosad nisu bila obuhva\u0107ena institucionalnim vaspitanjem i obrazovanjem. Pro\u0107i \u0107e proces socijalizacije, naviknuti se na organizovan rad te ste\u0107i korisna znanja o slovima i brojevima. To ih \u010deka u prvom razredu, a bi\u0107e, na neki na\u010din, uskla\u0111eni s djecom koja su ve\u0107 pro\u0161la vrti\u0107ki program\u201d, rekla je Gordana Lovri\u0107, pomo\u0107nik direktora vrti\u0107a \u201cRadost\u201d.<\/p>\n<p>Vlada Republike Srpske obezbijedila je 450.465 KM za realizaciju ovogodi\u0161njeg programa u koji je uklju\u010deno 3.869 djece u Srpskoj.<\/p>\n<p>kozarski.com<\/p>\n<p><iframe loading=\"lazy\" title=\"U PRIPREMNOM PROGRAMU 246 DJECE\" width=\"500\" height=\"281\" src=\"https:\/\/www.youtube.com\/embed\/UaqPVwooEik?feature=oembed\" frameborder=\"0\" allow=\"accelerometer; autoplay; clipboard-write; encrypted-media; gyroscope; picture-in-picture\" allowfullscreen><\/iframe><\/p>\n","protected":false},"excerpt":{"rendered":"<p>U Republici Srpskoj po\u010deo je tromjese\u010dni program pripreme djece pred polazak u \u0161kolu, koji u Prijedoru poha\u0111a 246 djece. Program je namijenjen djeci koja u ovoj godini polaze u prvi [&hellip;]<\/p>\n","protected":false},"author":1,"featured_media":0,"comment_status":"closed","ping_status":"open","sticky":false,"template":"","format":"standard","meta":{"_monsterinsights_skip_tracking":false,"_monsterinsights_sitenote_active":false,"_monsterinsights_sitenote_note":"","_monsterinsights_sitenote_category":0,"footnotes":""},"categories":[7518],"tags":[],"yoast_head":"<!-- This site is optimized with the Yoast SEO plugin v21.6 - https:\/\/yoast.com\/wordpress\/plugins\/seo\/ -->\n<title>Prijedor: U pripremnom programu 246 djece - VIDEO - PrijedorDanas.com - Prijedorski gradski portal<\/title>\n<meta name=\"robots\" content=\"index, follow, max-snippet:-1, max-image-preview:large, max-video-preview:-1\" \/>\n<link rel=\"canonical\" href=\"https:\/\/www.prijedordanas.com\/?p=182077\" \/>\n<meta property=\"og:locale\" content=\"en_US\" \/>\n<meta property=\"og:type\" content=\"article\" \/>\n<meta property=\"og:title\" content=\"Prijedor: U pripremnom programu 246 djece - VIDEO - PrijedorDanas.com - Prijedorski gradski portal\" \/>\n<meta property=\"og:description\" content=\"U Republici Srpskoj po\u010deo je tromjese\u010dni program pripreme djece pred polazak u \u0161kolu, koji u Prijedoru poha\u0111a 246 djece. Program je namijenjen djeci koja u ovoj godini polaze u prvi [&hellip;]\" \/>\n<meta property=\"og:url\" content=\"https:\/\/www.prijedordanas.com\/?p=182077\" \/>\n<meta property=\"og:site_name\" content=\"PrijedorDanas.com - Prijedorski gradski portal\" \/>\n<meta property=\"article:publisher\" content=\"https:\/\/www.facebook.com\/PrijedorDanasCom\/\" \/>\n<meta property=\"article:published_time\" content=\"2022-03-03T07:02:34+00:00\" \/>\n<meta property=\"og:image\" content=\"https:\/\/www.prijedordanas.com\/wp-content\/uploads\/2022\/03\/kozarski-priredba-dobrodoslice-pripremni-program-300x225.jpg\" \/>\n<meta name=\"author\" content=\"admin\" \/>\n<meta name=\"twitter:card\" content=\"summary_large_image\" \/>\n<meta name=\"twitter:label1\" content=\"Written by\" \/>\n\t<meta name=\"twitter:data1\" content=\"admin\" \/>\n\t<meta name=\"twitter:label2\" content=\"Est. reading time\" \/>\n\t<meta name=\"twitter:data2\" content=\"2 minutes\" \/>\n<script type=\"application\/ld+json\" class=\"yoast-schema-graph\">{\"@context\":\"https:\/\/schema.org\",\"@graph\":[{\"@type\":\"Article\",\"@id\":\"https:\/\/www.prijedordanas.com\/?p=182077#article\",\"isPartOf\":{\"@id\":\"https:\/\/www.prijedordanas.com\/?p=182077\"},\"author\":{\"name\":\"admin\",\"@id\":\"https:\/\/www.prijedordanas.com\/#\/schema\/person\/4e08ccf29b506ca916ff86d46bb700e6\"},\"headline\":\"Prijedor: U pripremnom programu 246 djece &#8211; VIDEO\",\"datePublished\":\"2022-03-03T07:02:34+00:00\",\"dateModified\":\"2022-03-03T07:02:34+00:00\",\"mainEntityOfPage\":{\"@id\":\"https:\/\/www.prijedordanas.com\/?p=182077\"},\"wordCount\":432,\"publisher\":{\"@id\":\"https:\/\/www.prijedordanas.com\/#organization\"},\"articleSection\":[\"Mladi\"],\"inLanguage\":\"en-US\"},{\"@type\":\"WebPage\",\"@id\":\"https:\/\/www.prijedordanas.com\/?p=182077\",\"url\":\"https:\/\/www.prijedordanas.com\/?p=182077\",\"name\":\"Prijedor: U pripremnom programu 246 djece - VIDEO - PrijedorDanas.com - Prijedorski gradski portal\",\"isPartOf\":{\"@id\":\"https:\/\/www.prijedordanas.com\/#website\"},\"datePublished\":\"2022-03-03T07:02:34+00:00\",\"dateModified\":\"2022-03-03T07:02:34+00:00\",\"breadcrumb\":{\"@id\":\"https:\/\/www.prijedordanas.com\/?p=182077#breadcrumb\"},\"inLanguage\":\"en-US\",\"potentialAction\":[{\"@type\":\"ReadAction\",\"target\":[\"https:\/\/www.prijedordanas.com\/?p=182077\"]}]},{\"@type\":\"BreadcrumbList\",\"@id\":\"https:\/\/www.prijedordanas.com\/?p=182077#breadcrumb\",\"itemListElement\":[{\"@type\":\"ListItem\",\"position\":1,\"name\":\"Home\",\"item\":\"https:\/\/www.prijedordanas.com\/\"},{\"@type\":\"ListItem\",\"position\":2,\"name\":\"Prijedor: U pripremnom programu 246 djece &#8211; VIDEO\"}]},{\"@type\":\"WebSite\",\"@id\":\"https:\/\/www.prijedordanas.com\/#website\",\"url\":\"https:\/\/www.prijedordanas.com\/\",\"name\":\"PrijedorDanas.com - Prijedorski gradski portal\",\"description\":\"Portal o doga\u0111anjima u gradu Prijedoru\",\"publisher\":{\"@id\":\"https:\/\/www.prijedordanas.com\/#organization\"},\"potentialAction\":[{\"@type\":\"SearchAction\",\"target\":{\"@type\":\"EntryPoint\",\"urlTemplate\":\"https:\/\/www.prijedordanas.com\/?s={search_term_string}\"},\"query-input\":\"required name=search_term_string\"}],\"inLanguage\":\"en-US\"},{\"@type\":\"Organization\",\"@id\":\"https:\/\/www.prijedordanas.com\/#organization\",\"name\":\"PrijedorDanas.com\",\"url\":\"https:\/\/www.prijedordanas.com\/\",\"logo\":{\"@type\":\"ImageObject\",\"inLanguage\":\"en-US\",\"@id\":\"https:\/\/www.prijedordanas.com\/#\/schema\/logo\/image\/\",\"url\":\"http:\/\/www.prijedordanas.com\/wp-content\/uploads\/2021\/12\/logopng.png\",\"contentUrl\":\"http:\/\/www.prijedordanas.com\/wp-content\/uploads\/2021\/12\/logopng.png\",\"width\":1019,\"height\":776,\"caption\":\"PrijedorDanas.com\"},\"image\":{\"@id\":\"https:\/\/www.prijedordanas.com\/#\/schema\/logo\/image\/\"},\"sameAs\":[\"https:\/\/www.facebook.com\/PrijedorDanasCom\/\"]},{\"@type\":\"Person\",\"@id\":\"https:\/\/www.prijedordanas.com\/#\/schema\/person\/4e08ccf29b506ca916ff86d46bb700e6\",\"name\":\"admin\",\"image\":{\"@type\":\"ImageObject\",\"inLanguage\":\"en-US\",\"@id\":\"https:\/\/www.prijedordanas.com\/#\/schema\/person\/image\/\",\"url\":\"https:\/\/secure.gravatar.com\/avatar\/1d3fc949d550f0b53a5f0d51e06dfd79?s=96&d=mm&r=g\",\"contentUrl\":\"https:\/\/secure.gravatar.com\/avatar\/1d3fc949d550f0b53a5f0d51e06dfd79?s=96&d=mm&r=g\",\"caption\":\"admin\"},\"url\":\"https:\/\/www.prijedordanas.com\/?author=1\"}]}<\/script>\n<!-- \/ Yoast SEO plugin. -->","yoast_head_json":{"title":"Prijedor: U pripremnom programu 246 djece - VIDEO - PrijedorDanas.com - Prijedorski gradski portal","robots":{"index":"index","follow":"follow","max-snippet":"max-snippet:-1","max-image-preview":"max-image-preview:large","max-video-preview":"max-video-preview:-1"},"canonical":"https:\/\/www.prijedordanas.com\/?p=182077","og_locale":"en_US","og_type":"article","og_title":"Prijedor: U pripremnom programu 246 djece - VIDEO - PrijedorDanas.com - Prijedorski gradski portal","og_description":"U Republici Srpskoj po\u010deo je tromjese\u010dni program pripreme djece pred polazak u \u0161kolu, koji u Prijedoru poha\u0111a 246 djece. Program je namijenjen djeci koja u ovoj godini polaze u prvi [&hellip;]","og_url":"https:\/\/www.prijedordanas.com\/?p=182077","og_site_name":"PrijedorDanas.com - Prijedorski gradski portal","article_publisher":"https:\/\/www.facebook.com\/PrijedorDanasCom\/","article_published_time":"2022-03-03T07:02:34+00:00","og_image":[{"url":"https:\/\/www.prijedordanas.com\/wp-content\/uploads\/2022\/03\/kozarski-priredba-dobrodoslice-pripremni-program-300x225.jpg"}],"author":"admin","twitter_card":"summary_large_image","twitter_misc":{"Written by":"admin","Est. reading time":"2 minutes"},"schema":{"@context":"https:\/\/schema.org","@graph":[{"@type":"Article","@id":"https:\/\/www.prijedordanas.com\/?p=182077#article","isPartOf":{"@id":"https:\/\/www.prijedordanas.com\/?p=182077"},"author":{"name":"admin","@id":"https:\/\/www.prijedordanas.com\/#\/schema\/person\/4e08ccf29b506ca916ff86d46bb700e6"},"headline":"Prijedor: U pripremnom programu 246 djece &#8211; VIDEO","datePublished":"2022-03-03T07:02:34+00:00","dateModified":"2022-03-03T07:02:34+00:00","mainEntityOfPage":{"@id":"https:\/\/www.prijedordanas.com\/?p=182077"},"wordCount":432,"publisher":{"@id":"https:\/\/www.prijedordanas.com\/#organization"},"articleSection":["Mladi"],"inLanguage":"en-US"},{"@type":"WebPage","@id":"https:\/\/www.prijedordanas.com\/?p=182077","url":"https:\/\/www.prijedordanas.com\/?p=182077","name":"Prijedor: U pripremnom programu 246 djece - VIDEO - PrijedorDanas.com - Prijedorski gradski portal","isPartOf":{"@id":"https:\/\/www.prijedordanas.com\/#website"},"datePublished":"2022-03-03T07:02:34+00:00","dateModified":"2022-03-03T07:02:34+00:00","breadcrumb":{"@id":"https:\/\/www.prijedordanas.com\/?p=182077#breadcrumb"},"inLanguage":"en-US","potentialAction":[{"@type":"ReadAction","target":["https:\/\/www.prijedordanas.com\/?p=182077"]}]},{"@type":"BreadcrumbList","@id":"https:\/\/www.prijedordanas.com\/?p=182077#breadcrumb","itemListElement":[{"@type":"ListItem","position":1,"name":"Home","item":"https:\/\/www.prijedordanas.com\/"},{"@type":"ListItem","position":2,"name":"Prijedor: U pripremnom programu 246 djece &#8211; VIDEO"}]},{"@type":"WebSite","@id":"https:\/\/www.prijedordanas.com\/#website","url":"https:\/\/www.prijedordanas.com\/","name":"PrijedorDanas.com - Prijedorski gradski portal","description":"Portal o doga\u0111anjima u gradu Prijedoru","publisher":{"@id":"https:\/\/www.prijedordanas.com\/#organization"},"potentialAction":[{"@type":"SearchAction","target":{"@type":"EntryPoint","urlTemplate":"https:\/\/www.prijedordanas.com\/?s={search_term_string}"},"query-input":"required name=search_term_string"}],"inLanguage":"en-US"},{"@type":"Organization","@id":"https:\/\/www.prijedordanas.com\/#organization","name":"PrijedorDanas.com","url":"https:\/\/www.prijedordanas.com\/","logo":{"@type":"ImageObject","inLanguage":"en-US","@id":"https:\/\/www.prijedordanas.com\/#\/schema\/logo\/image\/","url":"http:\/\/www.prijedordanas.com\/wp-content\/uploads\/2021\/12\/logopng.png","contentUrl":"http:\/\/www.prijedordanas.com\/wp-content\/uploads\/2021\/12\/logopng.png","width":1019,"height":776,"caption":"PrijedorDanas.com"},"image":{"@id":"https:\/\/www.prijedordanas.com\/#\/schema\/logo\/image\/"},"sameAs":["https:\/\/www.facebook.com\/PrijedorDanasCom\/"]},{"@type":"Person","@id":"https:\/\/www.prijedordanas.com\/#\/schema\/person\/4e08ccf29b506ca916ff86d46bb700e6","name":"admin","image":{"@type":"ImageObject","inLanguage":"en-US","@id":"https:\/\/www.prijedordanas.com\/#\/schema\/person\/image\/","url":"https:\/\/secure.gravatar.com\/avatar\/1d3fc949d550f0b53a5f0d51e06dfd79?s=96&d=mm&r=g","contentUrl":"https:\/\/secure.gravatar.com\/avatar\/1d3fc949d550f0b53a5f0d51e06dfd79?s=96&d=mm&r=g","caption":"admin"},"url":"https:\/\/www.prijedordanas.com\/?author=1"}]}},"_links":{"self":[{"href":"https:\/\/www.prijedordanas.com\/index.php?rest_route=\/wp\/v2\/posts\/182077"}],"collection":[{"href":"https:\/\/www.prijedordanas.com\/index.php?rest_route=\/wp\/v2\/posts"}],"about":[{"href":"https:\/\/www.prijedordanas.com\/index.php?rest_route=\/wp\/v2\/types\/post"}],"author":[{"embeddable":true,"href":"https:\/\/www.prijedordanas.com\/index.php?rest_route=\/wp\/v2\/users\/1"}],"replies":[{"embeddable":true,"href":"https:\/\/www.prijedordanas.com\/index.php?rest_route=%2Fwp%2Fv2%2Fcomments&post=182077"}],"version-history":[{"count":1,"href":"https:\/\/www.prijedordanas.com\/index.php?rest_route=\/wp\/v2\/posts\/182077\/revisions"}],"predecessor-version":[{"id":182079,"href":"https:\/\/www.prijedordanas.com\/index.php?rest_route=\/wp\/v2\/posts\/182077\/revisions\/182079"}],"wp:attachment":[{"href":"https:\/\/www.prijedordanas.com\/index.php?rest_route=%2Fwp%2Fv2%2Fmedia&parent=182077"}],"wp:term":[{"taxonomy":"category","embeddable":true,"href":"https:\/\/www.prijedordanas.com\/index.php?rest_route=%2Fwp%2Fv2%2Fcategories&post=182077"},{"taxonomy":"post_tag","embeddable":true,"href":"https:\/\/www.prijedordanas.com\/index.php?rest_route=%2Fwp%2Fv2%2Ftags&post=182077"}],"curies":[{"name":"wp","href":"https:\/\/api.w.org\/{rel}","templated":true}]}}