{"id":181882,"date":"2022-02-25T17:05:55","date_gmt":"2022-02-25T16:05:55","guid":{"rendered":"https:\/\/www.prijedordanas.com\/?p=181882"},"modified":"2022-02-25T17:05:55","modified_gmt":"2022-02-25T16:05:55","slug":"osumnjicenom-za-ucjenu-nece-biti-predlozeno-produzenje-pritvora-marko-munjiza-na-slobodi-od-nedjelje","status":"publish","type":"post","link":"https:\/\/www.prijedordanas.com\/?p=181882","title":{"rendered":"Osumnji\u010denom za ucjenu ne\u0107e biti predlo\u017eeno produ\u017eenje pritvora: Marko Munjiza na slobodi od nedjelje"},"content":{"rendered":"<p><a href=\"https:\/\/www.prijedordanas.com\/wp-content\/uploads\/2022\/01\/hapsenje-munjiza.jpg\"><img loading=\"lazy\" decoding=\"async\" src=\"https:\/\/www.prijedordanas.com\/wp-content\/uploads\/2022\/01\/hapsenje-munjiza-300x240.jpg\" alt=\"\" width=\"300\" height=\"240\" class=\"alignleft size-medium wp-image-180696\" srcset=\"https:\/\/www.prijedordanas.com\/wp-content\/uploads\/2022\/01\/hapsenje-munjiza-300x240.jpg 300w, https:\/\/www.prijedordanas.com\/wp-content\/uploads\/2022\/01\/hapsenje-munjiza.jpg 625w\" sizes=\"(max-width: 300px) 100vw, 300px\" \/><\/a>Okru\u017eno javno tu\u017eila\u0161tvo Prijedor ne\u0107e predlo\u017eiti produ\u017eenje pritvora licu iz ovog grad \u010diji su inicijali M.M, osumnji\u010denom za ucjenu, saznaje Srna u ovom tu\u017eila\u0161tvu.<\/p>\n<p><strong><a href=\"https:\/\/www.prijedordanas.com\/?p=180733\" target=\"_blank\" rel=\"noopener\">Odre\u0111en pritvor Marku Munjizi<\/a><\/strong><\/p>\n<p>&#8220;Ne postoje zakonski razlozi za produ\u017eenje pritvora&#8221;, re\u010deno je Srni u Okru\u017enom javnom tu\u017eila\u0161tvu Prijedor.<\/p>\n<p>Iz Okru\u017enog tu\u017eila\u0161tva ka\u017eu da se istraga nastavlja i da u ovom trenutku nema drugih lica obuhva\u0107enih istragom.<\/p>\n<p><strong><a href=\"https:\/\/www.prijedordanas.com\/?p=180695\" target=\"_blank\" rel=\"noopener\">Uhap\u0161en Marko Munjiza zbog sumnje da je ucjenjivao direktora IRB-a \u2013 FOTO\/VIDEO<\/a><\/strong><\/p>\n<p>&#8220;Tu\u017eila\u010dka odluka biti donesena u zakonskom roku, a to je \u0161est mjeseci od hap\u0161enja&#8221;, navode iz Okru\u017enog tu\u017eila\u0161tva.<\/p>\n<p>Mjera pritvora isti\u010de u nedjelju, 27. februara.<\/p>\n<p><strong><a href=\"https:\/\/www.prijedordanas.com\/?p=180657\" target=\"_blank\" rel=\"noopener\">U Prijedoru uhap\u0161en Marko Munjiza \u2013 FOTO<\/a><\/strong><\/p>\n<p>Prijedor\u010danin M.M. uhap\u0161en je 27. januara u akciji Uprave MUP-a Republike Srpske za organizovani i te\u0161ki kriminalitet, a dan kasnije Osnovni sud u ovom gradu odredio mu je pritvor u trajanju do 30 dana na prijedlog Okru\u017enog tu\u017eila\u0161tva.<\/p>\n<p><strong><a href=\"https:\/\/www.prijedordanas.com\/?p=180713\" target=\"_blank\" rel=\"noopener\">Marko Munjiza sproveden u Okru\u017eno javno tu\u017eila\u0161tvo Prijedor &#8211; VIDEO<\/a><\/strong><\/p>\n<p>Kod njega je prona\u0111eno prethodno obilje\u017eenih 10.000 KM, kao i tehni\u010dki ure\u0111aji, dokumentacija i drugi predmeti koji slu\u017ee kao dokazi u istrazi.<\/p>\n<p>Osumnji\u010deni je od o\u0161te\u0107enog D.V. tra\u017eio novac u zamjenu da ne objavljuje sadr\u017eaje koji bi mogli \u0161tetiti o\u0161te\u0107enom.<\/p>\n<p>SRNA<\/p>\n<p>Pojedini mediji su krajem januara ove godine objavili da je uhap\u0161en Marko Munjiza iz Prijedora koji je osumnji\u010den da je ucjenjivao Dra\u017eena Vrhovca, vr\u0161ioca du\u017enosti direktora Investiciono razvojne banke Republike Srpske. <\/p>\n","protected":false},"excerpt":{"rendered":"<p>Okru\u017eno javno tu\u017eila\u0161tvo Prijedor ne\u0107e predlo\u017eiti produ\u017eenje pritvora licu iz ovog grad \u010diji su inicijali M.M, osumnji\u010denom za ucjenu, saznaje Srna u ovom tu\u017eila\u0161tvu. Odre\u0111en pritvor Marku Munjizi &#8220;Ne postoje [&hellip;]<\/p>\n","protected":false},"author":1,"featured_media":0,"comment_status":"closed","ping_status":"open","sticky":false,"template":"","format":"standard","meta":{"_monsterinsights_skip_tracking":false,"_monsterinsights_sitenote_active":false,"_monsterinsights_sitenote_note":"","_monsterinsights_sitenote_category":0,"footnotes":""},"categories":[5],"tags":[],"yoast_head":"<!-- This site is optimized with the Yoast SEO plugin v21.6 - https:\/\/yoast.com\/wordpress\/plugins\/seo\/ -->\n<title>Osumnji\u010denom za ucjenu ne\u0107e biti predlo\u017eeno produ\u017eenje pritvora: Marko Munjiza na slobodi od nedjelje - PrijedorDanas.com - Prijedorski gradski portal<\/title>\n<meta name=\"robots\" content=\"index, follow, max-snippet:-1, max-image-preview:large, max-video-preview:-1\" \/>\n<link rel=\"canonical\" href=\"https:\/\/www.prijedordanas.com\/?p=181882\" \/>\n<meta property=\"og:locale\" content=\"en_US\" \/>\n<meta property=\"og:type\" content=\"article\" \/>\n<meta property=\"og:title\" content=\"Osumnji\u010denom za ucjenu ne\u0107e biti predlo\u017eeno produ\u017eenje pritvora: Marko Munjiza na slobodi od nedjelje - PrijedorDanas.com - Prijedorski gradski portal\" \/>\n<meta property=\"og:description\" content=\"Okru\u017eno javno tu\u017eila\u0161tvo Prijedor ne\u0107e predlo\u017eiti produ\u017eenje pritvora licu iz ovog grad \u010diji su inicijali M.M, osumnji\u010denom za ucjenu, saznaje Srna u ovom tu\u017eila\u0161tvu. Odre\u0111en pritvor Marku Munjizi &#8220;Ne postoje [&hellip;]\" \/>\n<meta property=\"og:url\" content=\"https:\/\/www.prijedordanas.com\/?p=181882\" \/>\n<meta property=\"og:site_name\" content=\"PrijedorDanas.com - Prijedorski gradski portal\" \/>\n<meta property=\"article:publisher\" content=\"https:\/\/www.facebook.com\/PrijedorDanasCom\/\" \/>\n<meta property=\"article:published_time\" content=\"2022-02-25T16:05:55+00:00\" \/>\n<meta property=\"og:image\" content=\"https:\/\/www.prijedordanas.com\/wp-content\/uploads\/2022\/01\/hapsenje-munjiza-300x240.jpg\" \/>\n<meta name=\"author\" content=\"admin\" \/>\n<meta name=\"twitter:card\" content=\"summary_large_image\" \/>\n<meta name=\"twitter:label1\" content=\"Written by\" \/>\n\t<meta name=\"twitter:data1\" content=\"admin\" \/>\n\t<meta name=\"twitter:label2\" content=\"Est. reading time\" \/>\n\t<meta name=\"twitter:data2\" content=\"1 minute\" \/>\n<script type=\"application\/ld+json\" class=\"yoast-schema-graph\">{\"@context\":\"https:\/\/schema.org\",\"@graph\":[{\"@type\":\"Article\",\"@id\":\"https:\/\/www.prijedordanas.com\/?p=181882#article\",\"isPartOf\":{\"@id\":\"https:\/\/www.prijedordanas.com\/?p=181882\"},\"author\":{\"name\":\"admin\",\"@id\":\"https:\/\/www.prijedordanas.com\/#\/schema\/person\/4e08ccf29b506ca916ff86d46bb700e6\"},\"headline\":\"Osumnji\u010denom za ucjenu ne\u0107e biti predlo\u017eeno produ\u017eenje pritvora: Marko Munjiza na slobodi od nedjelje\",\"datePublished\":\"2022-02-25T16:05:55+00:00\",\"dateModified\":\"2022-02-25T16:05:55+00:00\",\"mainEntityOfPage\":{\"@id\":\"https:\/\/www.prijedordanas.com\/?p=181882\"},\"wordCount\":296,\"publisher\":{\"@id\":\"https:\/\/www.prijedordanas.com\/#organization\"},\"articleSection\":[\"Hronika\"],\"inLanguage\":\"en-US\"},{\"@type\":\"WebPage\",\"@id\":\"https:\/\/www.prijedordanas.com\/?p=181882\",\"url\":\"https:\/\/www.prijedordanas.com\/?p=181882\",\"name\":\"Osumnji\u010denom za ucjenu ne\u0107e biti predlo\u017eeno produ\u017eenje pritvora: Marko Munjiza na slobodi od nedjelje - PrijedorDanas.com - Prijedorski gradski portal\",\"isPartOf\":{\"@id\":\"https:\/\/www.prijedordanas.com\/#website\"},\"datePublished\":\"2022-02-25T16:05:55+00:00\",\"dateModified\":\"2022-02-25T16:05:55+00:00\",\"breadcrumb\":{\"@id\":\"https:\/\/www.prijedordanas.com\/?p=181882#breadcrumb\"},\"inLanguage\":\"en-US\",\"potentialAction\":[{\"@type\":\"ReadAction\",\"target\":[\"https:\/\/www.prijedordanas.com\/?p=181882\"]}]},{\"@type\":\"BreadcrumbList\",\"@id\":\"https:\/\/www.prijedordanas.com\/?p=181882#breadcrumb\",\"itemListElement\":[{\"@type\":\"ListItem\",\"position\":1,\"name\":\"Home\",\"item\":\"https:\/\/www.prijedordanas.com\/\"},{\"@type\":\"ListItem\",\"position\":2,\"name\":\"Osumnji\u010denom za ucjenu ne\u0107e biti predlo\u017eeno produ\u017eenje pritvora: Marko Munjiza na slobodi od nedjelje\"}]},{\"@type\":\"WebSite\",\"@id\":\"https:\/\/www.prijedordanas.com\/#website\",\"url\":\"https:\/\/www.prijedordanas.com\/\",\"name\":\"PrijedorDanas.com - Prijedorski gradski portal\",\"description\":\"Portal o doga\u0111anjima u gradu Prijedoru\",\"publisher\":{\"@id\":\"https:\/\/www.prijedordanas.com\/#organization\"},\"potentialAction\":[{\"@type\":\"SearchAction\",\"target\":{\"@type\":\"EntryPoint\",\"urlTemplate\":\"https:\/\/www.prijedordanas.com\/?s={search_term_string}\"},\"query-input\":\"required name=search_term_string\"}],\"inLanguage\":\"en-US\"},{\"@type\":\"Organization\",\"@id\":\"https:\/\/www.prijedordanas.com\/#organization\",\"name\":\"PrijedorDanas.com\",\"url\":\"https:\/\/www.prijedordanas.com\/\",\"logo\":{\"@type\":\"ImageObject\",\"inLanguage\":\"en-US\",\"@id\":\"https:\/\/www.prijedordanas.com\/#\/schema\/logo\/image\/\",\"url\":\"http:\/\/www.prijedordanas.com\/wp-content\/uploads\/2021\/12\/logopng.png\",\"contentUrl\":\"http:\/\/www.prijedordanas.com\/wp-content\/uploads\/2021\/12\/logopng.png\",\"width\":1019,\"height\":776,\"caption\":\"PrijedorDanas.com\"},\"image\":{\"@id\":\"https:\/\/www.prijedordanas.com\/#\/schema\/logo\/image\/\"},\"sameAs\":[\"https:\/\/www.facebook.com\/PrijedorDanasCom\/\"]},{\"@type\":\"Person\",\"@id\":\"https:\/\/www.prijedordanas.com\/#\/schema\/person\/4e08ccf29b506ca916ff86d46bb700e6\",\"name\":\"admin\",\"image\":{\"@type\":\"ImageObject\",\"inLanguage\":\"en-US\",\"@id\":\"https:\/\/www.prijedordanas.com\/#\/schema\/person\/image\/\",\"url\":\"https:\/\/secure.gravatar.com\/avatar\/1d3fc949d550f0b53a5f0d51e06dfd79?s=96&d=mm&r=g\",\"contentUrl\":\"https:\/\/secure.gravatar.com\/avatar\/1d3fc949d550f0b53a5f0d51e06dfd79?s=96&d=mm&r=g\",\"caption\":\"admin\"},\"url\":\"https:\/\/www.prijedordanas.com\/?author=1\"}]}<\/script>\n<!-- \/ Yoast SEO plugin. -->","yoast_head_json":{"title":"Osumnji\u010denom za ucjenu ne\u0107e biti predlo\u017eeno produ\u017eenje pritvora: Marko Munjiza na slobodi od nedjelje - PrijedorDanas.com - Prijedorski gradski portal","robots":{"index":"index","follow":"follow","max-snippet":"max-snippet:-1","max-image-preview":"max-image-preview:large","max-video-preview":"max-video-preview:-1"},"canonical":"https:\/\/www.prijedordanas.com\/?p=181882","og_locale":"en_US","og_type":"article","og_title":"Osumnji\u010denom za ucjenu ne\u0107e biti predlo\u017eeno produ\u017eenje pritvora: Marko Munjiza na slobodi od nedjelje - PrijedorDanas.com - Prijedorski gradski portal","og_description":"Okru\u017eno javno tu\u017eila\u0161tvo Prijedor ne\u0107e predlo\u017eiti produ\u017eenje pritvora licu iz ovog grad \u010diji su inicijali M.M, osumnji\u010denom za ucjenu, saznaje Srna u ovom tu\u017eila\u0161tvu. Odre\u0111en pritvor Marku Munjizi &#8220;Ne postoje [&hellip;]","og_url":"https:\/\/www.prijedordanas.com\/?p=181882","og_site_name":"PrijedorDanas.com - Prijedorski gradski portal","article_publisher":"https:\/\/www.facebook.com\/PrijedorDanasCom\/","article_published_time":"2022-02-25T16:05:55+00:00","og_image":[{"url":"https:\/\/www.prijedordanas.com\/wp-content\/uploads\/2022\/01\/hapsenje-munjiza-300x240.jpg"}],"author":"admin","twitter_card":"summary_large_image","twitter_misc":{"Written by":"admin","Est. reading time":"1 minute"},"schema":{"@context":"https:\/\/schema.org","@graph":[{"@type":"Article","@id":"https:\/\/www.prijedordanas.com\/?p=181882#article","isPartOf":{"@id":"https:\/\/www.prijedordanas.com\/?p=181882"},"author":{"name":"admin","@id":"https:\/\/www.prijedordanas.com\/#\/schema\/person\/4e08ccf29b506ca916ff86d46bb700e6"},"headline":"Osumnji\u010denom za ucjenu ne\u0107e biti predlo\u017eeno produ\u017eenje pritvora: Marko Munjiza na slobodi od nedjelje","datePublished":"2022-02-25T16:05:55+00:00","dateModified":"2022-02-25T16:05:55+00:00","mainEntityOfPage":{"@id":"https:\/\/www.prijedordanas.com\/?p=181882"},"wordCount":296,"publisher":{"@id":"https:\/\/www.prijedordanas.com\/#organization"},"articleSection":["Hronika"],"inLanguage":"en-US"},{"@type":"WebPage","@id":"https:\/\/www.prijedordanas.com\/?p=181882","url":"https:\/\/www.prijedordanas.com\/?p=181882","name":"Osumnji\u010denom za ucjenu ne\u0107e biti predlo\u017eeno produ\u017eenje pritvora: Marko Munjiza na slobodi od nedjelje - PrijedorDanas.com - Prijedorski gradski portal","isPartOf":{"@id":"https:\/\/www.prijedordanas.com\/#website"},"datePublished":"2022-02-25T16:05:55+00:00","dateModified":"2022-02-25T16:05:55+00:00","breadcrumb":{"@id":"https:\/\/www.prijedordanas.com\/?p=181882#breadcrumb"},"inLanguage":"en-US","potentialAction":[{"@type":"ReadAction","target":["https:\/\/www.prijedordanas.com\/?p=181882"]}]},{"@type":"BreadcrumbList","@id":"https:\/\/www.prijedordanas.com\/?p=181882#breadcrumb","itemListElement":[{"@type":"ListItem","position":1,"name":"Home","item":"https:\/\/www.prijedordanas.com\/"},{"@type":"ListItem","position":2,"name":"Osumnji\u010denom za ucjenu ne\u0107e biti predlo\u017eeno produ\u017eenje pritvora: Marko Munjiza na slobodi od nedjelje"}]},{"@type":"WebSite","@id":"https:\/\/www.prijedordanas.com\/#website","url":"https:\/\/www.prijedordanas.com\/","name":"PrijedorDanas.com - Prijedorski gradski portal","description":"Portal o doga\u0111anjima u gradu Prijedoru","publisher":{"@id":"https:\/\/www.prijedordanas.com\/#organization"},"potentialAction":[{"@type":"SearchAction","target":{"@type":"EntryPoint","urlTemplate":"https:\/\/www.prijedordanas.com\/?s={search_term_string}"},"query-input":"required name=search_term_string"}],"inLanguage":"en-US"},{"@type":"Organization","@id":"https:\/\/www.prijedordanas.com\/#organization","name":"PrijedorDanas.com","url":"https:\/\/www.prijedordanas.com\/","logo":{"@type":"ImageObject","inLanguage":"en-US","@id":"https:\/\/www.prijedordanas.com\/#\/schema\/logo\/image\/","url":"http:\/\/www.prijedordanas.com\/wp-content\/uploads\/2021\/12\/logopng.png","contentUrl":"http:\/\/www.prijedordanas.com\/wp-content\/uploads\/2021\/12\/logopng.png","width":1019,"height":776,"caption":"PrijedorDanas.com"},"image":{"@id":"https:\/\/www.prijedordanas.com\/#\/schema\/logo\/image\/"},"sameAs":["https:\/\/www.facebook.com\/PrijedorDanasCom\/"]},{"@type":"Person","@id":"https:\/\/www.prijedordanas.com\/#\/schema\/person\/4e08ccf29b506ca916ff86d46bb700e6","name":"admin","image":{"@type":"ImageObject","inLanguage":"en-US","@id":"https:\/\/www.prijedordanas.com\/#\/schema\/person\/image\/","url":"https:\/\/secure.gravatar.com\/avatar\/1d3fc949d550f0b53a5f0d51e06dfd79?s=96&d=mm&r=g","contentUrl":"https:\/\/secure.gravatar.com\/avatar\/1d3fc949d550f0b53a5f0d51e06dfd79?s=96&d=mm&r=g","caption":"admin"},"url":"https:\/\/www.prijedordanas.com\/?author=1"}]}},"_links":{"self":[{"href":"https:\/\/www.prijedordanas.com\/index.php?rest_route=\/wp\/v2\/posts\/181882"}],"collection":[{"href":"https:\/\/www.prijedordanas.com\/index.php?rest_route=\/wp\/v2\/posts"}],"about":[{"href":"https:\/\/www.prijedordanas.com\/index.php?rest_route=\/wp\/v2\/types\/post"}],"author":[{"embeddable":true,"href":"https:\/\/www.prijedordanas.com\/index.php?rest_route=\/wp\/v2\/users\/1"}],"replies":[{"embeddable":true,"href":"https:\/\/www.prijedordanas.com\/index.php?rest_route=%2Fwp%2Fv2%2Fcomments&post=181882"}],"version-history":[{"count":1,"href":"https:\/\/www.prijedordanas.com\/index.php?rest_route=\/wp\/v2\/posts\/181882\/revisions"}],"predecessor-version":[{"id":181883,"href":"https:\/\/www.prijedordanas.com\/index.php?rest_route=\/wp\/v2\/posts\/181882\/revisions\/181883"}],"wp:attachment":[{"href":"https:\/\/www.prijedordanas.com\/index.php?rest_route=%2Fwp%2Fv2%2Fmedia&parent=181882"}],"wp:term":[{"taxonomy":"category","embeddable":true,"href":"https:\/\/www.prijedordanas.com\/index.php?rest_route=%2Fwp%2Fv2%2Fcategories&post=181882"},{"taxonomy":"post_tag","embeddable":true,"href":"https:\/\/www.prijedordanas.com\/index.php?rest_route=%2Fwp%2Fv2%2Ftags&post=181882"}],"curies":[{"name":"wp","href":"https:\/\/api.w.org\/{rel}","templated":true}]}}