{"id":181852,"date":"2022-02-25T05:20:26","date_gmt":"2022-02-25T04:20:26","guid":{"rendered":"https:\/\/www.prijedordanas.com\/?p=181852"},"modified":"2022-02-25T05:20:26","modified_gmt":"2022-02-25T04:20:26","slug":"prijedor-veci-broj-djece-zrtava-nasilja-u-porodici-video","status":"publish","type":"post","link":"https:\/\/www.prijedordanas.com\/?p=181852","title":{"rendered":"Prijedor: Ve\u0107i broj djece \u017ertava nasilja u porodici &#8211; VIDEO"},"content":{"rendered":"<p><a href=\"https:\/\/www.prijedordanas.com\/wp-content\/uploads\/2022\/02\/ilustracija-nasilje-djea.jpg\"><img loading=\"lazy\" decoding=\"async\" src=\"https:\/\/www.prijedordanas.com\/wp-content\/uploads\/2022\/02\/ilustracija-nasilje-djea-300x225.jpg\" alt=\"\" width=\"300\" height=\"225\" class=\"alignleft size-medium wp-image-181865\" srcset=\"https:\/\/www.prijedordanas.com\/wp-content\/uploads\/2022\/02\/ilustracija-nasilje-djea-300x225.jpg 300w, https:\/\/www.prijedordanas.com\/wp-content\/uploads\/2022\/02\/ilustracija-nasilje-djea-640x480.jpg 640w, https:\/\/www.prijedordanas.com\/wp-content\/uploads\/2022\/02\/ilustracija-nasilje-djea.jpg 667w\" sizes=\"(max-width: 300px) 100vw, 300px\" \/><\/a>U pro\u0161loj godini prijedorski Centar za socijalni rad evidentirao je ukupno 132 prijave porodi\u010dnog nasilja. To je ne\u0161to manje u odnosu na 2020. godinu, kad je evidentirano 170 prijava, ka\u017eu u ovoj ustanovi. Kada se pogleda polna struktura, od ukupno 144 \u017ertve u pro\u0161loj godini  112 su bile \u017eene a 32 mu\u0161karci.<\/p>\n<p>Ono \u0161to zabrinjava jeste rast slu\u010dajeva u kojima su djeca bila \u017ertve nasilja u porodici. Centru je lani prijavljeno 159 djece koja su bila \u017ertve nasilja, dok je 2020. taj broj bio 53. Tu treba razlikovati direktne \u017ertve, nad kojima je nasilje po\u010dinjeno, te indirektne, one  koje su svjedo\u010dile nasilju.<\/p>\n<p>\u2013 Imamo evidentirano 21 dijete u 2021. godini koje je pretrpjelo nasilje u prodici, a evidentirano je i 138 djece koja su prisustvovala i svjedo\u010dila takvom nasilju. Pri \u010demu se tu ne radi samo o djeci iz tog doma\u0107instva i te porodi\u010dne zajednice,.  nego se ubrajaju i djeca koja su se tu na\u0161la u trenutku de\u0161avanja \u2013 napominje Dragana Gruji\u010di\u0107, socijalni radnik u Centru za socijalni rad Prijedor.<\/p>\n<p>\u010cak i kad nisu izlo\u017eena direktnom nasilju, djeca ne mogu biti imuna ni na posmatranje nasilja u porodici, i to mo\u017ee imati ozbiljne posljedice, ka\u017eu stru\u010dnjaci.<\/p>\n<p>\u2013  Vrlo \u010desto se zna desiti da djeca steknu pote\u0161ko\u0107e kod  mentalnog funkcionisanja, ali i da usvoje odre\u0111ene maladtapivne na\u010dine pona\u0161anja. Pa da iz takvog obrasca postanu budu\u0107i nasilnici, ili \u017ertve nasilja. Jer vide da je nasilno pona\u0161anje  normalno i prihvatljivo, a svakako to nije i nesmije biti slu\u010daj \u2013 ka\u017ee psiholog Zorica Rajili\u0107 Peri\u0107.<\/p>\n<p>Iz Centra za socijalni rad napomenuli su jo\u0161 i to da se statistika sa kojom raspola\u017eu odnosi na prijavljene slu\u010dajeve, a da je broj neprijavljenih slu\u010dajeva nasilja u porodici ve\u0107i. Prijava nasilja za \u017ertvu je najte\u017ei korak, ali je i najva\u017eniji kako bi svi u lancu za\u0161tite mogli postupati, poru\u010duju iz ove ustanove.<\/p>\n<p>kozarski.com<\/p>\n<p><iframe loading=\"lazy\" title=\"VE\u0106I BROJ DJECE \u017dRTAVA NASILJA U PORODICI\" width=\"500\" height=\"281\" src=\"https:\/\/www.youtube.com\/embed\/qC0ab9HTn0w?feature=oembed\" frameborder=\"0\" allow=\"accelerometer; autoplay; clipboard-write; encrypted-media; gyroscope; picture-in-picture\" allowfullscreen><\/iframe><\/p>\n","protected":false},"excerpt":{"rendered":"<p>U pro\u0161loj godini prijedorski Centar za socijalni rad evidentirao je ukupno 132 prijave porodi\u010dnog nasilja. To je ne\u0161to manje u odnosu na 2020. godinu, kad je evidentirano 170 prijava, ka\u017eu [&hellip;]<\/p>\n","protected":false},"author":1,"featured_media":0,"comment_status":"closed","ping_status":"open","sticky":false,"template":"","format":"standard","meta":{"_monsterinsights_skip_tracking":false,"_monsterinsights_sitenote_active":false,"_monsterinsights_sitenote_note":"","_monsterinsights_sitenote_category":0,"footnotes":""},"categories":[7518],"tags":[],"yoast_head":"<!-- This site is optimized with the Yoast SEO plugin v21.6 - https:\/\/yoast.com\/wordpress\/plugins\/seo\/ -->\n<title>Prijedor: Ve\u0107i broj djece \u017ertava nasilja u porodici - VIDEO - PrijedorDanas.com - Prijedorski gradski portal<\/title>\n<meta name=\"robots\" content=\"index, follow, max-snippet:-1, max-image-preview:large, max-video-preview:-1\" \/>\n<link rel=\"canonical\" href=\"https:\/\/www.prijedordanas.com\/?p=181852\" \/>\n<meta property=\"og:locale\" content=\"en_US\" \/>\n<meta property=\"og:type\" content=\"article\" \/>\n<meta property=\"og:title\" content=\"Prijedor: Ve\u0107i broj djece \u017ertava nasilja u porodici - VIDEO - PrijedorDanas.com - Prijedorski gradski portal\" \/>\n<meta property=\"og:description\" content=\"U pro\u0161loj godini prijedorski Centar za socijalni rad evidentirao je ukupno 132 prijave porodi\u010dnog nasilja. To je ne\u0161to manje u odnosu na 2020. godinu, kad je evidentirano 170 prijava, ka\u017eu [&hellip;]\" \/>\n<meta property=\"og:url\" content=\"https:\/\/www.prijedordanas.com\/?p=181852\" \/>\n<meta property=\"og:site_name\" content=\"PrijedorDanas.com - Prijedorski gradski portal\" \/>\n<meta property=\"article:publisher\" content=\"https:\/\/www.facebook.com\/PrijedorDanasCom\/\" \/>\n<meta property=\"article:published_time\" content=\"2022-02-25T04:20:26+00:00\" \/>\n<meta property=\"og:image\" content=\"https:\/\/www.prijedordanas.com\/wp-content\/uploads\/2022\/02\/ilustracija-nasilje-djea-300x225.jpg\" \/>\n<meta name=\"author\" content=\"admin\" \/>\n<meta name=\"twitter:card\" content=\"summary_large_image\" \/>\n<meta name=\"twitter:label1\" content=\"Written by\" \/>\n\t<meta name=\"twitter:data1\" content=\"admin\" \/>\n\t<meta name=\"twitter:label2\" content=\"Est. reading time\" \/>\n\t<meta name=\"twitter:data2\" content=\"2 minutes\" \/>\n<script type=\"application\/ld+json\" class=\"yoast-schema-graph\">{\"@context\":\"https:\/\/schema.org\",\"@graph\":[{\"@type\":\"Article\",\"@id\":\"https:\/\/www.prijedordanas.com\/?p=181852#article\",\"isPartOf\":{\"@id\":\"https:\/\/www.prijedordanas.com\/?p=181852\"},\"author\":{\"name\":\"admin\",\"@id\":\"https:\/\/www.prijedordanas.com\/#\/schema\/person\/4e08ccf29b506ca916ff86d46bb700e6\"},\"headline\":\"Prijedor: Ve\u0107i broj djece \u017ertava nasilja u porodici &#8211; VIDEO\",\"datePublished\":\"2022-02-25T04:20:26+00:00\",\"dateModified\":\"2022-02-25T04:20:26+00:00\",\"mainEntityOfPage\":{\"@id\":\"https:\/\/www.prijedordanas.com\/?p=181852\"},\"wordCount\":344,\"publisher\":{\"@id\":\"https:\/\/www.prijedordanas.com\/#organization\"},\"articleSection\":[\"Mladi\"],\"inLanguage\":\"en-US\"},{\"@type\":\"WebPage\",\"@id\":\"https:\/\/www.prijedordanas.com\/?p=181852\",\"url\":\"https:\/\/www.prijedordanas.com\/?p=181852\",\"name\":\"Prijedor: Ve\u0107i broj djece \u017ertava nasilja u porodici - VIDEO - PrijedorDanas.com - Prijedorski gradski portal\",\"isPartOf\":{\"@id\":\"https:\/\/www.prijedordanas.com\/#website\"},\"datePublished\":\"2022-02-25T04:20:26+00:00\",\"dateModified\":\"2022-02-25T04:20:26+00:00\",\"breadcrumb\":{\"@id\":\"https:\/\/www.prijedordanas.com\/?p=181852#breadcrumb\"},\"inLanguage\":\"en-US\",\"potentialAction\":[{\"@type\":\"ReadAction\",\"target\":[\"https:\/\/www.prijedordanas.com\/?p=181852\"]}]},{\"@type\":\"BreadcrumbList\",\"@id\":\"https:\/\/www.prijedordanas.com\/?p=181852#breadcrumb\",\"itemListElement\":[{\"@type\":\"ListItem\",\"position\":1,\"name\":\"Home\",\"item\":\"https:\/\/www.prijedordanas.com\/\"},{\"@type\":\"ListItem\",\"position\":2,\"name\":\"Prijedor: Ve\u0107i broj djece \u017ertava nasilja u porodici &#8211; VIDEO\"}]},{\"@type\":\"WebSite\",\"@id\":\"https:\/\/www.prijedordanas.com\/#website\",\"url\":\"https:\/\/www.prijedordanas.com\/\",\"name\":\"PrijedorDanas.com - Prijedorski gradski portal\",\"description\":\"Portal o doga\u0111anjima u gradu Prijedoru\",\"publisher\":{\"@id\":\"https:\/\/www.prijedordanas.com\/#organization\"},\"potentialAction\":[{\"@type\":\"SearchAction\",\"target\":{\"@type\":\"EntryPoint\",\"urlTemplate\":\"https:\/\/www.prijedordanas.com\/?s={search_term_string}\"},\"query-input\":\"required name=search_term_string\"}],\"inLanguage\":\"en-US\"},{\"@type\":\"Organization\",\"@id\":\"https:\/\/www.prijedordanas.com\/#organization\",\"name\":\"PrijedorDanas.com\",\"url\":\"https:\/\/www.prijedordanas.com\/\",\"logo\":{\"@type\":\"ImageObject\",\"inLanguage\":\"en-US\",\"@id\":\"https:\/\/www.prijedordanas.com\/#\/schema\/logo\/image\/\",\"url\":\"http:\/\/www.prijedordanas.com\/wp-content\/uploads\/2021\/12\/logopng.png\",\"contentUrl\":\"http:\/\/www.prijedordanas.com\/wp-content\/uploads\/2021\/12\/logopng.png\",\"width\":1019,\"height\":776,\"caption\":\"PrijedorDanas.com\"},\"image\":{\"@id\":\"https:\/\/www.prijedordanas.com\/#\/schema\/logo\/image\/\"},\"sameAs\":[\"https:\/\/www.facebook.com\/PrijedorDanasCom\/\"]},{\"@type\":\"Person\",\"@id\":\"https:\/\/www.prijedordanas.com\/#\/schema\/person\/4e08ccf29b506ca916ff86d46bb700e6\",\"name\":\"admin\",\"image\":{\"@type\":\"ImageObject\",\"inLanguage\":\"en-US\",\"@id\":\"https:\/\/www.prijedordanas.com\/#\/schema\/person\/image\/\",\"url\":\"https:\/\/secure.gravatar.com\/avatar\/1d3fc949d550f0b53a5f0d51e06dfd79?s=96&d=mm&r=g\",\"contentUrl\":\"https:\/\/secure.gravatar.com\/avatar\/1d3fc949d550f0b53a5f0d51e06dfd79?s=96&d=mm&r=g\",\"caption\":\"admin\"},\"url\":\"https:\/\/www.prijedordanas.com\/?author=1\"}]}<\/script>\n<!-- \/ Yoast SEO plugin. -->","yoast_head_json":{"title":"Prijedor: Ve\u0107i broj djece \u017ertava nasilja u porodici - VIDEO - PrijedorDanas.com - Prijedorski gradski portal","robots":{"index":"index","follow":"follow","max-snippet":"max-snippet:-1","max-image-preview":"max-image-preview:large","max-video-preview":"max-video-preview:-1"},"canonical":"https:\/\/www.prijedordanas.com\/?p=181852","og_locale":"en_US","og_type":"article","og_title":"Prijedor: Ve\u0107i broj djece \u017ertava nasilja u porodici - VIDEO - PrijedorDanas.com - Prijedorski gradski portal","og_description":"U pro\u0161loj godini prijedorski Centar za socijalni rad evidentirao je ukupno 132 prijave porodi\u010dnog nasilja. To je ne\u0161to manje u odnosu na 2020. godinu, kad je evidentirano 170 prijava, ka\u017eu [&hellip;]","og_url":"https:\/\/www.prijedordanas.com\/?p=181852","og_site_name":"PrijedorDanas.com - Prijedorski gradski portal","article_publisher":"https:\/\/www.facebook.com\/PrijedorDanasCom\/","article_published_time":"2022-02-25T04:20:26+00:00","og_image":[{"url":"https:\/\/www.prijedordanas.com\/wp-content\/uploads\/2022\/02\/ilustracija-nasilje-djea-300x225.jpg"}],"author":"admin","twitter_card":"summary_large_image","twitter_misc":{"Written by":"admin","Est. reading time":"2 minutes"},"schema":{"@context":"https:\/\/schema.org","@graph":[{"@type":"Article","@id":"https:\/\/www.prijedordanas.com\/?p=181852#article","isPartOf":{"@id":"https:\/\/www.prijedordanas.com\/?p=181852"},"author":{"name":"admin","@id":"https:\/\/www.prijedordanas.com\/#\/schema\/person\/4e08ccf29b506ca916ff86d46bb700e6"},"headline":"Prijedor: Ve\u0107i broj djece \u017ertava nasilja u porodici &#8211; VIDEO","datePublished":"2022-02-25T04:20:26+00:00","dateModified":"2022-02-25T04:20:26+00:00","mainEntityOfPage":{"@id":"https:\/\/www.prijedordanas.com\/?p=181852"},"wordCount":344,"publisher":{"@id":"https:\/\/www.prijedordanas.com\/#organization"},"articleSection":["Mladi"],"inLanguage":"en-US"},{"@type":"WebPage","@id":"https:\/\/www.prijedordanas.com\/?p=181852","url":"https:\/\/www.prijedordanas.com\/?p=181852","name":"Prijedor: Ve\u0107i broj djece \u017ertava nasilja u porodici - VIDEO - PrijedorDanas.com - Prijedorski gradski portal","isPartOf":{"@id":"https:\/\/www.prijedordanas.com\/#website"},"datePublished":"2022-02-25T04:20:26+00:00","dateModified":"2022-02-25T04:20:26+00:00","breadcrumb":{"@id":"https:\/\/www.prijedordanas.com\/?p=181852#breadcrumb"},"inLanguage":"en-US","potentialAction":[{"@type":"ReadAction","target":["https:\/\/www.prijedordanas.com\/?p=181852"]}]},{"@type":"BreadcrumbList","@id":"https:\/\/www.prijedordanas.com\/?p=181852#breadcrumb","itemListElement":[{"@type":"ListItem","position":1,"name":"Home","item":"https:\/\/www.prijedordanas.com\/"},{"@type":"ListItem","position":2,"name":"Prijedor: Ve\u0107i broj djece \u017ertava nasilja u porodici &#8211; VIDEO"}]},{"@type":"WebSite","@id":"https:\/\/www.prijedordanas.com\/#website","url":"https:\/\/www.prijedordanas.com\/","name":"PrijedorDanas.com - Prijedorski gradski portal","description":"Portal o doga\u0111anjima u gradu Prijedoru","publisher":{"@id":"https:\/\/www.prijedordanas.com\/#organization"},"potentialAction":[{"@type":"SearchAction","target":{"@type":"EntryPoint","urlTemplate":"https:\/\/www.prijedordanas.com\/?s={search_term_string}"},"query-input":"required name=search_term_string"}],"inLanguage":"en-US"},{"@type":"Organization","@id":"https:\/\/www.prijedordanas.com\/#organization","name":"PrijedorDanas.com","url":"https:\/\/www.prijedordanas.com\/","logo":{"@type":"ImageObject","inLanguage":"en-US","@id":"https:\/\/www.prijedordanas.com\/#\/schema\/logo\/image\/","url":"http:\/\/www.prijedordanas.com\/wp-content\/uploads\/2021\/12\/logopng.png","contentUrl":"http:\/\/www.prijedordanas.com\/wp-content\/uploads\/2021\/12\/logopng.png","width":1019,"height":776,"caption":"PrijedorDanas.com"},"image":{"@id":"https:\/\/www.prijedordanas.com\/#\/schema\/logo\/image\/"},"sameAs":["https:\/\/www.facebook.com\/PrijedorDanasCom\/"]},{"@type":"Person","@id":"https:\/\/www.prijedordanas.com\/#\/schema\/person\/4e08ccf29b506ca916ff86d46bb700e6","name":"admin","image":{"@type":"ImageObject","inLanguage":"en-US","@id":"https:\/\/www.prijedordanas.com\/#\/schema\/person\/image\/","url":"https:\/\/secure.gravatar.com\/avatar\/1d3fc949d550f0b53a5f0d51e06dfd79?s=96&d=mm&r=g","contentUrl":"https:\/\/secure.gravatar.com\/avatar\/1d3fc949d550f0b53a5f0d51e06dfd79?s=96&d=mm&r=g","caption":"admin"},"url":"https:\/\/www.prijedordanas.com\/?author=1"}]}},"_links":{"self":[{"href":"https:\/\/www.prijedordanas.com\/index.php?rest_route=\/wp\/v2\/posts\/181852"}],"collection":[{"href":"https:\/\/www.prijedordanas.com\/index.php?rest_route=\/wp\/v2\/posts"}],"about":[{"href":"https:\/\/www.prijedordanas.com\/index.php?rest_route=\/wp\/v2\/types\/post"}],"author":[{"embeddable":true,"href":"https:\/\/www.prijedordanas.com\/index.php?rest_route=\/wp\/v2\/users\/1"}],"replies":[{"embeddable":true,"href":"https:\/\/www.prijedordanas.com\/index.php?rest_route=%2Fwp%2Fv2%2Fcomments&post=181852"}],"version-history":[{"count":2,"href":"https:\/\/www.prijedordanas.com\/index.php?rest_route=\/wp\/v2\/posts\/181852\/revisions"}],"predecessor-version":[{"id":181866,"href":"https:\/\/www.prijedordanas.com\/index.php?rest_route=\/wp\/v2\/posts\/181852\/revisions\/181866"}],"wp:attachment":[{"href":"https:\/\/www.prijedordanas.com\/index.php?rest_route=%2Fwp%2Fv2%2Fmedia&parent=181852"}],"wp:term":[{"taxonomy":"category","embeddable":true,"href":"https:\/\/www.prijedordanas.com\/index.php?rest_route=%2Fwp%2Fv2%2Fcategories&post=181852"},{"taxonomy":"post_tag","embeddable":true,"href":"https:\/\/www.prijedordanas.com\/index.php?rest_route=%2Fwp%2Fv2%2Ftags&post=181852"}],"curies":[{"name":"wp","href":"https:\/\/api.w.org\/{rel}","templated":true}]}}