{"id":181450,"date":"2022-02-16T09:02:21","date_gmt":"2022-02-16T08:02:21","guid":{"rendered":"https:\/\/www.prijedordanas.com\/?p=181450"},"modified":"2022-02-16T09:02:21","modified_gmt":"2022-02-16T08:02:21","slug":"sudenje-culibrk-optuzenom-odreden-pritvor-zbog-pokusaja-uticaja-na-svjedoka","status":"publish","type":"post","link":"https:\/\/www.prijedordanas.com\/?p=181450","title":{"rendered":"Su\u0111enje \u0106ulibrk: Optu\u017eenom odre\u0111en pritvor zbog poku\u0161aja uticaja na svjedoka"},"content":{"rendered":"<p><a href=\"https:\/\/www.prijedordanas.com\/wp-content\/uploads\/2018\/03\/sud-bih-9.jpg\"><img loading=\"lazy\" decoding=\"async\" src=\"https:\/\/www.prijedordanas.com\/wp-content\/uploads\/2018\/03\/sud-bih-9-300x222.jpg\" alt=\"\" width=\"300\" height=\"222\" class=\"alignleft size-medium wp-image-100304\" srcset=\"https:\/\/www.prijedordanas.com\/wp-content\/uploads\/2018\/03\/sud-bih-9-300x222.jpg 300w, https:\/\/www.prijedordanas.com\/wp-content\/uploads\/2018\/03\/sud-bih-9-100x74.jpg 100w, https:\/\/www.prijedordanas.com\/wp-content\/uploads\/2018\/03\/sud-bih-9.jpg 675w\" sizes=\"(max-width: 300px) 100vw, 300px\" \/><\/a>Na su\u0111enju za zlo\u010dine po\u010dinjene u ljeto 1992. godine na podru\u010dju Bosanske Krupe, Sud Bosne i Hercegovine je optu\u017eenom Du\u0161anu \u0106ulibrku, na prijedlog Dr\u017eavnog tu\u017eila\u0161tva, odredio pritvor zbog poku\u0161aja uticaja na svjedoka.<\/p>\n<p>Svjedok S-4 iz Bosanske Krupe je ispri\u010dao da je 1992. godine radio kao aktivni policajac kada ga je jedne prilike u ljeto, poslije pono\u0107i, dok su bili na polo\u017eaju u Johovicama, Milorad Kotur pozvao napolje. Tu je vidio minibus pun civila. Dodao je da mu je tada Kotur kazao da ih vode iz \u201cOmarske\u201d i da imaju naredbu za to.<\/p>\n<p>\u201cBio je pun autobus mu\u0161karaca, bile su dvije \u017eene \u2013 jedna mla\u0111a i jedna starija\u2026 Vozili smo se jedno vrijeme i u jednom momentu Milorad Kotur je rekao voza\u010du da zaustavi autobus\u201d, kazao je za\u0161ti\u0107eni svjedok, dodav\u0161i da je u autobusu bilo 40-ak civila, rezervni policajci, Kotur, S-1, S-2, Bo\u017eo Do\u0161en \u201c\u017dico\u201d i \u0106ulibrk \u010diji je nadimak \u201c\u0106ule\u201d, te da su oni bili naoru\u017eani automatskim naoru\u017eanjem.<\/p>\n<p>Svjedok tvrdi da se autobus zaustavio \u201cnegdje ispod Lisca, Donji Dubovik\u201d.<\/p>\n<p>Posvjedo\u010dio je da je, po izlasku iz autobusa, Do\u0161en oti\u0161ao do jedne ku\u0107e po \u017eicu, kojom je vezao civile, da su nakon toga svi krenuli uz jednu padinu. Prisjetio se da je, nakon 50 do 100 metara hoda, po\u010dela pucnjava te da su Kotur, \u0106ulibrk i Do\u0161en pucali po toj grupi ljudi.<\/p>\n<p>\u201cJa sam se povukao u stranu, \u010dudo da nije i mene zaka\u010dilo, ljudi su padali onako pogo\u0111eni, i kad su oni popadali po zemlji, to je bilo stra\u0161no slu\u0161ati, jauci, povici\u2026\u201d, rekao je S-4, dodav\u0161i da je sve trajalo od tri do pet minuta.<\/p>\n<p>Odgovaraju\u0107i na pitanja tu\u017eioca Ahmeda Me\u0161i\u0107a, svjedok je prepoznao optu\u017eenog \u0106ulibrka u sudnici te kazao da ga nije znao prije rata, da je bio rezervista i \u201cstra\u0161no fin momak\u201d.<\/p>\n<p>On se prisjetio i dana kada je do\u0161la obavijest iz baze da idu na podru\u010dje Donjeg Dubovika jer se nekoliko civila kretalo iz pravca Prijedora. Rekao je da je tada Kotur sjeo u vozilo marke Mercedes, a svjedok je sa jo\u0161 nekoliko osoba po\u0161ao za njim autobusom. Ispri\u010dao je da po dolasku vidio le\u0161eve sedam civila iz Prijedora te da je \u010duo da su ih je pobili Kotur i \u0106ulibrk.<\/p>\n<p>Na upit branioca Dra\u017eena Zubaka, svjedok je kazao da on nije vidio ko je ubio civile. Odgovaraju\u0107i na pitanja sutkinje Mire Smajlovi\u0107, on je objasnio da je Mercedes u kojem je bio Kotur bio udaljen od autobusa nekih 40 minuta vo\u017enje.<\/p>\n<p>On je svjedo\u010dio na su\u0111enju Du\u0161anu \u0106ulibrku, optu\u017eenom da je, u svojstvu pripadnika rezervnog sastava policije Stanice javne bezbjednosti (SJB) Bosanska Krupa, u julu 1992. godine li\u010dno i direktno sudjelovao u odvo\u0111enju, a potom i ubistvima 44 zato\u010denika iz logora \u201cOmarska\u201d po\u010dinjenim na lokalitetu Donji Dubovik. On se tereti i za ubistva sedam civila bo\u0161nja\u010dke nacionalnosti koji su se iz pravca Prijedora kretali prema Biha\u0107u. Sa \u0106ulibrkom je bio optu\u017een i Milorad Kotur, ali je odlukom Suda BiH ovaj predmet razdvojen.<\/p>\n<p>Tu\u017eilac Me\u0161i\u0107 je na dana\u0161njem su\u0111enju rekao da je za\u0161ti\u0107eni svjedok S-3 dobijao prijetnje od optu\u017eenog i zatra\u017eio da mu se ukinu mjere zabrane te odredi pritvor, \u0161to je Sud nakon kra\u0107e pauze i usvojio. Za\u0161ti\u0107eni svjedok je kazao da mu je prije nekoliko dana optu\u017eeni do\u0161ao pred vrata te da se u tom trenutku osje\u0107ao neprijatno i upla\u0161eno.<\/p>\n<p>\u201cOn je htio da popri\u010dam s njim, da bih rekao da je bio njegov brat, a ne on\u201d, kazao je svjedok.<\/p>\n<p>S-3 je posvjedo\u010dio da je 1992. godine bio anga\u017eovan u vojsci te da su u periodu od jula do augusta dobili dojavu da se grupa civila bo\u0161nja\u010dke nacionalnosti kre\u0107e iz pravca Prijedora. Dodao je da je on tu grupu vidio jer je bio na brdu te da su i\u0161li prema njima. Kako je ispri\u010dao, u momentu kada su oni i\u0161li prema civilima, stigao je Kotur i \u0106ulibrk, koji su uzeli automatske pu\u0161ke i po\u010deli rafalno pucati po civilima.<\/p>\n<p>Odgovaraju\u0107i na upit Odbrane, svjedok je potvrdio da zna da je \u0106ulibrk u jednom momentu bio ranjen, ali da ne zna ta\u010dno kada.<\/p>\n<p>Nenad Nedimovi\u0107 je rekao da je radio u policiji u Bosanskoj Krupi, da je bio anga\u017eovan u zasjedi u Srednjem Duboviku te da su u ljeto 1992. godine dobili informaciju da prolazi grupa civila. Kazao je da su vidjeli da je grupa, me\u0111u kojima je bilo od pet do sedam ljudi, u\u0161la u \u0161umu te da su ih pozvali da se predaju.<\/p>\n<p>Dodao je da je Kotur bio na cesti sa svojom grupom, da su se za\u010duli rafali te da je po dolasku vidio da je ta grupa pobijena, ali da ne zna ko ih je ubio. Rekao je da ne zna \u0161ta se desilo s njihovim tijelima, ali da se kasnije pri\u010dalo da su ukopani u jamu \u201cLisac\u201d.<\/p>\n<p>Na upit sutkinje Smajlovi\u0107, svjedok je kazao da je pro\u0161lo oko 15 do 20 minuta od zvuka pucnjave do momenta kada je vidio tijela.<\/p>\n<p>Nastavak su\u0111enja je zakazan za 7. mart.<\/p>\n<p><a href=\"https:\/\/detektor.ba\/2022\/02\/14\/culibrk-optuzenom-odredjen-pritvor-zbog-pokusaja-uticaja-na-svjedoka\/\" rel=\"noopener\" target=\"_blank\">detektor.ba<\/a><\/p>\n","protected":false},"excerpt":{"rendered":"<p>Na su\u0111enju za zlo\u010dine po\u010dinjene u ljeto 1992. godine na podru\u010dju Bosanske Krupe, Sud Bosne i Hercegovine je optu\u017eenom Du\u0161anu \u0106ulibrku, na prijedlog Dr\u017eavnog tu\u017eila\u0161tva, odredio pritvor zbog poku\u0161aja uticaja [&hellip;]<\/p>\n","protected":false},"author":1,"featured_media":0,"comment_status":"closed","ping_status":"open","sticky":false,"template":"","format":"standard","meta":{"_monsterinsights_skip_tracking":false,"_monsterinsights_sitenote_active":false,"_monsterinsights_sitenote_note":"","_monsterinsights_sitenote_category":0,"footnotes":""},"categories":[5],"tags":[531],"yoast_head":"<!-- This site is optimized with the Yoast SEO plugin v21.6 - https:\/\/yoast.com\/wordpress\/plugins\/seo\/ -->\n<title>Su\u0111enje \u0106ulibrk: Optu\u017eenom odre\u0111en pritvor zbog poku\u0161aja uticaja na svjedoka - PrijedorDanas.com - Prijedorski gradski portal<\/title>\n<meta name=\"robots\" content=\"index, follow, max-snippet:-1, max-image-preview:large, max-video-preview:-1\" \/>\n<link rel=\"canonical\" href=\"https:\/\/www.prijedordanas.com\/?p=181450\" \/>\n<meta property=\"og:locale\" content=\"en_US\" \/>\n<meta property=\"og:type\" content=\"article\" \/>\n<meta property=\"og:title\" content=\"Su\u0111enje \u0106ulibrk: Optu\u017eenom odre\u0111en pritvor zbog poku\u0161aja uticaja na svjedoka - PrijedorDanas.com - Prijedorski gradski portal\" \/>\n<meta property=\"og:description\" content=\"Na su\u0111enju za zlo\u010dine po\u010dinjene u ljeto 1992. godine na podru\u010dju Bosanske Krupe, Sud Bosne i Hercegovine je optu\u017eenom Du\u0161anu \u0106ulibrku, na prijedlog Dr\u017eavnog tu\u017eila\u0161tva, odredio pritvor zbog poku\u0161aja uticaja [&hellip;]\" \/>\n<meta property=\"og:url\" content=\"https:\/\/www.prijedordanas.com\/?p=181450\" \/>\n<meta property=\"og:site_name\" content=\"PrijedorDanas.com - Prijedorski gradski portal\" \/>\n<meta property=\"article:publisher\" content=\"https:\/\/www.facebook.com\/PrijedorDanasCom\/\" \/>\n<meta property=\"article:published_time\" content=\"2022-02-16T08:02:21+00:00\" \/>\n<meta property=\"og:image\" content=\"https:\/\/www.prijedordanas.com\/wp-content\/uploads\/2018\/03\/sud-bih-9-300x222.jpg\" \/>\n<meta name=\"author\" content=\"admin\" \/>\n<meta name=\"twitter:card\" content=\"summary_large_image\" \/>\n<meta name=\"twitter:label1\" content=\"Written by\" \/>\n\t<meta name=\"twitter:data1\" content=\"admin\" \/>\n\t<meta name=\"twitter:label2\" content=\"Est. reading time\" \/>\n\t<meta name=\"twitter:data2\" content=\"5 minutes\" \/>\n<script type=\"application\/ld+json\" class=\"yoast-schema-graph\">{\"@context\":\"https:\/\/schema.org\",\"@graph\":[{\"@type\":\"Article\",\"@id\":\"https:\/\/www.prijedordanas.com\/?p=181450#article\",\"isPartOf\":{\"@id\":\"https:\/\/www.prijedordanas.com\/?p=181450\"},\"author\":{\"name\":\"admin\",\"@id\":\"https:\/\/www.prijedordanas.com\/#\/schema\/person\/4e08ccf29b506ca916ff86d46bb700e6\"},\"headline\":\"Su\u0111enje \u0106ulibrk: Optu\u017eenom odre\u0111en pritvor zbog poku\u0161aja uticaja na svjedoka\",\"datePublished\":\"2022-02-16T08:02:21+00:00\",\"dateModified\":\"2022-02-16T08:02:21+00:00\",\"mainEntityOfPage\":{\"@id\":\"https:\/\/www.prijedordanas.com\/?p=181450\"},\"wordCount\":915,\"publisher\":{\"@id\":\"https:\/\/www.prijedordanas.com\/#organization\"},\"keywords\":[\"Sud BiH\"],\"articleSection\":[\"Hronika\"],\"inLanguage\":\"en-US\"},{\"@type\":\"WebPage\",\"@id\":\"https:\/\/www.prijedordanas.com\/?p=181450\",\"url\":\"https:\/\/www.prijedordanas.com\/?p=181450\",\"name\":\"Su\u0111enje \u0106ulibrk: Optu\u017eenom odre\u0111en pritvor zbog poku\u0161aja uticaja na svjedoka - PrijedorDanas.com - Prijedorski gradski portal\",\"isPartOf\":{\"@id\":\"https:\/\/www.prijedordanas.com\/#website\"},\"datePublished\":\"2022-02-16T08:02:21+00:00\",\"dateModified\":\"2022-02-16T08:02:21+00:00\",\"breadcrumb\":{\"@id\":\"https:\/\/www.prijedordanas.com\/?p=181450#breadcrumb\"},\"inLanguage\":\"en-US\",\"potentialAction\":[{\"@type\":\"ReadAction\",\"target\":[\"https:\/\/www.prijedordanas.com\/?p=181450\"]}]},{\"@type\":\"BreadcrumbList\",\"@id\":\"https:\/\/www.prijedordanas.com\/?p=181450#breadcrumb\",\"itemListElement\":[{\"@type\":\"ListItem\",\"position\":1,\"name\":\"Home\",\"item\":\"https:\/\/www.prijedordanas.com\/\"},{\"@type\":\"ListItem\",\"position\":2,\"name\":\"Su\u0111enje \u0106ulibrk: Optu\u017eenom odre\u0111en pritvor zbog poku\u0161aja uticaja na svjedoka\"}]},{\"@type\":\"WebSite\",\"@id\":\"https:\/\/www.prijedordanas.com\/#website\",\"url\":\"https:\/\/www.prijedordanas.com\/\",\"name\":\"PrijedorDanas.com - Prijedorski gradski portal\",\"description\":\"Portal o doga\u0111anjima u gradu Prijedoru\",\"publisher\":{\"@id\":\"https:\/\/www.prijedordanas.com\/#organization\"},\"potentialAction\":[{\"@type\":\"SearchAction\",\"target\":{\"@type\":\"EntryPoint\",\"urlTemplate\":\"https:\/\/www.prijedordanas.com\/?s={search_term_string}\"},\"query-input\":\"required name=search_term_string\"}],\"inLanguage\":\"en-US\"},{\"@type\":\"Organization\",\"@id\":\"https:\/\/www.prijedordanas.com\/#organization\",\"name\":\"PrijedorDanas.com\",\"url\":\"https:\/\/www.prijedordanas.com\/\",\"logo\":{\"@type\":\"ImageObject\",\"inLanguage\":\"en-US\",\"@id\":\"https:\/\/www.prijedordanas.com\/#\/schema\/logo\/image\/\",\"url\":\"http:\/\/www.prijedordanas.com\/wp-content\/uploads\/2021\/12\/logopng.png\",\"contentUrl\":\"http:\/\/www.prijedordanas.com\/wp-content\/uploads\/2021\/12\/logopng.png\",\"width\":1019,\"height\":776,\"caption\":\"PrijedorDanas.com\"},\"image\":{\"@id\":\"https:\/\/www.prijedordanas.com\/#\/schema\/logo\/image\/\"},\"sameAs\":[\"https:\/\/www.facebook.com\/PrijedorDanasCom\/\"]},{\"@type\":\"Person\",\"@id\":\"https:\/\/www.prijedordanas.com\/#\/schema\/person\/4e08ccf29b506ca916ff86d46bb700e6\",\"name\":\"admin\",\"image\":{\"@type\":\"ImageObject\",\"inLanguage\":\"en-US\",\"@id\":\"https:\/\/www.prijedordanas.com\/#\/schema\/person\/image\/\",\"url\":\"https:\/\/secure.gravatar.com\/avatar\/1d3fc949d550f0b53a5f0d51e06dfd79?s=96&d=mm&r=g\",\"contentUrl\":\"https:\/\/secure.gravatar.com\/avatar\/1d3fc949d550f0b53a5f0d51e06dfd79?s=96&d=mm&r=g\",\"caption\":\"admin\"},\"url\":\"https:\/\/www.prijedordanas.com\/?author=1\"}]}<\/script>\n<!-- \/ Yoast SEO plugin. -->","yoast_head_json":{"title":"Su\u0111enje \u0106ulibrk: Optu\u017eenom odre\u0111en pritvor zbog poku\u0161aja uticaja na svjedoka - PrijedorDanas.com - Prijedorski gradski portal","robots":{"index":"index","follow":"follow","max-snippet":"max-snippet:-1","max-image-preview":"max-image-preview:large","max-video-preview":"max-video-preview:-1"},"canonical":"https:\/\/www.prijedordanas.com\/?p=181450","og_locale":"en_US","og_type":"article","og_title":"Su\u0111enje \u0106ulibrk: Optu\u017eenom odre\u0111en pritvor zbog poku\u0161aja uticaja na svjedoka - PrijedorDanas.com - Prijedorski gradski portal","og_description":"Na su\u0111enju za zlo\u010dine po\u010dinjene u ljeto 1992. godine na podru\u010dju Bosanske Krupe, Sud Bosne i Hercegovine je optu\u017eenom Du\u0161anu \u0106ulibrku, na prijedlog Dr\u017eavnog tu\u017eila\u0161tva, odredio pritvor zbog poku\u0161aja uticaja [&hellip;]","og_url":"https:\/\/www.prijedordanas.com\/?p=181450","og_site_name":"PrijedorDanas.com - Prijedorski gradski portal","article_publisher":"https:\/\/www.facebook.com\/PrijedorDanasCom\/","article_published_time":"2022-02-16T08:02:21+00:00","og_image":[{"url":"https:\/\/www.prijedordanas.com\/wp-content\/uploads\/2018\/03\/sud-bih-9-300x222.jpg"}],"author":"admin","twitter_card":"summary_large_image","twitter_misc":{"Written by":"admin","Est. reading time":"5 minutes"},"schema":{"@context":"https:\/\/schema.org","@graph":[{"@type":"Article","@id":"https:\/\/www.prijedordanas.com\/?p=181450#article","isPartOf":{"@id":"https:\/\/www.prijedordanas.com\/?p=181450"},"author":{"name":"admin","@id":"https:\/\/www.prijedordanas.com\/#\/schema\/person\/4e08ccf29b506ca916ff86d46bb700e6"},"headline":"Su\u0111enje \u0106ulibrk: Optu\u017eenom odre\u0111en pritvor zbog poku\u0161aja uticaja na svjedoka","datePublished":"2022-02-16T08:02:21+00:00","dateModified":"2022-02-16T08:02:21+00:00","mainEntityOfPage":{"@id":"https:\/\/www.prijedordanas.com\/?p=181450"},"wordCount":915,"publisher":{"@id":"https:\/\/www.prijedordanas.com\/#organization"},"keywords":["Sud BiH"],"articleSection":["Hronika"],"inLanguage":"en-US"},{"@type":"WebPage","@id":"https:\/\/www.prijedordanas.com\/?p=181450","url":"https:\/\/www.prijedordanas.com\/?p=181450","name":"Su\u0111enje \u0106ulibrk: Optu\u017eenom odre\u0111en pritvor zbog poku\u0161aja uticaja na svjedoka - PrijedorDanas.com - Prijedorski gradski portal","isPartOf":{"@id":"https:\/\/www.prijedordanas.com\/#website"},"datePublished":"2022-02-16T08:02:21+00:00","dateModified":"2022-02-16T08:02:21+00:00","breadcrumb":{"@id":"https:\/\/www.prijedordanas.com\/?p=181450#breadcrumb"},"inLanguage":"en-US","potentialAction":[{"@type":"ReadAction","target":["https:\/\/www.prijedordanas.com\/?p=181450"]}]},{"@type":"BreadcrumbList","@id":"https:\/\/www.prijedordanas.com\/?p=181450#breadcrumb","itemListElement":[{"@type":"ListItem","position":1,"name":"Home","item":"https:\/\/www.prijedordanas.com\/"},{"@type":"ListItem","position":2,"name":"Su\u0111enje \u0106ulibrk: Optu\u017eenom odre\u0111en pritvor zbog poku\u0161aja uticaja na svjedoka"}]},{"@type":"WebSite","@id":"https:\/\/www.prijedordanas.com\/#website","url":"https:\/\/www.prijedordanas.com\/","name":"PrijedorDanas.com - Prijedorski gradski portal","description":"Portal o doga\u0111anjima u gradu Prijedoru","publisher":{"@id":"https:\/\/www.prijedordanas.com\/#organization"},"potentialAction":[{"@type":"SearchAction","target":{"@type":"EntryPoint","urlTemplate":"https:\/\/www.prijedordanas.com\/?s={search_term_string}"},"query-input":"required name=search_term_string"}],"inLanguage":"en-US"},{"@type":"Organization","@id":"https:\/\/www.prijedordanas.com\/#organization","name":"PrijedorDanas.com","url":"https:\/\/www.prijedordanas.com\/","logo":{"@type":"ImageObject","inLanguage":"en-US","@id":"https:\/\/www.prijedordanas.com\/#\/schema\/logo\/image\/","url":"http:\/\/www.prijedordanas.com\/wp-content\/uploads\/2021\/12\/logopng.png","contentUrl":"http:\/\/www.prijedordanas.com\/wp-content\/uploads\/2021\/12\/logopng.png","width":1019,"height":776,"caption":"PrijedorDanas.com"},"image":{"@id":"https:\/\/www.prijedordanas.com\/#\/schema\/logo\/image\/"},"sameAs":["https:\/\/www.facebook.com\/PrijedorDanasCom\/"]},{"@type":"Person","@id":"https:\/\/www.prijedordanas.com\/#\/schema\/person\/4e08ccf29b506ca916ff86d46bb700e6","name":"admin","image":{"@type":"ImageObject","inLanguage":"en-US","@id":"https:\/\/www.prijedordanas.com\/#\/schema\/person\/image\/","url":"https:\/\/secure.gravatar.com\/avatar\/1d3fc949d550f0b53a5f0d51e06dfd79?s=96&d=mm&r=g","contentUrl":"https:\/\/secure.gravatar.com\/avatar\/1d3fc949d550f0b53a5f0d51e06dfd79?s=96&d=mm&r=g","caption":"admin"},"url":"https:\/\/www.prijedordanas.com\/?author=1"}]}},"_links":{"self":[{"href":"https:\/\/www.prijedordanas.com\/index.php?rest_route=\/wp\/v2\/posts\/181450"}],"collection":[{"href":"https:\/\/www.prijedordanas.com\/index.php?rest_route=\/wp\/v2\/posts"}],"about":[{"href":"https:\/\/www.prijedordanas.com\/index.php?rest_route=\/wp\/v2\/types\/post"}],"author":[{"embeddable":true,"href":"https:\/\/www.prijedordanas.com\/index.php?rest_route=\/wp\/v2\/users\/1"}],"replies":[{"embeddable":true,"href":"https:\/\/www.prijedordanas.com\/index.php?rest_route=%2Fwp%2Fv2%2Fcomments&post=181450"}],"version-history":[{"count":1,"href":"https:\/\/www.prijedordanas.com\/index.php?rest_route=\/wp\/v2\/posts\/181450\/revisions"}],"predecessor-version":[{"id":181451,"href":"https:\/\/www.prijedordanas.com\/index.php?rest_route=\/wp\/v2\/posts\/181450\/revisions\/181451"}],"wp:attachment":[{"href":"https:\/\/www.prijedordanas.com\/index.php?rest_route=%2Fwp%2Fv2%2Fmedia&parent=181450"}],"wp:term":[{"taxonomy":"category","embeddable":true,"href":"https:\/\/www.prijedordanas.com\/index.php?rest_route=%2Fwp%2Fv2%2Fcategories&post=181450"},{"taxonomy":"post_tag","embeddable":true,"href":"https:\/\/www.prijedordanas.com\/index.php?rest_route=%2Fwp%2Fv2%2Ftags&post=181450"}],"curies":[{"name":"wp","href":"https:\/\/api.w.org\/{rel}","templated":true}]}}